{"id":922477,"date":"2025-08-01T17:35:47","date_gmt":"2025-08-01T20:35:47","guid":{"rendered":"https:\/\/bahiaeconomica.com.br\/wp\/?p=922477"},"modified":"2025-08-01T17:35:47","modified_gmt":"2025-08-01T20:35:47","slug":"covardes-pseudopatriotas-organizacao-miliciana-declaracoes-no-stf-em-reacao-a-sancoes","status":"publish","type":"post","link":"https:\/\/bahiaeconomica.com.br\/wp\/2025\/08\/01\/covardes-pseudopatriotas-organizacao-miliciana-declaracoes-no-stf-em-reacao-a-sancoes\/","title":{"rendered":"\u2018COVARDES\u2019, \u2018PSEUDOPATRIOTAS\u2019, \u2018ORGANIZA\u00c7\u00c3O MILICIANA\u2019: DECLARA\u00c7\u00d5ES NO STF EM REA\u00c7\u00c3O A SAN\u00c7\u00d5ES"},"content":{"rendered":"<p>O Supremo Tribunal Federal (STF) retomou as atividades ap\u00f3s o recesso nesta sexta-feira, 1\u00ba, dois dias ap\u00f3s o ministro Alexandre de Moraes ser alvo de san\u00e7\u00f5es dos Estados Unidos por meio da Lei Magnitsky e da assinatura de Donald Trump que \u00e0 imposi\u00e7\u00e3o de tarifas de 50% aos produtos brasileiros. A sess\u00e3o foi marcada por discursos em solidariedade \u00e0 Moraes e em defesa da soberania nacional.<\/p>\n<p>O presidente do STF, ministro Lu\u00eds Roberto Barroso, iniciou a sess\u00e3o de retorno das atividades do Judici\u00e1rio, com um discurso de solidariedade ao colega. O magistrado defendeu as decis\u00f5es tomadas por Moraes, relator da a\u00e7\u00e3o penal do golpe que pode levar o ex-presidente Jair Bolsonaro (PL) \u00e0 condena\u00e7\u00e3o por atentado \u00e0 democracia e tra\u00e7ou um hist\u00f3rico de momentos de ruptura e tentativas de golpe ao longo da hist\u00f3ria brasileira.<\/p>\n<p>\u201cDo in\u00edcio da Rep\u00fablica at\u00e9 o final do regime militar, a hist\u00f3ria do Brasil foi a hist\u00f3ria de golpes, contragolpes, rupturas e tentativas de rupturas da legalidade institucional\u201d, afirmou Barroso, seguido de uma defesa de que o \u201cconstitucionalismo \u00e9 o ant\u00eddoto para tudo isso\u201d.<\/p>\n<p><b>Lu\u00eds Roberto Barroso, presidente do STF \u2013\u00a0<\/b>\u201cQuem ganha as elei\u00e7\u00f5es, leva. Quem perde, pode tentar ganhar nas elei\u00e7\u00f5es seguintes. E quem quer que ganhe, precisa respeitar as regras do jogo e os direitos fundamentais de todos. Isso \u00e9 que \u00e9 uma democracia constitucional. Essa \u00e9 a nossa causa, essa \u00e9 a nossa f\u00e9 racional. E como toda f\u00e9, sinceramente cultivada, n\u00e3o pode ser negociada.\u201d<\/p>\n<p>O ministro Alexandre de Moraes, alvo dos Estados Unidos, chamou de \u201ccovarde e trai\u00e7oeira\u201d a \u201corganiza\u00e7\u00e3o miliciana\u201d que tem atuado para impor san\u00e7\u00f5es norte-americanas ao Pa\u00eds e a autoridades brasileiras com o objetivo de frear o julgamento da a\u00e7\u00e3o penal que pode condenar Bolsonaro a at\u00e9 43 anos de pris\u00e3o.<\/p>\n<p><b>Alexandre de Moraes, ministro do STF \u2013\u00a0<\/b>\u201cEstamos vendo diversas condutas dolosas e recorrentes de uma verdadeira organiza\u00e7\u00e3o criminosa que, nunca vista antes na hist\u00f3ria do Pa\u00eds, age de maneira covarde e trai\u00e7oeira para submeter este Supremo Tribunal Federal ao crivo de uma Estado estrangeiro.\u201d<\/p>\n<p>Moraes n\u00e3o mencionou nomes como o do deputado federal Eduardo Bolsonaro (PL-SP) e do comunicador Paulo Figueiredo, que t\u00eam ostentado nas redes sociais o lobby por san\u00e7\u00f5es ao Brasil.<\/p>\n<p><b>Alexandre de Moraes, ministro do STF \u2013\u00a0<\/b>\u201cPseudopatriotas atuam por meio coa\u00e7\u00e3o contra o STF com a finalidade de obter um s\u00fabito, inexiste e inconstitucional arquivamento de a\u00e7\u00f5es penais propostas pelo procurador-geral da Rep\u00fablica.\u201d<\/p>\n<p>Esses objetivos t\u00eam sido vocalizados por Eduardo e Paulo Figueiredo e foram expressamente manifestados na carta enviada pelo presidentes do Estados Unidos, Donald Trump, ao presidente Luiz In\u00e1cio Lula da Silva (PT) no momento do an\u00fancio das tarifas de 50% aos produtos brasileiros.<\/p>\n<p>Segundo Moraes, o arquivamento das a\u00e7\u00f5es penais seria um ato \u201ctir\u00e2nico\u201d em benef\u00edcio de pessoas que se acham acima da Constitui\u00e7\u00e3o. Na avalia\u00e7\u00e3o do ministro, essas condutas configuram expressos atos de \u201ctrai\u00e7\u00e3o do Brasil\u201d.<\/p>\n<p>O ministro Gilmar Mendes declarou que a Corte \u201cn\u00e3o se dobra a intimida\u00e7\u00f5es\u201d. Em um discurso de solidariedade a Moraes, o magistrado afirmou que atua\u00e7\u00e3o de Eduardo Bolsonaro nos EUA \u00e9 um \u201cato covarde\u201d e \u201clesa-p\u00e1tria\u201d. Ele alertou que haver\u00e1 uma \u201cresposta \u00e0 altura do Estado brasileiro\u201d.<\/p>\n<p><b>Gilmar Mendes, ministro do STF \u2013\u00a0<\/b>\u201cN\u00e3o \u00e9 segredo a ningu\u00e9m que os ataques \u00e0 nossa soberania foram estimulados por radicais inconformados com a derrota pol\u00edtica do seu grupo nas \u00faltimas elei\u00e7\u00f5es presidenciais. Entre eles, um deputado que na linha de frente do entreguismo fugiu do pa\u00eds para covardemente difundir aleivosias contra o Supremo Tribunal Federal, um verdadeiro ato de lesa-p\u00e1tria.\u201d<\/p>\n<p>O procurador-Geral da Rep\u00fablica, Paulo Gonet Branco, tamb\u00e9m prestou solidariedade a Moraes. Ele disse que o ministro relator da a\u00e7\u00e3o penal do golpe \u00e9 alvo de hostilidades externas.<\/p>\n<p><b>Paulo Gonet, Procurador-Geral da Rep\u00fablica \u2013\u00a0<\/b>\u201cDiante de assombrosas e inconceb\u00edveis investidas contra o ministro Alexandre de Moraes pelo desempenho leg\u00edtimo das suas fun\u00e7\u00f5es jurisdicionais, invariavelmente submetido \u00e0s regras de controle do colegiado, gostaria de assegurar-lhe solidariedade, a mesma que estendo ao STF e ao Judici\u00e1rio brasileiro.\u201d<\/p>\n<p>Em seguida, o advogado-geral da Uni\u00e3o, ministro Jorge Messias, fez um pronunciamento em nome do governo.<\/p>\n<p><b>Jorge Messias, advogado-geral da Uni\u00e3o \u2013\u00a0<\/b>\u201cN\u00e3o aceitamos que nenhuma autoridade brasileira, ministro Alexandre de Moraes, seja amea\u00e7ada ou punida por Estados estrangeiros. Da mesma forma, n\u00e3o podemos admitir que nossas leis e a Constitui\u00e7\u00e3o sejam suspensas para que a legisla\u00e7\u00e3o estrangeira estabele\u00e7a o que as empresas em solo nacional devem ou n\u00e3o fazer.\u201d<\/p>\n<p>Ap\u00f3s os discursos dos ministros, o deputado federal Eduardo Bolsonaro (PL-SP) afirmou que as declara\u00e7\u00f5es \u201caumentaram sua moral\u201d. Em entrevista \u00e0 revista Timeline, o Eduardo disse ter sido \u201cmuito homenageado\u201d na sess\u00e3o, ironizando as cr\u00edticas dos ministros.<\/p>\n<p>Fonte: Estad\u00e3o Conte\u00fado<\/p>\n<p>Foto: Fabio Rodrigues-Pozzebom \/ Ag\u00eancia Brasil<\/p>\n","protected":false},"excerpt":{"rendered":"<p>O Supremo Tribunal Federal (STF) retomou as atividades ap\u00f3s o recesso nesta sexta-feira, 1\u00ba, dois dias ap\u00f3s o ministro Alexandre de Moraes ser alvo de san\u00e7\u00f5es dos Estados Unidos por meio da Lei Magnitsky e da assinatura de Donald Trump que \u00e0 imposi\u00e7\u00e3o de tarifas de 50% aos produtos brasileiros. A sess\u00e3o foi marcada por [&hellip;]<\/p>\n","protected":false},"author":24,"featured_media":922482,"comment_status":"closed","ping_status":"closed","sticky":false,"template":"","format":"standard","meta":[],"categories":[14601],"tags":[1690,93,6626],"acf":[],"yoast_head":"<!-- This site is optimized with the Yoast SEO plugin v20.8 - https:\/\/yoast.com\/wordpress\/plugins\/seo\/ -->\n<title>\u2018COVARDES\u2019, \u2018PSEUDOPATRIOTAS\u2019, \u2018ORGANIZA\u00c7\u00c3O MILICIANA\u2019: DECLARA\u00c7\u00d5ES NO STF EM REA\u00c7\u00c3O A SAN\u00c7\u00d5ES - Bahia Economica O Supremo Tribunal Federal (STF) retomou as atividades ap\u00f3s o recesso nesta sexta-feira, 1\u00ba, dois dias ap\u00f3s o ministro Alexandre de Moraes ser alvo de san\u00e7\u00f5es dos Estados Unidos<\/title>\n<meta name=\"description\" content=\"O maior portal de Economia da Bahia Pol\u00edtica Bahia Economica O Supremo Tribunal Federal (STF) retomou as atividades ap\u00f3s o recesso nesta sexta-feira, 1\u00ba, dois dias ap\u00f3s o ministro Alexandre de Moraes ser alvo de san\u00e7\u00f5es dos Estados Unidos\" \/>\n<meta name=\"robots\" content=\"index, follow, max-snippet:-1, max-image-preview:large, max-video-preview:-1\" \/>\n<link rel=\"canonical\" href=\"https:\/\/bahiaeconomica.com.br\/wp\/2025\/08\/01\/covardes-pseudopatriotas-organizacao-miliciana-declaracoes-no-stf-em-reacao-a-sancoes\/\" \/>\n<meta property=\"og:locale\" content=\"pt_BR\" \/>\n<meta property=\"og:type\" content=\"article\" \/>\n<meta property=\"og:title\" content=\"\u2018COVARDES\u2019, \u2018PSEUDOPATRIOTAS\u2019, \u2018ORGANIZA\u00c7\u00c3O MILICIANA\u2019: DECLARA\u00c7\u00d5ES NO STF EM REA\u00c7\u00c3O A SAN\u00c7\u00d5ES - Bahia Economica O Supremo Tribunal Federal (STF) retomou as atividades ap\u00f3s o recesso nesta sexta-feira, 1\u00ba, dois dias ap\u00f3s o ministro Alexandre de Moraes ser alvo de san\u00e7\u00f5es dos Estados Unidos\" \/>\n<meta property=\"og:description\" content=\"O maior portal de Economia da Bahia Pol\u00edtica Bahia Economica O Supremo Tribunal Federal (STF) retomou as atividades ap\u00f3s o recesso nesta sexta-feira, 1\u00ba, dois dias ap\u00f3s o ministro Alexandre de Moraes ser alvo de san\u00e7\u00f5es dos Estados Unidos\" \/>\n<meta property=\"og:url\" content=\"https:\/\/bahiaeconomica.com.br\/wp\/2025\/08\/01\/covardes-pseudopatriotas-organizacao-miliciana-declaracoes-no-stf-em-reacao-a-sancoes\/\" \/>\n<meta property=\"og:site_name\" content=\"Bahia Economica\" \/>\n<meta property=\"article:publisher\" content=\"https:\/\/www.facebook.com\/bahiaeconomica\" \/>\n<meta property=\"article:published_time\" content=\"2025-08-01T20:35:47+00:00\" \/>\n<meta property=\"og:image\" content=\"https:\/\/bahiaeconomica.com.br\/wp\/wp-content\/uploads\/2025\/08\/00stf-frp-1024x680-1.webp\" \/>\n\t<meta property=\"og:image:width\" content=\"1024\" \/>\n\t<meta property=\"og:image:height\" content=\"680\" \/>\n\t<meta property=\"og:image:type\" content=\"image\/webp\" \/>\n<meta name=\"author\" content=\"VICTOR OLIVEIRA\" \/>\n<meta name=\"twitter:card\" content=\"summary_large_image\" \/>\n<meta name=\"twitter:label1\" content=\"Escrito por\" \/>\n\t<meta name=\"twitter:data1\" content=\"VICTOR OLIVEIRA\" \/>\n\t<meta name=\"twitter:label2\" content=\"Est. tempo de leitura\" \/>\n\t<meta name=\"twitter:data2\" content=\"5 minutos\" \/>\n<script type=\"application\/ld+json\" class=\"yoast-schema-graph\">{\"@context\":\"https:\/\/schema.org\",\"@graph\":[{\"@type\":\"Article\",\"@id\":\"https:\/\/bahiaeconomica.com.br\/wp\/2025\/08\/01\/covardes-pseudopatriotas-organizacao-miliciana-declaracoes-no-stf-em-reacao-a-sancoes\/#article\",\"isPartOf\":{\"@id\":\"https:\/\/bahiaeconomica.com.br\/wp\/2025\/08\/01\/covardes-pseudopatriotas-organizacao-miliciana-declaracoes-no-stf-em-reacao-a-sancoes\/\"},\"author\":{\"name\":\"VICTOR OLIVEIRA\",\"@id\":\"https:\/\/bahiaeconomica.com.br\/wp\/#\/schema\/person\/a17956d0e1112b626f403fb06b8129a9\"},\"headline\":\"\u2018COVARDES\u2019, \u2018PSEUDOPATRIOTAS\u2019, \u2018ORGANIZA\u00c7\u00c3O MILICIANA\u2019: DECLARA\u00c7\u00d5ES NO STF EM REA\u00c7\u00c3O A SAN\u00c7\u00d5ES\",\"datePublished\":\"2025-08-01T20:35:47+00:00\",\"dateModified\":\"2025-08-01T20:35:47+00:00\",\"mainEntityOfPage\":{\"@id\":\"https:\/\/bahiaeconomica.com.br\/wp\/2025\/08\/01\/covardes-pseudopatriotas-organizacao-miliciana-declaracoes-no-stf-em-reacao-a-sancoes\/\"},\"wordCount\":850,\"publisher\":{\"@id\":\"https:\/\/bahiaeconomica.com.br\/wp\/#organization\"},\"keywords\":[\"moraes\",\"STF\",\"trump\"],\"articleSection\":[\"Pol\u00edtica\"],\"inLanguage\":\"pt-BR\"},{\"@type\":\"WebPage\",\"@id\":\"https:\/\/bahiaeconomica.com.br\/wp\/2025\/08\/01\/covardes-pseudopatriotas-organizacao-miliciana-declaracoes-no-stf-em-reacao-a-sancoes\/\",\"url\":\"https:\/\/bahiaeconomica.com.br\/wp\/2025\/08\/01\/covardes-pseudopatriotas-organizacao-miliciana-declaracoes-no-stf-em-reacao-a-sancoes\/\",\"name\":\"\u2018COVARDES\u2019, \u2018PSEUDOPATRIOTAS\u2019, \u2018ORGANIZA\u00c7\u00c3O MILICIANA\u2019: DECLARA\u00c7\u00d5ES NO STF EM REA\u00c7\u00c3O A SAN\u00c7\u00d5ES - Bahia Economica O Supremo Tribunal Federal (STF) retomou as atividades ap\u00f3s o recesso nesta sexta-feira, 1\u00ba, dois dias ap\u00f3s o ministro Alexandre de Moraes ser alvo de san\u00e7\u00f5es dos Estados Unidos\",\"isPartOf\":{\"@id\":\"https:\/\/bahiaeconomica.com.br\/wp\/#website\"},\"datePublished\":\"2025-08-01T20:35:47+00:00\",\"dateModified\":\"2025-08-01T20:35:47+00:00\",\"description\":\"O maior portal de Economia da Bahia Pol\u00edtica Bahia Economica O Supremo Tribunal Federal (STF) retomou as atividades ap\u00f3s o recesso nesta sexta-feira, 1\u00ba, dois dias ap\u00f3s o ministro Alexandre de Moraes ser alvo de san\u00e7\u00f5es dos Estados Unidos\",\"breadcrumb\":{\"@id\":\"https:\/\/bahiaeconomica.com.br\/wp\/2025\/08\/01\/covardes-pseudopatriotas-organizacao-miliciana-declaracoes-no-stf-em-reacao-a-sancoes\/#breadcrumb\"},\"inLanguage\":\"pt-BR\",\"potentialAction\":[{\"@type\":\"ReadAction\",\"target\":[\"https:\/\/bahiaeconomica.com.br\/wp\/2025\/08\/01\/covardes-pseudopatriotas-organizacao-miliciana-declaracoes-no-stf-em-reacao-a-sancoes\/\"]}]},{\"@type\":\"BreadcrumbList\",\"@id\":\"https:\/\/bahiaeconomica.com.br\/wp\/2025\/08\/01\/covardes-pseudopatriotas-organizacao-miliciana-declaracoes-no-stf-em-reacao-a-sancoes\/#breadcrumb\",\"itemListElement\":[{\"@type\":\"ListItem\",\"position\":1,\"name\":\"In\u00edcio\",\"item\":\"https:\/\/bahiaeconomica.com.br\/wp\/\"},{\"@type\":\"ListItem\",\"position\":2,\"name\":\"\u2018COVARDES\u2019, \u2018PSEUDOPATRIOTAS\u2019, \u2018ORGANIZA\u00c7\u00c3O MILICIANA\u2019: DECLARA\u00c7\u00d5ES NO STF EM REA\u00c7\u00c3O A SAN\u00c7\u00d5ES\"}]},{\"@type\":\"WebSite\",\"@id\":\"https:\/\/bahiaeconomica.com.br\/wp\/#website\",\"url\":\"https:\/\/bahiaeconomica.com.br\/wp\/\",\"name\":\"Bahia Economica\",\"description\":\"O maior portal de Economia da Bahia\",\"publisher\":{\"@id\":\"https:\/\/bahiaeconomica.com.br\/wp\/#organization\"},\"potentialAction\":[{\"@type\":\"SearchAction\",\"target\":{\"@type\":\"EntryPoint\",\"urlTemplate\":\"https:\/\/bahiaeconomica.com.br\/wp\/?s={search_term_string}\"},\"query-input\":\"required name=search_term_string\"}],\"inLanguage\":\"pt-BR\"},{\"@type\":\"Organization\",\"@id\":\"https:\/\/bahiaeconomica.com.br\/wp\/#organization\",\"name\":\"Bahia Econ\u00f4mica\",\"url\":\"https:\/\/bahiaeconomica.com.br\/wp\/\",\"logo\":{\"@type\":\"ImageObject\",\"inLanguage\":\"pt-BR\",\"@id\":\"https:\/\/bahiaeconomica.com.br\/wp\/#\/schema\/logo\/image\/\",\"url\":\"https:\/\/bahiaeconomica.com.br\/wp\/wp-content\/uploads\/2020\/12\/cropped-BE.png\",\"contentUrl\":\"https:\/\/bahiaeconomica.com.br\/wp\/wp-content\/uploads\/2020\/12\/cropped-BE.png\",\"width\":512,\"height\":512,\"caption\":\"Bahia Econ\u00f4mica\"},\"image\":{\"@id\":\"https:\/\/bahiaeconomica.com.br\/wp\/#\/schema\/logo\/image\/\"},\"sameAs\":[\"https:\/\/www.facebook.com\/bahiaeconomica\"]},{\"@type\":\"Person\",\"@id\":\"https:\/\/bahiaeconomica.com.br\/wp\/#\/schema\/person\/a17956d0e1112b626f403fb06b8129a9\",\"name\":\"VICTOR OLIVEIRA\",\"sameAs\":[\"http:\/\/www.bahiaeconomica.com.br\"],\"url\":\"https:\/\/bahiaeconomica.com.br\/wp\/author\/victor-oliveira\/\"}]}<\/script>\n<!-- \/ Yoast SEO plugin. -->","yoast_head_json":{"title":"\u2018COVARDES\u2019, \u2018PSEUDOPATRIOTAS\u2019, \u2018ORGANIZA\u00c7\u00c3O MILICIANA\u2019: DECLARA\u00c7\u00d5ES NO STF EM REA\u00c7\u00c3O A SAN\u00c7\u00d5ES - Bahia Economica O Supremo Tribunal Federal (STF) retomou as atividades ap\u00f3s o recesso nesta sexta-feira, 1\u00ba, dois dias ap\u00f3s o ministro Alexandre de Moraes ser alvo de san\u00e7\u00f5es dos Estados Unidos","description":"O maior portal de Economia da Bahia Pol\u00edtica Bahia Economica O Supremo Tribunal Federal (STF) retomou as atividades ap\u00f3s o recesso nesta sexta-feira, 1\u00ba, dois dias ap\u00f3s o ministro Alexandre de Moraes ser alvo de san\u00e7\u00f5es dos Estados Unidos","robots":{"index":"index","follow":"follow","max-snippet":"max-snippet:-1","max-image-preview":"max-image-preview:large","max-video-preview":"max-video-preview:-1"},"canonical":"https:\/\/bahiaeconomica.com.br\/wp\/2025\/08\/01\/covardes-pseudopatriotas-organizacao-miliciana-declaracoes-no-stf-em-reacao-a-sancoes\/","og_locale":"pt_BR","og_type":"article","og_title":"\u2018COVARDES\u2019, \u2018PSEUDOPATRIOTAS\u2019, \u2018ORGANIZA\u00c7\u00c3O MILICIANA\u2019: DECLARA\u00c7\u00d5ES NO STF EM REA\u00c7\u00c3O A SAN\u00c7\u00d5ES - Bahia Economica O Supremo Tribunal Federal (STF) retomou as atividades ap\u00f3s o recesso nesta sexta-feira, 1\u00ba, dois dias ap\u00f3s o ministro Alexandre de Moraes ser alvo de san\u00e7\u00f5es dos Estados Unidos","og_description":"O maior portal de Economia da Bahia Pol\u00edtica Bahia Economica O Supremo Tribunal Federal (STF) retomou as atividades ap\u00f3s o recesso nesta sexta-feira, 1\u00ba, dois dias ap\u00f3s o ministro Alexandre de Moraes ser alvo de san\u00e7\u00f5es dos Estados Unidos","og_url":"https:\/\/bahiaeconomica.com.br\/wp\/2025\/08\/01\/covardes-pseudopatriotas-organizacao-miliciana-declaracoes-no-stf-em-reacao-a-sancoes\/","og_site_name":"Bahia Economica","article_publisher":"https:\/\/www.facebook.com\/bahiaeconomica","article_published_time":"2025-08-01T20:35:47+00:00","og_image":[{"width":1024,"height":680,"url":"https:\/\/bahiaeconomica.com.br\/wp\/wp-content\/uploads\/2025\/08\/00stf-frp-1024x680-1.webp","type":"image\/webp"}],"author":"VICTOR OLIVEIRA","twitter_card":"summary_large_image","twitter_misc":{"Escrito por":"VICTOR OLIVEIRA","Est. tempo de leitura":"5 minutos"},"schema":{"@context":"https:\/\/schema.org","@graph":[{"@type":"Article","@id":"https:\/\/bahiaeconomica.com.br\/wp\/2025\/08\/01\/covardes-pseudopatriotas-organizacao-miliciana-declaracoes-no-stf-em-reacao-a-sancoes\/#article","isPartOf":{"@id":"https:\/\/bahiaeconomica.com.br\/wp\/2025\/08\/01\/covardes-pseudopatriotas-organizacao-miliciana-declaracoes-no-stf-em-reacao-a-sancoes\/"},"author":{"name":"VICTOR OLIVEIRA","@id":"https:\/\/bahiaeconomica.com.br\/wp\/#\/schema\/person\/a17956d0e1112b626f403fb06b8129a9"},"headline":"\u2018COVARDES\u2019, \u2018PSEUDOPATRIOTAS\u2019, \u2018ORGANIZA\u00c7\u00c3O MILICIANA\u2019: DECLARA\u00c7\u00d5ES NO STF EM REA\u00c7\u00c3O A SAN\u00c7\u00d5ES","datePublished":"2025-08-01T20:35:47+00:00","dateModified":"2025-08-01T20:35:47+00:00","mainEntityOfPage":{"@id":"https:\/\/bahiaeconomica.com.br\/wp\/2025\/08\/01\/covardes-pseudopatriotas-organizacao-miliciana-declaracoes-no-stf-em-reacao-a-sancoes\/"},"wordCount":850,"publisher":{"@id":"https:\/\/bahiaeconomica.com.br\/wp\/#organization"},"keywords":["moraes","STF","trump"],"articleSection":["Pol\u00edtica"],"inLanguage":"pt-BR"},{"@type":"WebPage","@id":"https:\/\/bahiaeconomica.com.br\/wp\/2025\/08\/01\/covardes-pseudopatriotas-organizacao-miliciana-declaracoes-no-stf-em-reacao-a-sancoes\/","url":"https:\/\/bahiaeconomica.com.br\/wp\/2025\/08\/01\/covardes-pseudopatriotas-organizacao-miliciana-declaracoes-no-stf-em-reacao-a-sancoes\/","name":"\u2018COVARDES\u2019, \u2018PSEUDOPATRIOTAS\u2019, \u2018ORGANIZA\u00c7\u00c3O MILICIANA\u2019: DECLARA\u00c7\u00d5ES NO STF EM REA\u00c7\u00c3O A SAN\u00c7\u00d5ES - Bahia Economica O Supremo Tribunal Federal (STF) retomou as atividades ap\u00f3s o recesso nesta sexta-feira, 1\u00ba, dois dias ap\u00f3s o ministro Alexandre de Moraes ser alvo de san\u00e7\u00f5es dos Estados Unidos","isPartOf":{"@id":"https:\/\/bahiaeconomica.com.br\/wp\/#website"},"datePublished":"2025-08-01T20:35:47+00:00","dateModified":"2025-08-01T20:35:47+00:00","description":"O maior portal de Economia da Bahia Pol\u00edtica Bahia Economica O Supremo Tribunal Federal (STF) retomou as atividades ap\u00f3s o recesso nesta sexta-feira, 1\u00ba, dois dias ap\u00f3s o ministro Alexandre de Moraes ser alvo de san\u00e7\u00f5es dos Estados Unidos","breadcrumb":{"@id":"https:\/\/bahiaeconomica.com.br\/wp\/2025\/08\/01\/covardes-pseudopatriotas-organizacao-miliciana-declaracoes-no-stf-em-reacao-a-sancoes\/#breadcrumb"},"inLanguage":"pt-BR","potentialAction":[{"@type":"ReadAction","target":["https:\/\/bahiaeconomica.com.br\/wp\/2025\/08\/01\/covardes-pseudopatriotas-organizacao-miliciana-declaracoes-no-stf-em-reacao-a-sancoes\/"]}]},{"@type":"BreadcrumbList","@id":"https:\/\/bahiaeconomica.com.br\/wp\/2025\/08\/01\/covardes-pseudopatriotas-organizacao-miliciana-declaracoes-no-stf-em-reacao-a-sancoes\/#breadcrumb","itemListElement":[{"@type":"ListItem","position":1,"name":"In\u00edcio","item":"https:\/\/bahiaeconomica.com.br\/wp\/"},{"@type":"ListItem","position":2,"name":"\u2018COVARDES\u2019, \u2018PSEUDOPATRIOTAS\u2019, \u2018ORGANIZA\u00c7\u00c3O MILICIANA\u2019: DECLARA\u00c7\u00d5ES NO STF EM REA\u00c7\u00c3O A SAN\u00c7\u00d5ES"}]},{"@type":"WebSite","@id":"https:\/\/bahiaeconomica.com.br\/wp\/#website","url":"https:\/\/bahiaeconomica.com.br\/wp\/","name":"Bahia Economica","description":"O maior portal de Economia da Bahia","publisher":{"@id":"https:\/\/bahiaeconomica.com.br\/wp\/#organization"},"potentialAction":[{"@type":"SearchAction","target":{"@type":"EntryPoint","urlTemplate":"https:\/\/bahiaeconomica.com.br\/wp\/?s={search_term_string}"},"query-input":"required name=search_term_string"}],"inLanguage":"pt-BR"},{"@type":"Organization","@id":"https:\/\/bahiaeconomica.com.br\/wp\/#organization","name":"Bahia Econ\u00f4mica","url":"https:\/\/bahiaeconomica.com.br\/wp\/","logo":{"@type":"ImageObject","inLanguage":"pt-BR","@id":"https:\/\/bahiaeconomica.com.br\/wp\/#\/schema\/logo\/image\/","url":"https:\/\/bahiaeconomica.com.br\/wp\/wp-content\/uploads\/2020\/12\/cropped-BE.png","contentUrl":"https:\/\/bahiaeconomica.com.br\/wp\/wp-content\/uploads\/2020\/12\/cropped-BE.png","width":512,"height":512,"caption":"Bahia Econ\u00f4mica"},"image":{"@id":"https:\/\/bahiaeconomica.com.br\/wp\/#\/schema\/logo\/image\/"},"sameAs":["https:\/\/www.facebook.com\/bahiaeconomica"]},{"@type":"Person","@id":"https:\/\/bahiaeconomica.com.br\/wp\/#\/schema\/person\/a17956d0e1112b626f403fb06b8129a9","name":"VICTOR OLIVEIRA","sameAs":["http:\/\/www.bahiaeconomica.com.br"],"url":"https:\/\/bahiaeconomica.com.br\/wp\/author\/victor-oliveira\/"}]}},"views":4,"_links":{"self":[{"href":"https:\/\/bahiaeconomica.com.br\/wp\/wp-json\/wp\/v2\/posts\/922477"}],"collection":[{"href":"https:\/\/bahiaeconomica.com.br\/wp\/wp-json\/wp\/v2\/posts"}],"about":[{"href":"https:\/\/bahiaeconomica.com.br\/wp\/wp-json\/wp\/v2\/types\/post"}],"author":[{"embeddable":true,"href":"https:\/\/bahiaeconomica.com.br\/wp\/wp-json\/wp\/v2\/users\/24"}],"replies":[{"embeddable":true,"href":"https:\/\/bahiaeconomica.com.br\/wp\/wp-json\/wp\/v2\/comments?post=922477"}],"version-history":[{"count":1,"href":"https:\/\/bahiaeconomica.com.br\/wp\/wp-json\/wp\/v2\/posts\/922477\/revisions"}],"predecessor-version":[{"id":922483,"href":"https:\/\/bahiaeconomica.com.br\/wp\/wp-json\/wp\/v2\/posts\/922477\/revisions\/922483"}],"wp:featuredmedia":[{"embeddable":true,"href":"https:\/\/bahiaeconomica.com.br\/wp\/wp-json\/wp\/v2\/media\/922482"}],"wp:attachment":[{"href":"https:\/\/bahiaeconomica.com.br\/wp\/wp-json\/wp\/v2\/media?parent=922477"}],"wp:term":[{"taxonomy":"category","embeddable":true,"href":"https:\/\/bahiaeconomica.com.br\/wp\/wp-json\/wp\/v2\/categories?post=922477"},{"taxonomy":"post_tag","embeddable":true,"href":"https:\/\/bahiaeconomica.com.br\/wp\/wp-json\/wp\/v2\/tags?post=922477"}],"curies":[{"name":"wp","href":"https:\/\/api.w.org\/{rel}","templated":true}]}}