{"id":921561,"date":"2025-07-29T17:35:40","date_gmt":"2025-07-29T20:35:40","guid":{"rendered":"https:\/\/bahiaeconomica.com.br\/wp\/?p=921561"},"modified":"2025-07-29T17:36:30","modified_gmt":"2025-07-29T20:36:30","slug":"carla-zambelli-e-presa-na-italia-diz-ministerio-da-justica","status":"publish","type":"post","link":"https:\/\/bahiaeconomica.com.br\/wp\/2025\/07\/29\/carla-zambelli-e-presa-na-italia-diz-ministerio-da-justica\/","title":{"rendered":"CARLA ZAMBELLI \u00c9 PRESA NA IT\u00c1LIA, DIZ MINIST\u00c9RIO DA JUSTI\u00c7A"},"content":{"rendered":"<p>Na tarde desta ter\u00e7a-feira (28) a deputada federal Carla Zambelli\u00a0 (PL-SP) foi presa, na It\u00e1lia, ap\u00f3s quase dois meses foragida. O pedido de pris\u00e3o foi assinado pelo Ministro Alexandre de Moraes, do Supremo Tribunal Federal (STF), no come\u00e7o de junho.<\/p>\n<p>Agentes da policia foram at\u00e9 o apartamento que ela estava ocupando e fizeram a pris\u00e3o.<\/p>\n<p>Zambelli deixou o Brasil cerca de 20 dias depois de ser condenada a 10 anos de pris\u00e3o pela invas\u00e3o aos sistemas do Conselho Nacional de Justi\u00e7a (CNJ), com apoio do hacker Walter Delgatti Neto, para incluir um mandado de pris\u00e3o falso contra Moraes. Na ocasi\u00e3o, a deputada pediu afastamento da C\u00e2mara dos Deputados e ficou duas semanas nos Estados Unidos antes de seguir para a It\u00e1lia, onde tem cidadania.<\/p>\n<p>O deputado italiano Angelo Bonelli contou em sua conta no X que ele deu o endere\u00e7o de Zambelli para a pol\u00edcia italiana.<\/p>\n<p>\u201cCarla Zambelli est\u00e1 em um apartamento em Roma. Forneci o endere\u00e7o \u00e0 pol\u00edcia. Neste momento, a pol\u00edcia est\u00e1 identificando Zambelli\u201d, escreveu o parlamentar.<\/p>\n<p>O Minist\u00e9rio da Justi\u00e7a brasileiro j\u00e1 havia solicitado oficialmente a extradi\u00e7\u00e3o da deputada. Foragida, o nome dela estava na lista da Interpol.<\/p>\n<p>Ainda n\u00e3o h\u00e1 data para a vinda dela para o Brasil.<\/p>\n<p>Foto: Reprodu\u00e7\u00e3o<\/p>\n<p>&nbsp;<\/p>\n","protected":false},"excerpt":{"rendered":"<p>Na tarde desta ter\u00e7a-feira (28) a deputada federal Carla Zambelli\u00a0 (PL-SP) foi presa, na It\u00e1lia, ap\u00f3s quase dois meses foragida. O pedido de pris\u00e3o foi assinado pelo Ministro Alexandre de Moraes, do Supremo Tribunal Federal (STF), no come\u00e7o de junho. Agentes da policia foram at\u00e9 o apartamento que ela estava ocupando e fizeram a pris\u00e3o. [&hellip;]<\/p>\n","protected":false},"author":24,"featured_media":903890,"comment_status":"closed","ping_status":"closed","sticky":false,"template":"","format":"standard","meta":[],"categories":[14601],"tags":[3152,40379],"acf":[],"yoast_head":"<!-- This site is optimized with the Yoast SEO plugin v20.8 - https:\/\/yoast.com\/wordpress\/plugins\/seo\/ -->\n<title>CARLA ZAMBELLI \u00c9 PRESA NA IT\u00c1LIA, DIZ MINIST\u00c9RIO DA JUSTI\u00c7A - Bahia Economica Na tarde desta ter\u00e7a-feira (28) a deputada federal Carla Zambelli\u00a0 (PL-SP) foi presa, na It\u00e1lia, ap\u00f3s quase dois meses foragida.<\/title>\n<meta name=\"description\" content=\"O maior portal de Economia da Bahia Pol\u00edtica Bahia Economica Na tarde desta ter\u00e7a-feira (28) a deputada federal Carla Zambelli\u00a0 (PL-SP) foi presa, na It\u00e1lia, ap\u00f3s quase dois meses foragida.\" \/>\n<meta name=\"robots\" content=\"index, follow, max-snippet:-1, max-image-preview:large, max-video-preview:-1\" \/>\n<link rel=\"canonical\" href=\"https:\/\/bahiaeconomica.com.br\/wp\/2025\/07\/29\/carla-zambelli-e-presa-na-italia-diz-ministerio-da-justica\/\" \/>\n<meta property=\"og:locale\" content=\"pt_BR\" \/>\n<meta property=\"og:type\" content=\"article\" \/>\n<meta property=\"og:title\" content=\"CARLA ZAMBELLI \u00c9 PRESA NA IT\u00c1LIA, DIZ MINIST\u00c9RIO DA JUSTI\u00c7A - Bahia Economica Na tarde desta ter\u00e7a-feira (28) a deputada federal Carla Zambelli\u00a0 (PL-SP) foi presa, na It\u00e1lia, ap\u00f3s quase dois meses foragida.\" \/>\n<meta property=\"og:description\" content=\"O maior portal de Economia da Bahia Pol\u00edtica Bahia Economica Na tarde desta ter\u00e7a-feira (28) a deputada federal Carla Zambelli\u00a0 (PL-SP) foi presa, na It\u00e1lia, ap\u00f3s quase dois meses foragida.\" \/>\n<meta property=\"og:url\" content=\"https:\/\/bahiaeconomica.com.br\/wp\/2025\/07\/29\/carla-zambelli-e-presa-na-italia-diz-ministerio-da-justica\/\" \/>\n<meta property=\"og:site_name\" content=\"Bahia Economica\" \/>\n<meta property=\"article:publisher\" content=\"https:\/\/www.facebook.com\/bahiaeconomica\" \/>\n<meta property=\"article:published_time\" content=\"2025-07-29T20:35:40+00:00\" \/>\n<meta property=\"article:modified_time\" content=\"2025-07-29T20:36:30+00:00\" \/>\n<meta property=\"og:image\" content=\"https:\/\/bahiaeconomica.com.br\/wp\/wp-content\/uploads\/2025\/05\/carla-zambelli-2.webp\" \/>\n\t<meta property=\"og:image:width\" content=\"1170\" \/>\n\t<meta property=\"og:image:height\" content=\"700\" \/>\n\t<meta property=\"og:image:type\" content=\"image\/webp\" \/>\n<meta name=\"author\" content=\"VICTOR OLIVEIRA\" \/>\n<meta name=\"twitter:card\" content=\"summary_large_image\" \/>\n<meta name=\"twitter:label1\" content=\"Escrito por\" \/>\n\t<meta name=\"twitter:data1\" content=\"VICTOR OLIVEIRA\" \/>\n\t<meta name=\"twitter:label2\" content=\"Est. tempo de leitura\" \/>\n\t<meta name=\"twitter:data2\" content=\"2 minutos\" \/>\n<script type=\"application\/ld+json\" class=\"yoast-schema-graph\">{\"@context\":\"https:\/\/schema.org\",\"@graph\":[{\"@type\":\"Article\",\"@id\":\"https:\/\/bahiaeconomica.com.br\/wp\/2025\/07\/29\/carla-zambelli-e-presa-na-italia-diz-ministerio-da-justica\/#article\",\"isPartOf\":{\"@id\":\"https:\/\/bahiaeconomica.com.br\/wp\/2025\/07\/29\/carla-zambelli-e-presa-na-italia-diz-ministerio-da-justica\/\"},\"author\":{\"name\":\"VICTOR OLIVEIRA\",\"@id\":\"https:\/\/bahiaeconomica.com.br\/wp\/#\/schema\/person\/a17956d0e1112b626f403fb06b8129a9\"},\"headline\":\"CARLA ZAMBELLI \u00c9 PRESA NA IT\u00c1LIA, DIZ MINIST\u00c9RIO DA JUSTI\u00c7A\",\"datePublished\":\"2025-07-29T20:35:40+00:00\",\"dateModified\":\"2025-07-29T20:36:30+00:00\",\"mainEntityOfPage\":{\"@id\":\"https:\/\/bahiaeconomica.com.br\/wp\/2025\/07\/29\/carla-zambelli-e-presa-na-italia-diz-ministerio-da-justica\/\"},\"wordCount\":236,\"publisher\":{\"@id\":\"https:\/\/bahiaeconomica.com.br\/wp\/#organization\"},\"keywords\":[\"It\u00e1lia\",\"pris\u00e3o carla zambelli\"],\"articleSection\":[\"Pol\u00edtica\"],\"inLanguage\":\"pt-BR\"},{\"@type\":\"WebPage\",\"@id\":\"https:\/\/bahiaeconomica.com.br\/wp\/2025\/07\/29\/carla-zambelli-e-presa-na-italia-diz-ministerio-da-justica\/\",\"url\":\"https:\/\/bahiaeconomica.com.br\/wp\/2025\/07\/29\/carla-zambelli-e-presa-na-italia-diz-ministerio-da-justica\/\",\"name\":\"CARLA ZAMBELLI \u00c9 PRESA NA IT\u00c1LIA, DIZ MINIST\u00c9RIO DA JUSTI\u00c7A - Bahia Economica Na tarde desta ter\u00e7a-feira (28) a deputada federal Carla Zambelli\u00a0 (PL-SP) foi presa, na It\u00e1lia, ap\u00f3s quase dois meses foragida.\",\"isPartOf\":{\"@id\":\"https:\/\/bahiaeconomica.com.br\/wp\/#website\"},\"datePublished\":\"2025-07-29T20:35:40+00:00\",\"dateModified\":\"2025-07-29T20:36:30+00:00\",\"description\":\"O maior portal de Economia da Bahia Pol\u00edtica Bahia Economica Na tarde desta ter\u00e7a-feira (28) a deputada federal Carla Zambelli\u00a0 (PL-SP) foi presa, na It\u00e1lia, ap\u00f3s quase dois meses foragida.\",\"breadcrumb\":{\"@id\":\"https:\/\/bahiaeconomica.com.br\/wp\/2025\/07\/29\/carla-zambelli-e-presa-na-italia-diz-ministerio-da-justica\/#breadcrumb\"},\"inLanguage\":\"pt-BR\",\"potentialAction\":[{\"@type\":\"ReadAction\",\"target\":[\"https:\/\/bahiaeconomica.com.br\/wp\/2025\/07\/29\/carla-zambelli-e-presa-na-italia-diz-ministerio-da-justica\/\"]}]},{\"@type\":\"BreadcrumbList\",\"@id\":\"https:\/\/bahiaeconomica.com.br\/wp\/2025\/07\/29\/carla-zambelli-e-presa-na-italia-diz-ministerio-da-justica\/#breadcrumb\",\"itemListElement\":[{\"@type\":\"ListItem\",\"position\":1,\"name\":\"In\u00edcio\",\"item\":\"https:\/\/bahiaeconomica.com.br\/wp\/\"},{\"@type\":\"ListItem\",\"position\":2,\"name\":\"CARLA ZAMBELLI \u00c9 PRESA NA IT\u00c1LIA, DIZ MINIST\u00c9RIO DA JUSTI\u00c7A\"}]},{\"@type\":\"WebSite\",\"@id\":\"https:\/\/bahiaeconomica.com.br\/wp\/#website\",\"url\":\"https:\/\/bahiaeconomica.com.br\/wp\/\",\"name\":\"Bahia Economica\",\"description\":\"O maior portal de Economia da Bahia\",\"publisher\":{\"@id\":\"https:\/\/bahiaeconomica.com.br\/wp\/#organization\"},\"potentialAction\":[{\"@type\":\"SearchAction\",\"target\":{\"@type\":\"EntryPoint\",\"urlTemplate\":\"https:\/\/bahiaeconomica.com.br\/wp\/?s={search_term_string}\"},\"query-input\":\"required name=search_term_string\"}],\"inLanguage\":\"pt-BR\"},{\"@type\":\"Organization\",\"@id\":\"https:\/\/bahiaeconomica.com.br\/wp\/#organization\",\"name\":\"Bahia Econ\u00f4mica\",\"url\":\"https:\/\/bahiaeconomica.com.br\/wp\/\",\"logo\":{\"@type\":\"ImageObject\",\"inLanguage\":\"pt-BR\",\"@id\":\"https:\/\/bahiaeconomica.com.br\/wp\/#\/schema\/logo\/image\/\",\"url\":\"https:\/\/bahiaeconomica.com.br\/wp\/wp-content\/uploads\/2020\/12\/cropped-BE.png\",\"contentUrl\":\"https:\/\/bahiaeconomica.com.br\/wp\/wp-content\/uploads\/2020\/12\/cropped-BE.png\",\"width\":512,\"height\":512,\"caption\":\"Bahia Econ\u00f4mica\"},\"image\":{\"@id\":\"https:\/\/bahiaeconomica.com.br\/wp\/#\/schema\/logo\/image\/\"},\"sameAs\":[\"https:\/\/www.facebook.com\/bahiaeconomica\"]},{\"@type\":\"Person\",\"@id\":\"https:\/\/bahiaeconomica.com.br\/wp\/#\/schema\/person\/a17956d0e1112b626f403fb06b8129a9\",\"name\":\"VICTOR OLIVEIRA\",\"sameAs\":[\"http:\/\/www.bahiaeconomica.com.br\"],\"url\":\"https:\/\/bahiaeconomica.com.br\/wp\/author\/victor-oliveira\/\"}]}<\/script>\n<!-- \/ Yoast SEO plugin. -->","yoast_head_json":{"title":"CARLA ZAMBELLI \u00c9 PRESA NA IT\u00c1LIA, DIZ MINIST\u00c9RIO DA JUSTI\u00c7A - Bahia Economica Na tarde desta ter\u00e7a-feira (28) a deputada federal Carla Zambelli\u00a0 (PL-SP) foi presa, na It\u00e1lia, ap\u00f3s quase dois meses foragida.","description":"O maior portal de Economia da Bahia Pol\u00edtica Bahia Economica Na tarde desta ter\u00e7a-feira (28) a deputada federal Carla Zambelli\u00a0 (PL-SP) foi presa, na It\u00e1lia, ap\u00f3s quase dois meses foragida.","robots":{"index":"index","follow":"follow","max-snippet":"max-snippet:-1","max-image-preview":"max-image-preview:large","max-video-preview":"max-video-preview:-1"},"canonical":"https:\/\/bahiaeconomica.com.br\/wp\/2025\/07\/29\/carla-zambelli-e-presa-na-italia-diz-ministerio-da-justica\/","og_locale":"pt_BR","og_type":"article","og_title":"CARLA ZAMBELLI \u00c9 PRESA NA IT\u00c1LIA, DIZ MINIST\u00c9RIO DA JUSTI\u00c7A - Bahia Economica Na tarde desta ter\u00e7a-feira (28) a deputada federal Carla Zambelli\u00a0 (PL-SP) foi presa, na It\u00e1lia, ap\u00f3s quase dois meses foragida.","og_description":"O maior portal de Economia da Bahia Pol\u00edtica Bahia Economica Na tarde desta ter\u00e7a-feira (28) a deputada federal Carla Zambelli\u00a0 (PL-SP) foi presa, na It\u00e1lia, ap\u00f3s quase dois meses foragida.","og_url":"https:\/\/bahiaeconomica.com.br\/wp\/2025\/07\/29\/carla-zambelli-e-presa-na-italia-diz-ministerio-da-justica\/","og_site_name":"Bahia Economica","article_publisher":"https:\/\/www.facebook.com\/bahiaeconomica","article_published_time":"2025-07-29T20:35:40+00:00","article_modified_time":"2025-07-29T20:36:30+00:00","og_image":[{"width":1170,"height":700,"url":"https:\/\/bahiaeconomica.com.br\/wp\/wp-content\/uploads\/2025\/05\/carla-zambelli-2.webp","type":"image\/webp"}],"author":"VICTOR OLIVEIRA","twitter_card":"summary_large_image","twitter_misc":{"Escrito por":"VICTOR OLIVEIRA","Est. tempo de leitura":"2 minutos"},"schema":{"@context":"https:\/\/schema.org","@graph":[{"@type":"Article","@id":"https:\/\/bahiaeconomica.com.br\/wp\/2025\/07\/29\/carla-zambelli-e-presa-na-italia-diz-ministerio-da-justica\/#article","isPartOf":{"@id":"https:\/\/bahiaeconomica.com.br\/wp\/2025\/07\/29\/carla-zambelli-e-presa-na-italia-diz-ministerio-da-justica\/"},"author":{"name":"VICTOR OLIVEIRA","@id":"https:\/\/bahiaeconomica.com.br\/wp\/#\/schema\/person\/a17956d0e1112b626f403fb06b8129a9"},"headline":"CARLA ZAMBELLI \u00c9 PRESA NA IT\u00c1LIA, DIZ MINIST\u00c9RIO DA JUSTI\u00c7A","datePublished":"2025-07-29T20:35:40+00:00","dateModified":"2025-07-29T20:36:30+00:00","mainEntityOfPage":{"@id":"https:\/\/bahiaeconomica.com.br\/wp\/2025\/07\/29\/carla-zambelli-e-presa-na-italia-diz-ministerio-da-justica\/"},"wordCount":236,"publisher":{"@id":"https:\/\/bahiaeconomica.com.br\/wp\/#organization"},"keywords":["It\u00e1lia","pris\u00e3o carla zambelli"],"articleSection":["Pol\u00edtica"],"inLanguage":"pt-BR"},{"@type":"WebPage","@id":"https:\/\/bahiaeconomica.com.br\/wp\/2025\/07\/29\/carla-zambelli-e-presa-na-italia-diz-ministerio-da-justica\/","url":"https:\/\/bahiaeconomica.com.br\/wp\/2025\/07\/29\/carla-zambelli-e-presa-na-italia-diz-ministerio-da-justica\/","name":"CARLA ZAMBELLI \u00c9 PRESA NA IT\u00c1LIA, DIZ MINIST\u00c9RIO DA JUSTI\u00c7A - Bahia Economica Na tarde desta ter\u00e7a-feira (28) a deputada federal Carla Zambelli\u00a0 (PL-SP) foi presa, na It\u00e1lia, ap\u00f3s quase dois meses foragida.","isPartOf":{"@id":"https:\/\/bahiaeconomica.com.br\/wp\/#website"},"datePublished":"2025-07-29T20:35:40+00:00","dateModified":"2025-07-29T20:36:30+00:00","description":"O maior portal de Economia da Bahia Pol\u00edtica Bahia Economica Na tarde desta ter\u00e7a-feira (28) a deputada federal Carla Zambelli\u00a0 (PL-SP) foi presa, na It\u00e1lia, ap\u00f3s quase dois meses foragida.","breadcrumb":{"@id":"https:\/\/bahiaeconomica.com.br\/wp\/2025\/07\/29\/carla-zambelli-e-presa-na-italia-diz-ministerio-da-justica\/#breadcrumb"},"inLanguage":"pt-BR","potentialAction":[{"@type":"ReadAction","target":["https:\/\/bahiaeconomica.com.br\/wp\/2025\/07\/29\/carla-zambelli-e-presa-na-italia-diz-ministerio-da-justica\/"]}]},{"@type":"BreadcrumbList","@id":"https:\/\/bahiaeconomica.com.br\/wp\/2025\/07\/29\/carla-zambelli-e-presa-na-italia-diz-ministerio-da-justica\/#breadcrumb","itemListElement":[{"@type":"ListItem","position":1,"name":"In\u00edcio","item":"https:\/\/bahiaeconomica.com.br\/wp\/"},{"@type":"ListItem","position":2,"name":"CARLA ZAMBELLI \u00c9 PRESA NA IT\u00c1LIA, DIZ MINIST\u00c9RIO DA JUSTI\u00c7A"}]},{"@type":"WebSite","@id":"https:\/\/bahiaeconomica.com.br\/wp\/#website","url":"https:\/\/bahiaeconomica.com.br\/wp\/","name":"Bahia Economica","description":"O maior portal de Economia da Bahia","publisher":{"@id":"https:\/\/bahiaeconomica.com.br\/wp\/#organization"},"potentialAction":[{"@type":"SearchAction","target":{"@type":"EntryPoint","urlTemplate":"https:\/\/bahiaeconomica.com.br\/wp\/?s={search_term_string}"},"query-input":"required name=search_term_string"}],"inLanguage":"pt-BR"},{"@type":"Organization","@id":"https:\/\/bahiaeconomica.com.br\/wp\/#organization","name":"Bahia Econ\u00f4mica","url":"https:\/\/bahiaeconomica.com.br\/wp\/","logo":{"@type":"ImageObject","inLanguage":"pt-BR","@id":"https:\/\/bahiaeconomica.com.br\/wp\/#\/schema\/logo\/image\/","url":"https:\/\/bahiaeconomica.com.br\/wp\/wp-content\/uploads\/2020\/12\/cropped-BE.png","contentUrl":"https:\/\/bahiaeconomica.com.br\/wp\/wp-content\/uploads\/2020\/12\/cropped-BE.png","width":512,"height":512,"caption":"Bahia Econ\u00f4mica"},"image":{"@id":"https:\/\/bahiaeconomica.com.br\/wp\/#\/schema\/logo\/image\/"},"sameAs":["https:\/\/www.facebook.com\/bahiaeconomica"]},{"@type":"Person","@id":"https:\/\/bahiaeconomica.com.br\/wp\/#\/schema\/person\/a17956d0e1112b626f403fb06b8129a9","name":"VICTOR OLIVEIRA","sameAs":["http:\/\/www.bahiaeconomica.com.br"],"url":"https:\/\/bahiaeconomica.com.br\/wp\/author\/victor-oliveira\/"}]}},"views":3,"_links":{"self":[{"href":"https:\/\/bahiaeconomica.com.br\/wp\/wp-json\/wp\/v2\/posts\/921561"}],"collection":[{"href":"https:\/\/bahiaeconomica.com.br\/wp\/wp-json\/wp\/v2\/posts"}],"about":[{"href":"https:\/\/bahiaeconomica.com.br\/wp\/wp-json\/wp\/v2\/types\/post"}],"author":[{"embeddable":true,"href":"https:\/\/bahiaeconomica.com.br\/wp\/wp-json\/wp\/v2\/users\/24"}],"replies":[{"embeddable":true,"href":"https:\/\/bahiaeconomica.com.br\/wp\/wp-json\/wp\/v2\/comments?post=921561"}],"version-history":[{"count":2,"href":"https:\/\/bahiaeconomica.com.br\/wp\/wp-json\/wp\/v2\/posts\/921561\/revisions"}],"predecessor-version":[{"id":921566,"href":"https:\/\/bahiaeconomica.com.br\/wp\/wp-json\/wp\/v2\/posts\/921561\/revisions\/921566"}],"wp:featuredmedia":[{"embeddable":true,"href":"https:\/\/bahiaeconomica.com.br\/wp\/wp-json\/wp\/v2\/media\/903890"}],"wp:attachment":[{"href":"https:\/\/bahiaeconomica.com.br\/wp\/wp-json\/wp\/v2\/media?parent=921561"}],"wp:term":[{"taxonomy":"category","embeddable":true,"href":"https:\/\/bahiaeconomica.com.br\/wp\/wp-json\/wp\/v2\/categories?post=921561"},{"taxonomy":"post_tag","embeddable":true,"href":"https:\/\/bahiaeconomica.com.br\/wp\/wp-json\/wp\/v2\/tags?post=921561"}],"curies":[{"name":"wp","href":"https:\/\/api.w.org\/{rel}","templated":true}]}}