{"id":920770,"date":"2025-07-25T16:59:18","date_gmt":"2025-07-25T19:59:18","guid":{"rendered":"https:\/\/bahiaeconomica.com.br\/wp\/?p=920770"},"modified":"2025-07-25T15:26:26","modified_gmt":"2025-07-25T18:26:26","slug":"em-brasilia-bruno-reis-participa-de-lancamento-de-plataforma-da-fnp-para-prevencao-de-desastres-climaticos","status":"publish","type":"post","link":"https:\/\/bahiaeconomica.com.br\/wp\/2025\/07\/25\/em-brasilia-bruno-reis-participa-de-lancamento-de-plataforma-da-fnp-para-prevencao-de-desastres-climaticos\/","title":{"rendered":"EM BRAS\u00cdLIA, BRUNO REIS PARTICIPA DE LAN\u00c7AMENTO DE PLATAFORMA DA FNP PARA PREVEN\u00c7\u00c3O DE DESASTRES CLIM\u00c1TICOS"},"content":{"rendered":"<p>O prefeito de Salvador, Bruno Reis, participou nesta sexta-feira (25), em Bras\u00edlia, do lan\u00e7amento da nova Plataforma Digital de Boas Pr\u00e1ticas da Comiss\u00e3o de Adapta\u00e7\u00e3o Urbana e Preven\u00e7\u00e3o de Desastres (CASD), \u00f3rg\u00e3o da Frente Nacional de Prefeitas e Prefeitos (FNP). Acompanhado do diretor-geral da Defesa Civil de Salvador (Codesal), Sosthenes Mac\u00eado, o prefeito destacou o papel estrat\u00e9gico que a ferramenta ter\u00e1 na dissemina\u00e7\u00e3o de solu\u00e7\u00f5es inovadoras a serem adotadas pelos munic\u00edpios brasileiros para enfrentar os desafios das mudan\u00e7as clim\u00e1ticas e prevenir desastres.<\/p>\n<p>Bruno Reis, que \u00e9 vice-presidente de Adapta\u00e7\u00e3o Urbana e Preven\u00e7\u00e3o de Desastres da FNP e presidente da CASD, destacou a experi\u00eancia da Codesal com o Centro de Monitoramento de Alerta e Alarme (Cemadec), uma das pr\u00e1ticas presentes na ferramenta. A plataforma est\u00e1 dispon\u00edvel atrav\u00e9s do site casd.fnp.org.br e re\u00fane cases de sucesso de todo o pa\u00eds para que outros prefeitos e secret\u00e1rios repliquem em suas cidades.<\/p>\n<p>&#8220;Estamos vendo no Brasil e no mundo as consequ\u00eancias da emiss\u00e3o de gases que intensificam o efeito estufa, levando ao aquecimento global. Fen\u00f4menos da natureza t\u00eam ocorrido com mais intensidade, em \u00e9pocas inesperadas. Em Salvador, por exemplo, historicamente as chuvas acontecem entre mar\u00e7o e junho, mas estamos em julho enfrentando fortes chuvas \u2014 e j\u00e1 registramos chuvas at\u00edpicas at\u00e9 mesmo em novembro do ano passado. Isso sem falar nas temperaturas elevadas no ver\u00e3o&#8221;, disse Bruno.<\/p>\n<p>O prefeito afirmou que a emerg\u00eancia clim\u00e1tica exige uni\u00e3o dos munic\u00edpios, e a ferramenta da FNP veio para fomentar o interc\u00e2mbio de ideias entre eles. &#8220;Essa plataforma \u00e9 um marco para inspirar e orientar outras cidades, promovendo um Brasil mais preparado e resiliente. As mudan\u00e7as no clima exigem de n\u00f3s, gestores, capacidade de adapta\u00e7\u00e3o e preparo para o enfrentamento&#8221;, completou.<\/p>\n<p>O evento foi realizado na sede da FNP na capital federal e contou com a participa\u00e7\u00e3o de representantes do Governo Federal, do Minist\u00e9rio do Meio Ambiente, da organiza\u00e7\u00e3o de pesquisa clim\u00e1tica WRI Brasil e do banco Ita\u00fa, al\u00e9m de diversos prefeitos de todo o pa\u00eds. Bruno celebrou o crescimento da CASD: &#8220;De abril a julho, conseguimos a ades\u00e3o de 50 gestores municipais. Isso mostra que os munic\u00edpios est\u00e3o comprometidos com a pauta da adapta\u00e7\u00e3o, da resili\u00eancia e da preven\u00e7\u00e3o. Precisamos compartilhar o que est\u00e1 dando certo.&#8221;<\/p>\n<p>A iniciativa da Prefeitura de Salvador ao criar o Cemadec e o sucesso da sua opera\u00e7\u00e3o foram apresentados pelo diretor-geral da Codesal, Sosthenes Mac\u00eado, na palestra &#8216;Monitoramento Clim\u00e1tico e Gest\u00e3o de Riscos em Tempo Real&#8217;. A trajet\u00f3ria da coordenadoria desde 2015, a montagem da equipe especializada, os equipamentos que comp\u00f5em a rede municipal de preven\u00e7\u00e3o, entre outras informa\u00e7\u00f5es t\u00e9cnicas, foram alguns dos t\u00f3picos da apresenta\u00e7\u00e3o.<\/p>\n<p>Criada em 2022, a CASD passou por um processo de reestrutura\u00e7\u00e3o em 2025, assumindo sua configura\u00e7\u00e3o atual como Comiss\u00e3o Permanente da FNP de Adapta\u00e7\u00e3o Urbana e Preven\u00e7\u00e3o de Desastres. A nova fase fortalece o di\u00e1logo com a agenda clim\u00e1tica nacional, promovendo a coopera\u00e7\u00e3o entre as cidades e o fortalecimento das defesas civis locais. O \u00f3rg\u00e3o tem como objetivo &#8220;acompanhar, de forma permanente, a pauta de adapta\u00e7\u00e3o urbana e gest\u00e3o de riscos e desastres junto aos \u00f3rg\u00e3os competentes a fim de contribuir com a constru\u00e7\u00e3o e promo\u00e7\u00e3o de instrumentos, estrat\u00e9gias e pol\u00edticas p\u00fablicas nestas agendas.&#8221;<\/p>\n<p>Fotos: Divulga\u00e7\u00e3o\/ FNP<\/p>\n<p>&nbsp;<\/p>\n","protected":false},"excerpt":{"rendered":"<p>O prefeito de Salvador, Bruno Reis, participou nesta sexta-feira (25), em Bras\u00edlia, do lan\u00e7amento da nova Plataforma Digital de Boas Pr\u00e1ticas da Comiss\u00e3o de Adapta\u00e7\u00e3o Urbana e Preven\u00e7\u00e3o de Desastres (CASD), \u00f3rg\u00e3o da Frente Nacional de Prefeitas e Prefeitos (FNP). Acompanhado do diretor-geral da Defesa Civil de Salvador (Codesal), Sosthenes Mac\u00eado, o prefeito destacou o [&hellip;]<\/p>\n","protected":false},"author":15,"featured_media":920773,"comment_status":"closed","ping_status":"closed","sticky":false,"template":"","format":"standard","meta":[],"categories":[14,5],"tags":[588,166],"acf":[],"yoast_head":"<!-- This site is optimized with the Yoast SEO plugin v20.8 - https:\/\/yoast.com\/wordpress\/plugins\/seo\/ -->\n<title>EM BRAS\u00cdLIA, BRUNO REIS PARTICIPA DE LAN\u00c7AMENTO DE PLATAFORMA DA FNP PARA PREVEN\u00c7\u00c3O DE DESASTRES CLIM\u00c1TICOS - Bahia Economica<\/title>\n<meta name=\"description\" content=\"O maior portal de Economia da Bahia DESTAQUE DO DIA, MUNIC\u00cdPIOS Bahia Economica O prefeito de Salvador, Bruno Reis, participou nesta sexta-feira (25), em Bras\u00edlia\" \/>\n<meta name=\"robots\" content=\"index, follow, max-snippet:-1, max-image-preview:large, max-video-preview:-1\" \/>\n<link rel=\"canonical\" href=\"https:\/\/bahiaeconomica.com.br\/wp\/2025\/07\/25\/em-brasilia-bruno-reis-participa-de-lancamento-de-plataforma-da-fnp-para-prevencao-de-desastres-climaticos\/\" \/>\n<meta property=\"og:locale\" content=\"pt_BR\" \/>\n<meta property=\"og:type\" content=\"article\" \/>\n<meta property=\"og:title\" content=\"EM BRAS\u00cdLIA, BRUNO REIS PARTICIPA DE LAN\u00c7AMENTO DE PLATAFORMA DA FNP PARA PREVEN\u00c7\u00c3O DE DESASTRES CLIM\u00c1TICOS - Bahia Economica\" \/>\n<meta property=\"og:description\" content=\"O maior portal de Economia da Bahia DESTAQUE DO DIA, MUNIC\u00cdPIOS Bahia Economica O prefeito de Salvador, Bruno Reis, participou nesta sexta-feira (25), em Bras\u00edlia\" \/>\n<meta property=\"og:url\" content=\"https:\/\/bahiaeconomica.com.br\/wp\/2025\/07\/25\/em-brasilia-bruno-reis-participa-de-lancamento-de-plataforma-da-fnp-para-prevencao-de-desastres-climaticos\/\" \/>\n<meta property=\"og:site_name\" content=\"Bahia Economica\" \/>\n<meta property=\"article:publisher\" content=\"https:\/\/www.facebook.com\/bahiaeconomica\" \/>\n<meta property=\"article:published_time\" content=\"2025-07-25T19:59:18+00:00\" \/>\n<meta property=\"article:modified_time\" content=\"2025-07-25T18:26:26+00:00\" \/>\n<meta property=\"og:image\" content=\"https:\/\/bahiaeconomica.com.br\/wp\/wp-content\/uploads\/2025\/07\/Lancamento_plataforma_CASD__Fotos__FNP_Divulgacao4.jpg\" \/>\n\t<meta property=\"og:image:width\" content=\"800\" \/>\n\t<meta property=\"og:image:height\" content=\"532\" \/>\n\t<meta property=\"og:image:type\" content=\"image\/jpeg\" \/>\n<meta name=\"author\" content=\"VICTORIA ISABEL\" \/>\n<meta name=\"twitter:card\" content=\"summary_large_image\" \/>\n<meta name=\"twitter:label1\" content=\"Escrito por\" \/>\n\t<meta name=\"twitter:data1\" content=\"VICTORIA ISABEL\" \/>\n\t<meta name=\"twitter:label2\" content=\"Est. tempo de leitura\" \/>\n\t<meta name=\"twitter:data2\" content=\"3 minutos\" \/>\n<script type=\"application\/ld+json\" class=\"yoast-schema-graph\">{\"@context\":\"https:\/\/schema.org\",\"@graph\":[{\"@type\":\"Article\",\"@id\":\"https:\/\/bahiaeconomica.com.br\/wp\/2025\/07\/25\/em-brasilia-bruno-reis-participa-de-lancamento-de-plataforma-da-fnp-para-prevencao-de-desastres-climaticos\/#article\",\"isPartOf\":{\"@id\":\"https:\/\/bahiaeconomica.com.br\/wp\/2025\/07\/25\/em-brasilia-bruno-reis-participa-de-lancamento-de-plataforma-da-fnp-para-prevencao-de-desastres-climaticos\/\"},\"author\":{\"name\":\"VICTORIA ISABEL\",\"@id\":\"https:\/\/bahiaeconomica.com.br\/wp\/#\/schema\/person\/b719ce0fb1c09f3c7a00d9243ced4a6f\"},\"headline\":\"EM BRAS\u00cdLIA, BRUNO REIS PARTICIPA DE LAN\u00c7AMENTO DE PLATAFORMA DA FNP PARA PREVEN\u00c7\u00c3O DE DESASTRES CLIM\u00c1TICOS\",\"datePublished\":\"2025-07-25T19:59:18+00:00\",\"dateModified\":\"2025-07-25T18:26:26+00:00\",\"mainEntityOfPage\":{\"@id\":\"https:\/\/bahiaeconomica.com.br\/wp\/2025\/07\/25\/em-brasilia-bruno-reis-participa-de-lancamento-de-plataforma-da-fnp-para-prevencao-de-desastres-climaticos\/\"},\"wordCount\":626,\"publisher\":{\"@id\":\"https:\/\/bahiaeconomica.com.br\/wp\/#organization\"},\"keywords\":[\"Bras\u00edlia\",\"Bruno Reis\"],\"articleSection\":[\"DESTAQUE DO DIA\",\"MUNIC\u00cdPIOS\"],\"inLanguage\":\"pt-BR\"},{\"@type\":\"WebPage\",\"@id\":\"https:\/\/bahiaeconomica.com.br\/wp\/2025\/07\/25\/em-brasilia-bruno-reis-participa-de-lancamento-de-plataforma-da-fnp-para-prevencao-de-desastres-climaticos\/\",\"url\":\"https:\/\/bahiaeconomica.com.br\/wp\/2025\/07\/25\/em-brasilia-bruno-reis-participa-de-lancamento-de-plataforma-da-fnp-para-prevencao-de-desastres-climaticos\/\",\"name\":\"EM BRAS\u00cdLIA, BRUNO REIS PARTICIPA DE LAN\u00c7AMENTO DE PLATAFORMA DA FNP PARA PREVEN\u00c7\u00c3O DE DESASTRES CLIM\u00c1TICOS - Bahia Economica\",\"isPartOf\":{\"@id\":\"https:\/\/bahiaeconomica.com.br\/wp\/#website\"},\"datePublished\":\"2025-07-25T19:59:18+00:00\",\"dateModified\":\"2025-07-25T18:26:26+00:00\",\"description\":\"O maior portal de Economia da Bahia DESTAQUE DO DIA, MUNIC\u00cdPIOS Bahia Economica O prefeito de Salvador, Bruno Reis, participou nesta sexta-feira (25), em Bras\u00edlia\",\"breadcrumb\":{\"@id\":\"https:\/\/bahiaeconomica.com.br\/wp\/2025\/07\/25\/em-brasilia-bruno-reis-participa-de-lancamento-de-plataforma-da-fnp-para-prevencao-de-desastres-climaticos\/#breadcrumb\"},\"inLanguage\":\"pt-BR\",\"potentialAction\":[{\"@type\":\"ReadAction\",\"target\":[\"https:\/\/bahiaeconomica.com.br\/wp\/2025\/07\/25\/em-brasilia-bruno-reis-participa-de-lancamento-de-plataforma-da-fnp-para-prevencao-de-desastres-climaticos\/\"]}]},{\"@type\":\"BreadcrumbList\",\"@id\":\"https:\/\/bahiaeconomica.com.br\/wp\/2025\/07\/25\/em-brasilia-bruno-reis-participa-de-lancamento-de-plataforma-da-fnp-para-prevencao-de-desastres-climaticos\/#breadcrumb\",\"itemListElement\":[{\"@type\":\"ListItem\",\"position\":1,\"name\":\"In\u00edcio\",\"item\":\"https:\/\/bahiaeconomica.com.br\/wp\/\"},{\"@type\":\"ListItem\",\"position\":2,\"name\":\"EM BRAS\u00cdLIA, BRUNO REIS PARTICIPA DE LAN\u00c7AMENTO DE PLATAFORMA DA FNP PARA PREVEN\u00c7\u00c3O DE DESASTRES CLIM\u00c1TICOS\"}]},{\"@type\":\"WebSite\",\"@id\":\"https:\/\/bahiaeconomica.com.br\/wp\/#website\",\"url\":\"https:\/\/bahiaeconomica.com.br\/wp\/\",\"name\":\"Bahia Economica\",\"description\":\"O maior portal de Economia da Bahia\",\"publisher\":{\"@id\":\"https:\/\/bahiaeconomica.com.br\/wp\/#organization\"},\"potentialAction\":[{\"@type\":\"SearchAction\",\"target\":{\"@type\":\"EntryPoint\",\"urlTemplate\":\"https:\/\/bahiaeconomica.com.br\/wp\/?s={search_term_string}\"},\"query-input\":\"required name=search_term_string\"}],\"inLanguage\":\"pt-BR\"},{\"@type\":\"Organization\",\"@id\":\"https:\/\/bahiaeconomica.com.br\/wp\/#organization\",\"name\":\"Bahia Econ\u00f4mica\",\"url\":\"https:\/\/bahiaeconomica.com.br\/wp\/\",\"logo\":{\"@type\":\"ImageObject\",\"inLanguage\":\"pt-BR\",\"@id\":\"https:\/\/bahiaeconomica.com.br\/wp\/#\/schema\/logo\/image\/\",\"url\":\"https:\/\/bahiaeconomica.com.br\/wp\/wp-content\/uploads\/2020\/12\/cropped-BE.png\",\"contentUrl\":\"https:\/\/bahiaeconomica.com.br\/wp\/wp-content\/uploads\/2020\/12\/cropped-BE.png\",\"width\":512,\"height\":512,\"caption\":\"Bahia Econ\u00f4mica\"},\"image\":{\"@id\":\"https:\/\/bahiaeconomica.com.br\/wp\/#\/schema\/logo\/image\/\"},\"sameAs\":[\"https:\/\/www.facebook.com\/bahiaeconomica\"]},{\"@type\":\"Person\",\"@id\":\"https:\/\/bahiaeconomica.com.br\/wp\/#\/schema\/person\/b719ce0fb1c09f3c7a00d9243ced4a6f\",\"name\":\"VICTORIA ISABEL\",\"sameAs\":[\"http:\/\/www.bahiaeconomica.com.br\"],\"url\":\"https:\/\/bahiaeconomica.com.br\/wp\/author\/victoria-isabel\/\"}]}<\/script>\n<!-- \/ Yoast SEO plugin. -->","yoast_head_json":{"title":"EM BRAS\u00cdLIA, BRUNO REIS PARTICIPA DE LAN\u00c7AMENTO DE PLATAFORMA DA FNP PARA PREVEN\u00c7\u00c3O DE DESASTRES CLIM\u00c1TICOS - Bahia Economica","description":"O maior portal de Economia da Bahia DESTAQUE DO DIA, MUNIC\u00cdPIOS Bahia Economica O prefeito de Salvador, Bruno Reis, participou nesta sexta-feira (25), em Bras\u00edlia","robots":{"index":"index","follow":"follow","max-snippet":"max-snippet:-1","max-image-preview":"max-image-preview:large","max-video-preview":"max-video-preview:-1"},"canonical":"https:\/\/bahiaeconomica.com.br\/wp\/2025\/07\/25\/em-brasilia-bruno-reis-participa-de-lancamento-de-plataforma-da-fnp-para-prevencao-de-desastres-climaticos\/","og_locale":"pt_BR","og_type":"article","og_title":"EM BRAS\u00cdLIA, BRUNO REIS PARTICIPA DE LAN\u00c7AMENTO DE PLATAFORMA DA FNP PARA PREVEN\u00c7\u00c3O DE DESASTRES CLIM\u00c1TICOS - Bahia Economica","og_description":"O maior portal de Economia da Bahia DESTAQUE DO DIA, MUNIC\u00cdPIOS Bahia Economica O prefeito de Salvador, Bruno Reis, participou nesta sexta-feira (25), em Bras\u00edlia","og_url":"https:\/\/bahiaeconomica.com.br\/wp\/2025\/07\/25\/em-brasilia-bruno-reis-participa-de-lancamento-de-plataforma-da-fnp-para-prevencao-de-desastres-climaticos\/","og_site_name":"Bahia Economica","article_publisher":"https:\/\/www.facebook.com\/bahiaeconomica","article_published_time":"2025-07-25T19:59:18+00:00","article_modified_time":"2025-07-25T18:26:26+00:00","og_image":[{"width":800,"height":532,"url":"https:\/\/bahiaeconomica.com.br\/wp\/wp-content\/uploads\/2025\/07\/Lancamento_plataforma_CASD__Fotos__FNP_Divulgacao4.jpg","type":"image\/jpeg"}],"author":"VICTORIA ISABEL","twitter_card":"summary_large_image","twitter_misc":{"Escrito por":"VICTORIA ISABEL","Est. tempo de leitura":"3 minutos"},"schema":{"@context":"https:\/\/schema.org","@graph":[{"@type":"Article","@id":"https:\/\/bahiaeconomica.com.br\/wp\/2025\/07\/25\/em-brasilia-bruno-reis-participa-de-lancamento-de-plataforma-da-fnp-para-prevencao-de-desastres-climaticos\/#article","isPartOf":{"@id":"https:\/\/bahiaeconomica.com.br\/wp\/2025\/07\/25\/em-brasilia-bruno-reis-participa-de-lancamento-de-plataforma-da-fnp-para-prevencao-de-desastres-climaticos\/"},"author":{"name":"VICTORIA ISABEL","@id":"https:\/\/bahiaeconomica.com.br\/wp\/#\/schema\/person\/b719ce0fb1c09f3c7a00d9243ced4a6f"},"headline":"EM BRAS\u00cdLIA, BRUNO REIS PARTICIPA DE LAN\u00c7AMENTO DE PLATAFORMA DA FNP PARA PREVEN\u00c7\u00c3O DE DESASTRES CLIM\u00c1TICOS","datePublished":"2025-07-25T19:59:18+00:00","dateModified":"2025-07-25T18:26:26+00:00","mainEntityOfPage":{"@id":"https:\/\/bahiaeconomica.com.br\/wp\/2025\/07\/25\/em-brasilia-bruno-reis-participa-de-lancamento-de-plataforma-da-fnp-para-prevencao-de-desastres-climaticos\/"},"wordCount":626,"publisher":{"@id":"https:\/\/bahiaeconomica.com.br\/wp\/#organization"},"keywords":["Bras\u00edlia","Bruno Reis"],"articleSection":["DESTAQUE DO DIA","MUNIC\u00cdPIOS"],"inLanguage":"pt-BR"},{"@type":"WebPage","@id":"https:\/\/bahiaeconomica.com.br\/wp\/2025\/07\/25\/em-brasilia-bruno-reis-participa-de-lancamento-de-plataforma-da-fnp-para-prevencao-de-desastres-climaticos\/","url":"https:\/\/bahiaeconomica.com.br\/wp\/2025\/07\/25\/em-brasilia-bruno-reis-participa-de-lancamento-de-plataforma-da-fnp-para-prevencao-de-desastres-climaticos\/","name":"EM BRAS\u00cdLIA, BRUNO REIS PARTICIPA DE LAN\u00c7AMENTO DE PLATAFORMA DA FNP PARA PREVEN\u00c7\u00c3O DE DESASTRES CLIM\u00c1TICOS - Bahia Economica","isPartOf":{"@id":"https:\/\/bahiaeconomica.com.br\/wp\/#website"},"datePublished":"2025-07-25T19:59:18+00:00","dateModified":"2025-07-25T18:26:26+00:00","description":"O maior portal de Economia da Bahia DESTAQUE DO DIA, MUNIC\u00cdPIOS Bahia Economica O prefeito de Salvador, Bruno Reis, participou nesta sexta-feira (25), em Bras\u00edlia","breadcrumb":{"@id":"https:\/\/bahiaeconomica.com.br\/wp\/2025\/07\/25\/em-brasilia-bruno-reis-participa-de-lancamento-de-plataforma-da-fnp-para-prevencao-de-desastres-climaticos\/#breadcrumb"},"inLanguage":"pt-BR","potentialAction":[{"@type":"ReadAction","target":["https:\/\/bahiaeconomica.com.br\/wp\/2025\/07\/25\/em-brasilia-bruno-reis-participa-de-lancamento-de-plataforma-da-fnp-para-prevencao-de-desastres-climaticos\/"]}]},{"@type":"BreadcrumbList","@id":"https:\/\/bahiaeconomica.com.br\/wp\/2025\/07\/25\/em-brasilia-bruno-reis-participa-de-lancamento-de-plataforma-da-fnp-para-prevencao-de-desastres-climaticos\/#breadcrumb","itemListElement":[{"@type":"ListItem","position":1,"name":"In\u00edcio","item":"https:\/\/bahiaeconomica.com.br\/wp\/"},{"@type":"ListItem","position":2,"name":"EM BRAS\u00cdLIA, BRUNO REIS PARTICIPA DE LAN\u00c7AMENTO DE PLATAFORMA DA FNP PARA PREVEN\u00c7\u00c3O DE DESASTRES CLIM\u00c1TICOS"}]},{"@type":"WebSite","@id":"https:\/\/bahiaeconomica.com.br\/wp\/#website","url":"https:\/\/bahiaeconomica.com.br\/wp\/","name":"Bahia Economica","description":"O maior portal de Economia da Bahia","publisher":{"@id":"https:\/\/bahiaeconomica.com.br\/wp\/#organization"},"potentialAction":[{"@type":"SearchAction","target":{"@type":"EntryPoint","urlTemplate":"https:\/\/bahiaeconomica.com.br\/wp\/?s={search_term_string}"},"query-input":"required name=search_term_string"}],"inLanguage":"pt-BR"},{"@type":"Organization","@id":"https:\/\/bahiaeconomica.com.br\/wp\/#organization","name":"Bahia Econ\u00f4mica","url":"https:\/\/bahiaeconomica.com.br\/wp\/","logo":{"@type":"ImageObject","inLanguage":"pt-BR","@id":"https:\/\/bahiaeconomica.com.br\/wp\/#\/schema\/logo\/image\/","url":"https:\/\/bahiaeconomica.com.br\/wp\/wp-content\/uploads\/2020\/12\/cropped-BE.png","contentUrl":"https:\/\/bahiaeconomica.com.br\/wp\/wp-content\/uploads\/2020\/12\/cropped-BE.png","width":512,"height":512,"caption":"Bahia Econ\u00f4mica"},"image":{"@id":"https:\/\/bahiaeconomica.com.br\/wp\/#\/schema\/logo\/image\/"},"sameAs":["https:\/\/www.facebook.com\/bahiaeconomica"]},{"@type":"Person","@id":"https:\/\/bahiaeconomica.com.br\/wp\/#\/schema\/person\/b719ce0fb1c09f3c7a00d9243ced4a6f","name":"VICTORIA ISABEL","sameAs":["http:\/\/www.bahiaeconomica.com.br"],"url":"https:\/\/bahiaeconomica.com.br\/wp\/author\/victoria-isabel\/"}]}},"views":9,"_links":{"self":[{"href":"https:\/\/bahiaeconomica.com.br\/wp\/wp-json\/wp\/v2\/posts\/920770"}],"collection":[{"href":"https:\/\/bahiaeconomica.com.br\/wp\/wp-json\/wp\/v2\/posts"}],"about":[{"href":"https:\/\/bahiaeconomica.com.br\/wp\/wp-json\/wp\/v2\/types\/post"}],"author":[{"embeddable":true,"href":"https:\/\/bahiaeconomica.com.br\/wp\/wp-json\/wp\/v2\/users\/15"}],"replies":[{"embeddable":true,"href":"https:\/\/bahiaeconomica.com.br\/wp\/wp-json\/wp\/v2\/comments?post=920770"}],"version-history":[{"count":1,"href":"https:\/\/bahiaeconomica.com.br\/wp\/wp-json\/wp\/v2\/posts\/920770\/revisions"}],"predecessor-version":[{"id":920774,"href":"https:\/\/bahiaeconomica.com.br\/wp\/wp-json\/wp\/v2\/posts\/920770\/revisions\/920774"}],"wp:featuredmedia":[{"embeddable":true,"href":"https:\/\/bahiaeconomica.com.br\/wp\/wp-json\/wp\/v2\/media\/920773"}],"wp:attachment":[{"href":"https:\/\/bahiaeconomica.com.br\/wp\/wp-json\/wp\/v2\/media?parent=920770"}],"wp:term":[{"taxonomy":"category","embeddable":true,"href":"https:\/\/bahiaeconomica.com.br\/wp\/wp-json\/wp\/v2\/categories?post=920770"},{"taxonomy":"post_tag","embeddable":true,"href":"https:\/\/bahiaeconomica.com.br\/wp\/wp-json\/wp\/v2\/tags?post=920770"}],"curies":[{"name":"wp","href":"https:\/\/api.w.org\/{rel}","templated":true}]}}