{"id":920411,"date":"2025-07-24T14:24:13","date_gmt":"2025-07-24T17:24:13","guid":{"rendered":"https:\/\/bahiaeconomica.com.br\/wp\/?p=920411"},"modified":"2025-07-24T14:24:13","modified_gmt":"2025-07-24T17:24:13","slug":"fim-de-semana-no-pelourinho-tem-celebracao-shows-e-aulas-de-danca-nos-principais-largos","status":"publish","type":"post","link":"https:\/\/bahiaeconomica.com.br\/wp\/2025\/07\/24\/fim-de-semana-no-pelourinho-tem-celebracao-shows-e-aulas-de-danca-nos-principais-largos\/","title":{"rendered":"FIM DE SEMANA NO PELOURINHO TEM CELEBRA\u00c7\u00c3O, SHOWS E AULAS DE DAN\u00c7A NOS PRINCIPAIS LARGOS"},"content":{"rendered":"<div>O Pelourinho ser\u00e1 palco de uma maratona de shows, oficinas e rodas culturais neste fim de semana. De sexta (25) a segunda-feira (28), a programa\u00e7\u00e3o ocupa os largos Tereza Batista, Pedro Archanjo e Quincas Berro D&#8217;\u00c1gua com atra\u00e7\u00f5es gratuitas e para todos os p\u00fablicos \u2014 com exce\u00e7\u00e3o do show comemorativo dos 10 anos do Maracatu Ventos de Ouro, que ter\u00e1 ingressos vendidos no Sympla. A agenda \u00e9 promovida pela Secretaria de Cultura da Bahia, por meio do Centro de Culturas Populares e Identit\u00e1rias (CCPI).<\/div>\n<div><\/div>\n<div>As atividades come\u00e7am na sexta-feira com uma celebra\u00e7\u00e3o ao Dia da Mulher Negra Latino-Americana e Caribenha, no Largo Tereza Batista, seguida de apresenta\u00e7\u00f5es musicais com Igor Serravalle, M\u00e1rcia Freire e o Festival da Melhor Idade, com grupos como Sambadeiras do Candeal e Jorge Fogueir\u00e3o. No s\u00e1bado, o destaque \u00e9 a Noite Cultural do Maracatu Ventos de Ouro, que contar\u00e1 com participa\u00e7\u00f5es especiais como a artista ind\u00edgena In\u00e1 Tupinamb\u00e1 e o Mestre Tet\u00e9.<\/div>\n<div><\/div>\n<div>No domingo, o samba toma conta do Pel\u00f4 com a Roda de Samba do LPA, com Bira e Rog\u00e9rio Sacerdote, e o show &#8220;Samba da Bahia&#8221;, com Fl\u00e1via Marques. A programa\u00e7\u00e3o se encerra na segunda-feira com um aul\u00e3o gratuito de dancehall, comandado pela professora Dricca Bispo, no Largo Quincas Berro D&#8217;\u00c1gua.<\/div>\n<div><\/div>\n<div><b>PROGRAMA\u00c7\u00c3O CULTURAL DO PELOURINHO<\/b><\/div>\n<div><i>25 A 28 DE JULHO DE 2025<\/i><\/div>\n<div><\/div>\n<div><b>SEXTA-FEIRA (25\/07)<\/b><\/div>\n<div><\/div>\n<div>&#8211; LARGO TEREZA BATISTA<\/div>\n<div><\/div>\n<div>Atra\u00e7\u00e3o: Dia da Mulher Negra Latina Caribenha<\/div>\n<div>O Centro de Forma\u00e7\u00e3o em Artes (CFA) e a Escola de Dan\u00e7a da Funda\u00e7\u00e3o Cultural do Estado da Bahia (Funceb) promovem uma manh\u00e3 de atividades, como aula de dan\u00e7a afro, palestra e apresenta\u00e7\u00f5es art\u00edsticas, com Tati Campelo (professora de dan\u00e7a), V\u00e2nia Oliveira (pesquisadora) e Lorena Bispo (artista e atual Deusa do \u00c9bano).<\/div>\n<div>9h<\/div>\n<div>Gratuito<\/div>\n<div><\/div>\n<div>Atra\u00e7\u00e3o: Igor Serravalle em &#8220;Resenha&#8221;<\/div>\n<div>O cantor promete animar o Largo Tereza Batista com um repert\u00f3rio dan\u00e7ante, marcado por releituras de can\u00e7\u00f5es da ax\u00e9 music.<\/div>\n<div>18h<\/div>\n<div>Gratuito<\/div>\n<div><\/div>\n<div>&#8211; LARGO PEDRO ARCHANJO<\/div>\n<div><\/div>\n<div>Atra\u00e7\u00e3o: M\u00e1rcia Freire em &#8220;Minha Hist\u00f3ria&#8221;<\/div>\n<div>O Furac\u00e3o Loiro volta ao Pelourinho com um show especial, marcado por can\u00e7\u00f5es &#8220;lado B&#8221; da carreira da artista. A abertura ficar\u00e1 por conta de DJ Preta.<\/div>\n<div>19h<\/div>\n<div>Gratuito<\/div>\n<div><\/div>\n<div>&#8211; LARGO QUINCAS BERRO D&#8217;\u00c1GUA<\/div>\n<div><\/div>\n<div>Atra\u00e7\u00e3o: Sambadeiras do Candeal, Dinho Comunidade, Jorge Fogueir\u00e3o e Omo Ob\u00e1 em &#8220;Festival da Melhor Idade: Vem Sambar!&#8221;<\/div>\n<div>Os grupos promovem um arrast\u00e3o saindo do Terreiro de Jesus em dire\u00e7\u00e3o ao Largo Quincas Berro D&#8217;\u00c1gua, onde os grupos promovem uma grande roda de samba.<\/div>\n<div>18h30<\/div>\n<div>Gratuito<\/div>\n<div><\/div>\n<div><b>S\u00c1BADO (26\/07)<\/b><\/div>\n<div><\/div>\n<div>&#8211; LARGO TEREZA BATISTA<\/div>\n<div><\/div>\n<div>Atra\u00e7\u00e3o: Maracatu Ventos de Ouro em &#8220;Noite Cultural&#8221;<\/div>\n<div>O grupo comemora 10 anos de atividades com um show especial, que vai contar com as participa\u00e7\u00f5es de Banda Cabokaji, In\u00e1 Tupinamb\u00e1 \u2013 artista ind\u00edgena do povo Tupinamb\u00e1 e Mestre Tet\u00e9.<\/div>\n<div>20h<\/div>\n<div>Ingressos: R$ 30\/ R$15 no Sympla https:\/\/www.sympla.com.br\/evento\/noite-cultural-maracatu-ventos-de-ouro-10-anos\/3013841?referrer=linktr.ee<\/div>\n<div><\/div>\n<div><b>DOMINGO (27\/07)<\/b><\/div>\n<div><\/div>\n<div>&#8211; LARGO PEDRO ARCHANJO<\/div>\n<div><\/div>\n<div>Atra\u00e7\u00e3o: Bira e Rog\u00e9rio Sacerdote em &#8220;Roda de Samba do LPA&#8221;<\/div>\n<div>Os cantores Bira, da banda Negros de F\u00e9, e Rog\u00e9rio Sacerdote, do grupo bambeia, se re\u00fanem para promover uma animada roda de samba.<\/div>\n<div>14h<\/div>\n<div>Gratuito<\/div>\n<div><\/div>\n<div>&#8211; LARGO QUINCAS BERRO D&#8217;\u00c1GUA<\/div>\n<div><\/div>\n<div>Atra\u00e7\u00e3o: Fl\u00e1via Marques em &#8220;Samba da Bahia&#8221;<\/div>\n<div>A cantora apresenta um repert\u00f3rio especial com o melhor do samba de compositores baianos.<\/div>\n<div>17h<\/div>\n<div>Gratuito<\/div>\n<div><\/div>\n<div><b>SEGUNDA-FEIRA (28\/07)<\/b><\/div>\n<div><\/div>\n<div>&#8211; LARGO QUINCAS BERRO D&#8217;\u00c1GUA<\/div>\n<div><\/div>\n<div>Atra\u00e7\u00e3o: Aul\u00e3o Dancehall<\/div>\n<div>A Funda\u00e7\u00e3o Cultural do Estado da Bahia, por meio do Centro de Forma\u00e7\u00e3o em Artes, promove mais uma edi\u00e7\u00e3o das aulas p\u00fablicas. Desta vez, o ritmo contemplado \u00e9 o Dancehall, com a professora Dricca Bispo.<\/div>\n<div>18h<\/div>\n<div>Gratuito<\/div>\n<div><\/div>\n<div>Foto: Divulga\u00e7\u00e3o<\/div>\n","protected":false},"excerpt":{"rendered":"<p>O Pelourinho ser\u00e1 palco de uma maratona de shows, oficinas e rodas culturais neste fim de semana. De sexta (25) a segunda-feira (28), a programa\u00e7\u00e3o ocupa os largos Tereza Batista, Pedro Archanjo e Quincas Berro D&#8217;\u00c1gua com atra\u00e7\u00f5es gratuitas e para todos os p\u00fablicos \u2014 com exce\u00e7\u00e3o do show comemorativo dos 10 anos do Maracatu [&hellip;]<\/p>\n","protected":false},"author":24,"featured_media":920412,"comment_status":"closed","ping_status":"closed","sticky":false,"template":"","format":"standard","meta":[],"categories":[689,5],"tags":[7901,1183,6514],"acf":[],"yoast_head":"<!-- This site is optimized with the Yoast SEO plugin v20.8 - https:\/\/yoast.com\/wordpress\/plugins\/seo\/ -->\n<title>FIM DE SEMANA NO PELOURINHO TEM CELEBRA\u00c7\u00c3O, SHOWS E AULAS DE DAN\u00c7A NOS PRINCIPAIS LARGOS - Bahia Economica O Pelourinho ser\u00e1 palco de uma maratona de shows, oficinas e rodas culturais neste fim de semana.<\/title>\n<meta name=\"description\" content=\"O maior portal de Economia da Bahia CULTURA E ARTE, MUNIC\u00cdPIOS Bahia Economica O Pelourinho ser\u00e1 palco de uma maratona de shows, oficinas e rodas culturais neste fim de semana.\" \/>\n<meta name=\"robots\" content=\"index, follow, max-snippet:-1, max-image-preview:large, max-video-preview:-1\" \/>\n<link rel=\"canonical\" href=\"https:\/\/bahiaeconomica.com.br\/wp\/2025\/07\/24\/fim-de-semana-no-pelourinho-tem-celebracao-shows-e-aulas-de-danca-nos-principais-largos\/\" \/>\n<meta property=\"og:locale\" content=\"pt_BR\" \/>\n<meta property=\"og:type\" content=\"article\" \/>\n<meta property=\"og:title\" content=\"FIM DE SEMANA NO PELOURINHO TEM CELEBRA\u00c7\u00c3O, SHOWS E AULAS DE DAN\u00c7A NOS PRINCIPAIS LARGOS - Bahia Economica O Pelourinho ser\u00e1 palco de uma maratona de shows, oficinas e rodas culturais neste fim de semana.\" \/>\n<meta property=\"og:description\" content=\"O maior portal de Economia da Bahia CULTURA E ARTE, MUNIC\u00cdPIOS Bahia Economica O Pelourinho ser\u00e1 palco de uma maratona de shows, oficinas e rodas culturais neste fim de semana.\" \/>\n<meta property=\"og:url\" content=\"https:\/\/bahiaeconomica.com.br\/wp\/2025\/07\/24\/fim-de-semana-no-pelourinho-tem-celebracao-shows-e-aulas-de-danca-nos-principais-largos\/\" \/>\n<meta property=\"og:site_name\" content=\"Bahia Economica\" \/>\n<meta property=\"article:publisher\" content=\"https:\/\/www.facebook.com\/bahiaeconomica\" \/>\n<meta property=\"article:published_time\" content=\"2025-07-24T17:24:13+00:00\" \/>\n<meta property=\"og:image\" content=\"https:\/\/bahiaeconomica.com.br\/wp\/wp-content\/uploads\/2025\/07\/image-4.png\" \/>\n\t<meta property=\"og:image:width\" content=\"1140\" \/>\n\t<meta property=\"og:image:height\" content=\"350\" \/>\n\t<meta property=\"og:image:type\" content=\"image\/png\" \/>\n<meta name=\"author\" content=\"VICTOR OLIVEIRA\" \/>\n<meta name=\"twitter:card\" content=\"summary_large_image\" \/>\n<meta name=\"twitter:label1\" content=\"Escrito por\" \/>\n\t<meta name=\"twitter:data1\" content=\"VICTOR OLIVEIRA\" \/>\n\t<meta name=\"twitter:label2\" content=\"Est. tempo de leitura\" \/>\n\t<meta name=\"twitter:data2\" content=\"4 minutos\" \/>\n<script type=\"application\/ld+json\" class=\"yoast-schema-graph\">{\"@context\":\"https:\/\/schema.org\",\"@graph\":[{\"@type\":\"Article\",\"@id\":\"https:\/\/bahiaeconomica.com.br\/wp\/2025\/07\/24\/fim-de-semana-no-pelourinho-tem-celebracao-shows-e-aulas-de-danca-nos-principais-largos\/#article\",\"isPartOf\":{\"@id\":\"https:\/\/bahiaeconomica.com.br\/wp\/2025\/07\/24\/fim-de-semana-no-pelourinho-tem-celebracao-shows-e-aulas-de-danca-nos-principais-largos\/\"},\"author\":{\"name\":\"VICTOR OLIVEIRA\",\"@id\":\"https:\/\/bahiaeconomica.com.br\/wp\/#\/schema\/person\/a17956d0e1112b626f403fb06b8129a9\"},\"headline\":\"FIM DE SEMANA NO PELOURINHO TEM CELEBRA\u00c7\u00c3O, SHOWS E AULAS DE DAN\u00c7A NOS PRINCIPAIS LARGOS\",\"datePublished\":\"2025-07-24T17:24:13+00:00\",\"dateModified\":\"2025-07-24T17:24:13+00:00\",\"mainEntityOfPage\":{\"@id\":\"https:\/\/bahiaeconomica.com.br\/wp\/2025\/07\/24\/fim-de-semana-no-pelourinho-tem-celebracao-shows-e-aulas-de-danca-nos-principais-largos\/\"},\"wordCount\":648,\"publisher\":{\"@id\":\"https:\/\/bahiaeconomica.com.br\/wp\/#organization\"},\"keywords\":[\"final de semana\",\"pelourinho\",\"shows\"],\"articleSection\":[\"CULTURA E ARTE\",\"MUNIC\u00cdPIOS\"],\"inLanguage\":\"pt-BR\"},{\"@type\":\"WebPage\",\"@id\":\"https:\/\/bahiaeconomica.com.br\/wp\/2025\/07\/24\/fim-de-semana-no-pelourinho-tem-celebracao-shows-e-aulas-de-danca-nos-principais-largos\/\",\"url\":\"https:\/\/bahiaeconomica.com.br\/wp\/2025\/07\/24\/fim-de-semana-no-pelourinho-tem-celebracao-shows-e-aulas-de-danca-nos-principais-largos\/\",\"name\":\"FIM DE SEMANA NO PELOURINHO TEM CELEBRA\u00c7\u00c3O, SHOWS E AULAS DE DAN\u00c7A NOS PRINCIPAIS LARGOS - Bahia Economica O Pelourinho ser\u00e1 palco de uma maratona de shows, oficinas e rodas culturais neste fim de semana.\",\"isPartOf\":{\"@id\":\"https:\/\/bahiaeconomica.com.br\/wp\/#website\"},\"datePublished\":\"2025-07-24T17:24:13+00:00\",\"dateModified\":\"2025-07-24T17:24:13+00:00\",\"description\":\"O maior portal de Economia da Bahia CULTURA E ARTE, MUNIC\u00cdPIOS Bahia Economica O Pelourinho ser\u00e1 palco de uma maratona de shows, oficinas e rodas culturais neste fim de semana.\",\"breadcrumb\":{\"@id\":\"https:\/\/bahiaeconomica.com.br\/wp\/2025\/07\/24\/fim-de-semana-no-pelourinho-tem-celebracao-shows-e-aulas-de-danca-nos-principais-largos\/#breadcrumb\"},\"inLanguage\":\"pt-BR\",\"potentialAction\":[{\"@type\":\"ReadAction\",\"target\":[\"https:\/\/bahiaeconomica.com.br\/wp\/2025\/07\/24\/fim-de-semana-no-pelourinho-tem-celebracao-shows-e-aulas-de-danca-nos-principais-largos\/\"]}]},{\"@type\":\"BreadcrumbList\",\"@id\":\"https:\/\/bahiaeconomica.com.br\/wp\/2025\/07\/24\/fim-de-semana-no-pelourinho-tem-celebracao-shows-e-aulas-de-danca-nos-principais-largos\/#breadcrumb\",\"itemListElement\":[{\"@type\":\"ListItem\",\"position\":1,\"name\":\"In\u00edcio\",\"item\":\"https:\/\/bahiaeconomica.com.br\/wp\/\"},{\"@type\":\"ListItem\",\"position\":2,\"name\":\"FIM DE SEMANA NO PELOURINHO TEM CELEBRA\u00c7\u00c3O, SHOWS E AULAS DE DAN\u00c7A NOS PRINCIPAIS LARGOS\"}]},{\"@type\":\"WebSite\",\"@id\":\"https:\/\/bahiaeconomica.com.br\/wp\/#website\",\"url\":\"https:\/\/bahiaeconomica.com.br\/wp\/\",\"name\":\"Bahia Economica\",\"description\":\"O maior portal de Economia da Bahia\",\"publisher\":{\"@id\":\"https:\/\/bahiaeconomica.com.br\/wp\/#organization\"},\"potentialAction\":[{\"@type\":\"SearchAction\",\"target\":{\"@type\":\"EntryPoint\",\"urlTemplate\":\"https:\/\/bahiaeconomica.com.br\/wp\/?s={search_term_string}\"},\"query-input\":\"required name=search_term_string\"}],\"inLanguage\":\"pt-BR\"},{\"@type\":\"Organization\",\"@id\":\"https:\/\/bahiaeconomica.com.br\/wp\/#organization\",\"name\":\"Bahia Econ\u00f4mica\",\"url\":\"https:\/\/bahiaeconomica.com.br\/wp\/\",\"logo\":{\"@type\":\"ImageObject\",\"inLanguage\":\"pt-BR\",\"@id\":\"https:\/\/bahiaeconomica.com.br\/wp\/#\/schema\/logo\/image\/\",\"url\":\"https:\/\/bahiaeconomica.com.br\/wp\/wp-content\/uploads\/2020\/12\/cropped-BE.png\",\"contentUrl\":\"https:\/\/bahiaeconomica.com.br\/wp\/wp-content\/uploads\/2020\/12\/cropped-BE.png\",\"width\":512,\"height\":512,\"caption\":\"Bahia Econ\u00f4mica\"},\"image\":{\"@id\":\"https:\/\/bahiaeconomica.com.br\/wp\/#\/schema\/logo\/image\/\"},\"sameAs\":[\"https:\/\/www.facebook.com\/bahiaeconomica\"]},{\"@type\":\"Person\",\"@id\":\"https:\/\/bahiaeconomica.com.br\/wp\/#\/schema\/person\/a17956d0e1112b626f403fb06b8129a9\",\"name\":\"VICTOR OLIVEIRA\",\"sameAs\":[\"http:\/\/www.bahiaeconomica.com.br\"],\"url\":\"https:\/\/bahiaeconomica.com.br\/wp\/author\/victor-oliveira\/\"}]}<\/script>\n<!-- \/ Yoast SEO plugin. -->","yoast_head_json":{"title":"FIM DE SEMANA NO PELOURINHO TEM CELEBRA\u00c7\u00c3O, SHOWS E AULAS DE DAN\u00c7A NOS PRINCIPAIS LARGOS - Bahia Economica O Pelourinho ser\u00e1 palco de uma maratona de shows, oficinas e rodas culturais neste fim de semana.","description":"O maior portal de Economia da Bahia CULTURA E ARTE, MUNIC\u00cdPIOS Bahia Economica O Pelourinho ser\u00e1 palco de uma maratona de shows, oficinas e rodas culturais neste fim de semana.","robots":{"index":"index","follow":"follow","max-snippet":"max-snippet:-1","max-image-preview":"max-image-preview:large","max-video-preview":"max-video-preview:-1"},"canonical":"https:\/\/bahiaeconomica.com.br\/wp\/2025\/07\/24\/fim-de-semana-no-pelourinho-tem-celebracao-shows-e-aulas-de-danca-nos-principais-largos\/","og_locale":"pt_BR","og_type":"article","og_title":"FIM DE SEMANA NO PELOURINHO TEM CELEBRA\u00c7\u00c3O, SHOWS E AULAS DE DAN\u00c7A NOS PRINCIPAIS LARGOS - Bahia Economica O Pelourinho ser\u00e1 palco de uma maratona de shows, oficinas e rodas culturais neste fim de semana.","og_description":"O maior portal de Economia da Bahia CULTURA E ARTE, MUNIC\u00cdPIOS Bahia Economica O Pelourinho ser\u00e1 palco de uma maratona de shows, oficinas e rodas culturais neste fim de semana.","og_url":"https:\/\/bahiaeconomica.com.br\/wp\/2025\/07\/24\/fim-de-semana-no-pelourinho-tem-celebracao-shows-e-aulas-de-danca-nos-principais-largos\/","og_site_name":"Bahia Economica","article_publisher":"https:\/\/www.facebook.com\/bahiaeconomica","article_published_time":"2025-07-24T17:24:13+00:00","og_image":[{"width":1140,"height":350,"url":"https:\/\/bahiaeconomica.com.br\/wp\/wp-content\/uploads\/2025\/07\/image-4.png","type":"image\/png"}],"author":"VICTOR OLIVEIRA","twitter_card":"summary_large_image","twitter_misc":{"Escrito por":"VICTOR OLIVEIRA","Est. tempo de leitura":"4 minutos"},"schema":{"@context":"https:\/\/schema.org","@graph":[{"@type":"Article","@id":"https:\/\/bahiaeconomica.com.br\/wp\/2025\/07\/24\/fim-de-semana-no-pelourinho-tem-celebracao-shows-e-aulas-de-danca-nos-principais-largos\/#article","isPartOf":{"@id":"https:\/\/bahiaeconomica.com.br\/wp\/2025\/07\/24\/fim-de-semana-no-pelourinho-tem-celebracao-shows-e-aulas-de-danca-nos-principais-largos\/"},"author":{"name":"VICTOR OLIVEIRA","@id":"https:\/\/bahiaeconomica.com.br\/wp\/#\/schema\/person\/a17956d0e1112b626f403fb06b8129a9"},"headline":"FIM DE SEMANA NO PELOURINHO TEM CELEBRA\u00c7\u00c3O, SHOWS E AULAS DE DAN\u00c7A NOS PRINCIPAIS LARGOS","datePublished":"2025-07-24T17:24:13+00:00","dateModified":"2025-07-24T17:24:13+00:00","mainEntityOfPage":{"@id":"https:\/\/bahiaeconomica.com.br\/wp\/2025\/07\/24\/fim-de-semana-no-pelourinho-tem-celebracao-shows-e-aulas-de-danca-nos-principais-largos\/"},"wordCount":648,"publisher":{"@id":"https:\/\/bahiaeconomica.com.br\/wp\/#organization"},"keywords":["final de semana","pelourinho","shows"],"articleSection":["CULTURA E ARTE","MUNIC\u00cdPIOS"],"inLanguage":"pt-BR"},{"@type":"WebPage","@id":"https:\/\/bahiaeconomica.com.br\/wp\/2025\/07\/24\/fim-de-semana-no-pelourinho-tem-celebracao-shows-e-aulas-de-danca-nos-principais-largos\/","url":"https:\/\/bahiaeconomica.com.br\/wp\/2025\/07\/24\/fim-de-semana-no-pelourinho-tem-celebracao-shows-e-aulas-de-danca-nos-principais-largos\/","name":"FIM DE SEMANA NO PELOURINHO TEM CELEBRA\u00c7\u00c3O, SHOWS E AULAS DE DAN\u00c7A NOS PRINCIPAIS LARGOS - Bahia Economica O Pelourinho ser\u00e1 palco de uma maratona de shows, oficinas e rodas culturais neste fim de semana.","isPartOf":{"@id":"https:\/\/bahiaeconomica.com.br\/wp\/#website"},"datePublished":"2025-07-24T17:24:13+00:00","dateModified":"2025-07-24T17:24:13+00:00","description":"O maior portal de Economia da Bahia CULTURA E ARTE, MUNIC\u00cdPIOS Bahia Economica O Pelourinho ser\u00e1 palco de uma maratona de shows, oficinas e rodas culturais neste fim de semana.","breadcrumb":{"@id":"https:\/\/bahiaeconomica.com.br\/wp\/2025\/07\/24\/fim-de-semana-no-pelourinho-tem-celebracao-shows-e-aulas-de-danca-nos-principais-largos\/#breadcrumb"},"inLanguage":"pt-BR","potentialAction":[{"@type":"ReadAction","target":["https:\/\/bahiaeconomica.com.br\/wp\/2025\/07\/24\/fim-de-semana-no-pelourinho-tem-celebracao-shows-e-aulas-de-danca-nos-principais-largos\/"]}]},{"@type":"BreadcrumbList","@id":"https:\/\/bahiaeconomica.com.br\/wp\/2025\/07\/24\/fim-de-semana-no-pelourinho-tem-celebracao-shows-e-aulas-de-danca-nos-principais-largos\/#breadcrumb","itemListElement":[{"@type":"ListItem","position":1,"name":"In\u00edcio","item":"https:\/\/bahiaeconomica.com.br\/wp\/"},{"@type":"ListItem","position":2,"name":"FIM DE SEMANA NO PELOURINHO TEM CELEBRA\u00c7\u00c3O, SHOWS E AULAS DE DAN\u00c7A NOS PRINCIPAIS LARGOS"}]},{"@type":"WebSite","@id":"https:\/\/bahiaeconomica.com.br\/wp\/#website","url":"https:\/\/bahiaeconomica.com.br\/wp\/","name":"Bahia Economica","description":"O maior portal de Economia da Bahia","publisher":{"@id":"https:\/\/bahiaeconomica.com.br\/wp\/#organization"},"potentialAction":[{"@type":"SearchAction","target":{"@type":"EntryPoint","urlTemplate":"https:\/\/bahiaeconomica.com.br\/wp\/?s={search_term_string}"},"query-input":"required name=search_term_string"}],"inLanguage":"pt-BR"},{"@type":"Organization","@id":"https:\/\/bahiaeconomica.com.br\/wp\/#organization","name":"Bahia Econ\u00f4mica","url":"https:\/\/bahiaeconomica.com.br\/wp\/","logo":{"@type":"ImageObject","inLanguage":"pt-BR","@id":"https:\/\/bahiaeconomica.com.br\/wp\/#\/schema\/logo\/image\/","url":"https:\/\/bahiaeconomica.com.br\/wp\/wp-content\/uploads\/2020\/12\/cropped-BE.png","contentUrl":"https:\/\/bahiaeconomica.com.br\/wp\/wp-content\/uploads\/2020\/12\/cropped-BE.png","width":512,"height":512,"caption":"Bahia Econ\u00f4mica"},"image":{"@id":"https:\/\/bahiaeconomica.com.br\/wp\/#\/schema\/logo\/image\/"},"sameAs":["https:\/\/www.facebook.com\/bahiaeconomica"]},{"@type":"Person","@id":"https:\/\/bahiaeconomica.com.br\/wp\/#\/schema\/person\/a17956d0e1112b626f403fb06b8129a9","name":"VICTOR OLIVEIRA","sameAs":["http:\/\/www.bahiaeconomica.com.br"],"url":"https:\/\/bahiaeconomica.com.br\/wp\/author\/victor-oliveira\/"}]}},"views":7,"_links":{"self":[{"href":"https:\/\/bahiaeconomica.com.br\/wp\/wp-json\/wp\/v2\/posts\/920411"}],"collection":[{"href":"https:\/\/bahiaeconomica.com.br\/wp\/wp-json\/wp\/v2\/posts"}],"about":[{"href":"https:\/\/bahiaeconomica.com.br\/wp\/wp-json\/wp\/v2\/types\/post"}],"author":[{"embeddable":true,"href":"https:\/\/bahiaeconomica.com.br\/wp\/wp-json\/wp\/v2\/users\/24"}],"replies":[{"embeddable":true,"href":"https:\/\/bahiaeconomica.com.br\/wp\/wp-json\/wp\/v2\/comments?post=920411"}],"version-history":[{"count":1,"href":"https:\/\/bahiaeconomica.com.br\/wp\/wp-json\/wp\/v2\/posts\/920411\/revisions"}],"predecessor-version":[{"id":920413,"href":"https:\/\/bahiaeconomica.com.br\/wp\/wp-json\/wp\/v2\/posts\/920411\/revisions\/920413"}],"wp:featuredmedia":[{"embeddable":true,"href":"https:\/\/bahiaeconomica.com.br\/wp\/wp-json\/wp\/v2\/media\/920412"}],"wp:attachment":[{"href":"https:\/\/bahiaeconomica.com.br\/wp\/wp-json\/wp\/v2\/media?parent=920411"}],"wp:term":[{"taxonomy":"category","embeddable":true,"href":"https:\/\/bahiaeconomica.com.br\/wp\/wp-json\/wp\/v2\/categories?post=920411"},{"taxonomy":"post_tag","embeddable":true,"href":"https:\/\/bahiaeconomica.com.br\/wp\/wp-json\/wp\/v2\/tags?post=920411"}],"curies":[{"name":"wp","href":"https:\/\/api.w.org\/{rel}","templated":true}]}}