{"id":920382,"date":"2025-07-24T13:00:35","date_gmt":"2025-07-24T16:00:35","guid":{"rendered":"https:\/\/bahiaeconomica.com.br\/wp\/?p=920382"},"modified":"2025-07-25T07:41:27","modified_gmt":"2025-07-25T10:41:27","slug":"das-20-cidades-mais-violentas-do-pais-10estao-na-bahia-veja-ranking","status":"publish","type":"post","link":"https:\/\/bahiaeconomica.com.br\/wp\/2025\/07\/24\/das-20-cidades-mais-violentas-do-pais-10estao-na-bahia-veja-ranking\/","title":{"rendered":"BAHIA TEM 9 ENTRE AS 20 CIDADES MAIS VIOLENTAS DO PA\u00cdS: VEJA RANKING"},"content":{"rendered":"<p>Com uma taxa de quase 80 mortes violentas intencionais a cada 100 mil habitantes, Maranguape (CE) lidera o ranking das cidades mais violentas do Brasil em 2024, segundo dados do Anu\u00e1rio de Seguran\u00e7a, divulgados nesta quinta-feira (24) pelo F\u00f3rum Brasileiro de Seguran\u00e7a P\u00fablica (FBSP).<\/p>\n<p>A vice-lideran\u00e7a do ranking ficou com Jequi\u00e9 (BA), que teve uma taxa de 77,6. Em seguida v\u00eam Juazeiro (BA), Cama\u00e7ari (BA) e Cabo de Santo Agostinho (PE).<\/p>\n<p>De acordo com o levantamento, 16 das 20 cidades mais violentas do pa\u00eds s\u00e3o do Nordeste, e a Bahia concentra cinco das dez cidades mais violentas.<\/p>\n<p>Para o FBSP, a viol\u00eancia est\u00e1 relacionada a disputas entre fac\u00e7\u00f5es por controle do tr\u00e1fico de drogas.<\/p>\n<p>O ranking leva em conta homic\u00eddios dolosos, latroc\u00ednios, les\u00f5es corporais seguidas de morte e mortes decorrentes de interven\u00e7\u00e3o policial nas cidades com mais de 100 mil habitantes.<\/p>\n<p>&nbsp;<\/p>\n<p>Confira a lista completa abaixo:<\/p>\n<p>&nbsp;<\/p>\n<p><img decoding=\"async\" class=\"aligncenter\" src=\"https:\/\/s2-g1.glbimg.com\/CmlmRbTDEyjzGvP2rU_DVOrjUGk=\/0x0:1200x1955\/984x0\/smart\/filters:strip_icc()\/i.s3.glbimg.com\/v1\/AUTH_59edd422c0c84a879bd37670ae4f538a\/internal_photos\/bs\/2025\/V\/4\/hdi1zySq6x8s3AIi2wVw\/250723-info-ranking-violencia-municipios-2024.jpg\" width=\"485\" height=\"790\" \/><\/p>\n","protected":false},"excerpt":{"rendered":"<p>Com uma taxa de quase 80 mortes violentas intencionais a cada 100 mil habitantes, Maranguape (CE) lidera o ranking das cidades mais violentas do Brasil em 2024, segundo dados do Anu\u00e1rio de Seguran\u00e7a, divulgados nesta quinta-feira (24) pelo F\u00f3rum Brasileiro de Seguran\u00e7a P\u00fablica (FBSP). A vice-lideran\u00e7a do ranking ficou com Jequi\u00e9 (BA), que teve uma [&hellip;]<\/p>\n","protected":false},"author":22,"featured_media":719910,"comment_status":"closed","ping_status":"closed","sticky":false,"template":"","format":"standard","meta":[],"categories":[14,5],"tags":[52,923,2148,184,1673,768],"acf":[],"yoast_head":"<!-- This site is optimized with the Yoast SEO plugin v20.8 - https:\/\/yoast.com\/wordpress\/plugins\/seo\/ -->\n<title>BAHIA TEM 9 ENTRE AS 20 CIDADES MAIS VIOLENTAS DO PA\u00cdS: VEJA RANKING - Bahia Economica<\/title>\n<meta name=\"description\" content=\"O maior portal de Economia da Bahia DESTAQUE DO DIA, MUNIC\u00cdPIOS Bahia Economica\" \/>\n<meta name=\"robots\" content=\"index, follow, max-snippet:-1, max-image-preview:large, max-video-preview:-1\" \/>\n<link rel=\"canonical\" href=\"https:\/\/bahiaeconomica.com.br\/wp\/2025\/07\/24\/das-20-cidades-mais-violentas-do-pais-10estao-na-bahia-veja-ranking\/\" \/>\n<meta property=\"og:locale\" content=\"pt_BR\" \/>\n<meta property=\"og:type\" content=\"article\" \/>\n<meta property=\"og:title\" content=\"BAHIA TEM 9 ENTRE AS 20 CIDADES MAIS VIOLENTAS DO PA\u00cdS: VEJA RANKING - Bahia Economica\" \/>\n<meta property=\"og:description\" content=\"O maior portal de Economia da Bahia DESTAQUE DO DIA, MUNIC\u00cdPIOS Bahia Economica\" \/>\n<meta property=\"og:url\" content=\"https:\/\/bahiaeconomica.com.br\/wp\/2025\/07\/24\/das-20-cidades-mais-violentas-do-pais-10estao-na-bahia-veja-ranking\/\" \/>\n<meta property=\"og:site_name\" content=\"Bahia Economica\" \/>\n<meta property=\"article:publisher\" content=\"https:\/\/www.facebook.com\/bahiaeconomica\" \/>\n<meta property=\"article:published_time\" content=\"2025-07-24T16:00:35+00:00\" \/>\n<meta property=\"article:modified_time\" content=\"2025-07-25T10:41:27+00:00\" \/>\n<meta property=\"og:image\" content=\"https:\/\/bahiaeconomica.com.br\/wp\/wp-content\/uploads\/2023\/03\/csm_bala-violencia_e3cde6e88c770.jpg\" \/>\n\t<meta property=\"og:image:width\" content=\"770\" \/>\n\t<meta property=\"og:image:height\" content=\"474\" \/>\n\t<meta property=\"og:image:type\" content=\"image\/jpeg\" \/>\n<meta name=\"author\" content=\"Matheus Souza\" \/>\n<meta name=\"twitter:card\" content=\"summary_large_image\" \/>\n<meta name=\"twitter:label1\" content=\"Escrito por\" \/>\n\t<meta name=\"twitter:data1\" content=\"Matheus Souza\" \/>\n\t<meta name=\"twitter:label2\" content=\"Est. tempo de leitura\" \/>\n\t<meta name=\"twitter:data2\" content=\"2 minutos\" \/>\n<script type=\"application\/ld+json\" class=\"yoast-schema-graph\">{\"@context\":\"https:\/\/schema.org\",\"@graph\":[{\"@type\":\"Article\",\"@id\":\"https:\/\/bahiaeconomica.com.br\/wp\/2025\/07\/24\/das-20-cidades-mais-violentas-do-pais-10estao-na-bahia-veja-ranking\/#article\",\"isPartOf\":{\"@id\":\"https:\/\/bahiaeconomica.com.br\/wp\/2025\/07\/24\/das-20-cidades-mais-violentas-do-pais-10estao-na-bahia-veja-ranking\/\"},\"author\":{\"name\":\"Matheus Souza\",\"@id\":\"https:\/\/bahiaeconomica.com.br\/wp\/#\/schema\/person\/3304d50cfd32353c7d08c39066638997\"},\"headline\":\"BAHIA TEM 9 ENTRE AS 20 CIDADES MAIS VIOLENTAS DO PA\u00cdS: VEJA RANKING\",\"datePublished\":\"2025-07-24T16:00:35+00:00\",\"dateModified\":\"2025-07-25T10:41:27+00:00\",\"mainEntityOfPage\":{\"@id\":\"https:\/\/bahiaeconomica.com.br\/wp\/2025\/07\/24\/das-20-cidades-mais-violentas-do-pais-10estao-na-bahia-veja-ranking\/\"},\"wordCount\":169,\"publisher\":{\"@id\":\"https:\/\/bahiaeconomica.com.br\/wp\/#organization\"},\"keywords\":[\"Brasil\",\"capitais\",\"cidades\",\"Pesquisa\",\"ranking\",\"viol\u00eancia\"],\"articleSection\":[\"DESTAQUE DO DIA\",\"MUNIC\u00cdPIOS\"],\"inLanguage\":\"pt-BR\"},{\"@type\":\"WebPage\",\"@id\":\"https:\/\/bahiaeconomica.com.br\/wp\/2025\/07\/24\/das-20-cidades-mais-violentas-do-pais-10estao-na-bahia-veja-ranking\/\",\"url\":\"https:\/\/bahiaeconomica.com.br\/wp\/2025\/07\/24\/das-20-cidades-mais-violentas-do-pais-10estao-na-bahia-veja-ranking\/\",\"name\":\"BAHIA TEM 9 ENTRE AS 20 CIDADES MAIS VIOLENTAS DO PA\u00cdS: VEJA RANKING - Bahia Economica\",\"isPartOf\":{\"@id\":\"https:\/\/bahiaeconomica.com.br\/wp\/#website\"},\"datePublished\":\"2025-07-24T16:00:35+00:00\",\"dateModified\":\"2025-07-25T10:41:27+00:00\",\"description\":\"O maior portal de Economia da Bahia DESTAQUE DO DIA, MUNIC\u00cdPIOS Bahia Economica\",\"breadcrumb\":{\"@id\":\"https:\/\/bahiaeconomica.com.br\/wp\/2025\/07\/24\/das-20-cidades-mais-violentas-do-pais-10estao-na-bahia-veja-ranking\/#breadcrumb\"},\"inLanguage\":\"pt-BR\",\"potentialAction\":[{\"@type\":\"ReadAction\",\"target\":[\"https:\/\/bahiaeconomica.com.br\/wp\/2025\/07\/24\/das-20-cidades-mais-violentas-do-pais-10estao-na-bahia-veja-ranking\/\"]}]},{\"@type\":\"BreadcrumbList\",\"@id\":\"https:\/\/bahiaeconomica.com.br\/wp\/2025\/07\/24\/das-20-cidades-mais-violentas-do-pais-10estao-na-bahia-veja-ranking\/#breadcrumb\",\"itemListElement\":[{\"@type\":\"ListItem\",\"position\":1,\"name\":\"In\u00edcio\",\"item\":\"https:\/\/bahiaeconomica.com.br\/wp\/\"},{\"@type\":\"ListItem\",\"position\":2,\"name\":\"BAHIA TEM 9 ENTRE AS 20 CIDADES MAIS VIOLENTAS DO PA\u00cdS: VEJA RANKING\"}]},{\"@type\":\"WebSite\",\"@id\":\"https:\/\/bahiaeconomica.com.br\/wp\/#website\",\"url\":\"https:\/\/bahiaeconomica.com.br\/wp\/\",\"name\":\"Bahia Economica\",\"description\":\"O maior portal de Economia da Bahia\",\"publisher\":{\"@id\":\"https:\/\/bahiaeconomica.com.br\/wp\/#organization\"},\"potentialAction\":[{\"@type\":\"SearchAction\",\"target\":{\"@type\":\"EntryPoint\",\"urlTemplate\":\"https:\/\/bahiaeconomica.com.br\/wp\/?s={search_term_string}\"},\"query-input\":\"required name=search_term_string\"}],\"inLanguage\":\"pt-BR\"},{\"@type\":\"Organization\",\"@id\":\"https:\/\/bahiaeconomica.com.br\/wp\/#organization\",\"name\":\"Bahia Econ\u00f4mica\",\"url\":\"https:\/\/bahiaeconomica.com.br\/wp\/\",\"logo\":{\"@type\":\"ImageObject\",\"inLanguage\":\"pt-BR\",\"@id\":\"https:\/\/bahiaeconomica.com.br\/wp\/#\/schema\/logo\/image\/\",\"url\":\"https:\/\/bahiaeconomica.com.br\/wp\/wp-content\/uploads\/2020\/12\/cropped-BE.png\",\"contentUrl\":\"https:\/\/bahiaeconomica.com.br\/wp\/wp-content\/uploads\/2020\/12\/cropped-BE.png\",\"width\":512,\"height\":512,\"caption\":\"Bahia Econ\u00f4mica\"},\"image\":{\"@id\":\"https:\/\/bahiaeconomica.com.br\/wp\/#\/schema\/logo\/image\/\"},\"sameAs\":[\"https:\/\/www.facebook.com\/bahiaeconomica\"]},{\"@type\":\"Person\",\"@id\":\"https:\/\/bahiaeconomica.com.br\/wp\/#\/schema\/person\/3304d50cfd32353c7d08c39066638997\",\"name\":\"Matheus Souza\",\"sameAs\":[\"http:\/\/www.bahiaeconomica.com.br\"],\"url\":\"https:\/\/bahiaeconomica.com.br\/wp\/author\/matheus-souza\/\"}]}<\/script>\n<!-- \/ Yoast SEO plugin. -->","yoast_head_json":{"title":"BAHIA TEM 9 ENTRE AS 20 CIDADES MAIS VIOLENTAS DO PA\u00cdS: VEJA RANKING - Bahia Economica","description":"O maior portal de Economia da Bahia DESTAQUE DO DIA, MUNIC\u00cdPIOS Bahia Economica","robots":{"index":"index","follow":"follow","max-snippet":"max-snippet:-1","max-image-preview":"max-image-preview:large","max-video-preview":"max-video-preview:-1"},"canonical":"https:\/\/bahiaeconomica.com.br\/wp\/2025\/07\/24\/das-20-cidades-mais-violentas-do-pais-10estao-na-bahia-veja-ranking\/","og_locale":"pt_BR","og_type":"article","og_title":"BAHIA TEM 9 ENTRE AS 20 CIDADES MAIS VIOLENTAS DO PA\u00cdS: VEJA RANKING - Bahia Economica","og_description":"O maior portal de Economia da Bahia DESTAQUE DO DIA, MUNIC\u00cdPIOS Bahia Economica","og_url":"https:\/\/bahiaeconomica.com.br\/wp\/2025\/07\/24\/das-20-cidades-mais-violentas-do-pais-10estao-na-bahia-veja-ranking\/","og_site_name":"Bahia Economica","article_publisher":"https:\/\/www.facebook.com\/bahiaeconomica","article_published_time":"2025-07-24T16:00:35+00:00","article_modified_time":"2025-07-25T10:41:27+00:00","og_image":[{"width":770,"height":474,"url":"https:\/\/bahiaeconomica.com.br\/wp\/wp-content\/uploads\/2023\/03\/csm_bala-violencia_e3cde6e88c770.jpg","type":"image\/jpeg"}],"author":"Matheus Souza","twitter_card":"summary_large_image","twitter_misc":{"Escrito por":"Matheus Souza","Est. tempo de leitura":"2 minutos"},"schema":{"@context":"https:\/\/schema.org","@graph":[{"@type":"Article","@id":"https:\/\/bahiaeconomica.com.br\/wp\/2025\/07\/24\/das-20-cidades-mais-violentas-do-pais-10estao-na-bahia-veja-ranking\/#article","isPartOf":{"@id":"https:\/\/bahiaeconomica.com.br\/wp\/2025\/07\/24\/das-20-cidades-mais-violentas-do-pais-10estao-na-bahia-veja-ranking\/"},"author":{"name":"Matheus Souza","@id":"https:\/\/bahiaeconomica.com.br\/wp\/#\/schema\/person\/3304d50cfd32353c7d08c39066638997"},"headline":"BAHIA TEM 9 ENTRE AS 20 CIDADES MAIS VIOLENTAS DO PA\u00cdS: VEJA RANKING","datePublished":"2025-07-24T16:00:35+00:00","dateModified":"2025-07-25T10:41:27+00:00","mainEntityOfPage":{"@id":"https:\/\/bahiaeconomica.com.br\/wp\/2025\/07\/24\/das-20-cidades-mais-violentas-do-pais-10estao-na-bahia-veja-ranking\/"},"wordCount":169,"publisher":{"@id":"https:\/\/bahiaeconomica.com.br\/wp\/#organization"},"keywords":["Brasil","capitais","cidades","Pesquisa","ranking","viol\u00eancia"],"articleSection":["DESTAQUE DO DIA","MUNIC\u00cdPIOS"],"inLanguage":"pt-BR"},{"@type":"WebPage","@id":"https:\/\/bahiaeconomica.com.br\/wp\/2025\/07\/24\/das-20-cidades-mais-violentas-do-pais-10estao-na-bahia-veja-ranking\/","url":"https:\/\/bahiaeconomica.com.br\/wp\/2025\/07\/24\/das-20-cidades-mais-violentas-do-pais-10estao-na-bahia-veja-ranking\/","name":"BAHIA TEM 9 ENTRE AS 20 CIDADES MAIS VIOLENTAS DO PA\u00cdS: VEJA RANKING - Bahia Economica","isPartOf":{"@id":"https:\/\/bahiaeconomica.com.br\/wp\/#website"},"datePublished":"2025-07-24T16:00:35+00:00","dateModified":"2025-07-25T10:41:27+00:00","description":"O maior portal de Economia da Bahia DESTAQUE DO DIA, MUNIC\u00cdPIOS Bahia Economica","breadcrumb":{"@id":"https:\/\/bahiaeconomica.com.br\/wp\/2025\/07\/24\/das-20-cidades-mais-violentas-do-pais-10estao-na-bahia-veja-ranking\/#breadcrumb"},"inLanguage":"pt-BR","potentialAction":[{"@type":"ReadAction","target":["https:\/\/bahiaeconomica.com.br\/wp\/2025\/07\/24\/das-20-cidades-mais-violentas-do-pais-10estao-na-bahia-veja-ranking\/"]}]},{"@type":"BreadcrumbList","@id":"https:\/\/bahiaeconomica.com.br\/wp\/2025\/07\/24\/das-20-cidades-mais-violentas-do-pais-10estao-na-bahia-veja-ranking\/#breadcrumb","itemListElement":[{"@type":"ListItem","position":1,"name":"In\u00edcio","item":"https:\/\/bahiaeconomica.com.br\/wp\/"},{"@type":"ListItem","position":2,"name":"BAHIA TEM 9 ENTRE AS 20 CIDADES MAIS VIOLENTAS DO PA\u00cdS: VEJA RANKING"}]},{"@type":"WebSite","@id":"https:\/\/bahiaeconomica.com.br\/wp\/#website","url":"https:\/\/bahiaeconomica.com.br\/wp\/","name":"Bahia Economica","description":"O maior portal de Economia da Bahia","publisher":{"@id":"https:\/\/bahiaeconomica.com.br\/wp\/#organization"},"potentialAction":[{"@type":"SearchAction","target":{"@type":"EntryPoint","urlTemplate":"https:\/\/bahiaeconomica.com.br\/wp\/?s={search_term_string}"},"query-input":"required name=search_term_string"}],"inLanguage":"pt-BR"},{"@type":"Organization","@id":"https:\/\/bahiaeconomica.com.br\/wp\/#organization","name":"Bahia Econ\u00f4mica","url":"https:\/\/bahiaeconomica.com.br\/wp\/","logo":{"@type":"ImageObject","inLanguage":"pt-BR","@id":"https:\/\/bahiaeconomica.com.br\/wp\/#\/schema\/logo\/image\/","url":"https:\/\/bahiaeconomica.com.br\/wp\/wp-content\/uploads\/2020\/12\/cropped-BE.png","contentUrl":"https:\/\/bahiaeconomica.com.br\/wp\/wp-content\/uploads\/2020\/12\/cropped-BE.png","width":512,"height":512,"caption":"Bahia Econ\u00f4mica"},"image":{"@id":"https:\/\/bahiaeconomica.com.br\/wp\/#\/schema\/logo\/image\/"},"sameAs":["https:\/\/www.facebook.com\/bahiaeconomica"]},{"@type":"Person","@id":"https:\/\/bahiaeconomica.com.br\/wp\/#\/schema\/person\/3304d50cfd32353c7d08c39066638997","name":"Matheus Souza","sameAs":["http:\/\/www.bahiaeconomica.com.br"],"url":"https:\/\/bahiaeconomica.com.br\/wp\/author\/matheus-souza\/"}]}},"views":546,"_links":{"self":[{"href":"https:\/\/bahiaeconomica.com.br\/wp\/wp-json\/wp\/v2\/posts\/920382"}],"collection":[{"href":"https:\/\/bahiaeconomica.com.br\/wp\/wp-json\/wp\/v2\/posts"}],"about":[{"href":"https:\/\/bahiaeconomica.com.br\/wp\/wp-json\/wp\/v2\/types\/post"}],"author":[{"embeddable":true,"href":"https:\/\/bahiaeconomica.com.br\/wp\/wp-json\/wp\/v2\/users\/22"}],"replies":[{"embeddable":true,"href":"https:\/\/bahiaeconomica.com.br\/wp\/wp-json\/wp\/v2\/comments?post=920382"}],"version-history":[{"count":3,"href":"https:\/\/bahiaeconomica.com.br\/wp\/wp-json\/wp\/v2\/posts\/920382\/revisions"}],"predecessor-version":[{"id":920612,"href":"https:\/\/bahiaeconomica.com.br\/wp\/wp-json\/wp\/v2\/posts\/920382\/revisions\/920612"}],"wp:featuredmedia":[{"embeddable":true,"href":"https:\/\/bahiaeconomica.com.br\/wp\/wp-json\/wp\/v2\/media\/719910"}],"wp:attachment":[{"href":"https:\/\/bahiaeconomica.com.br\/wp\/wp-json\/wp\/v2\/media?parent=920382"}],"wp:term":[{"taxonomy":"category","embeddable":true,"href":"https:\/\/bahiaeconomica.com.br\/wp\/wp-json\/wp\/v2\/categories?post=920382"},{"taxonomy":"post_tag","embeddable":true,"href":"https:\/\/bahiaeconomica.com.br\/wp\/wp-json\/wp\/v2\/tags?post=920382"}],"curies":[{"name":"wp","href":"https:\/\/api.w.org\/{rel}","templated":true}]}}