{"id":920122,"date":"2025-07-23T14:31:30","date_gmt":"2025-07-23T17:31:30","guid":{"rendered":"https:\/\/bahiaeconomica.com.br\/wp\/?p=920122"},"modified":"2025-07-23T14:31:30","modified_gmt":"2025-07-23T17:31:30","slug":"quais-sao-os-proximos-passos-apos-defesa-de-bolsonaro-prestar-esclarecimentos-a-moraes","status":"publish","type":"post","link":"https:\/\/bahiaeconomica.com.br\/wp\/2025\/07\/23\/quais-sao-os-proximos-passos-apos-defesa-de-bolsonaro-prestar-esclarecimentos-a-moraes\/","title":{"rendered":"QUAIS S\u00c3O OS PR\u00d3XIMOS PASSOS AP\u00d3S DEFESA DE BOLSONARO PRESTAR ESCLARECIMENTOS A MORAES"},"content":{"rendered":"<p>A defesa do ex-presidente Jair Bolsonaro (PL) prestou esclarecimentos nesta ter\u00e7a-feira, 22, sobre o descumprimento das medidas cautelares impostas pelo ministro Alexandre de Moraes, do Supremo Tribunal Federal (STF).<\/p>\n<p>Os advogados do ex-presidente alegaram que Bolsonaro n\u00e3o tinha conhecimento da proibi\u00e7\u00e3o de conceder entrevistas, pois a restri\u00e7\u00e3o, segundo a defesa, s\u00f3 ficou expressa em um despacho posterior do ministro, e prometeram que o ex-presidente seguir\u00e1 sem se manifestar.<\/p>\n<p>Com a manifesta\u00e7\u00e3o dos defensores, Moraes decidir\u00e1 se Bolsonaro descumpriu as medidas cautelares a que est\u00e1 submetido desde sexta-feira passada, dia 18. Antes da decis\u00e3o, o ministro pode pedir uma manifesta\u00e7\u00e3o da Procuradoria-Geral da Rep\u00fablica (PGR). Caso Moraes avalie que o ex-presidente descumpriu as cautelares, cabe o decreto de pris\u00e3o preventiva. N\u00e3o h\u00e1 prazo para essa an\u00e1lise.<\/p>\n<p>Bolsonaro foi submetido a cinco medidas restritivas. O ex-presidente passou a usar tornozeleira eletr\u00f4nica, deve cumprir um recolhimento domiciliar e foi proibido de se comunicar com diplomatas, embaixadores estrangeiros e outros r\u00e9us ou investigados. A medida cautelar que causa o impasse \u00e9 a proibi\u00e7\u00e3o de acessar redes sociais.<\/p>\n<p>Na segunda-feira, 21, Bolsonaro foi \u00e0 C\u00e2mara e deu declara\u00e7\u00f5es p\u00fablicas ao lado de aliados, que transmitiram o conte\u00fado do encontro em suas redes sociais. Em um despacho no mesmo dia, Moraes afirmou que a proibi\u00e7\u00e3o de acessar redes inclui, \u201cobviamente\u201d, retransmiss\u00f5es da imagem de Bolsonaro. Para criminalistas ouvidos pelo Estad\u00e3o, sem diretrizes claras, a medida pode configurar censura pr\u00e9via.<\/p>\n<p>Ao divergir da imposi\u00e7\u00e3o de medidas cautelares a Bolsonaro, o ministro Luiz Fux avaliou que a restri\u00e7\u00e3o de acesso a redes poderia atentar contra o direito \u00e0 express\u00e3o do r\u00e9u. Fux foi vencido pelos demais membros da Primeira Turma do STF.<\/p>\n<p>Fonte: Estad\u00e3o Conte\u00fado<\/p>\n<p>Foto:\u00a0 Reprodu\u00e7\u00e3o<\/p>\n","protected":false},"excerpt":{"rendered":"<p>A defesa do ex-presidente Jair Bolsonaro (PL) prestou esclarecimentos nesta ter\u00e7a-feira, 22, sobre o descumprimento das medidas cautelares impostas pelo ministro Alexandre de Moraes, do Supremo Tribunal Federal (STF). Os advogados do ex-presidente alegaram que Bolsonaro n\u00e3o tinha conhecimento da proibi\u00e7\u00e3o de conceder entrevistas, pois a restri\u00e7\u00e3o, segundo a defesa, s\u00f3 ficou expressa em um [&hellip;]<\/p>\n","protected":false},"author":24,"featured_media":908821,"comment_status":"closed","ping_status":"closed","sticky":false,"template":"","format":"standard","meta":[],"categories":[14601],"tags":[95,21096,1690,93],"acf":[],"yoast_head":"<!-- This site is optimized with the Yoast SEO plugin v20.8 - https:\/\/yoast.com\/wordpress\/plugins\/seo\/ -->\n<title>QUAIS S\u00c3O OS PR\u00d3XIMOS PASSOS AP\u00d3S DEFESA DE BOLSONARO PRESTAR ESCLARECIMENTOS A MORAES - Bahia Economica A defesa do ex-presidente Jair Bolsonaro (PL) prestou esclarecimentos nesta ter\u00e7a-feira, 22, sobre o descumprimento das medidas cautelares impostas pelo ministro Alexandre de Moraes<\/title>\n<meta name=\"description\" content=\"O maior portal de Economia da Bahia Pol\u00edtica Bahia Economica A defesa do ex-presidente Jair Bolsonaro (PL) prestou esclarecimentos nesta ter\u00e7a-feira, 22, sobre o descumprimento das medidas cautelares impostas pelo ministro Alexandre de Moraes\" \/>\n<meta name=\"robots\" content=\"index, follow, max-snippet:-1, max-image-preview:large, max-video-preview:-1\" \/>\n<link rel=\"canonical\" href=\"https:\/\/bahiaeconomica.com.br\/wp\/2025\/07\/23\/quais-sao-os-proximos-passos-apos-defesa-de-bolsonaro-prestar-esclarecimentos-a-moraes\/\" \/>\n<meta property=\"og:locale\" content=\"pt_BR\" \/>\n<meta property=\"og:type\" content=\"article\" \/>\n<meta property=\"og:title\" content=\"QUAIS S\u00c3O OS PR\u00d3XIMOS PASSOS AP\u00d3S DEFESA DE BOLSONARO PRESTAR ESCLARECIMENTOS A MORAES - Bahia Economica A defesa do ex-presidente Jair Bolsonaro (PL) prestou esclarecimentos nesta ter\u00e7a-feira, 22, sobre o descumprimento das medidas cautelares impostas pelo ministro Alexandre de Moraes\" \/>\n<meta property=\"og:description\" content=\"O maior portal de Economia da Bahia Pol\u00edtica Bahia Economica A defesa do ex-presidente Jair Bolsonaro (PL) prestou esclarecimentos nesta ter\u00e7a-feira, 22, sobre o descumprimento das medidas cautelares impostas pelo ministro Alexandre de Moraes\" \/>\n<meta property=\"og:url\" content=\"https:\/\/bahiaeconomica.com.br\/wp\/2025\/07\/23\/quais-sao-os-proximos-passos-apos-defesa-de-bolsonaro-prestar-esclarecimentos-a-moraes\/\" \/>\n<meta property=\"og:site_name\" content=\"Bahia Economica\" \/>\n<meta property=\"article:publisher\" content=\"https:\/\/www.facebook.com\/bahiaeconomica\" \/>\n<meta property=\"article:published_time\" content=\"2025-07-23T17:31:30+00:00\" \/>\n<meta property=\"og:image\" content=\"https:\/\/bahiaeconomica.com.br\/wp\/wp-content\/uploads\/2025\/06\/55281mario-kertesz-entrevista-jair-bolsonaro-hoje-3.jpg\" \/>\n\t<meta property=\"og:image:width\" content=\"1600\" \/>\n\t<meta property=\"og:image:height\" content=\"752\" \/>\n\t<meta property=\"og:image:type\" content=\"image\/jpeg\" \/>\n<meta name=\"author\" content=\"VICTOR OLIVEIRA\" \/>\n<meta name=\"twitter:card\" content=\"summary_large_image\" \/>\n<meta name=\"twitter:label1\" content=\"Escrito por\" \/>\n\t<meta name=\"twitter:data1\" content=\"VICTOR OLIVEIRA\" \/>\n\t<meta name=\"twitter:label2\" content=\"Est. tempo de leitura\" \/>\n\t<meta name=\"twitter:data2\" content=\"2 minutos\" \/>\n<script type=\"application\/ld+json\" class=\"yoast-schema-graph\">{\"@context\":\"https:\/\/schema.org\",\"@graph\":[{\"@type\":\"Article\",\"@id\":\"https:\/\/bahiaeconomica.com.br\/wp\/2025\/07\/23\/quais-sao-os-proximos-passos-apos-defesa-de-bolsonaro-prestar-esclarecimentos-a-moraes\/#article\",\"isPartOf\":{\"@id\":\"https:\/\/bahiaeconomica.com.br\/wp\/2025\/07\/23\/quais-sao-os-proximos-passos-apos-defesa-de-bolsonaro-prestar-esclarecimentos-a-moraes\/\"},\"author\":{\"name\":\"VICTOR OLIVEIRA\",\"@id\":\"https:\/\/bahiaeconomica.com.br\/wp\/#\/schema\/person\/a17956d0e1112b626f403fb06b8129a9\"},\"headline\":\"QUAIS S\u00c3O OS PR\u00d3XIMOS PASSOS AP\u00d3S DEFESA DE BOLSONARO PRESTAR ESCLARECIMENTOS A MORAES\",\"datePublished\":\"2025-07-23T17:31:30+00:00\",\"dateModified\":\"2025-07-23T17:31:30+00:00\",\"mainEntityOfPage\":{\"@id\":\"https:\/\/bahiaeconomica.com.br\/wp\/2025\/07\/23\/quais-sao-os-proximos-passos-apos-defesa-de-bolsonaro-prestar-esclarecimentos-a-moraes\/\"},\"wordCount\":318,\"publisher\":{\"@id\":\"https:\/\/bahiaeconomica.com.br\/wp\/#organization\"},\"keywords\":[\"Bolsonaro\",\"esclarecimento\",\"moraes\",\"STF\"],\"articleSection\":[\"Pol\u00edtica\"],\"inLanguage\":\"pt-BR\"},{\"@type\":\"WebPage\",\"@id\":\"https:\/\/bahiaeconomica.com.br\/wp\/2025\/07\/23\/quais-sao-os-proximos-passos-apos-defesa-de-bolsonaro-prestar-esclarecimentos-a-moraes\/\",\"url\":\"https:\/\/bahiaeconomica.com.br\/wp\/2025\/07\/23\/quais-sao-os-proximos-passos-apos-defesa-de-bolsonaro-prestar-esclarecimentos-a-moraes\/\",\"name\":\"QUAIS S\u00c3O OS PR\u00d3XIMOS PASSOS AP\u00d3S DEFESA DE BOLSONARO PRESTAR ESCLARECIMENTOS A MORAES - Bahia Economica A defesa do ex-presidente Jair Bolsonaro (PL) prestou esclarecimentos nesta ter\u00e7a-feira, 22, sobre o descumprimento das medidas cautelares impostas pelo ministro Alexandre de Moraes\",\"isPartOf\":{\"@id\":\"https:\/\/bahiaeconomica.com.br\/wp\/#website\"},\"datePublished\":\"2025-07-23T17:31:30+00:00\",\"dateModified\":\"2025-07-23T17:31:30+00:00\",\"description\":\"O maior portal de Economia da Bahia Pol\u00edtica Bahia Economica A defesa do ex-presidente Jair Bolsonaro (PL) prestou esclarecimentos nesta ter\u00e7a-feira, 22, sobre o descumprimento das medidas cautelares impostas pelo ministro Alexandre de Moraes\",\"breadcrumb\":{\"@id\":\"https:\/\/bahiaeconomica.com.br\/wp\/2025\/07\/23\/quais-sao-os-proximos-passos-apos-defesa-de-bolsonaro-prestar-esclarecimentos-a-moraes\/#breadcrumb\"},\"inLanguage\":\"pt-BR\",\"potentialAction\":[{\"@type\":\"ReadAction\",\"target\":[\"https:\/\/bahiaeconomica.com.br\/wp\/2025\/07\/23\/quais-sao-os-proximos-passos-apos-defesa-de-bolsonaro-prestar-esclarecimentos-a-moraes\/\"]}]},{\"@type\":\"BreadcrumbList\",\"@id\":\"https:\/\/bahiaeconomica.com.br\/wp\/2025\/07\/23\/quais-sao-os-proximos-passos-apos-defesa-de-bolsonaro-prestar-esclarecimentos-a-moraes\/#breadcrumb\",\"itemListElement\":[{\"@type\":\"ListItem\",\"position\":1,\"name\":\"In\u00edcio\",\"item\":\"https:\/\/bahiaeconomica.com.br\/wp\/\"},{\"@type\":\"ListItem\",\"position\":2,\"name\":\"QUAIS S\u00c3O OS PR\u00d3XIMOS PASSOS AP\u00d3S DEFESA DE BOLSONARO PRESTAR ESCLARECIMENTOS A MORAES\"}]},{\"@type\":\"WebSite\",\"@id\":\"https:\/\/bahiaeconomica.com.br\/wp\/#website\",\"url\":\"https:\/\/bahiaeconomica.com.br\/wp\/\",\"name\":\"Bahia Economica\",\"description\":\"O maior portal de Economia da Bahia\",\"publisher\":{\"@id\":\"https:\/\/bahiaeconomica.com.br\/wp\/#organization\"},\"potentialAction\":[{\"@type\":\"SearchAction\",\"target\":{\"@type\":\"EntryPoint\",\"urlTemplate\":\"https:\/\/bahiaeconomica.com.br\/wp\/?s={search_term_string}\"},\"query-input\":\"required name=search_term_string\"}],\"inLanguage\":\"pt-BR\"},{\"@type\":\"Organization\",\"@id\":\"https:\/\/bahiaeconomica.com.br\/wp\/#organization\",\"name\":\"Bahia Econ\u00f4mica\",\"url\":\"https:\/\/bahiaeconomica.com.br\/wp\/\",\"logo\":{\"@type\":\"ImageObject\",\"inLanguage\":\"pt-BR\",\"@id\":\"https:\/\/bahiaeconomica.com.br\/wp\/#\/schema\/logo\/image\/\",\"url\":\"https:\/\/bahiaeconomica.com.br\/wp\/wp-content\/uploads\/2020\/12\/cropped-BE.png\",\"contentUrl\":\"https:\/\/bahiaeconomica.com.br\/wp\/wp-content\/uploads\/2020\/12\/cropped-BE.png\",\"width\":512,\"height\":512,\"caption\":\"Bahia Econ\u00f4mica\"},\"image\":{\"@id\":\"https:\/\/bahiaeconomica.com.br\/wp\/#\/schema\/logo\/image\/\"},\"sameAs\":[\"https:\/\/www.facebook.com\/bahiaeconomica\"]},{\"@type\":\"Person\",\"@id\":\"https:\/\/bahiaeconomica.com.br\/wp\/#\/schema\/person\/a17956d0e1112b626f403fb06b8129a9\",\"name\":\"VICTOR OLIVEIRA\",\"sameAs\":[\"http:\/\/www.bahiaeconomica.com.br\"],\"url\":\"https:\/\/bahiaeconomica.com.br\/wp\/author\/victor-oliveira\/\"}]}<\/script>\n<!-- \/ Yoast SEO plugin. -->","yoast_head_json":{"title":"QUAIS S\u00c3O OS PR\u00d3XIMOS PASSOS AP\u00d3S DEFESA DE BOLSONARO PRESTAR ESCLARECIMENTOS A MORAES - Bahia Economica A defesa do ex-presidente Jair Bolsonaro (PL) prestou esclarecimentos nesta ter\u00e7a-feira, 22, sobre o descumprimento das medidas cautelares impostas pelo ministro Alexandre de Moraes","description":"O maior portal de Economia da Bahia Pol\u00edtica Bahia Economica A defesa do ex-presidente Jair Bolsonaro (PL) prestou esclarecimentos nesta ter\u00e7a-feira, 22, sobre o descumprimento das medidas cautelares impostas pelo ministro Alexandre de Moraes","robots":{"index":"index","follow":"follow","max-snippet":"max-snippet:-1","max-image-preview":"max-image-preview:large","max-video-preview":"max-video-preview:-1"},"canonical":"https:\/\/bahiaeconomica.com.br\/wp\/2025\/07\/23\/quais-sao-os-proximos-passos-apos-defesa-de-bolsonaro-prestar-esclarecimentos-a-moraes\/","og_locale":"pt_BR","og_type":"article","og_title":"QUAIS S\u00c3O OS PR\u00d3XIMOS PASSOS AP\u00d3S DEFESA DE BOLSONARO PRESTAR ESCLARECIMENTOS A MORAES - Bahia Economica A defesa do ex-presidente Jair Bolsonaro (PL) prestou esclarecimentos nesta ter\u00e7a-feira, 22, sobre o descumprimento das medidas cautelares impostas pelo ministro Alexandre de Moraes","og_description":"O maior portal de Economia da Bahia Pol\u00edtica Bahia Economica A defesa do ex-presidente Jair Bolsonaro (PL) prestou esclarecimentos nesta ter\u00e7a-feira, 22, sobre o descumprimento das medidas cautelares impostas pelo ministro Alexandre de Moraes","og_url":"https:\/\/bahiaeconomica.com.br\/wp\/2025\/07\/23\/quais-sao-os-proximos-passos-apos-defesa-de-bolsonaro-prestar-esclarecimentos-a-moraes\/","og_site_name":"Bahia Economica","article_publisher":"https:\/\/www.facebook.com\/bahiaeconomica","article_published_time":"2025-07-23T17:31:30+00:00","og_image":[{"width":1600,"height":752,"url":"https:\/\/bahiaeconomica.com.br\/wp\/wp-content\/uploads\/2025\/06\/55281mario-kertesz-entrevista-jair-bolsonaro-hoje-3.jpg","type":"image\/jpeg"}],"author":"VICTOR OLIVEIRA","twitter_card":"summary_large_image","twitter_misc":{"Escrito por":"VICTOR OLIVEIRA","Est. tempo de leitura":"2 minutos"},"schema":{"@context":"https:\/\/schema.org","@graph":[{"@type":"Article","@id":"https:\/\/bahiaeconomica.com.br\/wp\/2025\/07\/23\/quais-sao-os-proximos-passos-apos-defesa-de-bolsonaro-prestar-esclarecimentos-a-moraes\/#article","isPartOf":{"@id":"https:\/\/bahiaeconomica.com.br\/wp\/2025\/07\/23\/quais-sao-os-proximos-passos-apos-defesa-de-bolsonaro-prestar-esclarecimentos-a-moraes\/"},"author":{"name":"VICTOR OLIVEIRA","@id":"https:\/\/bahiaeconomica.com.br\/wp\/#\/schema\/person\/a17956d0e1112b626f403fb06b8129a9"},"headline":"QUAIS S\u00c3O OS PR\u00d3XIMOS PASSOS AP\u00d3S DEFESA DE BOLSONARO PRESTAR ESCLARECIMENTOS A MORAES","datePublished":"2025-07-23T17:31:30+00:00","dateModified":"2025-07-23T17:31:30+00:00","mainEntityOfPage":{"@id":"https:\/\/bahiaeconomica.com.br\/wp\/2025\/07\/23\/quais-sao-os-proximos-passos-apos-defesa-de-bolsonaro-prestar-esclarecimentos-a-moraes\/"},"wordCount":318,"publisher":{"@id":"https:\/\/bahiaeconomica.com.br\/wp\/#organization"},"keywords":["Bolsonaro","esclarecimento","moraes","STF"],"articleSection":["Pol\u00edtica"],"inLanguage":"pt-BR"},{"@type":"WebPage","@id":"https:\/\/bahiaeconomica.com.br\/wp\/2025\/07\/23\/quais-sao-os-proximos-passos-apos-defesa-de-bolsonaro-prestar-esclarecimentos-a-moraes\/","url":"https:\/\/bahiaeconomica.com.br\/wp\/2025\/07\/23\/quais-sao-os-proximos-passos-apos-defesa-de-bolsonaro-prestar-esclarecimentos-a-moraes\/","name":"QUAIS S\u00c3O OS PR\u00d3XIMOS PASSOS AP\u00d3S DEFESA DE BOLSONARO PRESTAR ESCLARECIMENTOS A MORAES - Bahia Economica A defesa do ex-presidente Jair Bolsonaro (PL) prestou esclarecimentos nesta ter\u00e7a-feira, 22, sobre o descumprimento das medidas cautelares impostas pelo ministro Alexandre de Moraes","isPartOf":{"@id":"https:\/\/bahiaeconomica.com.br\/wp\/#website"},"datePublished":"2025-07-23T17:31:30+00:00","dateModified":"2025-07-23T17:31:30+00:00","description":"O maior portal de Economia da Bahia Pol\u00edtica Bahia Economica A defesa do ex-presidente Jair Bolsonaro (PL) prestou esclarecimentos nesta ter\u00e7a-feira, 22, sobre o descumprimento das medidas cautelares impostas pelo ministro Alexandre de Moraes","breadcrumb":{"@id":"https:\/\/bahiaeconomica.com.br\/wp\/2025\/07\/23\/quais-sao-os-proximos-passos-apos-defesa-de-bolsonaro-prestar-esclarecimentos-a-moraes\/#breadcrumb"},"inLanguage":"pt-BR","potentialAction":[{"@type":"ReadAction","target":["https:\/\/bahiaeconomica.com.br\/wp\/2025\/07\/23\/quais-sao-os-proximos-passos-apos-defesa-de-bolsonaro-prestar-esclarecimentos-a-moraes\/"]}]},{"@type":"BreadcrumbList","@id":"https:\/\/bahiaeconomica.com.br\/wp\/2025\/07\/23\/quais-sao-os-proximos-passos-apos-defesa-de-bolsonaro-prestar-esclarecimentos-a-moraes\/#breadcrumb","itemListElement":[{"@type":"ListItem","position":1,"name":"In\u00edcio","item":"https:\/\/bahiaeconomica.com.br\/wp\/"},{"@type":"ListItem","position":2,"name":"QUAIS S\u00c3O OS PR\u00d3XIMOS PASSOS AP\u00d3S DEFESA DE BOLSONARO PRESTAR ESCLARECIMENTOS A MORAES"}]},{"@type":"WebSite","@id":"https:\/\/bahiaeconomica.com.br\/wp\/#website","url":"https:\/\/bahiaeconomica.com.br\/wp\/","name":"Bahia Economica","description":"O maior portal de Economia da Bahia","publisher":{"@id":"https:\/\/bahiaeconomica.com.br\/wp\/#organization"},"potentialAction":[{"@type":"SearchAction","target":{"@type":"EntryPoint","urlTemplate":"https:\/\/bahiaeconomica.com.br\/wp\/?s={search_term_string}"},"query-input":"required name=search_term_string"}],"inLanguage":"pt-BR"},{"@type":"Organization","@id":"https:\/\/bahiaeconomica.com.br\/wp\/#organization","name":"Bahia Econ\u00f4mica","url":"https:\/\/bahiaeconomica.com.br\/wp\/","logo":{"@type":"ImageObject","inLanguage":"pt-BR","@id":"https:\/\/bahiaeconomica.com.br\/wp\/#\/schema\/logo\/image\/","url":"https:\/\/bahiaeconomica.com.br\/wp\/wp-content\/uploads\/2020\/12\/cropped-BE.png","contentUrl":"https:\/\/bahiaeconomica.com.br\/wp\/wp-content\/uploads\/2020\/12\/cropped-BE.png","width":512,"height":512,"caption":"Bahia Econ\u00f4mica"},"image":{"@id":"https:\/\/bahiaeconomica.com.br\/wp\/#\/schema\/logo\/image\/"},"sameAs":["https:\/\/www.facebook.com\/bahiaeconomica"]},{"@type":"Person","@id":"https:\/\/bahiaeconomica.com.br\/wp\/#\/schema\/person\/a17956d0e1112b626f403fb06b8129a9","name":"VICTOR OLIVEIRA","sameAs":["http:\/\/www.bahiaeconomica.com.br"],"url":"https:\/\/bahiaeconomica.com.br\/wp\/author\/victor-oliveira\/"}]}},"views":5,"_links":{"self":[{"href":"https:\/\/bahiaeconomica.com.br\/wp\/wp-json\/wp\/v2\/posts\/920122"}],"collection":[{"href":"https:\/\/bahiaeconomica.com.br\/wp\/wp-json\/wp\/v2\/posts"}],"about":[{"href":"https:\/\/bahiaeconomica.com.br\/wp\/wp-json\/wp\/v2\/types\/post"}],"author":[{"embeddable":true,"href":"https:\/\/bahiaeconomica.com.br\/wp\/wp-json\/wp\/v2\/users\/24"}],"replies":[{"embeddable":true,"href":"https:\/\/bahiaeconomica.com.br\/wp\/wp-json\/wp\/v2\/comments?post=920122"}],"version-history":[{"count":1,"href":"https:\/\/bahiaeconomica.com.br\/wp\/wp-json\/wp\/v2\/posts\/920122\/revisions"}],"predecessor-version":[{"id":920123,"href":"https:\/\/bahiaeconomica.com.br\/wp\/wp-json\/wp\/v2\/posts\/920122\/revisions\/920123"}],"wp:featuredmedia":[{"embeddable":true,"href":"https:\/\/bahiaeconomica.com.br\/wp\/wp-json\/wp\/v2\/media\/908821"}],"wp:attachment":[{"href":"https:\/\/bahiaeconomica.com.br\/wp\/wp-json\/wp\/v2\/media?parent=920122"}],"wp:term":[{"taxonomy":"category","embeddable":true,"href":"https:\/\/bahiaeconomica.com.br\/wp\/wp-json\/wp\/v2\/categories?post=920122"},{"taxonomy":"post_tag","embeddable":true,"href":"https:\/\/bahiaeconomica.com.br\/wp\/wp-json\/wp\/v2\/tags?post=920122"}],"curies":[{"name":"wp","href":"https:\/\/api.w.org\/{rel}","templated":true}]}}