{"id":919976,"date":"2025-07-22T19:50:37","date_gmt":"2025-07-22T22:50:37","guid":{"rendered":"https:\/\/bahiaeconomica.com.br\/wp\/?p=919976"},"modified":"2025-07-22T18:45:50","modified_gmt":"2025-07-22T21:45:50","slug":"bolsonaro-nega-ter-descumprido-proibicao-de-uso-de-redes-sociais","status":"publish","type":"post","link":"https:\/\/bahiaeconomica.com.br\/wp\/2025\/07\/22\/bolsonaro-nega-ter-descumprido-proibicao-de-uso-de-redes-sociais\/","title":{"rendered":"BOLSONARO NEGA TER DESCUMPRIDO PROIBI\u00c7\u00c3O DE USO DE REDES SOCIAIS"},"content":{"rendered":"<p>A defesa de Jair Bolsonaro disse nesta ter\u00e7a-feira (22) ao ministro Alexandre de Moraes, do Supremo Tribunal Federal (STF), que o ex-presidente n\u00e3o descumpriu a medida cautelar que pro\u00edbe o uso de redes sociais, incluindo postagens de suas falas em perfis de terceiros.<\/p>\n<p>A manifesta\u00e7\u00e3o da defesa foi motivada pela decis\u00e3o do ministro, que, nesta segunda-feira (21), deu prazo de 24 horas para Bolsonaro explicar o descumprimento da cautelar, uma das medidas impostas contra ele na semana passada. O descumprimento pode levar \u00e0 pris\u00e3o preventiva de Bolsonaro.<\/p>\n<p>Na tarde de ontem, Bolsonaro exibiu a tornozeleira eletr\u00f4nica e deu entrevista ao visitar a C\u00e2mara dos Deputados, e as imagens foram publicadas em diversos perfis nas redes sociais e na imprensa. O uso do equipamento faz parte de outra medida estabelecida contra o ex-presidente.<\/p>\n<p>Os advogados de Bolsonaro afirmaram que o ex-presidente n\u00e3o tem controle sobre postagens realizadas por terceiros e pede que o ministro esclare\u00e7a se sua decis\u00e3o envolve a proibi\u00e7\u00e3o da concess\u00e3o de entrevistas.<\/p>\n<p>&#8220;Desta forma, ao tempo que refuta veementemente qualquer descumprimento, o ora embargante, a fim de que n\u00e3o haja qualquer equ\u00edvoco na compreens\u00e3o da extens\u00e3o pretendida pela medida cautelar imposta, por meio dos presentes embargos, requer que a decis\u00e3o seja esclarecida, a fim de precisar os exatos termos da proibi\u00e7\u00e3o de utiliza\u00e7\u00e3o de m\u00eddias sociais, esclarecendo, ademais, se a proibi\u00e7\u00e3o envolve a concess\u00e3o de entrevistas&#8221;, diz a defesa.<\/p>\n<p>Na sexta-feira (18), as medidas cautelares foram determinadas no inqu\u00e9rito no qual o filho do ex-presidente, o deputado federal Eduardo Bolsonaro, \u00e9 investigado por sua atua\u00e7\u00e3o junto ao governo do presidente dos Estados Unidos, Donald Trump, visando promover medidas de retalia\u00e7\u00e3o contra o governo brasileiro e ministros do Supremo e tentar barrar o andamento da a\u00e7\u00e3o penal sobre a trama golpista.<\/p>\n<p>Confira as medidas determinadas contra Bolsonaro:<\/p>\n<p>Uso de tornozeleira eletr\u00f4nica;<br \/>\nRecolhimento domiciliar noturno entre 19h e 6h, de segunda a sexta-feira, e integral nos fins de semana e feriados;<br \/>\nProibi\u00e7\u00e3o de aproxima\u00e7\u00e3o e de acesso a embaixadas e consulados de pa\u00edses estrangeiros;<br \/>\nProibi\u00e7\u00e3o de manter contato com embaixadores ou autoridades estrangeiras;<br \/>\nProibi\u00e7\u00e3o de uso de redes sociais, diretamente ou por interm\u00e9dio de terceiros.<br \/>\nProibi\u00e7\u00e3o de manter contato com Eduardo Bolsonaro e investigados dos quatro n\u00facleos da trama golpista.<\/p>\n<p>Foto: Ant\u00f4nio Cruz \/ Fonte: Ag\u00eancia Brasil<\/p>\n<div id=\"block-tts-block-tts\" class=\"block block-tts\">\n<div class=\"content\">\n<div id=\"tts-container\" class=\"container-audio rel-position\"><\/div>\n<\/div>\n<\/div>\n","protected":false},"excerpt":{"rendered":"<p>A defesa de Jair Bolsonaro disse nesta ter\u00e7a-feira (22) ao ministro Alexandre de Moraes, do Supremo Tribunal Federal (STF), que o ex-presidente n\u00e3o descumpriu a medida cautelar que pro\u00edbe o uso de redes sociais, incluindo postagens de suas falas em perfis de terceiros. A manifesta\u00e7\u00e3o da defesa foi motivada pela decis\u00e3o do ministro, que, nesta [&hellip;]<\/p>\n","protected":false},"author":15,"featured_media":919989,"comment_status":"closed","ping_status":"closed","sticky":false,"template":"","format":"standard","meta":[],"categories":[14601],"tags":[322,187,8124],"acf":[],"yoast_head":"<!-- This site is optimized with the Yoast SEO plugin v20.8 - https:\/\/yoast.com\/wordpress\/plugins\/seo\/ -->\n<title>BOLSONARO NEGA TER DESCUMPRIDO PROIBI\u00c7\u00c3O DE USO DE REDES SOCIAIS - Bahia Economica<\/title>\n<meta name=\"description\" content=\"O maior portal de Economia da Bahia Pol\u00edtica Bahia Economica A defesa de Jair Bolsonaro disse nesta ter\u00e7a-feira (22)\" \/>\n<meta name=\"robots\" content=\"index, follow, max-snippet:-1, max-image-preview:large, max-video-preview:-1\" \/>\n<link rel=\"canonical\" href=\"https:\/\/bahiaeconomica.com.br\/wp\/2025\/07\/22\/bolsonaro-nega-ter-descumprido-proibicao-de-uso-de-redes-sociais\/\" \/>\n<meta property=\"og:locale\" content=\"pt_BR\" \/>\n<meta property=\"og:type\" content=\"article\" \/>\n<meta property=\"og:title\" content=\"BOLSONARO NEGA TER DESCUMPRIDO PROIBI\u00c7\u00c3O DE USO DE REDES SOCIAIS - Bahia Economica\" \/>\n<meta property=\"og:description\" content=\"O maior portal de Economia da Bahia Pol\u00edtica Bahia Economica A defesa de Jair Bolsonaro disse nesta ter\u00e7a-feira (22)\" \/>\n<meta property=\"og:url\" content=\"https:\/\/bahiaeconomica.com.br\/wp\/2025\/07\/22\/bolsonaro-nega-ter-descumprido-proibicao-de-uso-de-redes-sociais\/\" \/>\n<meta property=\"og:site_name\" content=\"Bahia Economica\" \/>\n<meta property=\"article:publisher\" content=\"https:\/\/www.facebook.com\/bahiaeconomica\" \/>\n<meta property=\"article:published_time\" content=\"2025-07-22T22:50:37+00:00\" \/>\n<meta property=\"article:modified_time\" content=\"2025-07-22T21:45:50+00:00\" \/>\n<meta property=\"og:image\" content=\"https:\/\/bahiaeconomica.com.br\/wp\/wp-content\/uploads\/2025\/07\/0d4a1912-1.webp\" \/>\n\t<meta property=\"og:image:width\" content=\"1170\" \/>\n\t<meta property=\"og:image:height\" content=\"700\" \/>\n\t<meta property=\"og:image:type\" content=\"image\/webp\" \/>\n<meta name=\"author\" content=\"VICTORIA ISABEL\" \/>\n<meta name=\"twitter:card\" content=\"summary_large_image\" \/>\n<meta name=\"twitter:label1\" content=\"Escrito por\" \/>\n\t<meta name=\"twitter:data1\" content=\"VICTORIA ISABEL\" \/>\n\t<meta name=\"twitter:label2\" content=\"Est. tempo de leitura\" \/>\n\t<meta name=\"twitter:data2\" content=\"3 minutos\" \/>\n<script type=\"application\/ld+json\" class=\"yoast-schema-graph\">{\"@context\":\"https:\/\/schema.org\",\"@graph\":[{\"@type\":\"Article\",\"@id\":\"https:\/\/bahiaeconomica.com.br\/wp\/2025\/07\/22\/bolsonaro-nega-ter-descumprido-proibicao-de-uso-de-redes-sociais\/#article\",\"isPartOf\":{\"@id\":\"https:\/\/bahiaeconomica.com.br\/wp\/2025\/07\/22\/bolsonaro-nega-ter-descumprido-proibicao-de-uso-de-redes-sociais\/\"},\"author\":{\"name\":\"VICTORIA ISABEL\",\"@id\":\"https:\/\/bahiaeconomica.com.br\/wp\/#\/schema\/person\/b719ce0fb1c09f3c7a00d9243ced4a6f\"},\"headline\":\"BOLSONARO NEGA TER DESCUMPRIDO PROIBI\u00c7\u00c3O DE USO DE REDES SOCIAIS\",\"datePublished\":\"2025-07-22T22:50:37+00:00\",\"dateModified\":\"2025-07-22T21:45:50+00:00\",\"mainEntityOfPage\":{\"@id\":\"https:\/\/bahiaeconomica.com.br\/wp\/2025\/07\/22\/bolsonaro-nega-ter-descumprido-proibicao-de-uso-de-redes-sociais\/\"},\"wordCount\":419,\"publisher\":{\"@id\":\"https:\/\/bahiaeconomica.com.br\/wp\/#organization\"},\"keywords\":[\"Alexandre de Moraes\",\"Jair Bolsonaro\",\"Supremo Tribunal Federal\"],\"articleSection\":[\"Pol\u00edtica\"],\"inLanguage\":\"pt-BR\"},{\"@type\":\"WebPage\",\"@id\":\"https:\/\/bahiaeconomica.com.br\/wp\/2025\/07\/22\/bolsonaro-nega-ter-descumprido-proibicao-de-uso-de-redes-sociais\/\",\"url\":\"https:\/\/bahiaeconomica.com.br\/wp\/2025\/07\/22\/bolsonaro-nega-ter-descumprido-proibicao-de-uso-de-redes-sociais\/\",\"name\":\"BOLSONARO NEGA TER DESCUMPRIDO PROIBI\u00c7\u00c3O DE USO DE REDES SOCIAIS - Bahia Economica\",\"isPartOf\":{\"@id\":\"https:\/\/bahiaeconomica.com.br\/wp\/#website\"},\"datePublished\":\"2025-07-22T22:50:37+00:00\",\"dateModified\":\"2025-07-22T21:45:50+00:00\",\"description\":\"O maior portal de Economia da Bahia Pol\u00edtica Bahia Economica A defesa de Jair Bolsonaro disse nesta ter\u00e7a-feira (22)\",\"breadcrumb\":{\"@id\":\"https:\/\/bahiaeconomica.com.br\/wp\/2025\/07\/22\/bolsonaro-nega-ter-descumprido-proibicao-de-uso-de-redes-sociais\/#breadcrumb\"},\"inLanguage\":\"pt-BR\",\"potentialAction\":[{\"@type\":\"ReadAction\",\"target\":[\"https:\/\/bahiaeconomica.com.br\/wp\/2025\/07\/22\/bolsonaro-nega-ter-descumprido-proibicao-de-uso-de-redes-sociais\/\"]}]},{\"@type\":\"BreadcrumbList\",\"@id\":\"https:\/\/bahiaeconomica.com.br\/wp\/2025\/07\/22\/bolsonaro-nega-ter-descumprido-proibicao-de-uso-de-redes-sociais\/#breadcrumb\",\"itemListElement\":[{\"@type\":\"ListItem\",\"position\":1,\"name\":\"In\u00edcio\",\"item\":\"https:\/\/bahiaeconomica.com.br\/wp\/\"},{\"@type\":\"ListItem\",\"position\":2,\"name\":\"BOLSONARO NEGA TER DESCUMPRIDO PROIBI\u00c7\u00c3O DE USO DE REDES SOCIAIS\"}]},{\"@type\":\"WebSite\",\"@id\":\"https:\/\/bahiaeconomica.com.br\/wp\/#website\",\"url\":\"https:\/\/bahiaeconomica.com.br\/wp\/\",\"name\":\"Bahia Economica\",\"description\":\"O maior portal de Economia da Bahia\",\"publisher\":{\"@id\":\"https:\/\/bahiaeconomica.com.br\/wp\/#organization\"},\"potentialAction\":[{\"@type\":\"SearchAction\",\"target\":{\"@type\":\"EntryPoint\",\"urlTemplate\":\"https:\/\/bahiaeconomica.com.br\/wp\/?s={search_term_string}\"},\"query-input\":\"required name=search_term_string\"}],\"inLanguage\":\"pt-BR\"},{\"@type\":\"Organization\",\"@id\":\"https:\/\/bahiaeconomica.com.br\/wp\/#organization\",\"name\":\"Bahia Econ\u00f4mica\",\"url\":\"https:\/\/bahiaeconomica.com.br\/wp\/\",\"logo\":{\"@type\":\"ImageObject\",\"inLanguage\":\"pt-BR\",\"@id\":\"https:\/\/bahiaeconomica.com.br\/wp\/#\/schema\/logo\/image\/\",\"url\":\"https:\/\/bahiaeconomica.com.br\/wp\/wp-content\/uploads\/2020\/12\/cropped-BE.png\",\"contentUrl\":\"https:\/\/bahiaeconomica.com.br\/wp\/wp-content\/uploads\/2020\/12\/cropped-BE.png\",\"width\":512,\"height\":512,\"caption\":\"Bahia Econ\u00f4mica\"},\"image\":{\"@id\":\"https:\/\/bahiaeconomica.com.br\/wp\/#\/schema\/logo\/image\/\"},\"sameAs\":[\"https:\/\/www.facebook.com\/bahiaeconomica\"]},{\"@type\":\"Person\",\"@id\":\"https:\/\/bahiaeconomica.com.br\/wp\/#\/schema\/person\/b719ce0fb1c09f3c7a00d9243ced4a6f\",\"name\":\"VICTORIA ISABEL\",\"sameAs\":[\"http:\/\/www.bahiaeconomica.com.br\"],\"url\":\"https:\/\/bahiaeconomica.com.br\/wp\/author\/victoria-isabel\/\"}]}<\/script>\n<!-- \/ Yoast SEO plugin. -->","yoast_head_json":{"title":"BOLSONARO NEGA TER DESCUMPRIDO PROIBI\u00c7\u00c3O DE USO DE REDES SOCIAIS - Bahia Economica","description":"O maior portal de Economia da Bahia Pol\u00edtica Bahia Economica A defesa de Jair Bolsonaro disse nesta ter\u00e7a-feira (22)","robots":{"index":"index","follow":"follow","max-snippet":"max-snippet:-1","max-image-preview":"max-image-preview:large","max-video-preview":"max-video-preview:-1"},"canonical":"https:\/\/bahiaeconomica.com.br\/wp\/2025\/07\/22\/bolsonaro-nega-ter-descumprido-proibicao-de-uso-de-redes-sociais\/","og_locale":"pt_BR","og_type":"article","og_title":"BOLSONARO NEGA TER DESCUMPRIDO PROIBI\u00c7\u00c3O DE USO DE REDES SOCIAIS - Bahia Economica","og_description":"O maior portal de Economia da Bahia Pol\u00edtica Bahia Economica A defesa de Jair Bolsonaro disse nesta ter\u00e7a-feira (22)","og_url":"https:\/\/bahiaeconomica.com.br\/wp\/2025\/07\/22\/bolsonaro-nega-ter-descumprido-proibicao-de-uso-de-redes-sociais\/","og_site_name":"Bahia Economica","article_publisher":"https:\/\/www.facebook.com\/bahiaeconomica","article_published_time":"2025-07-22T22:50:37+00:00","article_modified_time":"2025-07-22T21:45:50+00:00","og_image":[{"width":1170,"height":700,"url":"https:\/\/bahiaeconomica.com.br\/wp\/wp-content\/uploads\/2025\/07\/0d4a1912-1.webp","type":"image\/webp"}],"author":"VICTORIA ISABEL","twitter_card":"summary_large_image","twitter_misc":{"Escrito por":"VICTORIA ISABEL","Est. tempo de leitura":"3 minutos"},"schema":{"@context":"https:\/\/schema.org","@graph":[{"@type":"Article","@id":"https:\/\/bahiaeconomica.com.br\/wp\/2025\/07\/22\/bolsonaro-nega-ter-descumprido-proibicao-de-uso-de-redes-sociais\/#article","isPartOf":{"@id":"https:\/\/bahiaeconomica.com.br\/wp\/2025\/07\/22\/bolsonaro-nega-ter-descumprido-proibicao-de-uso-de-redes-sociais\/"},"author":{"name":"VICTORIA ISABEL","@id":"https:\/\/bahiaeconomica.com.br\/wp\/#\/schema\/person\/b719ce0fb1c09f3c7a00d9243ced4a6f"},"headline":"BOLSONARO NEGA TER DESCUMPRIDO PROIBI\u00c7\u00c3O DE USO DE REDES SOCIAIS","datePublished":"2025-07-22T22:50:37+00:00","dateModified":"2025-07-22T21:45:50+00:00","mainEntityOfPage":{"@id":"https:\/\/bahiaeconomica.com.br\/wp\/2025\/07\/22\/bolsonaro-nega-ter-descumprido-proibicao-de-uso-de-redes-sociais\/"},"wordCount":419,"publisher":{"@id":"https:\/\/bahiaeconomica.com.br\/wp\/#organization"},"keywords":["Alexandre de Moraes","Jair Bolsonaro","Supremo Tribunal Federal"],"articleSection":["Pol\u00edtica"],"inLanguage":"pt-BR"},{"@type":"WebPage","@id":"https:\/\/bahiaeconomica.com.br\/wp\/2025\/07\/22\/bolsonaro-nega-ter-descumprido-proibicao-de-uso-de-redes-sociais\/","url":"https:\/\/bahiaeconomica.com.br\/wp\/2025\/07\/22\/bolsonaro-nega-ter-descumprido-proibicao-de-uso-de-redes-sociais\/","name":"BOLSONARO NEGA TER DESCUMPRIDO PROIBI\u00c7\u00c3O DE USO DE REDES SOCIAIS - Bahia Economica","isPartOf":{"@id":"https:\/\/bahiaeconomica.com.br\/wp\/#website"},"datePublished":"2025-07-22T22:50:37+00:00","dateModified":"2025-07-22T21:45:50+00:00","description":"O maior portal de Economia da Bahia Pol\u00edtica Bahia Economica A defesa de Jair Bolsonaro disse nesta ter\u00e7a-feira (22)","breadcrumb":{"@id":"https:\/\/bahiaeconomica.com.br\/wp\/2025\/07\/22\/bolsonaro-nega-ter-descumprido-proibicao-de-uso-de-redes-sociais\/#breadcrumb"},"inLanguage":"pt-BR","potentialAction":[{"@type":"ReadAction","target":["https:\/\/bahiaeconomica.com.br\/wp\/2025\/07\/22\/bolsonaro-nega-ter-descumprido-proibicao-de-uso-de-redes-sociais\/"]}]},{"@type":"BreadcrumbList","@id":"https:\/\/bahiaeconomica.com.br\/wp\/2025\/07\/22\/bolsonaro-nega-ter-descumprido-proibicao-de-uso-de-redes-sociais\/#breadcrumb","itemListElement":[{"@type":"ListItem","position":1,"name":"In\u00edcio","item":"https:\/\/bahiaeconomica.com.br\/wp\/"},{"@type":"ListItem","position":2,"name":"BOLSONARO NEGA TER DESCUMPRIDO PROIBI\u00c7\u00c3O DE USO DE REDES SOCIAIS"}]},{"@type":"WebSite","@id":"https:\/\/bahiaeconomica.com.br\/wp\/#website","url":"https:\/\/bahiaeconomica.com.br\/wp\/","name":"Bahia Economica","description":"O maior portal de Economia da Bahia","publisher":{"@id":"https:\/\/bahiaeconomica.com.br\/wp\/#organization"},"potentialAction":[{"@type":"SearchAction","target":{"@type":"EntryPoint","urlTemplate":"https:\/\/bahiaeconomica.com.br\/wp\/?s={search_term_string}"},"query-input":"required name=search_term_string"}],"inLanguage":"pt-BR"},{"@type":"Organization","@id":"https:\/\/bahiaeconomica.com.br\/wp\/#organization","name":"Bahia Econ\u00f4mica","url":"https:\/\/bahiaeconomica.com.br\/wp\/","logo":{"@type":"ImageObject","inLanguage":"pt-BR","@id":"https:\/\/bahiaeconomica.com.br\/wp\/#\/schema\/logo\/image\/","url":"https:\/\/bahiaeconomica.com.br\/wp\/wp-content\/uploads\/2020\/12\/cropped-BE.png","contentUrl":"https:\/\/bahiaeconomica.com.br\/wp\/wp-content\/uploads\/2020\/12\/cropped-BE.png","width":512,"height":512,"caption":"Bahia Econ\u00f4mica"},"image":{"@id":"https:\/\/bahiaeconomica.com.br\/wp\/#\/schema\/logo\/image\/"},"sameAs":["https:\/\/www.facebook.com\/bahiaeconomica"]},{"@type":"Person","@id":"https:\/\/bahiaeconomica.com.br\/wp\/#\/schema\/person\/b719ce0fb1c09f3c7a00d9243ced4a6f","name":"VICTORIA ISABEL","sameAs":["http:\/\/www.bahiaeconomica.com.br"],"url":"https:\/\/bahiaeconomica.com.br\/wp\/author\/victoria-isabel\/"}]}},"views":7,"_links":{"self":[{"href":"https:\/\/bahiaeconomica.com.br\/wp\/wp-json\/wp\/v2\/posts\/919976"}],"collection":[{"href":"https:\/\/bahiaeconomica.com.br\/wp\/wp-json\/wp\/v2\/posts"}],"about":[{"href":"https:\/\/bahiaeconomica.com.br\/wp\/wp-json\/wp\/v2\/types\/post"}],"author":[{"embeddable":true,"href":"https:\/\/bahiaeconomica.com.br\/wp\/wp-json\/wp\/v2\/users\/15"}],"replies":[{"embeddable":true,"href":"https:\/\/bahiaeconomica.com.br\/wp\/wp-json\/wp\/v2\/comments?post=919976"}],"version-history":[{"count":1,"href":"https:\/\/bahiaeconomica.com.br\/wp\/wp-json\/wp\/v2\/posts\/919976\/revisions"}],"predecessor-version":[{"id":920000,"href":"https:\/\/bahiaeconomica.com.br\/wp\/wp-json\/wp\/v2\/posts\/919976\/revisions\/920000"}],"wp:featuredmedia":[{"embeddable":true,"href":"https:\/\/bahiaeconomica.com.br\/wp\/wp-json\/wp\/v2\/media\/919989"}],"wp:attachment":[{"href":"https:\/\/bahiaeconomica.com.br\/wp\/wp-json\/wp\/v2\/media?parent=919976"}],"wp:term":[{"taxonomy":"category","embeddable":true,"href":"https:\/\/bahiaeconomica.com.br\/wp\/wp-json\/wp\/v2\/categories?post=919976"},{"taxonomy":"post_tag","embeddable":true,"href":"https:\/\/bahiaeconomica.com.br\/wp\/wp-json\/wp\/v2\/tags?post=919976"}],"curies":[{"name":"wp","href":"https:\/\/api.w.org\/{rel}","templated":true}]}}