{"id":919832,"date":"2025-07-22T14:46:26","date_gmt":"2025-07-22T17:46:26","guid":{"rendered":"https:\/\/bahiaeconomica.com.br\/wp\/?p=919832"},"modified":"2025-07-22T14:46:26","modified_gmt":"2025-07-22T17:46:26","slug":"robotica-cultura-e-agro-movimentam-sete-zonas-turisticas-baianas","status":"publish","type":"post","link":"https:\/\/bahiaeconomica.com.br\/wp\/2025\/07\/22\/robotica-cultura-e-agro-movimentam-sete-zonas-turisticas-baianas\/","title":{"rendered":"ROB\u00d3TICA, CULTURA E AGRO MOVIMENTAM SETE ZONAS TUR\u00cdSTICAS BAIANAS"},"content":{"rendered":"<div class=\"v1elementToProof\">A RoboCup, conhecida como a &#8220;Copa do Mundo de Rob\u00f4s&#8221;, foi encerrada, no \u00faltimo domingo (20), no Centro de Conven\u00e7\u00f5es Salvador, ap\u00f3s quatro dias de programa\u00e7\u00e3o. Ela reuniu dois mil participantes de 40 pa\u00edses, entre profissionais e estudantes das \u00e1reas de rob\u00f3tica e intelig\u00eancia artificial, que apresentaram novidades do setor e disputaram competi\u00e7\u00f5es.<\/div>\n<div><\/div>\n<div>No estande institucional do Governo do Estado, que patrocinou o evento, houve receptivo da Secretaria de Turismo (Setur-BA), com baianas t\u00edpicas, distribui\u00e7\u00e3o de fitinhas do Senhor do Bonfim, chocolates e cocadas e apresenta\u00e7\u00e3o do grupo art\u00edstico Kannibais Bal\u00e9.<\/div>\n<div><\/div>\n<div><b>Cultura e turismo rural<\/b><\/div>\n<div><b>\u00a0<\/b><\/div>\n<div>No \u00faltimo fim de semana, eventos que tiveram apoio da Setur-BA movimentaram sete zonas tur\u00edsticas do estado, com a participa\u00e7\u00e3o de milhares de pessoas. Na regi\u00e3o da Ba\u00eda de Todos-os-Santos, o 2\u00ba Festival de Saubara &#8211; Renda e Cultura atraiu duas mil pessoas, com feira de artesanato e manifesta\u00e7\u00f5es populares, como a Barquinha Mirim, o Maculel\u00ea do Quilombo, a Chegan\u00e7a dos Marujos e o Concurso das Caretas de Papel\u00e3o.<\/div>\n<div><\/div>\n<div>No Vale do S\u00e3o Francisco, o distrito de Barra do Tarrachil, em Chorroch\u00f3, sediou o 11\u00ba Arrai\u00e1 do Tabuleiro. A festa reuniu cerca de 1,2 mil pessoas, que curtiram apresenta\u00e7\u00f5es de artistas regionais.<\/div>\n<div><\/div>\n<div>Na Chapada Diamantina, o distrito de Serra dos Morgados, em Jaguarari, foi palco do 3\u00ba Ecofestival do Caf\u00e9, que atraiu cinco mil participantes, entre moradores e produtores da Bahia e de diversas regi\u00f5es do pa\u00eds. Foram tr\u00eas dias de programa\u00e7\u00e3o, com oficinas, semin\u00e1rios, aulas de campo e capacita\u00e7\u00f5es voltadas para o fortalecimento da cafeicultura, al\u00e9m do incentivo ao turismo rural.<\/div>\n<div><\/div>\n<div>Nos Caminhos do Jiquiri\u00e7\u00e1, o S\u00e3o Pedro do Distrito Serra do Cem, em Nova Itarana, teve a presen\u00e7a contagiante do forrozeiro Dorgival Dantas, que animou a popula\u00e7\u00e3o local e visitantes. A tradi\u00e7\u00e3o tamb\u00e9m foi mantida, com o desfile do bloco Boca de Litro.<\/div>\n<div><\/div>\n<div>O Santaluz Fest comemorou os 90 anos de emancipa\u00e7\u00e3o pol\u00edtica do munic\u00edpio, integrante dos Caminhos do Sert\u00e3o. A festa atraiu grande p\u00fablico para os shows de Bell Marques, Pablo, Edson Gomes, Tayrone, Pagod&#8217;art e Matheus &amp; Kauan. Quem tamb\u00e9m fez anivers\u00e1rio foi Maiquinique, nos Caminhos do Sudoeste, que completou 62 anos de emancipa\u00e7\u00e3o, ao som de Thiago Aquino e Dan Valente. J\u00e1 na zona tur\u00edstica Caminhos do Oeste, a tradicional Festa do Alho de Crist\u00f3polis foi comemorada com apresenta\u00e7\u00f5es de Netto Brito, Toque Dez e Unha Pintada.<\/div>\n<div><\/div>\n<div>Foto: Reprodu\u00e7\u00e3o\/ SeturBa<\/div>\n<div><\/div>\n","protected":false},"excerpt":{"rendered":"<p>A RoboCup, conhecida como a &#8220;Copa do Mundo de Rob\u00f4s&#8221;, foi encerrada, no \u00faltimo domingo (20), no Centro de Conven\u00e7\u00f5es Salvador, ap\u00f3s quatro dias de programa\u00e7\u00e3o. Ela reuniu dois mil participantes de 40 pa\u00edses, entre profissionais e estudantes das \u00e1reas de rob\u00f3tica e intelig\u00eancia artificial, que apresentaram novidades do setor e disputaram competi\u00e7\u00f5es. No estande [&hellip;]<\/p>\n","protected":false},"author":24,"featured_media":919833,"comment_status":"closed","ping_status":"closed","sticky":false,"template":"","format":"standard","meta":[],"categories":[689,5],"tags":[933,746,15653],"acf":[],"yoast_head":"<!-- This site is optimized with the Yoast SEO plugin v20.8 - https:\/\/yoast.com\/wordpress\/plugins\/seo\/ -->\n<title>ROB\u00d3TICA, CULTURA E AGRO MOVIMENTAM SETE ZONAS TUR\u00cdSTICAS BAIANAS - Bahia Economica A RoboCup, conhecida como a &quot;Copa do Mundo de Rob\u00f4s&quot;, foi encerrada, no \u00faltimo domingo (20), no Centro de Conven\u00e7\u00f5es Salvador, ap\u00f3s quatro dias de programa\u00e7\u00e3o.<\/title>\n<meta name=\"description\" content=\"O maior portal de Economia da Bahia CULTURA E ARTE, MUNIC\u00cdPIOS Bahia Economica A RoboCup, conhecida como a &quot;Copa do Mundo de Rob\u00f4s&quot;, foi encerrada, no \u00faltimo domingo (20), no Centro de Conven\u00e7\u00f5es Salvador, ap\u00f3s quatro dias de programa\u00e7\u00e3o.\" \/>\n<meta name=\"robots\" content=\"index, follow, max-snippet:-1, max-image-preview:large, max-video-preview:-1\" \/>\n<link rel=\"canonical\" href=\"https:\/\/bahiaeconomica.com.br\/wp\/2025\/07\/22\/robotica-cultura-e-agro-movimentam-sete-zonas-turisticas-baianas\/\" \/>\n<meta property=\"og:locale\" content=\"pt_BR\" \/>\n<meta property=\"og:type\" content=\"article\" \/>\n<meta property=\"og:title\" content=\"ROB\u00d3TICA, CULTURA E AGRO MOVIMENTAM SETE ZONAS TUR\u00cdSTICAS BAIANAS - Bahia Economica A RoboCup, conhecida como a &quot;Copa do Mundo de Rob\u00f4s&quot;, foi encerrada, no \u00faltimo domingo (20), no Centro de Conven\u00e7\u00f5es Salvador, ap\u00f3s quatro dias de programa\u00e7\u00e3o.\" \/>\n<meta property=\"og:description\" content=\"O maior portal de Economia da Bahia CULTURA E ARTE, MUNIC\u00cdPIOS Bahia Economica A RoboCup, conhecida como a &quot;Copa do Mundo de Rob\u00f4s&quot;, foi encerrada, no \u00faltimo domingo (20), no Centro de Conven\u00e7\u00f5es Salvador, ap\u00f3s quatro dias de programa\u00e7\u00e3o.\" \/>\n<meta property=\"og:url\" content=\"https:\/\/bahiaeconomica.com.br\/wp\/2025\/07\/22\/robotica-cultura-e-agro-movimentam-sete-zonas-turisticas-baianas\/\" \/>\n<meta property=\"og:site_name\" content=\"Bahia Economica\" \/>\n<meta property=\"article:publisher\" content=\"https:\/\/www.facebook.com\/bahiaeconomica\" \/>\n<meta property=\"article:published_time\" content=\"2025-07-22T17:46:26+00:00\" \/>\n<meta property=\"og:image\" content=\"https:\/\/bahiaeconomica.com.br\/wp\/wp-content\/uploads\/2025\/07\/Robotica-cultura-e-agro-movimentam-sete-zonas-turisticas-baianas-Foto-SeturBA.png\" \/>\n\t<meta property=\"og:image:width\" content=\"1179\" \/>\n\t<meta property=\"og:image:height\" content=\"790\" \/>\n\t<meta property=\"og:image:type\" content=\"image\/png\" \/>\n<meta name=\"author\" content=\"VICTOR OLIVEIRA\" \/>\n<meta name=\"twitter:card\" content=\"summary_large_image\" \/>\n<meta name=\"twitter:label1\" content=\"Escrito por\" \/>\n\t<meta name=\"twitter:data1\" content=\"VICTOR OLIVEIRA\" \/>\n\t<meta name=\"twitter:label2\" content=\"Est. tempo de leitura\" \/>\n\t<meta name=\"twitter:data2\" content=\"3 minutos\" \/>\n<script type=\"application\/ld+json\" class=\"yoast-schema-graph\">{\"@context\":\"https:\/\/schema.org\",\"@graph\":[{\"@type\":\"Article\",\"@id\":\"https:\/\/bahiaeconomica.com.br\/wp\/2025\/07\/22\/robotica-cultura-e-agro-movimentam-sete-zonas-turisticas-baianas\/#article\",\"isPartOf\":{\"@id\":\"https:\/\/bahiaeconomica.com.br\/wp\/2025\/07\/22\/robotica-cultura-e-agro-movimentam-sete-zonas-turisticas-baianas\/\"},\"author\":{\"name\":\"VICTOR OLIVEIRA\",\"@id\":\"https:\/\/bahiaeconomica.com.br\/wp\/#\/schema\/person\/a17956d0e1112b626f403fb06b8129a9\"},\"headline\":\"ROB\u00d3TICA, CULTURA E AGRO MOVIMENTAM SETE ZONAS TUR\u00cdSTICAS BAIANAS\",\"datePublished\":\"2025-07-22T17:46:26+00:00\",\"dateModified\":\"2025-07-22T17:46:26+00:00\",\"mainEntityOfPage\":{\"@id\":\"https:\/\/bahiaeconomica.com.br\/wp\/2025\/07\/22\/robotica-cultura-e-agro-movimentam-sete-zonas-turisticas-baianas\/\"},\"wordCount\":439,\"publisher\":{\"@id\":\"https:\/\/bahiaeconomica.com.br\/wp\/#organization\"},\"keywords\":[\"cultura\",\"evento\",\"ROB\u00d3TICA\"],\"articleSection\":[\"CULTURA E ARTE\",\"MUNIC\u00cdPIOS\"],\"inLanguage\":\"pt-BR\"},{\"@type\":\"WebPage\",\"@id\":\"https:\/\/bahiaeconomica.com.br\/wp\/2025\/07\/22\/robotica-cultura-e-agro-movimentam-sete-zonas-turisticas-baianas\/\",\"url\":\"https:\/\/bahiaeconomica.com.br\/wp\/2025\/07\/22\/robotica-cultura-e-agro-movimentam-sete-zonas-turisticas-baianas\/\",\"name\":\"ROB\u00d3TICA, CULTURA E AGRO MOVIMENTAM SETE ZONAS TUR\u00cdSTICAS BAIANAS - Bahia Economica A RoboCup, conhecida como a \\\"Copa do Mundo de Rob\u00f4s\\\", foi encerrada, no \u00faltimo domingo (20), no Centro de Conven\u00e7\u00f5es Salvador, ap\u00f3s quatro dias de programa\u00e7\u00e3o.\",\"isPartOf\":{\"@id\":\"https:\/\/bahiaeconomica.com.br\/wp\/#website\"},\"datePublished\":\"2025-07-22T17:46:26+00:00\",\"dateModified\":\"2025-07-22T17:46:26+00:00\",\"description\":\"O maior portal de Economia da Bahia CULTURA E ARTE, MUNIC\u00cdPIOS Bahia Economica A RoboCup, conhecida como a \\\"Copa do Mundo de Rob\u00f4s\\\", foi encerrada, no \u00faltimo domingo (20), no Centro de Conven\u00e7\u00f5es Salvador, ap\u00f3s quatro dias de programa\u00e7\u00e3o.\",\"breadcrumb\":{\"@id\":\"https:\/\/bahiaeconomica.com.br\/wp\/2025\/07\/22\/robotica-cultura-e-agro-movimentam-sete-zonas-turisticas-baianas\/#breadcrumb\"},\"inLanguage\":\"pt-BR\",\"potentialAction\":[{\"@type\":\"ReadAction\",\"target\":[\"https:\/\/bahiaeconomica.com.br\/wp\/2025\/07\/22\/robotica-cultura-e-agro-movimentam-sete-zonas-turisticas-baianas\/\"]}]},{\"@type\":\"BreadcrumbList\",\"@id\":\"https:\/\/bahiaeconomica.com.br\/wp\/2025\/07\/22\/robotica-cultura-e-agro-movimentam-sete-zonas-turisticas-baianas\/#breadcrumb\",\"itemListElement\":[{\"@type\":\"ListItem\",\"position\":1,\"name\":\"In\u00edcio\",\"item\":\"https:\/\/bahiaeconomica.com.br\/wp\/\"},{\"@type\":\"ListItem\",\"position\":2,\"name\":\"ROB\u00d3TICA, CULTURA E AGRO MOVIMENTAM SETE ZONAS TUR\u00cdSTICAS BAIANAS\"}]},{\"@type\":\"WebSite\",\"@id\":\"https:\/\/bahiaeconomica.com.br\/wp\/#website\",\"url\":\"https:\/\/bahiaeconomica.com.br\/wp\/\",\"name\":\"Bahia Economica\",\"description\":\"O maior portal de Economia da Bahia\",\"publisher\":{\"@id\":\"https:\/\/bahiaeconomica.com.br\/wp\/#organization\"},\"potentialAction\":[{\"@type\":\"SearchAction\",\"target\":{\"@type\":\"EntryPoint\",\"urlTemplate\":\"https:\/\/bahiaeconomica.com.br\/wp\/?s={search_term_string}\"},\"query-input\":\"required name=search_term_string\"}],\"inLanguage\":\"pt-BR\"},{\"@type\":\"Organization\",\"@id\":\"https:\/\/bahiaeconomica.com.br\/wp\/#organization\",\"name\":\"Bahia Econ\u00f4mica\",\"url\":\"https:\/\/bahiaeconomica.com.br\/wp\/\",\"logo\":{\"@type\":\"ImageObject\",\"inLanguage\":\"pt-BR\",\"@id\":\"https:\/\/bahiaeconomica.com.br\/wp\/#\/schema\/logo\/image\/\",\"url\":\"https:\/\/bahiaeconomica.com.br\/wp\/wp-content\/uploads\/2020\/12\/cropped-BE.png\",\"contentUrl\":\"https:\/\/bahiaeconomica.com.br\/wp\/wp-content\/uploads\/2020\/12\/cropped-BE.png\",\"width\":512,\"height\":512,\"caption\":\"Bahia Econ\u00f4mica\"},\"image\":{\"@id\":\"https:\/\/bahiaeconomica.com.br\/wp\/#\/schema\/logo\/image\/\"},\"sameAs\":[\"https:\/\/www.facebook.com\/bahiaeconomica\"]},{\"@type\":\"Person\",\"@id\":\"https:\/\/bahiaeconomica.com.br\/wp\/#\/schema\/person\/a17956d0e1112b626f403fb06b8129a9\",\"name\":\"VICTOR OLIVEIRA\",\"sameAs\":[\"http:\/\/www.bahiaeconomica.com.br\"],\"url\":\"https:\/\/bahiaeconomica.com.br\/wp\/author\/victor-oliveira\/\"}]}<\/script>\n<!-- \/ Yoast SEO plugin. -->","yoast_head_json":{"title":"ROB\u00d3TICA, CULTURA E AGRO MOVIMENTAM SETE ZONAS TUR\u00cdSTICAS BAIANAS - Bahia Economica A RoboCup, conhecida como a \"Copa do Mundo de Rob\u00f4s\", foi encerrada, no \u00faltimo domingo (20), no Centro de Conven\u00e7\u00f5es Salvador, ap\u00f3s quatro dias de programa\u00e7\u00e3o.","description":"O maior portal de Economia da Bahia CULTURA E ARTE, MUNIC\u00cdPIOS Bahia Economica A RoboCup, conhecida como a \"Copa do Mundo de Rob\u00f4s\", foi encerrada, no \u00faltimo domingo (20), no Centro de Conven\u00e7\u00f5es Salvador, ap\u00f3s quatro dias de programa\u00e7\u00e3o.","robots":{"index":"index","follow":"follow","max-snippet":"max-snippet:-1","max-image-preview":"max-image-preview:large","max-video-preview":"max-video-preview:-1"},"canonical":"https:\/\/bahiaeconomica.com.br\/wp\/2025\/07\/22\/robotica-cultura-e-agro-movimentam-sete-zonas-turisticas-baianas\/","og_locale":"pt_BR","og_type":"article","og_title":"ROB\u00d3TICA, CULTURA E AGRO MOVIMENTAM SETE ZONAS TUR\u00cdSTICAS BAIANAS - Bahia Economica A RoboCup, conhecida como a \"Copa do Mundo de Rob\u00f4s\", foi encerrada, no \u00faltimo domingo (20), no Centro de Conven\u00e7\u00f5es Salvador, ap\u00f3s quatro dias de programa\u00e7\u00e3o.","og_description":"O maior portal de Economia da Bahia CULTURA E ARTE, MUNIC\u00cdPIOS Bahia Economica A RoboCup, conhecida como a \"Copa do Mundo de Rob\u00f4s\", foi encerrada, no \u00faltimo domingo (20), no Centro de Conven\u00e7\u00f5es Salvador, ap\u00f3s quatro dias de programa\u00e7\u00e3o.","og_url":"https:\/\/bahiaeconomica.com.br\/wp\/2025\/07\/22\/robotica-cultura-e-agro-movimentam-sete-zonas-turisticas-baianas\/","og_site_name":"Bahia Economica","article_publisher":"https:\/\/www.facebook.com\/bahiaeconomica","article_published_time":"2025-07-22T17:46:26+00:00","og_image":[{"width":1179,"height":790,"url":"https:\/\/bahiaeconomica.com.br\/wp\/wp-content\/uploads\/2025\/07\/Robotica-cultura-e-agro-movimentam-sete-zonas-turisticas-baianas-Foto-SeturBA.png","type":"image\/png"}],"author":"VICTOR OLIVEIRA","twitter_card":"summary_large_image","twitter_misc":{"Escrito por":"VICTOR OLIVEIRA","Est. tempo de leitura":"3 minutos"},"schema":{"@context":"https:\/\/schema.org","@graph":[{"@type":"Article","@id":"https:\/\/bahiaeconomica.com.br\/wp\/2025\/07\/22\/robotica-cultura-e-agro-movimentam-sete-zonas-turisticas-baianas\/#article","isPartOf":{"@id":"https:\/\/bahiaeconomica.com.br\/wp\/2025\/07\/22\/robotica-cultura-e-agro-movimentam-sete-zonas-turisticas-baianas\/"},"author":{"name":"VICTOR OLIVEIRA","@id":"https:\/\/bahiaeconomica.com.br\/wp\/#\/schema\/person\/a17956d0e1112b626f403fb06b8129a9"},"headline":"ROB\u00d3TICA, CULTURA E AGRO MOVIMENTAM SETE ZONAS TUR\u00cdSTICAS BAIANAS","datePublished":"2025-07-22T17:46:26+00:00","dateModified":"2025-07-22T17:46:26+00:00","mainEntityOfPage":{"@id":"https:\/\/bahiaeconomica.com.br\/wp\/2025\/07\/22\/robotica-cultura-e-agro-movimentam-sete-zonas-turisticas-baianas\/"},"wordCount":439,"publisher":{"@id":"https:\/\/bahiaeconomica.com.br\/wp\/#organization"},"keywords":["cultura","evento","ROB\u00d3TICA"],"articleSection":["CULTURA E ARTE","MUNIC\u00cdPIOS"],"inLanguage":"pt-BR"},{"@type":"WebPage","@id":"https:\/\/bahiaeconomica.com.br\/wp\/2025\/07\/22\/robotica-cultura-e-agro-movimentam-sete-zonas-turisticas-baianas\/","url":"https:\/\/bahiaeconomica.com.br\/wp\/2025\/07\/22\/robotica-cultura-e-agro-movimentam-sete-zonas-turisticas-baianas\/","name":"ROB\u00d3TICA, CULTURA E AGRO MOVIMENTAM SETE ZONAS TUR\u00cdSTICAS BAIANAS - Bahia Economica A RoboCup, conhecida como a \"Copa do Mundo de Rob\u00f4s\", foi encerrada, no \u00faltimo domingo (20), no Centro de Conven\u00e7\u00f5es Salvador, ap\u00f3s quatro dias de programa\u00e7\u00e3o.","isPartOf":{"@id":"https:\/\/bahiaeconomica.com.br\/wp\/#website"},"datePublished":"2025-07-22T17:46:26+00:00","dateModified":"2025-07-22T17:46:26+00:00","description":"O maior portal de Economia da Bahia CULTURA E ARTE, MUNIC\u00cdPIOS Bahia Economica A RoboCup, conhecida como a \"Copa do Mundo de Rob\u00f4s\", foi encerrada, no \u00faltimo domingo (20), no Centro de Conven\u00e7\u00f5es Salvador, ap\u00f3s quatro dias de programa\u00e7\u00e3o.","breadcrumb":{"@id":"https:\/\/bahiaeconomica.com.br\/wp\/2025\/07\/22\/robotica-cultura-e-agro-movimentam-sete-zonas-turisticas-baianas\/#breadcrumb"},"inLanguage":"pt-BR","potentialAction":[{"@type":"ReadAction","target":["https:\/\/bahiaeconomica.com.br\/wp\/2025\/07\/22\/robotica-cultura-e-agro-movimentam-sete-zonas-turisticas-baianas\/"]}]},{"@type":"BreadcrumbList","@id":"https:\/\/bahiaeconomica.com.br\/wp\/2025\/07\/22\/robotica-cultura-e-agro-movimentam-sete-zonas-turisticas-baianas\/#breadcrumb","itemListElement":[{"@type":"ListItem","position":1,"name":"In\u00edcio","item":"https:\/\/bahiaeconomica.com.br\/wp\/"},{"@type":"ListItem","position":2,"name":"ROB\u00d3TICA, CULTURA E AGRO MOVIMENTAM SETE ZONAS TUR\u00cdSTICAS BAIANAS"}]},{"@type":"WebSite","@id":"https:\/\/bahiaeconomica.com.br\/wp\/#website","url":"https:\/\/bahiaeconomica.com.br\/wp\/","name":"Bahia Economica","description":"O maior portal de Economia da Bahia","publisher":{"@id":"https:\/\/bahiaeconomica.com.br\/wp\/#organization"},"potentialAction":[{"@type":"SearchAction","target":{"@type":"EntryPoint","urlTemplate":"https:\/\/bahiaeconomica.com.br\/wp\/?s={search_term_string}"},"query-input":"required name=search_term_string"}],"inLanguage":"pt-BR"},{"@type":"Organization","@id":"https:\/\/bahiaeconomica.com.br\/wp\/#organization","name":"Bahia Econ\u00f4mica","url":"https:\/\/bahiaeconomica.com.br\/wp\/","logo":{"@type":"ImageObject","inLanguage":"pt-BR","@id":"https:\/\/bahiaeconomica.com.br\/wp\/#\/schema\/logo\/image\/","url":"https:\/\/bahiaeconomica.com.br\/wp\/wp-content\/uploads\/2020\/12\/cropped-BE.png","contentUrl":"https:\/\/bahiaeconomica.com.br\/wp\/wp-content\/uploads\/2020\/12\/cropped-BE.png","width":512,"height":512,"caption":"Bahia Econ\u00f4mica"},"image":{"@id":"https:\/\/bahiaeconomica.com.br\/wp\/#\/schema\/logo\/image\/"},"sameAs":["https:\/\/www.facebook.com\/bahiaeconomica"]},{"@type":"Person","@id":"https:\/\/bahiaeconomica.com.br\/wp\/#\/schema\/person\/a17956d0e1112b626f403fb06b8129a9","name":"VICTOR OLIVEIRA","sameAs":["http:\/\/www.bahiaeconomica.com.br"],"url":"https:\/\/bahiaeconomica.com.br\/wp\/author\/victor-oliveira\/"}]}},"views":7,"_links":{"self":[{"href":"https:\/\/bahiaeconomica.com.br\/wp\/wp-json\/wp\/v2\/posts\/919832"}],"collection":[{"href":"https:\/\/bahiaeconomica.com.br\/wp\/wp-json\/wp\/v2\/posts"}],"about":[{"href":"https:\/\/bahiaeconomica.com.br\/wp\/wp-json\/wp\/v2\/types\/post"}],"author":[{"embeddable":true,"href":"https:\/\/bahiaeconomica.com.br\/wp\/wp-json\/wp\/v2\/users\/24"}],"replies":[{"embeddable":true,"href":"https:\/\/bahiaeconomica.com.br\/wp\/wp-json\/wp\/v2\/comments?post=919832"}],"version-history":[{"count":1,"href":"https:\/\/bahiaeconomica.com.br\/wp\/wp-json\/wp\/v2\/posts\/919832\/revisions"}],"predecessor-version":[{"id":919834,"href":"https:\/\/bahiaeconomica.com.br\/wp\/wp-json\/wp\/v2\/posts\/919832\/revisions\/919834"}],"wp:featuredmedia":[{"embeddable":true,"href":"https:\/\/bahiaeconomica.com.br\/wp\/wp-json\/wp\/v2\/media\/919833"}],"wp:attachment":[{"href":"https:\/\/bahiaeconomica.com.br\/wp\/wp-json\/wp\/v2\/media?parent=919832"}],"wp:term":[{"taxonomy":"category","embeddable":true,"href":"https:\/\/bahiaeconomica.com.br\/wp\/wp-json\/wp\/v2\/categories?post=919832"},{"taxonomy":"post_tag","embeddable":true,"href":"https:\/\/bahiaeconomica.com.br\/wp\/wp-json\/wp\/v2\/tags?post=919832"}],"curies":[{"name":"wp","href":"https:\/\/api.w.org\/{rel}","templated":true}]}}