{"id":919816,"date":"2025-07-22T14:28:22","date_gmt":"2025-07-22T17:28:22","guid":{"rendered":"https:\/\/bahiaeconomica.com.br\/wp\/?p=919816"},"modified":"2025-07-22T14:28:22","modified_gmt":"2025-07-22T17:28:22","slug":"oposicao-abre-comissoes-na-camara-durante-o-recesso-para-defender-bolsonaro-de-moraes","status":"publish","type":"post","link":"https:\/\/bahiaeconomica.com.br\/wp\/2025\/07\/22\/oposicao-abre-comissoes-na-camara-durante-o-recesso-para-defender-bolsonaro-de-moraes\/","title":{"rendered":"OPOSI\u00c7\u00c3O ABRE COMISS\u00d5ES NA C\u00c2MARA DURANTE O RECESSO PARA DEFENDER BOLSONARO DE MORAES"},"content":{"rendered":"<p>Mesmo estando em recesso, duas comiss\u00f5es da C\u00e2mara dos Deputados estar\u00e3o em atividade nesta ter\u00e7a-feira, 22, para fazer a defesa do ex-presidente Jair Bolsonaro (PL), que acompanhar\u00e1 as sess\u00f5es. Os colegiados de Seguran\u00e7a P\u00fablica e de Rela\u00e7\u00f5es Exteriores \u2013 ambos presididos por parlamentares do PL \u2013 far\u00e3o sess\u00e3o para votar mo\u00e7\u00f5es de rep\u00fadio a Bolsonaro.<\/p>\n<p>Na Comiss\u00e3o de Seguran\u00e7a, o requerimento tem a assinatura de membros do colegiado e \u00e9 encabe\u00e7ada pelo l\u00edder da oposi\u00e7\u00e3o, Zucco (PL-RS)<\/p>\n<p>\u201cEsta comiss\u00e3o entende como leg\u00edtimo e necess\u00e1rio manifestar solidariedade formal ao ex-presidente Jair Messias Bolsonaro, em respeito ao princ\u00edpio da presun\u00e7\u00e3o de inoc\u00eancia, ao devido processo legal e \u00e0 prote\u00e7\u00e3o dos direitos fundamentais\u201d, justificou.<\/p>\n<p>Na Comiss\u00e3o de Rela\u00e7\u00f5es Exteriores, h\u00e1 dois requerimentos: um do l\u00edder do PL na C\u00e2mara, S\u00f3stenes Cavalcante (RJ), e outro do deputado Evair Vieira de Melo (PP-ES), vice-l\u00edder da oposi\u00e7\u00e3o.<\/p>\n<p>S\u00f3stenes disse que apresentou o requerimento porque Bolsonaro \u201crecuperou o Pa\u00eds da trag\u00e9dia ao longo de 14 anos de gest\u00f5es petistas. Ele ent\u00e3o elenca 16 feitos \u201cfara\u00f4nicos\u201d do ex-presidente.<\/p>\n<p>Ainda h\u00e1 uma indefini\u00e7\u00e3o at\u00e9 mesmo por onde seria feita a sess\u00e3o. O corredor das comiss\u00f5es da C\u00e2mara est\u00e1 passando por obras durante essas duas semanas de recesso. A Comiss\u00e3o de Seguran\u00e7a j\u00e1 conseguiu agendar uma sala \u2013 j\u00e1 a de Rela\u00e7\u00f5es Exteriores n\u00e3o definiu uma sala.<\/p>\n<p>Deputados bolsonaristas vieram a Bras\u00edlia nesta semana mesmo ap\u00f3s o in\u00edcio do recesso parlamentar \u2013 ocorrido na \u00faltima sexta-feira, 17, para discutir com o ex-presidente rea\u00e7\u00f5es ao ministro Alexandre de Moraes, do Supremo Tribunal Federal (STF), que determinou medidas restritivas ao ex-presidente.<\/p>\n<p>A estrat\u00e9gia inicial consistia em pedir a retomada da atividade legislativa na C\u00e2mara e no Senado Federal. O pleito acabou frustrado ap\u00f3s Hugo Motta (Republicanos-PB) e Davi Alcolumbre (Uni\u00e3o-AP), presidentes da C\u00e2mara e do Senado, respectivamente, decidirem por manter o recesso de duas semanas.<\/p>\n<p>Como alternativa, foi pensada essa sess\u00e3o emergencial nas duas comiss\u00f5es e a forma\u00e7\u00e3o de comiss\u00f5es para discutir estrat\u00e9gias de comunica\u00e7\u00e3o e organizar manifesta\u00e7\u00f5es.<\/p>\n<p>Ap\u00f3s o recesso, no Senado, o plano \u00e9 colocar em pauta o impeachment de Moraes; na C\u00e2mara, o objetivo \u00e9 aprovar uma proposta de emenda \u00e0 Constitui\u00e7\u00e3o (PEC) do fim do foro privilegiado e a anistia aos presos do 8 de Janeiro.<\/p>\n<p>Como mostrou o\u00a0Estad\u00e3o, a estrat\u00e9gia de votar mo\u00e7\u00f5es de louvor j\u00e1 \u00e9 costumeira nos dois colegiados. Dados mostram que a Comiss\u00e3o de Seguran\u00e7a P\u00fablica dedicou, entre 2023 e 2025, um ter\u00e7o de propostas votadas para louvar ou elogiar algu\u00e9m.<\/p>\n<p>O presidente da comiss\u00e3o de Seguran\u00e7a, Paulo Bilynskyj (PL-SP) disse que o colegiado \u00e9 \u201crefer\u00eancia entre os colegiados da Casa\u201d e a aprova\u00e7\u00e3o de requerimentos e mo\u00e7\u00f5es \u00e9 \u201cum instrumento leg\u00edtimo e essencial para que parlamentares se posicionem oficialmente sobre temas relevantes para o Pa\u00eds\u201d.<\/p>\n<p>Fonte: Estad\u00e3o Conte\u00fado<\/p>\n<p>Foto: \u00a0Alan Santos\/C\u00e2mara dos Deputados<\/p>\n","protected":false},"excerpt":{"rendered":"<p>Mesmo estando em recesso, duas comiss\u00f5es da C\u00e2mara dos Deputados estar\u00e3o em atividade nesta ter\u00e7a-feira, 22, para fazer a defesa do ex-presidente Jair Bolsonaro (PL), que acompanhar\u00e1 as sess\u00f5es. Os colegiados de Seguran\u00e7a P\u00fablica e de Rela\u00e7\u00f5es Exteriores \u2013 ambos presididos por parlamentares do PL \u2013 far\u00e3o sess\u00e3o para votar mo\u00e7\u00f5es de rep\u00fadio a Bolsonaro. [&hellip;]<\/p>\n","protected":false},"author":24,"featured_media":919819,"comment_status":"closed","ping_status":"closed","sticky":false,"template":"","format":"standard","meta":[],"categories":[14601],"tags":[1443,1033,187],"acf":[],"yoast_head":"<!-- This site is optimized with the Yoast SEO plugin v20.8 - https:\/\/yoast.com\/wordpress\/plugins\/seo\/ -->\n<title>OPOSI\u00c7\u00c3O ABRE COMISS\u00d5ES NA C\u00c2MARA DURANTE O RECESSO PARA DEFENDER BOLSONARO DE MORAES - Bahia Economica Mesmo estando em recesso, duas comiss\u00f5es da C\u00e2mara dos Deputados estar\u00e3o em atividade nesta ter\u00e7a-feira, 22, para fazer a defesa do ex-presidente Jair Bolsonaro (PL), que acompanhar\u00e1 as sess\u00f5es.<\/title>\n<meta name=\"description\" content=\"O maior portal de Economia da Bahia Pol\u00edtica Bahia Economica Mesmo estando em recesso, duas comiss\u00f5es da C\u00e2mara dos Deputados estar\u00e3o em atividade nesta ter\u00e7a-feira, 22, para fazer a defesa do ex-presidente Jair Bolsonaro (PL), que acompanhar\u00e1 as sess\u00f5es.\" \/>\n<meta name=\"robots\" content=\"index, follow, max-snippet:-1, max-image-preview:large, max-video-preview:-1\" \/>\n<link rel=\"canonical\" href=\"https:\/\/bahiaeconomica.com.br\/wp\/2025\/07\/22\/oposicao-abre-comissoes-na-camara-durante-o-recesso-para-defender-bolsonaro-de-moraes\/\" \/>\n<meta property=\"og:locale\" content=\"pt_BR\" \/>\n<meta property=\"og:type\" content=\"article\" \/>\n<meta property=\"og:title\" content=\"OPOSI\u00c7\u00c3O ABRE COMISS\u00d5ES NA C\u00c2MARA DURANTE O RECESSO PARA DEFENDER BOLSONARO DE MORAES - Bahia Economica Mesmo estando em recesso, duas comiss\u00f5es da C\u00e2mara dos Deputados estar\u00e3o em atividade nesta ter\u00e7a-feira, 22, para fazer a defesa do ex-presidente Jair Bolsonaro (PL), que acompanhar\u00e1 as sess\u00f5es.\" \/>\n<meta property=\"og:description\" content=\"O maior portal de Economia da Bahia Pol\u00edtica Bahia Economica Mesmo estando em recesso, duas comiss\u00f5es da C\u00e2mara dos Deputados estar\u00e3o em atividade nesta ter\u00e7a-feira, 22, para fazer a defesa do ex-presidente Jair Bolsonaro (PL), que acompanhar\u00e1 as sess\u00f5es.\" \/>\n<meta property=\"og:url\" content=\"https:\/\/bahiaeconomica.com.br\/wp\/2025\/07\/22\/oposicao-abre-comissoes-na-camara-durante-o-recesso-para-defender-bolsonaro-de-moraes\/\" \/>\n<meta property=\"og:site_name\" content=\"Bahia Economica\" \/>\n<meta property=\"article:publisher\" content=\"https:\/\/www.facebook.com\/bahiaeconomica\" \/>\n<meta property=\"article:published_time\" content=\"2025-07-22T17:28:22+00:00\" \/>\n<meta property=\"og:image\" content=\"https:\/\/bahiaeconomica.com.br\/wp\/wp-content\/uploads\/2025\/07\/PL-2-620x616-1.jpg\" \/>\n\t<meta property=\"og:image:width\" content=\"620\" \/>\n\t<meta property=\"og:image:height\" content=\"616\" \/>\n\t<meta property=\"og:image:type\" content=\"image\/jpeg\" \/>\n<meta name=\"author\" content=\"VICTOR OLIVEIRA\" \/>\n<meta name=\"twitter:card\" content=\"summary_large_image\" \/>\n<meta name=\"twitter:label1\" content=\"Escrito por\" \/>\n\t<meta name=\"twitter:data1\" content=\"VICTOR OLIVEIRA\" \/>\n\t<meta name=\"twitter:label2\" content=\"Est. tempo de leitura\" \/>\n\t<meta name=\"twitter:data2\" content=\"3 minutos\" \/>\n<script type=\"application\/ld+json\" class=\"yoast-schema-graph\">{\"@context\":\"https:\/\/schema.org\",\"@graph\":[{\"@type\":\"Article\",\"@id\":\"https:\/\/bahiaeconomica.com.br\/wp\/2025\/07\/22\/oposicao-abre-comissoes-na-camara-durante-o-recesso-para-defender-bolsonaro-de-moraes\/#article\",\"isPartOf\":{\"@id\":\"https:\/\/bahiaeconomica.com.br\/wp\/2025\/07\/22\/oposicao-abre-comissoes-na-camara-durante-o-recesso-para-defender-bolsonaro-de-moraes\/\"},\"author\":{\"name\":\"VICTOR OLIVEIRA\",\"@id\":\"https:\/\/bahiaeconomica.com.br\/wp\/#\/schema\/person\/a17956d0e1112b626f403fb06b8129a9\"},\"headline\":\"OPOSI\u00c7\u00c3O ABRE COMISS\u00d5ES NA C\u00c2MARA DURANTE O RECESSO PARA DEFENDER BOLSONARO DE MORAES\",\"datePublished\":\"2025-07-22T17:28:22+00:00\",\"dateModified\":\"2025-07-22T17:28:22+00:00\",\"mainEntityOfPage\":{\"@id\":\"https:\/\/bahiaeconomica.com.br\/wp\/2025\/07\/22\/oposicao-abre-comissoes-na-camara-durante-o-recesso-para-defender-bolsonaro-de-moraes\/\"},\"wordCount\":541,\"publisher\":{\"@id\":\"https:\/\/bahiaeconomica.com.br\/wp\/#organization\"},\"keywords\":[\"comissao\",\"deputados\",\"Jair Bolsonaro\"],\"articleSection\":[\"Pol\u00edtica\"],\"inLanguage\":\"pt-BR\"},{\"@type\":\"WebPage\",\"@id\":\"https:\/\/bahiaeconomica.com.br\/wp\/2025\/07\/22\/oposicao-abre-comissoes-na-camara-durante-o-recesso-para-defender-bolsonaro-de-moraes\/\",\"url\":\"https:\/\/bahiaeconomica.com.br\/wp\/2025\/07\/22\/oposicao-abre-comissoes-na-camara-durante-o-recesso-para-defender-bolsonaro-de-moraes\/\",\"name\":\"OPOSI\u00c7\u00c3O ABRE COMISS\u00d5ES NA C\u00c2MARA DURANTE O RECESSO PARA DEFENDER BOLSONARO DE MORAES - Bahia Economica Mesmo estando em recesso, duas comiss\u00f5es da C\u00e2mara dos Deputados estar\u00e3o em atividade nesta ter\u00e7a-feira, 22, para fazer a defesa do ex-presidente Jair Bolsonaro (PL), que acompanhar\u00e1 as sess\u00f5es.\",\"isPartOf\":{\"@id\":\"https:\/\/bahiaeconomica.com.br\/wp\/#website\"},\"datePublished\":\"2025-07-22T17:28:22+00:00\",\"dateModified\":\"2025-07-22T17:28:22+00:00\",\"description\":\"O maior portal de Economia da Bahia Pol\u00edtica Bahia Economica Mesmo estando em recesso, duas comiss\u00f5es da C\u00e2mara dos Deputados estar\u00e3o em atividade nesta ter\u00e7a-feira, 22, para fazer a defesa do ex-presidente Jair Bolsonaro (PL), que acompanhar\u00e1 as sess\u00f5es.\",\"breadcrumb\":{\"@id\":\"https:\/\/bahiaeconomica.com.br\/wp\/2025\/07\/22\/oposicao-abre-comissoes-na-camara-durante-o-recesso-para-defender-bolsonaro-de-moraes\/#breadcrumb\"},\"inLanguage\":\"pt-BR\",\"potentialAction\":[{\"@type\":\"ReadAction\",\"target\":[\"https:\/\/bahiaeconomica.com.br\/wp\/2025\/07\/22\/oposicao-abre-comissoes-na-camara-durante-o-recesso-para-defender-bolsonaro-de-moraes\/\"]}]},{\"@type\":\"BreadcrumbList\",\"@id\":\"https:\/\/bahiaeconomica.com.br\/wp\/2025\/07\/22\/oposicao-abre-comissoes-na-camara-durante-o-recesso-para-defender-bolsonaro-de-moraes\/#breadcrumb\",\"itemListElement\":[{\"@type\":\"ListItem\",\"position\":1,\"name\":\"In\u00edcio\",\"item\":\"https:\/\/bahiaeconomica.com.br\/wp\/\"},{\"@type\":\"ListItem\",\"position\":2,\"name\":\"OPOSI\u00c7\u00c3O ABRE COMISS\u00d5ES NA C\u00c2MARA DURANTE O RECESSO PARA DEFENDER BOLSONARO DE MORAES\"}]},{\"@type\":\"WebSite\",\"@id\":\"https:\/\/bahiaeconomica.com.br\/wp\/#website\",\"url\":\"https:\/\/bahiaeconomica.com.br\/wp\/\",\"name\":\"Bahia Economica\",\"description\":\"O maior portal de Economia da Bahia\",\"publisher\":{\"@id\":\"https:\/\/bahiaeconomica.com.br\/wp\/#organization\"},\"potentialAction\":[{\"@type\":\"SearchAction\",\"target\":{\"@type\":\"EntryPoint\",\"urlTemplate\":\"https:\/\/bahiaeconomica.com.br\/wp\/?s={search_term_string}\"},\"query-input\":\"required name=search_term_string\"}],\"inLanguage\":\"pt-BR\"},{\"@type\":\"Organization\",\"@id\":\"https:\/\/bahiaeconomica.com.br\/wp\/#organization\",\"name\":\"Bahia Econ\u00f4mica\",\"url\":\"https:\/\/bahiaeconomica.com.br\/wp\/\",\"logo\":{\"@type\":\"ImageObject\",\"inLanguage\":\"pt-BR\",\"@id\":\"https:\/\/bahiaeconomica.com.br\/wp\/#\/schema\/logo\/image\/\",\"url\":\"https:\/\/bahiaeconomica.com.br\/wp\/wp-content\/uploads\/2020\/12\/cropped-BE.png\",\"contentUrl\":\"https:\/\/bahiaeconomica.com.br\/wp\/wp-content\/uploads\/2020\/12\/cropped-BE.png\",\"width\":512,\"height\":512,\"caption\":\"Bahia Econ\u00f4mica\"},\"image\":{\"@id\":\"https:\/\/bahiaeconomica.com.br\/wp\/#\/schema\/logo\/image\/\"},\"sameAs\":[\"https:\/\/www.facebook.com\/bahiaeconomica\"]},{\"@type\":\"Person\",\"@id\":\"https:\/\/bahiaeconomica.com.br\/wp\/#\/schema\/person\/a17956d0e1112b626f403fb06b8129a9\",\"name\":\"VICTOR OLIVEIRA\",\"sameAs\":[\"http:\/\/www.bahiaeconomica.com.br\"],\"url\":\"https:\/\/bahiaeconomica.com.br\/wp\/author\/victor-oliveira\/\"}]}<\/script>\n<!-- \/ Yoast SEO plugin. -->","yoast_head_json":{"title":"OPOSI\u00c7\u00c3O ABRE COMISS\u00d5ES NA C\u00c2MARA DURANTE O RECESSO PARA DEFENDER BOLSONARO DE MORAES - Bahia Economica Mesmo estando em recesso, duas comiss\u00f5es da C\u00e2mara dos Deputados estar\u00e3o em atividade nesta ter\u00e7a-feira, 22, para fazer a defesa do ex-presidente Jair Bolsonaro (PL), que acompanhar\u00e1 as sess\u00f5es.","description":"O maior portal de Economia da Bahia Pol\u00edtica Bahia Economica Mesmo estando em recesso, duas comiss\u00f5es da C\u00e2mara dos Deputados estar\u00e3o em atividade nesta ter\u00e7a-feira, 22, para fazer a defesa do ex-presidente Jair Bolsonaro (PL), que acompanhar\u00e1 as sess\u00f5es.","robots":{"index":"index","follow":"follow","max-snippet":"max-snippet:-1","max-image-preview":"max-image-preview:large","max-video-preview":"max-video-preview:-1"},"canonical":"https:\/\/bahiaeconomica.com.br\/wp\/2025\/07\/22\/oposicao-abre-comissoes-na-camara-durante-o-recesso-para-defender-bolsonaro-de-moraes\/","og_locale":"pt_BR","og_type":"article","og_title":"OPOSI\u00c7\u00c3O ABRE COMISS\u00d5ES NA C\u00c2MARA DURANTE O RECESSO PARA DEFENDER BOLSONARO DE MORAES - Bahia Economica Mesmo estando em recesso, duas comiss\u00f5es da C\u00e2mara dos Deputados estar\u00e3o em atividade nesta ter\u00e7a-feira, 22, para fazer a defesa do ex-presidente Jair Bolsonaro (PL), que acompanhar\u00e1 as sess\u00f5es.","og_description":"O maior portal de Economia da Bahia Pol\u00edtica Bahia Economica Mesmo estando em recesso, duas comiss\u00f5es da C\u00e2mara dos Deputados estar\u00e3o em atividade nesta ter\u00e7a-feira, 22, para fazer a defesa do ex-presidente Jair Bolsonaro (PL), que acompanhar\u00e1 as sess\u00f5es.","og_url":"https:\/\/bahiaeconomica.com.br\/wp\/2025\/07\/22\/oposicao-abre-comissoes-na-camara-durante-o-recesso-para-defender-bolsonaro-de-moraes\/","og_site_name":"Bahia Economica","article_publisher":"https:\/\/www.facebook.com\/bahiaeconomica","article_published_time":"2025-07-22T17:28:22+00:00","og_image":[{"width":620,"height":616,"url":"https:\/\/bahiaeconomica.com.br\/wp\/wp-content\/uploads\/2025\/07\/PL-2-620x616-1.jpg","type":"image\/jpeg"}],"author":"VICTOR OLIVEIRA","twitter_card":"summary_large_image","twitter_misc":{"Escrito por":"VICTOR OLIVEIRA","Est. tempo de leitura":"3 minutos"},"schema":{"@context":"https:\/\/schema.org","@graph":[{"@type":"Article","@id":"https:\/\/bahiaeconomica.com.br\/wp\/2025\/07\/22\/oposicao-abre-comissoes-na-camara-durante-o-recesso-para-defender-bolsonaro-de-moraes\/#article","isPartOf":{"@id":"https:\/\/bahiaeconomica.com.br\/wp\/2025\/07\/22\/oposicao-abre-comissoes-na-camara-durante-o-recesso-para-defender-bolsonaro-de-moraes\/"},"author":{"name":"VICTOR OLIVEIRA","@id":"https:\/\/bahiaeconomica.com.br\/wp\/#\/schema\/person\/a17956d0e1112b626f403fb06b8129a9"},"headline":"OPOSI\u00c7\u00c3O ABRE COMISS\u00d5ES NA C\u00c2MARA DURANTE O RECESSO PARA DEFENDER BOLSONARO DE MORAES","datePublished":"2025-07-22T17:28:22+00:00","dateModified":"2025-07-22T17:28:22+00:00","mainEntityOfPage":{"@id":"https:\/\/bahiaeconomica.com.br\/wp\/2025\/07\/22\/oposicao-abre-comissoes-na-camara-durante-o-recesso-para-defender-bolsonaro-de-moraes\/"},"wordCount":541,"publisher":{"@id":"https:\/\/bahiaeconomica.com.br\/wp\/#organization"},"keywords":["comissao","deputados","Jair Bolsonaro"],"articleSection":["Pol\u00edtica"],"inLanguage":"pt-BR"},{"@type":"WebPage","@id":"https:\/\/bahiaeconomica.com.br\/wp\/2025\/07\/22\/oposicao-abre-comissoes-na-camara-durante-o-recesso-para-defender-bolsonaro-de-moraes\/","url":"https:\/\/bahiaeconomica.com.br\/wp\/2025\/07\/22\/oposicao-abre-comissoes-na-camara-durante-o-recesso-para-defender-bolsonaro-de-moraes\/","name":"OPOSI\u00c7\u00c3O ABRE COMISS\u00d5ES NA C\u00c2MARA DURANTE O RECESSO PARA DEFENDER BOLSONARO DE MORAES - Bahia Economica Mesmo estando em recesso, duas comiss\u00f5es da C\u00e2mara dos Deputados estar\u00e3o em atividade nesta ter\u00e7a-feira, 22, para fazer a defesa do ex-presidente Jair Bolsonaro (PL), que acompanhar\u00e1 as sess\u00f5es.","isPartOf":{"@id":"https:\/\/bahiaeconomica.com.br\/wp\/#website"},"datePublished":"2025-07-22T17:28:22+00:00","dateModified":"2025-07-22T17:28:22+00:00","description":"O maior portal de Economia da Bahia Pol\u00edtica Bahia Economica Mesmo estando em recesso, duas comiss\u00f5es da C\u00e2mara dos Deputados estar\u00e3o em atividade nesta ter\u00e7a-feira, 22, para fazer a defesa do ex-presidente Jair Bolsonaro (PL), que acompanhar\u00e1 as sess\u00f5es.","breadcrumb":{"@id":"https:\/\/bahiaeconomica.com.br\/wp\/2025\/07\/22\/oposicao-abre-comissoes-na-camara-durante-o-recesso-para-defender-bolsonaro-de-moraes\/#breadcrumb"},"inLanguage":"pt-BR","potentialAction":[{"@type":"ReadAction","target":["https:\/\/bahiaeconomica.com.br\/wp\/2025\/07\/22\/oposicao-abre-comissoes-na-camara-durante-o-recesso-para-defender-bolsonaro-de-moraes\/"]}]},{"@type":"BreadcrumbList","@id":"https:\/\/bahiaeconomica.com.br\/wp\/2025\/07\/22\/oposicao-abre-comissoes-na-camara-durante-o-recesso-para-defender-bolsonaro-de-moraes\/#breadcrumb","itemListElement":[{"@type":"ListItem","position":1,"name":"In\u00edcio","item":"https:\/\/bahiaeconomica.com.br\/wp\/"},{"@type":"ListItem","position":2,"name":"OPOSI\u00c7\u00c3O ABRE COMISS\u00d5ES NA C\u00c2MARA DURANTE O RECESSO PARA DEFENDER BOLSONARO DE MORAES"}]},{"@type":"WebSite","@id":"https:\/\/bahiaeconomica.com.br\/wp\/#website","url":"https:\/\/bahiaeconomica.com.br\/wp\/","name":"Bahia Economica","description":"O maior portal de Economia da Bahia","publisher":{"@id":"https:\/\/bahiaeconomica.com.br\/wp\/#organization"},"potentialAction":[{"@type":"SearchAction","target":{"@type":"EntryPoint","urlTemplate":"https:\/\/bahiaeconomica.com.br\/wp\/?s={search_term_string}"},"query-input":"required name=search_term_string"}],"inLanguage":"pt-BR"},{"@type":"Organization","@id":"https:\/\/bahiaeconomica.com.br\/wp\/#organization","name":"Bahia Econ\u00f4mica","url":"https:\/\/bahiaeconomica.com.br\/wp\/","logo":{"@type":"ImageObject","inLanguage":"pt-BR","@id":"https:\/\/bahiaeconomica.com.br\/wp\/#\/schema\/logo\/image\/","url":"https:\/\/bahiaeconomica.com.br\/wp\/wp-content\/uploads\/2020\/12\/cropped-BE.png","contentUrl":"https:\/\/bahiaeconomica.com.br\/wp\/wp-content\/uploads\/2020\/12\/cropped-BE.png","width":512,"height":512,"caption":"Bahia Econ\u00f4mica"},"image":{"@id":"https:\/\/bahiaeconomica.com.br\/wp\/#\/schema\/logo\/image\/"},"sameAs":["https:\/\/www.facebook.com\/bahiaeconomica"]},{"@type":"Person","@id":"https:\/\/bahiaeconomica.com.br\/wp\/#\/schema\/person\/a17956d0e1112b626f403fb06b8129a9","name":"VICTOR OLIVEIRA","sameAs":["http:\/\/www.bahiaeconomica.com.br"],"url":"https:\/\/bahiaeconomica.com.br\/wp\/author\/victor-oliveira\/"}]}},"views":2,"_links":{"self":[{"href":"https:\/\/bahiaeconomica.com.br\/wp\/wp-json\/wp\/v2\/posts\/919816"}],"collection":[{"href":"https:\/\/bahiaeconomica.com.br\/wp\/wp-json\/wp\/v2\/posts"}],"about":[{"href":"https:\/\/bahiaeconomica.com.br\/wp\/wp-json\/wp\/v2\/types\/post"}],"author":[{"embeddable":true,"href":"https:\/\/bahiaeconomica.com.br\/wp\/wp-json\/wp\/v2\/users\/24"}],"replies":[{"embeddable":true,"href":"https:\/\/bahiaeconomica.com.br\/wp\/wp-json\/wp\/v2\/comments?post=919816"}],"version-history":[{"count":1,"href":"https:\/\/bahiaeconomica.com.br\/wp\/wp-json\/wp\/v2\/posts\/919816\/revisions"}],"predecessor-version":[{"id":919820,"href":"https:\/\/bahiaeconomica.com.br\/wp\/wp-json\/wp\/v2\/posts\/919816\/revisions\/919820"}],"wp:featuredmedia":[{"embeddable":true,"href":"https:\/\/bahiaeconomica.com.br\/wp\/wp-json\/wp\/v2\/media\/919819"}],"wp:attachment":[{"href":"https:\/\/bahiaeconomica.com.br\/wp\/wp-json\/wp\/v2\/media?parent=919816"}],"wp:term":[{"taxonomy":"category","embeddable":true,"href":"https:\/\/bahiaeconomica.com.br\/wp\/wp-json\/wp\/v2\/categories?post=919816"},{"taxonomy":"post_tag","embeddable":true,"href":"https:\/\/bahiaeconomica.com.br\/wp\/wp-json\/wp\/v2\/tags?post=919816"}],"curies":[{"name":"wp","href":"https:\/\/api.w.org\/{rel}","templated":true}]}}