{"id":919763,"date":"2025-07-22T09:39:11","date_gmt":"2025-07-22T12:39:11","guid":{"rendered":"https:\/\/bahiaeconomica.com.br\/wp\/?p=919763"},"modified":"2025-07-22T09:24:42","modified_gmt":"2025-07-22T12:24:42","slug":"bolsonaro-pode-ser-preso-nesta-terca-22-apos-descumprir-restricao-do-stf","status":"publish","type":"post","link":"https:\/\/bahiaeconomica.com.br\/wp\/2025\/07\/22\/bolsonaro-pode-ser-preso-nesta-terca-22-apos-descumprir-restricao-do-stf\/","title":{"rendered":"BOLSONARO PODE SER PRESO NESTA TER\u00c7A (22) AP\u00d3S DESCUMPRIR RESTRI\u00c7\u00c3O DO STF"},"content":{"rendered":"<p>O ex-presidente Jair Bolsonaro (PL) pode ter a pris\u00e3o decretada nesta ter\u00e7a-feira (22), caso sua defesa n\u00e3o apresente justificativa ao Supremo Tribunal Federal (STF) sobre o descumprimento de uma das medidas cautelares impostas contra ele.<\/p>\n<p>A infra\u00e7\u00e3o ocorreu ap\u00f3s Bolsonaro voltar a aparecer em redes sociais, o que est\u00e1 proibido por decis\u00e3o judicial. Na segunda-feira (21), ele participou de transmiss\u00f5es feitas por aliados, como o deputado federal Maur\u00edcio do V\u00f4lei (PL-MG).<\/p>\n<p>Durante a live, o ex-presidente mostrou a tornozeleira eletr\u00f4nica que passou a usar por determina\u00e7\u00e3o do STF e, em seguida, concedeu entrevista a jornalistas no Congresso Nacional, em Bras\u00edlia. Na ocasi\u00e3o, ele classificou o equipamento como \u201cs\u00edmbolo da m\u00e1xima humilha\u00e7\u00e3o\u201d.<\/p>\n<p>Antes disso, Bolsonaro tamb\u00e9m participou de um evento do PL que foi transmitido ao vivo nas redes sociais.<\/p>\n<p>Diante da situa\u00e7\u00e3o, o ministro Alexandre de Moraes determinou que os advogados do ex-presidente se manifestem em 24 horas sobre o ocorrido.<\/p>\n<p>\u201cIntimem-se os advogados regularmente constitu\u00eddos por Jair Messias Bolsonaro para, no prazo de 24 horas, prestarem esclarecimentos sobre o descumprimento das medidas cautelares impostas, sob pena de decreta\u00e7\u00e3o imediata da pris\u00e3o do r\u00e9u\u201d, escreveu Moraes na decis\u00e3o.<\/p>\n<p>As restri\u00e7\u00f5es foram determinadas pelo STF ap\u00f3s opera\u00e7\u00e3o de busca e apreens\u00e3o da Pol\u00edcia Federal, realizada na sexta-feira (18), no \u00e2mbito de investiga\u00e7\u00e3o que apura tentativa de ataque \u00e0 soberania nacional.<\/p>\n<p><strong>Entre as medidas cautelares est\u00e3o:<\/strong><\/p>\n<ul>\n<li>Uso obrigat\u00f3rio de tornozeleira eletr\u00f4nica;<\/li>\n<li>Proibi\u00e7\u00e3o de acessar redes sociais;<\/li>\n<li>Recolhimento domiciliar das 19h \u00e0s 7h, inclusive nos fins de semana;<\/li>\n<li>Proibi\u00e7\u00e3o de contato com embaixadores e diplomatas estrangeiros;<\/li>\n<li>Proibi\u00e7\u00e3o de comunica\u00e7\u00e3o com outros investigados no inqu\u00e9rito que apura tentativa de golpe de Estado.<\/li>\n<\/ul>\n<p>Foto: Pedro Gontijo\/Senado Federal<\/p>\n","protected":false},"excerpt":{"rendered":"<p>O ex-presidente Jair Bolsonaro (PL) pode ter a pris\u00e3o decretada nesta ter\u00e7a-feira (22), caso sua defesa n\u00e3o apresente justificativa ao Supremo Tribunal Federal (STF) sobre o descumprimento de uma das medidas cautelares impostas contra ele. A infra\u00e7\u00e3o ocorreu ap\u00f3s Bolsonaro voltar a aparecer em redes sociais, o que est\u00e1 proibido por decis\u00e3o judicial. Na segunda-feira [&hellip;]<\/p>\n","protected":false},"author":20,"featured_media":919764,"comment_status":"closed","ping_status":"closed","sticky":false,"template":"","format":"standard","meta":[],"categories":[14601],"tags":[95,40215,2909,277,93],"acf":[],"yoast_head":"<!-- This site is optimized with the Yoast SEO plugin v20.8 - https:\/\/yoast.com\/wordpress\/plugins\/seo\/ -->\n<title>BOLSONARO PODE SER PRESO NESTA TER\u00c7A (22) AP\u00d3S DESCUMPRIR RESTRI\u00c7\u00c3O DO STF - Bahia Economica<\/title>\n<meta name=\"description\" content=\"O maior portal de Economia da Bahia Pol\u00edtica Bahia Economica infra\u00e7\u00e3o ocorreu ap\u00f3s Bolsonaro voltar a aparecer em redes sociais\" \/>\n<meta name=\"robots\" content=\"index, follow, max-snippet:-1, max-image-preview:large, max-video-preview:-1\" \/>\n<link rel=\"canonical\" href=\"https:\/\/bahiaeconomica.com.br\/wp\/2025\/07\/22\/bolsonaro-pode-ser-preso-nesta-terca-22-apos-descumprir-restricao-do-stf\/\" \/>\n<meta property=\"og:locale\" content=\"pt_BR\" \/>\n<meta property=\"og:type\" content=\"article\" \/>\n<meta property=\"og:title\" content=\"BOLSONARO PODE SER PRESO NESTA TER\u00c7A (22) AP\u00d3S DESCUMPRIR RESTRI\u00c7\u00c3O DO STF - Bahia Economica\" \/>\n<meta property=\"og:description\" content=\"O maior portal de Economia da Bahia Pol\u00edtica Bahia Economica infra\u00e7\u00e3o ocorreu ap\u00f3s Bolsonaro voltar a aparecer em redes sociais\" \/>\n<meta property=\"og:url\" content=\"https:\/\/bahiaeconomica.com.br\/wp\/2025\/07\/22\/bolsonaro-pode-ser-preso-nesta-terca-22-apos-descumprir-restricao-do-stf\/\" \/>\n<meta property=\"og:site_name\" content=\"Bahia Economica\" \/>\n<meta property=\"article:publisher\" content=\"https:\/\/www.facebook.com\/bahiaeconomica\" \/>\n<meta property=\"article:published_time\" content=\"2025-07-22T12:39:11+00:00\" \/>\n<meta property=\"article:modified_time\" content=\"2025-07-22T12:24:42+00:00\" \/>\n<meta property=\"og:image\" content=\"https:\/\/bahiaeconomica.com.br\/wp\/wp-content\/uploads\/2025\/07\/Jair-Bolsonaro-2.jpg\" \/>\n\t<meta property=\"og:image:width\" content=\"600\" \/>\n\t<meta property=\"og:image:height\" content=\"420\" \/>\n\t<meta property=\"og:image:type\" content=\"image\/jpeg\" \/>\n<meta name=\"author\" content=\"BRUNA CARVALHO\" \/>\n<meta name=\"twitter:card\" content=\"summary_large_image\" \/>\n<meta name=\"twitter:label1\" content=\"Escrito por\" \/>\n\t<meta name=\"twitter:data1\" content=\"BRUNA CARVALHO\" \/>\n\t<meta name=\"twitter:label2\" content=\"Est. tempo de leitura\" \/>\n\t<meta name=\"twitter:data2\" content=\"2 minutos\" \/>\n<script type=\"application\/ld+json\" class=\"yoast-schema-graph\">{\"@context\":\"https:\/\/schema.org\",\"@graph\":[{\"@type\":\"Article\",\"@id\":\"https:\/\/bahiaeconomica.com.br\/wp\/2025\/07\/22\/bolsonaro-pode-ser-preso-nesta-terca-22-apos-descumprir-restricao-do-stf\/#article\",\"isPartOf\":{\"@id\":\"https:\/\/bahiaeconomica.com.br\/wp\/2025\/07\/22\/bolsonaro-pode-ser-preso-nesta-terca-22-apos-descumprir-restricao-do-stf\/\"},\"author\":{\"name\":\"BRUNA CARVALHO\",\"@id\":\"https:\/\/bahiaeconomica.com.br\/wp\/#\/schema\/person\/9310b0e591f5979f6f99773eac5804e6\"},\"headline\":\"BOLSONARO PODE SER PRESO NESTA TER\u00c7A (22) AP\u00d3S DESCUMPRIR RESTRI\u00c7\u00c3O DO STF\",\"datePublished\":\"2025-07-22T12:39:11+00:00\",\"dateModified\":\"2025-07-22T12:24:42+00:00\",\"mainEntityOfPage\":{\"@id\":\"https:\/\/bahiaeconomica.com.br\/wp\/2025\/07\/22\/bolsonaro-pode-ser-preso-nesta-terca-22-apos-descumprir-restricao-do-stf\/\"},\"wordCount\":318,\"publisher\":{\"@id\":\"https:\/\/bahiaeconomica.com.br\/wp\/#organization\"},\"keywords\":[\"Bolsonaro\",\"descumprir\",\"medida\",\"Pris\u00e3o\",\"STF\"],\"articleSection\":[\"Pol\u00edtica\"],\"inLanguage\":\"pt-BR\"},{\"@type\":\"WebPage\",\"@id\":\"https:\/\/bahiaeconomica.com.br\/wp\/2025\/07\/22\/bolsonaro-pode-ser-preso-nesta-terca-22-apos-descumprir-restricao-do-stf\/\",\"url\":\"https:\/\/bahiaeconomica.com.br\/wp\/2025\/07\/22\/bolsonaro-pode-ser-preso-nesta-terca-22-apos-descumprir-restricao-do-stf\/\",\"name\":\"BOLSONARO PODE SER PRESO NESTA TER\u00c7A (22) AP\u00d3S DESCUMPRIR RESTRI\u00c7\u00c3O DO STF - Bahia Economica\",\"isPartOf\":{\"@id\":\"https:\/\/bahiaeconomica.com.br\/wp\/#website\"},\"datePublished\":\"2025-07-22T12:39:11+00:00\",\"dateModified\":\"2025-07-22T12:24:42+00:00\",\"description\":\"O maior portal de Economia da Bahia Pol\u00edtica Bahia Economica infra\u00e7\u00e3o ocorreu ap\u00f3s Bolsonaro voltar a aparecer em redes sociais\",\"breadcrumb\":{\"@id\":\"https:\/\/bahiaeconomica.com.br\/wp\/2025\/07\/22\/bolsonaro-pode-ser-preso-nesta-terca-22-apos-descumprir-restricao-do-stf\/#breadcrumb\"},\"inLanguage\":\"pt-BR\",\"potentialAction\":[{\"@type\":\"ReadAction\",\"target\":[\"https:\/\/bahiaeconomica.com.br\/wp\/2025\/07\/22\/bolsonaro-pode-ser-preso-nesta-terca-22-apos-descumprir-restricao-do-stf\/\"]}]},{\"@type\":\"BreadcrumbList\",\"@id\":\"https:\/\/bahiaeconomica.com.br\/wp\/2025\/07\/22\/bolsonaro-pode-ser-preso-nesta-terca-22-apos-descumprir-restricao-do-stf\/#breadcrumb\",\"itemListElement\":[{\"@type\":\"ListItem\",\"position\":1,\"name\":\"In\u00edcio\",\"item\":\"https:\/\/bahiaeconomica.com.br\/wp\/\"},{\"@type\":\"ListItem\",\"position\":2,\"name\":\"BOLSONARO PODE SER PRESO NESTA TER\u00c7A (22) AP\u00d3S DESCUMPRIR RESTRI\u00c7\u00c3O DO STF\"}]},{\"@type\":\"WebSite\",\"@id\":\"https:\/\/bahiaeconomica.com.br\/wp\/#website\",\"url\":\"https:\/\/bahiaeconomica.com.br\/wp\/\",\"name\":\"Bahia Economica\",\"description\":\"O maior portal de Economia da Bahia\",\"publisher\":{\"@id\":\"https:\/\/bahiaeconomica.com.br\/wp\/#organization\"},\"potentialAction\":[{\"@type\":\"SearchAction\",\"target\":{\"@type\":\"EntryPoint\",\"urlTemplate\":\"https:\/\/bahiaeconomica.com.br\/wp\/?s={search_term_string}\"},\"query-input\":\"required name=search_term_string\"}],\"inLanguage\":\"pt-BR\"},{\"@type\":\"Organization\",\"@id\":\"https:\/\/bahiaeconomica.com.br\/wp\/#organization\",\"name\":\"Bahia Econ\u00f4mica\",\"url\":\"https:\/\/bahiaeconomica.com.br\/wp\/\",\"logo\":{\"@type\":\"ImageObject\",\"inLanguage\":\"pt-BR\",\"@id\":\"https:\/\/bahiaeconomica.com.br\/wp\/#\/schema\/logo\/image\/\",\"url\":\"https:\/\/bahiaeconomica.com.br\/wp\/wp-content\/uploads\/2020\/12\/cropped-BE.png\",\"contentUrl\":\"https:\/\/bahiaeconomica.com.br\/wp\/wp-content\/uploads\/2020\/12\/cropped-BE.png\",\"width\":512,\"height\":512,\"caption\":\"Bahia Econ\u00f4mica\"},\"image\":{\"@id\":\"https:\/\/bahiaeconomica.com.br\/wp\/#\/schema\/logo\/image\/\"},\"sameAs\":[\"https:\/\/www.facebook.com\/bahiaeconomica\"]},{\"@type\":\"Person\",\"@id\":\"https:\/\/bahiaeconomica.com.br\/wp\/#\/schema\/person\/9310b0e591f5979f6f99773eac5804e6\",\"name\":\"BRUNA CARVALHO\",\"sameAs\":[\"http:\/\/www.bahiaeconomica.com.br\"],\"url\":\"https:\/\/bahiaeconomica.com.br\/wp\/author\/bruna\/\"}]}<\/script>\n<!-- \/ Yoast SEO plugin. -->","yoast_head_json":{"title":"BOLSONARO PODE SER PRESO NESTA TER\u00c7A (22) AP\u00d3S DESCUMPRIR RESTRI\u00c7\u00c3O DO STF - Bahia Economica","description":"O maior portal de Economia da Bahia Pol\u00edtica Bahia Economica infra\u00e7\u00e3o ocorreu ap\u00f3s Bolsonaro voltar a aparecer em redes sociais","robots":{"index":"index","follow":"follow","max-snippet":"max-snippet:-1","max-image-preview":"max-image-preview:large","max-video-preview":"max-video-preview:-1"},"canonical":"https:\/\/bahiaeconomica.com.br\/wp\/2025\/07\/22\/bolsonaro-pode-ser-preso-nesta-terca-22-apos-descumprir-restricao-do-stf\/","og_locale":"pt_BR","og_type":"article","og_title":"BOLSONARO PODE SER PRESO NESTA TER\u00c7A (22) AP\u00d3S DESCUMPRIR RESTRI\u00c7\u00c3O DO STF - Bahia Economica","og_description":"O maior portal de Economia da Bahia Pol\u00edtica Bahia Economica infra\u00e7\u00e3o ocorreu ap\u00f3s Bolsonaro voltar a aparecer em redes sociais","og_url":"https:\/\/bahiaeconomica.com.br\/wp\/2025\/07\/22\/bolsonaro-pode-ser-preso-nesta-terca-22-apos-descumprir-restricao-do-stf\/","og_site_name":"Bahia Economica","article_publisher":"https:\/\/www.facebook.com\/bahiaeconomica","article_published_time":"2025-07-22T12:39:11+00:00","article_modified_time":"2025-07-22T12:24:42+00:00","og_image":[{"width":600,"height":420,"url":"https:\/\/bahiaeconomica.com.br\/wp\/wp-content\/uploads\/2025\/07\/Jair-Bolsonaro-2.jpg","type":"image\/jpeg"}],"author":"BRUNA CARVALHO","twitter_card":"summary_large_image","twitter_misc":{"Escrito por":"BRUNA CARVALHO","Est. tempo de leitura":"2 minutos"},"schema":{"@context":"https:\/\/schema.org","@graph":[{"@type":"Article","@id":"https:\/\/bahiaeconomica.com.br\/wp\/2025\/07\/22\/bolsonaro-pode-ser-preso-nesta-terca-22-apos-descumprir-restricao-do-stf\/#article","isPartOf":{"@id":"https:\/\/bahiaeconomica.com.br\/wp\/2025\/07\/22\/bolsonaro-pode-ser-preso-nesta-terca-22-apos-descumprir-restricao-do-stf\/"},"author":{"name":"BRUNA CARVALHO","@id":"https:\/\/bahiaeconomica.com.br\/wp\/#\/schema\/person\/9310b0e591f5979f6f99773eac5804e6"},"headline":"BOLSONARO PODE SER PRESO NESTA TER\u00c7A (22) AP\u00d3S DESCUMPRIR RESTRI\u00c7\u00c3O DO STF","datePublished":"2025-07-22T12:39:11+00:00","dateModified":"2025-07-22T12:24:42+00:00","mainEntityOfPage":{"@id":"https:\/\/bahiaeconomica.com.br\/wp\/2025\/07\/22\/bolsonaro-pode-ser-preso-nesta-terca-22-apos-descumprir-restricao-do-stf\/"},"wordCount":318,"publisher":{"@id":"https:\/\/bahiaeconomica.com.br\/wp\/#organization"},"keywords":["Bolsonaro","descumprir","medida","Pris\u00e3o","STF"],"articleSection":["Pol\u00edtica"],"inLanguage":"pt-BR"},{"@type":"WebPage","@id":"https:\/\/bahiaeconomica.com.br\/wp\/2025\/07\/22\/bolsonaro-pode-ser-preso-nesta-terca-22-apos-descumprir-restricao-do-stf\/","url":"https:\/\/bahiaeconomica.com.br\/wp\/2025\/07\/22\/bolsonaro-pode-ser-preso-nesta-terca-22-apos-descumprir-restricao-do-stf\/","name":"BOLSONARO PODE SER PRESO NESTA TER\u00c7A (22) AP\u00d3S DESCUMPRIR RESTRI\u00c7\u00c3O DO STF - Bahia Economica","isPartOf":{"@id":"https:\/\/bahiaeconomica.com.br\/wp\/#website"},"datePublished":"2025-07-22T12:39:11+00:00","dateModified":"2025-07-22T12:24:42+00:00","description":"O maior portal de Economia da Bahia Pol\u00edtica Bahia Economica infra\u00e7\u00e3o ocorreu ap\u00f3s Bolsonaro voltar a aparecer em redes sociais","breadcrumb":{"@id":"https:\/\/bahiaeconomica.com.br\/wp\/2025\/07\/22\/bolsonaro-pode-ser-preso-nesta-terca-22-apos-descumprir-restricao-do-stf\/#breadcrumb"},"inLanguage":"pt-BR","potentialAction":[{"@type":"ReadAction","target":["https:\/\/bahiaeconomica.com.br\/wp\/2025\/07\/22\/bolsonaro-pode-ser-preso-nesta-terca-22-apos-descumprir-restricao-do-stf\/"]}]},{"@type":"BreadcrumbList","@id":"https:\/\/bahiaeconomica.com.br\/wp\/2025\/07\/22\/bolsonaro-pode-ser-preso-nesta-terca-22-apos-descumprir-restricao-do-stf\/#breadcrumb","itemListElement":[{"@type":"ListItem","position":1,"name":"In\u00edcio","item":"https:\/\/bahiaeconomica.com.br\/wp\/"},{"@type":"ListItem","position":2,"name":"BOLSONARO PODE SER PRESO NESTA TER\u00c7A (22) AP\u00d3S DESCUMPRIR RESTRI\u00c7\u00c3O DO STF"}]},{"@type":"WebSite","@id":"https:\/\/bahiaeconomica.com.br\/wp\/#website","url":"https:\/\/bahiaeconomica.com.br\/wp\/","name":"Bahia Economica","description":"O maior portal de Economia da Bahia","publisher":{"@id":"https:\/\/bahiaeconomica.com.br\/wp\/#organization"},"potentialAction":[{"@type":"SearchAction","target":{"@type":"EntryPoint","urlTemplate":"https:\/\/bahiaeconomica.com.br\/wp\/?s={search_term_string}"},"query-input":"required name=search_term_string"}],"inLanguage":"pt-BR"},{"@type":"Organization","@id":"https:\/\/bahiaeconomica.com.br\/wp\/#organization","name":"Bahia Econ\u00f4mica","url":"https:\/\/bahiaeconomica.com.br\/wp\/","logo":{"@type":"ImageObject","inLanguage":"pt-BR","@id":"https:\/\/bahiaeconomica.com.br\/wp\/#\/schema\/logo\/image\/","url":"https:\/\/bahiaeconomica.com.br\/wp\/wp-content\/uploads\/2020\/12\/cropped-BE.png","contentUrl":"https:\/\/bahiaeconomica.com.br\/wp\/wp-content\/uploads\/2020\/12\/cropped-BE.png","width":512,"height":512,"caption":"Bahia Econ\u00f4mica"},"image":{"@id":"https:\/\/bahiaeconomica.com.br\/wp\/#\/schema\/logo\/image\/"},"sameAs":["https:\/\/www.facebook.com\/bahiaeconomica"]},{"@type":"Person","@id":"https:\/\/bahiaeconomica.com.br\/wp\/#\/schema\/person\/9310b0e591f5979f6f99773eac5804e6","name":"BRUNA CARVALHO","sameAs":["http:\/\/www.bahiaeconomica.com.br"],"url":"https:\/\/bahiaeconomica.com.br\/wp\/author\/bruna\/"}]}},"views":20,"_links":{"self":[{"href":"https:\/\/bahiaeconomica.com.br\/wp\/wp-json\/wp\/v2\/posts\/919763"}],"collection":[{"href":"https:\/\/bahiaeconomica.com.br\/wp\/wp-json\/wp\/v2\/posts"}],"about":[{"href":"https:\/\/bahiaeconomica.com.br\/wp\/wp-json\/wp\/v2\/types\/post"}],"author":[{"embeddable":true,"href":"https:\/\/bahiaeconomica.com.br\/wp\/wp-json\/wp\/v2\/users\/20"}],"replies":[{"embeddable":true,"href":"https:\/\/bahiaeconomica.com.br\/wp\/wp-json\/wp\/v2\/comments?post=919763"}],"version-history":[{"count":1,"href":"https:\/\/bahiaeconomica.com.br\/wp\/wp-json\/wp\/v2\/posts\/919763\/revisions"}],"predecessor-version":[{"id":919765,"href":"https:\/\/bahiaeconomica.com.br\/wp\/wp-json\/wp\/v2\/posts\/919763\/revisions\/919765"}],"wp:featuredmedia":[{"embeddable":true,"href":"https:\/\/bahiaeconomica.com.br\/wp\/wp-json\/wp\/v2\/media\/919764"}],"wp:attachment":[{"href":"https:\/\/bahiaeconomica.com.br\/wp\/wp-json\/wp\/v2\/media?parent=919763"}],"wp:term":[{"taxonomy":"category","embeddable":true,"href":"https:\/\/bahiaeconomica.com.br\/wp\/wp-json\/wp\/v2\/categories?post=919763"},{"taxonomy":"post_tag","embeddable":true,"href":"https:\/\/bahiaeconomica.com.br\/wp\/wp-json\/wp\/v2\/tags?post=919763"}],"curies":[{"name":"wp","href":"https:\/\/api.w.org\/{rel}","templated":true}]}}