{"id":919529,"date":"2025-07-21T15:20:07","date_gmt":"2025-07-21T18:20:07","guid":{"rendered":"https:\/\/bahiaeconomica.com.br\/wp\/?p=919529"},"modified":"2025-07-21T15:20:41","modified_gmt":"2025-07-21T18:20:41","slug":"plano-de-eduardo-bolsonaro-em-esperar-perda-de-mandato-por-falta-serve-para-seguir-elegivel","status":"publish","type":"post","link":"https:\/\/bahiaeconomica.com.br\/wp\/2025\/07\/21\/plano-de-eduardo-bolsonaro-em-esperar-perda-de-mandato-por-falta-serve-para-seguir-elegivel\/","title":{"rendered":"PLANO DE EDUARDO BOLSONARO EM ESPERAR PERDA DE MANDATO POR FALTA SERVE PARA SEGUIR ELEG\u00cdVEL"},"content":{"rendered":"<div class=\"single-noticia page-wrap d-flex f-row gap-istoe sm-column md-column\">\n<div class=\"coluna-wrap\">\n<div class=\"single-infos d-flex f-column\">\n<div class=\"d-flex f-column justify-space-between mt-1\">\n<div class=\"post-content-wrap col-lg-100 col-md-100\">\n<div class=\"single-noticia page-wrap d-flex f-row gap-istoe sm-column md-column\">\n<div class=\"coluna-wrap\">\n<div class=\"single-infos d-flex f-column\">\n<div class=\"d-flex f-column justify-space-between mt-1\">\n<div class=\"post-content-wrap col-lg-100 col-md-100\">\n<p>A licen\u00e7a parlamentar do deputado federal Eduardo Bolsonaro (PL-SP) acabou neste domingo, 20. O filho do ex-presidente Jair Bolsonaro (PL) pediu o afastamento da fun\u00e7\u00e3o por 122 dias em mar\u00e7o para, segundo ele, atuar politicamente nos Estados Unidos para combater as amea\u00e7as \u00e0 liberdade de express\u00e3o no Brasil.<\/p>\n<p>Se quisesse, Eduardo poderia pedir ren\u00fancia do cargo, mas isso pode afetar a estrat\u00e9gia dele para 2026. Isso porque ele poderia ficar ineleg\u00edvel at\u00e9 2035 se optasse por essa sa\u00edda.<\/p>\n<p>O texto da Lei da Ficha Limpa diz que \u00e9 uma condi\u00e7\u00e3o de inelegibilidade um parlamentar renunciar ao mandato desde o oferecimento de representa\u00e7\u00e3o capaz de autorizar abertura de processo.<\/p>\n<p>O Supremo Tribunal Federal (STF) j\u00e1 abriu inqu\u00e9rito que o investiga por coa\u00e7\u00e3o, obstru\u00e7\u00e3o de investiga\u00e7\u00e3o e aboli\u00e7\u00e3o violenta do Estado Democr\u00e1tico de Direito. Eduardo \u00e9 um dos especulados pelo pr\u00f3prio Jair Bolsonaro para disputar a Presid\u00eancia da Rep\u00fablica em 2026.<\/p>\n<p>Perder o mandato por faltas, de acordo com a lei, n\u00e3o implica no afastamento tempor\u00e1rio da disputa eleitoral.<\/p>\n<p>Foi o que aconteceu com o ex-deputado federal Chiquinho Braz\u00e3o (sem partido-RJ). Em abril deste ano, a Mesa Diretora da C\u00e2mara dos Deputados declarou a perda do mandato parlamentar dele, um ano ap\u00f3s ele faltar sess\u00f5es ininterruptamente, j\u00e1 que ele estava preso preventivamente desde mar\u00e7o do ano passado sob a acusa\u00e7\u00e3o de ser o mandante do assassinato da ex-vereadora do Rio Marielle Franco e do motorista Anderson Gomes.<\/p>\n<p>A C\u00e2mara poderia ter votado a cassa\u00e7\u00e3o dele no plen\u00e1rio da Casa \u2013 se optasse por essa solu\u00e7\u00e3o, o ex-parlamentar carioca ficaria ineleg\u00edvel at\u00e9 2035. Enquanto preso, Chiquinho Braz\u00e3o custou mais de R$ 1 milh\u00e3o aos cofres da C\u00e2mara.<\/p>\n<p>Mesmo fora do Brasil, Eduardo manter\u00e1 o mandato por algum tempo \u2013 a regra da Casa legislativa diz que deputados podem perder o mandato ap\u00f3s faltar a um ter\u00e7o das sess\u00f5es legislativas num ano.<\/p>\n<p>Enquanto isso, ele receber\u00e1 sal\u00e1rio (com desconto por aus\u00eancias) e poder\u00e1 usar a cota parlamentar, apresentar projetos de lei e contratar via gabinete.<\/p>\n<p>A contagem iniciar\u00e1 efetivamente em agosto, j\u00e1 que os deputados est\u00e3o em recesso parlamentar at\u00e9 o primeiro dia do pr\u00f3ximo m\u00eas.<\/p>\n<p>Internamente, o PL calcula que Eduardo poderia faltar at\u00e9 44 vezes para ent\u00e3o ter o mandato declarado perdido. Enquanto isso, a sigla estuda o regimento para contornar a puni\u00e7\u00e3o ou at\u00e9 mesmo alterar as regras da C\u00e2mara para preservar o mandato.<\/p>\n<p>Uma alternativa j\u00e1 foi indicada pelo l\u00edder do partido, S\u00f3stenes Cavalcante (PL-RJ). Ele protocolou um projeto que permitiria Eduardo apresentar nova licen\u00e7a pedindo afastamento de 120 dias.<\/p>\n<p>Se aprovado, esse projeto garantiria o mandato do parlamentar em 2025, e ele ainda poderia pedir nova licen\u00e7a de 240 dias. Isso praticamente asseguraria que n\u00e3o haveria perda do mandato.<\/p>\n<p>Caso perca a cadeira na C\u00e2mara, Eduardo Bolsonaro perder\u00e1 R$ 46.366,19 de sal\u00e1rio mensal, al\u00e9m de R$ 42.837,33 mensais de cota parlamentar, R$ 4.148,80 por m\u00eas de aux\u00edlio-moradia e reembolsos de gastos com sa\u00fade que podem chegar a R$ 135,4 mil, R$ 133,2 mil por m\u00eas para pagar o sal\u00e1rio de 25 secret\u00e1rios parlamentares e indicar R$ 37,8 milh\u00f5es anuais em emendas parlamentares ao Or\u00e7amento.<\/p>\n<p>H\u00e1 mais vantagens que Eduardo poder\u00e1 perder caso perca o mandato. Como parlamentar, ele n\u00e3o pode ser preso, ao menos que em flagrante de crime inafian\u00e7\u00e1vel e com o aval do plen\u00e1rio da Casa e \u00e9 inviol\u00e1vel civil ou penalmente por qualquer opini\u00e3o ou voto.<\/p>\n<p>Deputados tamb\u00e9m t\u00eam direito a foro privilegiado e s\u00f3 podem ser julgados no STF por crimes cometidos no exerc\u00edcio do mandato. Sem esse direito, os processos tramitam na primeira inst\u00e2ncia do Judici\u00e1rio.<\/p>\n<p>A regra da C\u00e2mara diz que a Mesa Diretora \u2013 comandada pelo presidente da Casa, Hugo Motta (Republicanos-PB), \u2013 \u00e9 a respons\u00e1vel por decretar a perda de mandato por falta. Ela pode ser provocada por partidos pol\u00edticos com representa\u00e7\u00e3o no Congresso Nacional a fazer isso.<\/p>\n<p>Na \u00faltima quinta-feira, 17, Jair Bolsonaro disse que o filho \u00e9 \u201cmais \u00fatil\u201d nos EUA do que no Brasil e que h\u00e1 oportunidades de trabalho para Eduardo em solo americano. \u201cEle tem portas abertas no governo Trump, conhece dezenas de parlamentares e est\u00e1 trabalhando pela nossa liberdade\u201d, afirmou.<\/p>\n<p>Fonte: Estad\u00e3o Conte\u00fado<\/p>\n<p>Foto: Reprodu\u00e7\u00e3o<\/p>\n<\/div>\n<\/div>\n<\/div>\n<\/div>\n<div class=\"coluna-aside mob-wrap p-relative\">\n<div class=\"d-flex f-column gap-istoe aside-stick\">\n<div class=\"ads-center\">\n<div class=\"banner-aside-wrap\">\n<div id=\"v4-adslot-sidebar_2\" class=\"banner-aside-item ad-bg\" data-google-query-id=\"COOH08K7zo4DFRlU3QIdf0ALOg\">\n<div id=\"google_ads_iframe_\/22452847\/v4-adslot-sidebar_2_0__container__\"><\/div>\n<\/div>\n<\/div>\n<\/div>\n<\/div>\n<\/div>\n<\/div>\n<div class=\"ads-center section-wrap\">\n<div class=\"banner-full-wrap\">\n<div id=\"v4-adslot-bottom_1\" class=\"banner-full-item ad-bg\" data-google-query-id=\"COGH08K7zo4DFRlU3QIdf0ALOg\">\n<div id=\"google_ads_iframe_\/22452847\/v4-adslot-bottom_1_0__container__\"><\/div>\n<\/div>\n<\/div>\n<\/div>\n<div id=\"taboola-below-article-thumbnails\" class=\"page-wrap trc_related_container tbl-feed-container render-late-effect tbl-feed-frame-DIVIDER\" data-feed-container-num=\"1\" data-feed-main-container-id=\"taboola-below-article-thumbnails\" data-parent-placement-name=\"Below Article Thumbnails\" data-pub-lang=\"pt\">\n<div id=\"taboola-below-article-thumbnails-sca1\" class=\"trc_related_container tbl-trecs-container trc_spotlight_widget trc_elastic trc_elastic_above-the-feed-premium-card-fp-delta above-the-feed-placement\" data-card-index=\"1\" data-placement-name=\"Below Article Thumbnails | Injected 1\"><\/div>\n<div class=\"tbl-feed-header tbl-logo-right-position tbl-header-with-text\"><\/div>\n<\/div>\n<\/div>\n<\/div>\n<\/div>\n<\/div>\n<div class=\"coluna-aside mob-wrap p-relative\">\n<div class=\"d-flex f-column gap-istoe aside-stick\">\n<div class=\"ads-center\">\n<div class=\"banner-aside-wrap\">\n<div id=\"v4-adslot-sidebar_2\" class=\"banner-aside-item ad-bg\" data-google-query-id=\"COOH08K7zo4DFRlU3QIdf0ALOg\">\n<div id=\"google_ads_iframe_\/22452847\/v4-adslot-sidebar_2_0__container__\"><\/div>\n<\/div>\n<\/div>\n<\/div>\n<\/div>\n<\/div>\n<\/div>\n<div class=\"ads-center section-wrap\">\n<div class=\"banner-full-wrap\">\n<div id=\"v4-adslot-bottom_1\" class=\"banner-full-item ad-bg\" data-google-query-id=\"COGH08K7zo4DFRlU3QIdf0ALOg\">\n<div id=\"google_ads_iframe_\/22452847\/v4-adslot-bottom_1_0__container__\"><\/div>\n<\/div>\n<\/div>\n<\/div>\n<div id=\"taboola-below-article-thumbnails\" class=\"page-wrap trc_related_container tbl-feed-container render-late-effect tbl-feed-frame-DIVIDER\" data-feed-container-num=\"1\" data-feed-main-container-id=\"taboola-below-article-thumbnails\" data-parent-placement-name=\"Below Article Thumbnails\" data-pub-lang=\"pt\">\n<div id=\"taboola-below-article-thumbnails-sca1\" class=\"trc_related_container tbl-trecs-container trc_spotlight_widget trc_elastic trc_elastic_above-the-feed-premium-card-fp-delta above-the-feed-placement\" data-card-index=\"1\" data-placement-name=\"Below Article Thumbnails | Injected 1\"><\/div>\n<div class=\"tbl-feed-header tbl-logo-right-position tbl-header-with-text\"><\/div>\n<\/div>\n","protected":false},"excerpt":{"rendered":"<p>A licen\u00e7a parlamentar do deputado federal Eduardo Bolsonaro (PL-SP) acabou neste domingo, 20. O filho do ex-presidente Jair Bolsonaro (PL) pediu o afastamento da fun\u00e7\u00e3o por 122 dias em mar\u00e7o para, segundo ele, atuar politicamente nos Estados Unidos para combater as amea\u00e7as \u00e0 liberdade de express\u00e3o no Brasil. Se quisesse, Eduardo poderia pedir ren\u00fancia do [&hellip;]<\/p>\n","protected":false},"author":24,"featured_media":889252,"comment_status":"closed","ping_status":"closed","sticky":false,"template":"","format":"standard","meta":[],"categories":[14601],"tags":[3180,15787,40202],"acf":[],"yoast_head":"<!-- This site is optimized with the Yoast SEO plugin v20.8 - https:\/\/yoast.com\/wordpress\/plugins\/seo\/ -->\n<title>PLANO DE EDUARDO BOLSONARO EM ESPERAR PERDA DE MANDATO POR FALTA SERVE PARA SEGUIR ELEG\u00cdVEL - Bahia Economica A licen\u00e7a parlamentar do deputado federal Eduardo Bolsonaro (PL-SP) acabou neste domingo, 20. O filho do ex-presidente Jair Bolsonaro<\/title>\n<meta name=\"description\" content=\"O maior portal de Economia da Bahia Pol\u00edtica Bahia Economica A licen\u00e7a parlamentar do deputado federal Eduardo Bolsonaro (PL-SP) acabou neste domingo, 20. O filho do ex-presidente Jair Bolsonaro\" \/>\n<meta name=\"robots\" content=\"index, follow, max-snippet:-1, max-image-preview:large, max-video-preview:-1\" \/>\n<link rel=\"canonical\" href=\"https:\/\/bahiaeconomica.com.br\/wp\/2025\/07\/21\/plano-de-eduardo-bolsonaro-em-esperar-perda-de-mandato-por-falta-serve-para-seguir-elegivel\/\" \/>\n<meta property=\"og:locale\" content=\"pt_BR\" \/>\n<meta property=\"og:type\" content=\"article\" \/>\n<meta property=\"og:title\" content=\"PLANO DE EDUARDO BOLSONARO EM ESPERAR PERDA DE MANDATO POR FALTA SERVE PARA SEGUIR ELEG\u00cdVEL - Bahia Economica A licen\u00e7a parlamentar do deputado federal Eduardo Bolsonaro (PL-SP) acabou neste domingo, 20. O filho do ex-presidente Jair Bolsonaro\" \/>\n<meta property=\"og:description\" content=\"O maior portal de Economia da Bahia Pol\u00edtica Bahia Economica A licen\u00e7a parlamentar do deputado federal Eduardo Bolsonaro (PL-SP) acabou neste domingo, 20. O filho do ex-presidente Jair Bolsonaro\" \/>\n<meta property=\"og:url\" content=\"https:\/\/bahiaeconomica.com.br\/wp\/2025\/07\/21\/plano-de-eduardo-bolsonaro-em-esperar-perda-de-mandato-por-falta-serve-para-seguir-elegivel\/\" \/>\n<meta property=\"og:site_name\" content=\"Bahia Economica\" \/>\n<meta property=\"article:publisher\" content=\"https:\/\/www.facebook.com\/bahiaeconomica\" \/>\n<meta property=\"article:published_time\" content=\"2025-07-21T18:20:07+00:00\" \/>\n<meta property=\"article:modified_time\" content=\"2025-07-21T18:20:41+00:00\" \/>\n<meta property=\"og:image\" content=\"https:\/\/bahiaeconomica.com.br\/wp\/wp-content\/uploads\/2025\/03\/Eduardo-Bolsonaro-formaliza-pedido-de-licenca-da-C0131149200202503202258-ScaleDownProportional.webp\" \/>\n\t<meta property=\"og:image:width\" content=\"1000\" \/>\n\t<meta property=\"og:image:height\" content=\"616\" \/>\n\t<meta property=\"og:image:type\" content=\"image\/webp\" \/>\n<meta name=\"author\" content=\"VICTOR OLIVEIRA\" \/>\n<meta name=\"twitter:card\" content=\"summary_large_image\" \/>\n<meta name=\"twitter:label1\" content=\"Escrito por\" \/>\n\t<meta name=\"twitter:data1\" content=\"VICTOR OLIVEIRA\" \/>\n\t<meta name=\"twitter:label2\" content=\"Est. tempo de leitura\" \/>\n\t<meta name=\"twitter:data2\" content=\"4 minutos\" \/>\n<script type=\"application\/ld+json\" class=\"yoast-schema-graph\">{\"@context\":\"https:\/\/schema.org\",\"@graph\":[{\"@type\":\"Article\",\"@id\":\"https:\/\/bahiaeconomica.com.br\/wp\/2025\/07\/21\/plano-de-eduardo-bolsonaro-em-esperar-perda-de-mandato-por-falta-serve-para-seguir-elegivel\/#article\",\"isPartOf\":{\"@id\":\"https:\/\/bahiaeconomica.com.br\/wp\/2025\/07\/21\/plano-de-eduardo-bolsonaro-em-esperar-perda-de-mandato-por-falta-serve-para-seguir-elegivel\/\"},\"author\":{\"name\":\"VICTOR OLIVEIRA\",\"@id\":\"https:\/\/bahiaeconomica.com.br\/wp\/#\/schema\/person\/a17956d0e1112b626f403fb06b8129a9\"},\"headline\":\"PLANO DE EDUARDO BOLSONARO EM ESPERAR PERDA DE MANDATO POR FALTA SERVE PARA SEGUIR ELEG\u00cdVEL\",\"datePublished\":\"2025-07-21T18:20:07+00:00\",\"dateModified\":\"2025-07-21T18:20:41+00:00\",\"mainEntityOfPage\":{\"@id\":\"https:\/\/bahiaeconomica.com.br\/wp\/2025\/07\/21\/plano-de-eduardo-bolsonaro-em-esperar-perda-de-mandato-por-falta-serve-para-seguir-elegivel\/\"},\"wordCount\":757,\"publisher\":{\"@id\":\"https:\/\/bahiaeconomica.com.br\/wp\/#organization\"},\"keywords\":[\"AFASTAMENTO\",\"Eduardo Bolsonaro\",\"liberdade de express\u00e3o no Brasil.\"],\"articleSection\":[\"Pol\u00edtica\"],\"inLanguage\":\"pt-BR\"},{\"@type\":\"WebPage\",\"@id\":\"https:\/\/bahiaeconomica.com.br\/wp\/2025\/07\/21\/plano-de-eduardo-bolsonaro-em-esperar-perda-de-mandato-por-falta-serve-para-seguir-elegivel\/\",\"url\":\"https:\/\/bahiaeconomica.com.br\/wp\/2025\/07\/21\/plano-de-eduardo-bolsonaro-em-esperar-perda-de-mandato-por-falta-serve-para-seguir-elegivel\/\",\"name\":\"PLANO DE EDUARDO BOLSONARO EM ESPERAR PERDA DE MANDATO POR FALTA SERVE PARA SEGUIR ELEG\u00cdVEL - Bahia Economica A licen\u00e7a parlamentar do deputado federal Eduardo Bolsonaro (PL-SP) acabou neste domingo, 20. O filho do ex-presidente Jair Bolsonaro\",\"isPartOf\":{\"@id\":\"https:\/\/bahiaeconomica.com.br\/wp\/#website\"},\"datePublished\":\"2025-07-21T18:20:07+00:00\",\"dateModified\":\"2025-07-21T18:20:41+00:00\",\"description\":\"O maior portal de Economia da Bahia Pol\u00edtica Bahia Economica A licen\u00e7a parlamentar do deputado federal Eduardo Bolsonaro (PL-SP) acabou neste domingo, 20. O filho do ex-presidente Jair Bolsonaro\",\"breadcrumb\":{\"@id\":\"https:\/\/bahiaeconomica.com.br\/wp\/2025\/07\/21\/plano-de-eduardo-bolsonaro-em-esperar-perda-de-mandato-por-falta-serve-para-seguir-elegivel\/#breadcrumb\"},\"inLanguage\":\"pt-BR\",\"potentialAction\":[{\"@type\":\"ReadAction\",\"target\":[\"https:\/\/bahiaeconomica.com.br\/wp\/2025\/07\/21\/plano-de-eduardo-bolsonaro-em-esperar-perda-de-mandato-por-falta-serve-para-seguir-elegivel\/\"]}]},{\"@type\":\"BreadcrumbList\",\"@id\":\"https:\/\/bahiaeconomica.com.br\/wp\/2025\/07\/21\/plano-de-eduardo-bolsonaro-em-esperar-perda-de-mandato-por-falta-serve-para-seguir-elegivel\/#breadcrumb\",\"itemListElement\":[{\"@type\":\"ListItem\",\"position\":1,\"name\":\"In\u00edcio\",\"item\":\"https:\/\/bahiaeconomica.com.br\/wp\/\"},{\"@type\":\"ListItem\",\"position\":2,\"name\":\"PLANO DE EDUARDO BOLSONARO EM ESPERAR PERDA DE MANDATO POR FALTA SERVE PARA SEGUIR ELEG\u00cdVEL\"}]},{\"@type\":\"WebSite\",\"@id\":\"https:\/\/bahiaeconomica.com.br\/wp\/#website\",\"url\":\"https:\/\/bahiaeconomica.com.br\/wp\/\",\"name\":\"Bahia Economica\",\"description\":\"O maior portal de Economia da Bahia\",\"publisher\":{\"@id\":\"https:\/\/bahiaeconomica.com.br\/wp\/#organization\"},\"potentialAction\":[{\"@type\":\"SearchAction\",\"target\":{\"@type\":\"EntryPoint\",\"urlTemplate\":\"https:\/\/bahiaeconomica.com.br\/wp\/?s={search_term_string}\"},\"query-input\":\"required name=search_term_string\"}],\"inLanguage\":\"pt-BR\"},{\"@type\":\"Organization\",\"@id\":\"https:\/\/bahiaeconomica.com.br\/wp\/#organization\",\"name\":\"Bahia Econ\u00f4mica\",\"url\":\"https:\/\/bahiaeconomica.com.br\/wp\/\",\"logo\":{\"@type\":\"ImageObject\",\"inLanguage\":\"pt-BR\",\"@id\":\"https:\/\/bahiaeconomica.com.br\/wp\/#\/schema\/logo\/image\/\",\"url\":\"https:\/\/bahiaeconomica.com.br\/wp\/wp-content\/uploads\/2020\/12\/cropped-BE.png\",\"contentUrl\":\"https:\/\/bahiaeconomica.com.br\/wp\/wp-content\/uploads\/2020\/12\/cropped-BE.png\",\"width\":512,\"height\":512,\"caption\":\"Bahia Econ\u00f4mica\"},\"image\":{\"@id\":\"https:\/\/bahiaeconomica.com.br\/wp\/#\/schema\/logo\/image\/\"},\"sameAs\":[\"https:\/\/www.facebook.com\/bahiaeconomica\"]},{\"@type\":\"Person\",\"@id\":\"https:\/\/bahiaeconomica.com.br\/wp\/#\/schema\/person\/a17956d0e1112b626f403fb06b8129a9\",\"name\":\"VICTOR OLIVEIRA\",\"sameAs\":[\"http:\/\/www.bahiaeconomica.com.br\"],\"url\":\"https:\/\/bahiaeconomica.com.br\/wp\/author\/victor-oliveira\/\"}]}<\/script>\n<!-- \/ Yoast SEO plugin. -->","yoast_head_json":{"title":"PLANO DE EDUARDO BOLSONARO EM ESPERAR PERDA DE MANDATO POR FALTA SERVE PARA SEGUIR ELEG\u00cdVEL - Bahia Economica A licen\u00e7a parlamentar do deputado federal Eduardo Bolsonaro (PL-SP) acabou neste domingo, 20. O filho do ex-presidente Jair Bolsonaro","description":"O maior portal de Economia da Bahia Pol\u00edtica Bahia Economica A licen\u00e7a parlamentar do deputado federal Eduardo Bolsonaro (PL-SP) acabou neste domingo, 20. O filho do ex-presidente Jair Bolsonaro","robots":{"index":"index","follow":"follow","max-snippet":"max-snippet:-1","max-image-preview":"max-image-preview:large","max-video-preview":"max-video-preview:-1"},"canonical":"https:\/\/bahiaeconomica.com.br\/wp\/2025\/07\/21\/plano-de-eduardo-bolsonaro-em-esperar-perda-de-mandato-por-falta-serve-para-seguir-elegivel\/","og_locale":"pt_BR","og_type":"article","og_title":"PLANO DE EDUARDO BOLSONARO EM ESPERAR PERDA DE MANDATO POR FALTA SERVE PARA SEGUIR ELEG\u00cdVEL - Bahia Economica A licen\u00e7a parlamentar do deputado federal Eduardo Bolsonaro (PL-SP) acabou neste domingo, 20. O filho do ex-presidente Jair Bolsonaro","og_description":"O maior portal de Economia da Bahia Pol\u00edtica Bahia Economica A licen\u00e7a parlamentar do deputado federal Eduardo Bolsonaro (PL-SP) acabou neste domingo, 20. O filho do ex-presidente Jair Bolsonaro","og_url":"https:\/\/bahiaeconomica.com.br\/wp\/2025\/07\/21\/plano-de-eduardo-bolsonaro-em-esperar-perda-de-mandato-por-falta-serve-para-seguir-elegivel\/","og_site_name":"Bahia Economica","article_publisher":"https:\/\/www.facebook.com\/bahiaeconomica","article_published_time":"2025-07-21T18:20:07+00:00","article_modified_time":"2025-07-21T18:20:41+00:00","og_image":[{"width":1000,"height":616,"url":"https:\/\/bahiaeconomica.com.br\/wp\/wp-content\/uploads\/2025\/03\/Eduardo-Bolsonaro-formaliza-pedido-de-licenca-da-C0131149200202503202258-ScaleDownProportional.webp","type":"image\/webp"}],"author":"VICTOR OLIVEIRA","twitter_card":"summary_large_image","twitter_misc":{"Escrito por":"VICTOR OLIVEIRA","Est. tempo de leitura":"4 minutos"},"schema":{"@context":"https:\/\/schema.org","@graph":[{"@type":"Article","@id":"https:\/\/bahiaeconomica.com.br\/wp\/2025\/07\/21\/plano-de-eduardo-bolsonaro-em-esperar-perda-de-mandato-por-falta-serve-para-seguir-elegivel\/#article","isPartOf":{"@id":"https:\/\/bahiaeconomica.com.br\/wp\/2025\/07\/21\/plano-de-eduardo-bolsonaro-em-esperar-perda-de-mandato-por-falta-serve-para-seguir-elegivel\/"},"author":{"name":"VICTOR OLIVEIRA","@id":"https:\/\/bahiaeconomica.com.br\/wp\/#\/schema\/person\/a17956d0e1112b626f403fb06b8129a9"},"headline":"PLANO DE EDUARDO BOLSONARO EM ESPERAR PERDA DE MANDATO POR FALTA SERVE PARA SEGUIR ELEG\u00cdVEL","datePublished":"2025-07-21T18:20:07+00:00","dateModified":"2025-07-21T18:20:41+00:00","mainEntityOfPage":{"@id":"https:\/\/bahiaeconomica.com.br\/wp\/2025\/07\/21\/plano-de-eduardo-bolsonaro-em-esperar-perda-de-mandato-por-falta-serve-para-seguir-elegivel\/"},"wordCount":757,"publisher":{"@id":"https:\/\/bahiaeconomica.com.br\/wp\/#organization"},"keywords":["AFASTAMENTO","Eduardo Bolsonaro","liberdade de express\u00e3o no Brasil."],"articleSection":["Pol\u00edtica"],"inLanguage":"pt-BR"},{"@type":"WebPage","@id":"https:\/\/bahiaeconomica.com.br\/wp\/2025\/07\/21\/plano-de-eduardo-bolsonaro-em-esperar-perda-de-mandato-por-falta-serve-para-seguir-elegivel\/","url":"https:\/\/bahiaeconomica.com.br\/wp\/2025\/07\/21\/plano-de-eduardo-bolsonaro-em-esperar-perda-de-mandato-por-falta-serve-para-seguir-elegivel\/","name":"PLANO DE EDUARDO BOLSONARO EM ESPERAR PERDA DE MANDATO POR FALTA SERVE PARA SEGUIR ELEG\u00cdVEL - Bahia Economica A licen\u00e7a parlamentar do deputado federal Eduardo Bolsonaro (PL-SP) acabou neste domingo, 20. O filho do ex-presidente Jair Bolsonaro","isPartOf":{"@id":"https:\/\/bahiaeconomica.com.br\/wp\/#website"},"datePublished":"2025-07-21T18:20:07+00:00","dateModified":"2025-07-21T18:20:41+00:00","description":"O maior portal de Economia da Bahia Pol\u00edtica Bahia Economica A licen\u00e7a parlamentar do deputado federal Eduardo Bolsonaro (PL-SP) acabou neste domingo, 20. O filho do ex-presidente Jair Bolsonaro","breadcrumb":{"@id":"https:\/\/bahiaeconomica.com.br\/wp\/2025\/07\/21\/plano-de-eduardo-bolsonaro-em-esperar-perda-de-mandato-por-falta-serve-para-seguir-elegivel\/#breadcrumb"},"inLanguage":"pt-BR","potentialAction":[{"@type":"ReadAction","target":["https:\/\/bahiaeconomica.com.br\/wp\/2025\/07\/21\/plano-de-eduardo-bolsonaro-em-esperar-perda-de-mandato-por-falta-serve-para-seguir-elegivel\/"]}]},{"@type":"BreadcrumbList","@id":"https:\/\/bahiaeconomica.com.br\/wp\/2025\/07\/21\/plano-de-eduardo-bolsonaro-em-esperar-perda-de-mandato-por-falta-serve-para-seguir-elegivel\/#breadcrumb","itemListElement":[{"@type":"ListItem","position":1,"name":"In\u00edcio","item":"https:\/\/bahiaeconomica.com.br\/wp\/"},{"@type":"ListItem","position":2,"name":"PLANO DE EDUARDO BOLSONARO EM ESPERAR PERDA DE MANDATO POR FALTA SERVE PARA SEGUIR ELEG\u00cdVEL"}]},{"@type":"WebSite","@id":"https:\/\/bahiaeconomica.com.br\/wp\/#website","url":"https:\/\/bahiaeconomica.com.br\/wp\/","name":"Bahia Economica","description":"O maior portal de Economia da Bahia","publisher":{"@id":"https:\/\/bahiaeconomica.com.br\/wp\/#organization"},"potentialAction":[{"@type":"SearchAction","target":{"@type":"EntryPoint","urlTemplate":"https:\/\/bahiaeconomica.com.br\/wp\/?s={search_term_string}"},"query-input":"required name=search_term_string"}],"inLanguage":"pt-BR"},{"@type":"Organization","@id":"https:\/\/bahiaeconomica.com.br\/wp\/#organization","name":"Bahia Econ\u00f4mica","url":"https:\/\/bahiaeconomica.com.br\/wp\/","logo":{"@type":"ImageObject","inLanguage":"pt-BR","@id":"https:\/\/bahiaeconomica.com.br\/wp\/#\/schema\/logo\/image\/","url":"https:\/\/bahiaeconomica.com.br\/wp\/wp-content\/uploads\/2020\/12\/cropped-BE.png","contentUrl":"https:\/\/bahiaeconomica.com.br\/wp\/wp-content\/uploads\/2020\/12\/cropped-BE.png","width":512,"height":512,"caption":"Bahia Econ\u00f4mica"},"image":{"@id":"https:\/\/bahiaeconomica.com.br\/wp\/#\/schema\/logo\/image\/"},"sameAs":["https:\/\/www.facebook.com\/bahiaeconomica"]},{"@type":"Person","@id":"https:\/\/bahiaeconomica.com.br\/wp\/#\/schema\/person\/a17956d0e1112b626f403fb06b8129a9","name":"VICTOR OLIVEIRA","sameAs":["http:\/\/www.bahiaeconomica.com.br"],"url":"https:\/\/bahiaeconomica.com.br\/wp\/author\/victor-oliveira\/"}]}},"views":8,"_links":{"self":[{"href":"https:\/\/bahiaeconomica.com.br\/wp\/wp-json\/wp\/v2\/posts\/919529"}],"collection":[{"href":"https:\/\/bahiaeconomica.com.br\/wp\/wp-json\/wp\/v2\/posts"}],"about":[{"href":"https:\/\/bahiaeconomica.com.br\/wp\/wp-json\/wp\/v2\/types\/post"}],"author":[{"embeddable":true,"href":"https:\/\/bahiaeconomica.com.br\/wp\/wp-json\/wp\/v2\/users\/24"}],"replies":[{"embeddable":true,"href":"https:\/\/bahiaeconomica.com.br\/wp\/wp-json\/wp\/v2\/comments?post=919529"}],"version-history":[{"count":1,"href":"https:\/\/bahiaeconomica.com.br\/wp\/wp-json\/wp\/v2\/posts\/919529\/revisions"}],"predecessor-version":[{"id":919535,"href":"https:\/\/bahiaeconomica.com.br\/wp\/wp-json\/wp\/v2\/posts\/919529\/revisions\/919535"}],"wp:featuredmedia":[{"embeddable":true,"href":"https:\/\/bahiaeconomica.com.br\/wp\/wp-json\/wp\/v2\/media\/889252"}],"wp:attachment":[{"href":"https:\/\/bahiaeconomica.com.br\/wp\/wp-json\/wp\/v2\/media?parent=919529"}],"wp:term":[{"taxonomy":"category","embeddable":true,"href":"https:\/\/bahiaeconomica.com.br\/wp\/wp-json\/wp\/v2\/categories?post=919529"},{"taxonomy":"post_tag","embeddable":true,"href":"https:\/\/bahiaeconomica.com.br\/wp\/wp-json\/wp\/v2\/tags?post=919529"}],"curies":[{"name":"wp","href":"https:\/\/api.w.org\/{rel}","templated":true}]}}