{"id":919101,"date":"2025-07-18T09:00:46","date_gmt":"2025-07-18T12:00:46","guid":{"rendered":"https:\/\/bahiaeconomica.com.br\/wp\/?p=919101"},"modified":"2025-07-18T09:45:31","modified_gmt":"2025-07-18T12:45:31","slug":"bolsonaro-e-alvo-da-policia-federal-e-passa-a-usar-tornozeleira-eletronica","status":"publish","type":"post","link":"https:\/\/bahiaeconomica.com.br\/wp\/2025\/07\/18\/bolsonaro-e-alvo-da-policia-federal-e-passa-a-usar-tornozeleira-eletronica\/","title":{"rendered":"BOLSONARO \u00c9 ALVO DA POL\u00cdCIA FEDERAL E PASSA A USAR TORNOZELEIRA ELETR\u00d4NICA"},"content":{"rendered":"<p>A Pol\u00edcia Federal (PF) cumpre mandados contra o ex-presidente Jair Bolsonaro (PL) na manh\u00e3 desta sexta-feira (18), na sua casa em Bras\u00edlia, e em endere\u00e7os ligados ao Partido Liberal (PL), legenda de Bolsonaro.<\/p>\n<p>Os advogados de defesa do ex-presidente confirmaram a opera\u00e7\u00e3o \u00e0 imprensa. Bolsonaro \u00e9 alvo de medidas restritivas determinadas pelo Supremo Tribunal Federal (STF), segundo fontes ouvidas pelo blog do G1.<\/p>\n<p>Entre as medidas cautelares, Bolsonaro est\u00e1 proibido:<\/p>\n<ul>\n<li>De sair de casa das 19h \u00e0s 17h e finais de semana<\/li>\n<li>De conversar com embaixadores estrangeiros<\/li>\n<li>De se aproximar de embaixadas e representa\u00e7\u00f5es diplom\u00e1ticas<\/li>\n<li>Acessar redes sociais<\/li>\n<\/ul>\n<p>Al\u00e9m disso, o ex-presidente est\u00e1 usando uma Tornozeleira Eletr\u00f4nica.<\/p>\n<p>Ele tamb\u00e9m ter\u00e1 de permanecer em casa entre 19h e 7h da manh\u00e3, e foi proibido de se comunicar com embaixadores e diplomatas estrangeiros (n\u00e3o podendo se aproximar de embaixadas), nem com outros r\u00e9us e investigados pelo Supremo.<\/p>\n","protected":false},"excerpt":{"rendered":"<p>A Pol\u00edcia Federal (PF) cumpre mandados contra o ex-presidente Jair Bolsonaro (PL) na manh\u00e3 desta sexta-feira (18), na sua casa em Bras\u00edlia, e em endere\u00e7os ligados ao Partido Liberal (PL), legenda de Bolsonaro. Os advogados de defesa do ex-presidente confirmaram a opera\u00e7\u00e3o \u00e0 imprensa. Bolsonaro \u00e9 alvo de medidas restritivas determinadas pelo Supremo Tribunal Federal [&hellip;]<\/p>\n","protected":false},"author":22,"featured_media":813915,"comment_status":"closed","ping_status":"closed","sticky":false,"template":"","format":"standard","meta":[],"categories":[14,3],"tags":[2830,95,102,4282],"acf":[],"yoast_head":"<!-- This site is optimized with the Yoast SEO plugin v20.8 - https:\/\/yoast.com\/wordpress\/plugins\/seo\/ -->\n<title>BOLSONARO \u00c9 ALVO DA POL\u00cdCIA FEDERAL E PASSA A USAR TORNOZELEIRA ELETR\u00d4NICA - Bahia Economica<\/title>\n<meta name=\"description\" content=\"O maior portal de Economia da Bahia DESTAQUE DO DIA, ECONOMIA \/ POL\u00cdTICA Bahia Economica\" \/>\n<meta name=\"robots\" content=\"index, follow, max-snippet:-1, max-image-preview:large, max-video-preview:-1\" \/>\n<link rel=\"canonical\" href=\"https:\/\/bahiaeconomica.com.br\/wp\/2025\/07\/18\/bolsonaro-e-alvo-da-policia-federal-e-passa-a-usar-tornozeleira-eletronica\/\" \/>\n<meta property=\"og:locale\" content=\"pt_BR\" \/>\n<meta property=\"og:type\" content=\"article\" \/>\n<meta property=\"og:title\" content=\"BOLSONARO \u00c9 ALVO DA POL\u00cdCIA FEDERAL E PASSA A USAR TORNOZELEIRA ELETR\u00d4NICA - Bahia Economica\" \/>\n<meta property=\"og:description\" content=\"O maior portal de Economia da Bahia DESTAQUE DO DIA, ECONOMIA \/ POL\u00cdTICA Bahia Economica\" \/>\n<meta property=\"og:url\" content=\"https:\/\/bahiaeconomica.com.br\/wp\/2025\/07\/18\/bolsonaro-e-alvo-da-policia-federal-e-passa-a-usar-tornozeleira-eletronica\/\" \/>\n<meta property=\"og:site_name\" content=\"Bahia Economica\" \/>\n<meta property=\"article:publisher\" content=\"https:\/\/www.facebook.com\/bahiaeconomica\" \/>\n<meta property=\"article:published_time\" content=\"2025-07-18T12:00:46+00:00\" \/>\n<meta property=\"article:modified_time\" content=\"2025-07-18T12:45:31+00:00\" \/>\n<meta property=\"og:image\" content=\"https:\/\/bahiaeconomica.com.br\/wp\/wp-content\/uploads\/2024\/04\/ex-presidente-da-republica-jair-bolsonaro-2044665-article-1024x682-1.webp\" \/>\n\t<meta property=\"og:image:width\" content=\"1024\" \/>\n\t<meta property=\"og:image:height\" content=\"682\" \/>\n\t<meta property=\"og:image:type\" content=\"image\/webp\" \/>\n<meta name=\"author\" content=\"Matheus Souza\" \/>\n<meta name=\"twitter:card\" content=\"summary_large_image\" \/>\n<meta name=\"twitter:label1\" content=\"Escrito por\" \/>\n\t<meta name=\"twitter:data1\" content=\"Matheus Souza\" \/>\n\t<meta name=\"twitter:label2\" content=\"Est. tempo de leitura\" \/>\n\t<meta name=\"twitter:data2\" content=\"1 minuto\" \/>\n<script type=\"application\/ld+json\" class=\"yoast-schema-graph\">{\"@context\":\"https:\/\/schema.org\",\"@graph\":[{\"@type\":\"Article\",\"@id\":\"https:\/\/bahiaeconomica.com.br\/wp\/2025\/07\/18\/bolsonaro-e-alvo-da-policia-federal-e-passa-a-usar-tornozeleira-eletronica\/#article\",\"isPartOf\":{\"@id\":\"https:\/\/bahiaeconomica.com.br\/wp\/2025\/07\/18\/bolsonaro-e-alvo-da-policia-federal-e-passa-a-usar-tornozeleira-eletronica\/\"},\"author\":{\"name\":\"Matheus Souza\",\"@id\":\"https:\/\/bahiaeconomica.com.br\/wp\/#\/schema\/person\/3304d50cfd32353c7d08c39066638997\"},\"headline\":\"BOLSONARO \u00c9 ALVO DA POL\u00cdCIA FEDERAL E PASSA A USAR TORNOZELEIRA ELETR\u00d4NICA\",\"datePublished\":\"2025-07-18T12:00:46+00:00\",\"dateModified\":\"2025-07-18T12:45:31+00:00\",\"mainEntityOfPage\":{\"@id\":\"https:\/\/bahiaeconomica.com.br\/wp\/2025\/07\/18\/bolsonaro-e-alvo-da-policia-federal-e-passa-a-usar-tornozeleira-eletronica\/\"},\"wordCount\":166,\"publisher\":{\"@id\":\"https:\/\/bahiaeconomica.com.br\/wp\/#organization\"},\"keywords\":[\"alvo\",\"Bolsonaro\",\"Policia Federal\",\"tornozeleira\"],\"articleSection\":[\"DESTAQUE DO DIA\",\"ECONOMIA \/ POL\u00cdTICA\"],\"inLanguage\":\"pt-BR\"},{\"@type\":\"WebPage\",\"@id\":\"https:\/\/bahiaeconomica.com.br\/wp\/2025\/07\/18\/bolsonaro-e-alvo-da-policia-federal-e-passa-a-usar-tornozeleira-eletronica\/\",\"url\":\"https:\/\/bahiaeconomica.com.br\/wp\/2025\/07\/18\/bolsonaro-e-alvo-da-policia-federal-e-passa-a-usar-tornozeleira-eletronica\/\",\"name\":\"BOLSONARO \u00c9 ALVO DA POL\u00cdCIA FEDERAL E PASSA A USAR TORNOZELEIRA ELETR\u00d4NICA - Bahia Economica\",\"isPartOf\":{\"@id\":\"https:\/\/bahiaeconomica.com.br\/wp\/#website\"},\"datePublished\":\"2025-07-18T12:00:46+00:00\",\"dateModified\":\"2025-07-18T12:45:31+00:00\",\"description\":\"O maior portal de Economia da Bahia DESTAQUE DO DIA, ECONOMIA \/ POL\u00cdTICA Bahia Economica\",\"breadcrumb\":{\"@id\":\"https:\/\/bahiaeconomica.com.br\/wp\/2025\/07\/18\/bolsonaro-e-alvo-da-policia-federal-e-passa-a-usar-tornozeleira-eletronica\/#breadcrumb\"},\"inLanguage\":\"pt-BR\",\"potentialAction\":[{\"@type\":\"ReadAction\",\"target\":[\"https:\/\/bahiaeconomica.com.br\/wp\/2025\/07\/18\/bolsonaro-e-alvo-da-policia-federal-e-passa-a-usar-tornozeleira-eletronica\/\"]}]},{\"@type\":\"BreadcrumbList\",\"@id\":\"https:\/\/bahiaeconomica.com.br\/wp\/2025\/07\/18\/bolsonaro-e-alvo-da-policia-federal-e-passa-a-usar-tornozeleira-eletronica\/#breadcrumb\",\"itemListElement\":[{\"@type\":\"ListItem\",\"position\":1,\"name\":\"In\u00edcio\",\"item\":\"https:\/\/bahiaeconomica.com.br\/wp\/\"},{\"@type\":\"ListItem\",\"position\":2,\"name\":\"BOLSONARO \u00c9 ALVO DA POL\u00cdCIA FEDERAL E PASSA A USAR TORNOZELEIRA ELETR\u00d4NICA\"}]},{\"@type\":\"WebSite\",\"@id\":\"https:\/\/bahiaeconomica.com.br\/wp\/#website\",\"url\":\"https:\/\/bahiaeconomica.com.br\/wp\/\",\"name\":\"Bahia Economica\",\"description\":\"O maior portal de Economia da Bahia\",\"publisher\":{\"@id\":\"https:\/\/bahiaeconomica.com.br\/wp\/#organization\"},\"potentialAction\":[{\"@type\":\"SearchAction\",\"target\":{\"@type\":\"EntryPoint\",\"urlTemplate\":\"https:\/\/bahiaeconomica.com.br\/wp\/?s={search_term_string}\"},\"query-input\":\"required name=search_term_string\"}],\"inLanguage\":\"pt-BR\"},{\"@type\":\"Organization\",\"@id\":\"https:\/\/bahiaeconomica.com.br\/wp\/#organization\",\"name\":\"Bahia Econ\u00f4mica\",\"url\":\"https:\/\/bahiaeconomica.com.br\/wp\/\",\"logo\":{\"@type\":\"ImageObject\",\"inLanguage\":\"pt-BR\",\"@id\":\"https:\/\/bahiaeconomica.com.br\/wp\/#\/schema\/logo\/image\/\",\"url\":\"https:\/\/bahiaeconomica.com.br\/wp\/wp-content\/uploads\/2020\/12\/cropped-BE.png\",\"contentUrl\":\"https:\/\/bahiaeconomica.com.br\/wp\/wp-content\/uploads\/2020\/12\/cropped-BE.png\",\"width\":512,\"height\":512,\"caption\":\"Bahia Econ\u00f4mica\"},\"image\":{\"@id\":\"https:\/\/bahiaeconomica.com.br\/wp\/#\/schema\/logo\/image\/\"},\"sameAs\":[\"https:\/\/www.facebook.com\/bahiaeconomica\"]},{\"@type\":\"Person\",\"@id\":\"https:\/\/bahiaeconomica.com.br\/wp\/#\/schema\/person\/3304d50cfd32353c7d08c39066638997\",\"name\":\"Matheus Souza\",\"sameAs\":[\"http:\/\/www.bahiaeconomica.com.br\"],\"url\":\"https:\/\/bahiaeconomica.com.br\/wp\/author\/matheus-souza\/\"}]}<\/script>\n<!-- \/ Yoast SEO plugin. -->","yoast_head_json":{"title":"BOLSONARO \u00c9 ALVO DA POL\u00cdCIA FEDERAL E PASSA A USAR TORNOZELEIRA ELETR\u00d4NICA - Bahia Economica","description":"O maior portal de Economia da Bahia DESTAQUE DO DIA, ECONOMIA \/ POL\u00cdTICA Bahia Economica","robots":{"index":"index","follow":"follow","max-snippet":"max-snippet:-1","max-image-preview":"max-image-preview:large","max-video-preview":"max-video-preview:-1"},"canonical":"https:\/\/bahiaeconomica.com.br\/wp\/2025\/07\/18\/bolsonaro-e-alvo-da-policia-federal-e-passa-a-usar-tornozeleira-eletronica\/","og_locale":"pt_BR","og_type":"article","og_title":"BOLSONARO \u00c9 ALVO DA POL\u00cdCIA FEDERAL E PASSA A USAR TORNOZELEIRA ELETR\u00d4NICA - Bahia Economica","og_description":"O maior portal de Economia da Bahia DESTAQUE DO DIA, ECONOMIA \/ POL\u00cdTICA Bahia Economica","og_url":"https:\/\/bahiaeconomica.com.br\/wp\/2025\/07\/18\/bolsonaro-e-alvo-da-policia-federal-e-passa-a-usar-tornozeleira-eletronica\/","og_site_name":"Bahia Economica","article_publisher":"https:\/\/www.facebook.com\/bahiaeconomica","article_published_time":"2025-07-18T12:00:46+00:00","article_modified_time":"2025-07-18T12:45:31+00:00","og_image":[{"width":1024,"height":682,"url":"https:\/\/bahiaeconomica.com.br\/wp\/wp-content\/uploads\/2024\/04\/ex-presidente-da-republica-jair-bolsonaro-2044665-article-1024x682-1.webp","type":"image\/webp"}],"author":"Matheus Souza","twitter_card":"summary_large_image","twitter_misc":{"Escrito por":"Matheus Souza","Est. tempo de leitura":"1 minuto"},"schema":{"@context":"https:\/\/schema.org","@graph":[{"@type":"Article","@id":"https:\/\/bahiaeconomica.com.br\/wp\/2025\/07\/18\/bolsonaro-e-alvo-da-policia-federal-e-passa-a-usar-tornozeleira-eletronica\/#article","isPartOf":{"@id":"https:\/\/bahiaeconomica.com.br\/wp\/2025\/07\/18\/bolsonaro-e-alvo-da-policia-federal-e-passa-a-usar-tornozeleira-eletronica\/"},"author":{"name":"Matheus Souza","@id":"https:\/\/bahiaeconomica.com.br\/wp\/#\/schema\/person\/3304d50cfd32353c7d08c39066638997"},"headline":"BOLSONARO \u00c9 ALVO DA POL\u00cdCIA FEDERAL E PASSA A USAR TORNOZELEIRA ELETR\u00d4NICA","datePublished":"2025-07-18T12:00:46+00:00","dateModified":"2025-07-18T12:45:31+00:00","mainEntityOfPage":{"@id":"https:\/\/bahiaeconomica.com.br\/wp\/2025\/07\/18\/bolsonaro-e-alvo-da-policia-federal-e-passa-a-usar-tornozeleira-eletronica\/"},"wordCount":166,"publisher":{"@id":"https:\/\/bahiaeconomica.com.br\/wp\/#organization"},"keywords":["alvo","Bolsonaro","Policia Federal","tornozeleira"],"articleSection":["DESTAQUE DO DIA","ECONOMIA \/ POL\u00cdTICA"],"inLanguage":"pt-BR"},{"@type":"WebPage","@id":"https:\/\/bahiaeconomica.com.br\/wp\/2025\/07\/18\/bolsonaro-e-alvo-da-policia-federal-e-passa-a-usar-tornozeleira-eletronica\/","url":"https:\/\/bahiaeconomica.com.br\/wp\/2025\/07\/18\/bolsonaro-e-alvo-da-policia-federal-e-passa-a-usar-tornozeleira-eletronica\/","name":"BOLSONARO \u00c9 ALVO DA POL\u00cdCIA FEDERAL E PASSA A USAR TORNOZELEIRA ELETR\u00d4NICA - Bahia Economica","isPartOf":{"@id":"https:\/\/bahiaeconomica.com.br\/wp\/#website"},"datePublished":"2025-07-18T12:00:46+00:00","dateModified":"2025-07-18T12:45:31+00:00","description":"O maior portal de Economia da Bahia DESTAQUE DO DIA, ECONOMIA \/ POL\u00cdTICA Bahia Economica","breadcrumb":{"@id":"https:\/\/bahiaeconomica.com.br\/wp\/2025\/07\/18\/bolsonaro-e-alvo-da-policia-federal-e-passa-a-usar-tornozeleira-eletronica\/#breadcrumb"},"inLanguage":"pt-BR","potentialAction":[{"@type":"ReadAction","target":["https:\/\/bahiaeconomica.com.br\/wp\/2025\/07\/18\/bolsonaro-e-alvo-da-policia-federal-e-passa-a-usar-tornozeleira-eletronica\/"]}]},{"@type":"BreadcrumbList","@id":"https:\/\/bahiaeconomica.com.br\/wp\/2025\/07\/18\/bolsonaro-e-alvo-da-policia-federal-e-passa-a-usar-tornozeleira-eletronica\/#breadcrumb","itemListElement":[{"@type":"ListItem","position":1,"name":"In\u00edcio","item":"https:\/\/bahiaeconomica.com.br\/wp\/"},{"@type":"ListItem","position":2,"name":"BOLSONARO \u00c9 ALVO DA POL\u00cdCIA FEDERAL E PASSA A USAR TORNOZELEIRA ELETR\u00d4NICA"}]},{"@type":"WebSite","@id":"https:\/\/bahiaeconomica.com.br\/wp\/#website","url":"https:\/\/bahiaeconomica.com.br\/wp\/","name":"Bahia Economica","description":"O maior portal de Economia da Bahia","publisher":{"@id":"https:\/\/bahiaeconomica.com.br\/wp\/#organization"},"potentialAction":[{"@type":"SearchAction","target":{"@type":"EntryPoint","urlTemplate":"https:\/\/bahiaeconomica.com.br\/wp\/?s={search_term_string}"},"query-input":"required name=search_term_string"}],"inLanguage":"pt-BR"},{"@type":"Organization","@id":"https:\/\/bahiaeconomica.com.br\/wp\/#organization","name":"Bahia Econ\u00f4mica","url":"https:\/\/bahiaeconomica.com.br\/wp\/","logo":{"@type":"ImageObject","inLanguage":"pt-BR","@id":"https:\/\/bahiaeconomica.com.br\/wp\/#\/schema\/logo\/image\/","url":"https:\/\/bahiaeconomica.com.br\/wp\/wp-content\/uploads\/2020\/12\/cropped-BE.png","contentUrl":"https:\/\/bahiaeconomica.com.br\/wp\/wp-content\/uploads\/2020\/12\/cropped-BE.png","width":512,"height":512,"caption":"Bahia Econ\u00f4mica"},"image":{"@id":"https:\/\/bahiaeconomica.com.br\/wp\/#\/schema\/logo\/image\/"},"sameAs":["https:\/\/www.facebook.com\/bahiaeconomica"]},{"@type":"Person","@id":"https:\/\/bahiaeconomica.com.br\/wp\/#\/schema\/person\/3304d50cfd32353c7d08c39066638997","name":"Matheus Souza","sameAs":["http:\/\/www.bahiaeconomica.com.br"],"url":"https:\/\/bahiaeconomica.com.br\/wp\/author\/matheus-souza\/"}]}},"views":253,"_links":{"self":[{"href":"https:\/\/bahiaeconomica.com.br\/wp\/wp-json\/wp\/v2\/posts\/919101"}],"collection":[{"href":"https:\/\/bahiaeconomica.com.br\/wp\/wp-json\/wp\/v2\/posts"}],"about":[{"href":"https:\/\/bahiaeconomica.com.br\/wp\/wp-json\/wp\/v2\/types\/post"}],"author":[{"embeddable":true,"href":"https:\/\/bahiaeconomica.com.br\/wp\/wp-json\/wp\/v2\/users\/22"}],"replies":[{"embeddable":true,"href":"https:\/\/bahiaeconomica.com.br\/wp\/wp-json\/wp\/v2\/comments?post=919101"}],"version-history":[{"count":6,"href":"https:\/\/bahiaeconomica.com.br\/wp\/wp-json\/wp\/v2\/posts\/919101\/revisions"}],"predecessor-version":[{"id":919116,"href":"https:\/\/bahiaeconomica.com.br\/wp\/wp-json\/wp\/v2\/posts\/919101\/revisions\/919116"}],"wp:featuredmedia":[{"embeddable":true,"href":"https:\/\/bahiaeconomica.com.br\/wp\/wp-json\/wp\/v2\/media\/813915"}],"wp:attachment":[{"href":"https:\/\/bahiaeconomica.com.br\/wp\/wp-json\/wp\/v2\/media?parent=919101"}],"wp:term":[{"taxonomy":"category","embeddable":true,"href":"https:\/\/bahiaeconomica.com.br\/wp\/wp-json\/wp\/v2\/categories?post=919101"},{"taxonomy":"post_tag","embeddable":true,"href":"https:\/\/bahiaeconomica.com.br\/wp\/wp-json\/wp\/v2\/tags?post=919101"}],"curies":[{"name":"wp","href":"https:\/\/api.w.org\/{rel}","templated":true}]}}