{"id":919076,"date":"2025-07-18T07:53:30","date_gmt":"2025-07-18T10:53:30","guid":{"rendered":"https:\/\/bahiaeconomica.com.br\/wp\/?p=919076"},"modified":"2025-07-18T07:40:44","modified_gmt":"2025-07-18T10:40:44","slug":"mp-ba-da-24-horas-para-escolas-retomarem-aulas-e-cobra-responsabilizacao-de-gestores","status":"publish","type":"post","link":"https:\/\/bahiaeconomica.com.br\/wp\/2025\/07\/18\/mp-ba-da-24-horas-para-escolas-retomarem-aulas-e-cobra-responsabilizacao-de-gestores\/","title":{"rendered":"MP-BA D\u00c1 24 HORAS PARA ESCOLAS RETOMAREM AULAS E COBRA RESPONSABILIZA\u00c7\u00c3O DE GESTORES"},"content":{"rendered":"<p>O Minist\u00e9rio P\u00fablico da Bahia (MP-BA) determinou, nesta quinta-feira (17), que os diretores das 35 escolas municipais de Salvador que ainda est\u00e3o com as aulas suspensas por causa da greve dos professores adotem provid\u00eancias imediatas para a retomada das atividades. A Promotoria de Justi\u00e7a da Educa\u00e7\u00e3o da Capital fixou o prazo de 24 horas para que o corpo docente seja formalmente convocado e a convoca\u00e7\u00e3o seja enviada ao \u00f3rg\u00e3o.<\/p>\n<p>O MP alertou que o n\u00e3o cumprimento da medida pode levar \u00e0 responsabiliza\u00e7\u00e3o pessoal dos gestores, incluindo a\u00e7\u00f5es judiciais por infra\u00e7\u00f5es c\u00edveis e administrativas. A Promotoria destaca que a paralisa\u00e7\u00e3o foi considerada ilegal pela Justi\u00e7a e que a continuidade da greve fere o direito constitucional \u00e0 educa\u00e7\u00e3o.<\/p>\n<p>Para o \u00f3rg\u00e3o, a interrup\u00e7\u00e3o prolongada das aulas representa desobedi\u00eancia \u00e0 decis\u00e3o judicial e afronta \u00e0 Constitui\u00e7\u00e3o Federal, que assegura o acesso cont\u00ednuo \u00e0 educa\u00e7\u00e3o como dever do Estado.<\/p>\n<p>A greve dos professores da rede municipal de Salvador j\u00e1 dura mais de 70 dias. Apesar de diversas decis\u00f5es judiciais e apelos da Prefeitura, a paralisa\u00e7\u00e3o continua. A mais recente decis\u00e3o judicial elevou a multa di\u00e1ria aplicada \u00e0 APLB Sindicato para R$ 200 mil, acumulando at\u00e9 o momento cerca de R$ 5 milh\u00f5es.<\/p>\n<p>Foto: Betto Jr.\/ Secom<\/p>\n","protected":false},"excerpt":{"rendered":"<p>O Minist\u00e9rio P\u00fablico da Bahia (MP-BA) determinou, nesta quinta-feira (17), que os diretores das 35 escolas municipais de Salvador que ainda est\u00e3o com as aulas suspensas por causa da greve dos professores adotem provid\u00eancias imediatas para a retomada das atividades. A Promotoria de Justi\u00e7a da Educa\u00e7\u00e3o da Capital fixou o prazo de 24 horas para [&hellip;]<\/p>\n","protected":false},"author":20,"featured_media":919077,"comment_status":"closed","ping_status":"closed","sticky":false,"template":"","format":"standard","meta":[],"categories":[14601,21],"tags":[85,2602,384,326,1529,73],"acf":[],"yoast_head":"<!-- This site is optimized with the Yoast SEO plugin v20.8 - https:\/\/yoast.com\/wordpress\/plugins\/seo\/ -->\n<title>MP-BA D\u00c1 24 HORAS PARA ESCOLAS RETOMAREM AULAS E COBRA RESPONSABILIZA\u00c7\u00c3O DE GESTORES - Bahia Economica<\/title>\n<meta name=\"description\" content=\"Pol\u00edtica, Sa\u00fade \/ Educa\u00e7\u00e3o Bahia Economica Para o \u00f3rg\u00e3o, a interrup\u00e7\u00e3o prolongada das aulas representa desobedi\u00eancia \u00e0 decis\u00e3o judicial\" \/>\n<meta name=\"robots\" content=\"index, follow, max-snippet:-1, max-image-preview:large, max-video-preview:-1\" \/>\n<link rel=\"canonical\" href=\"https:\/\/bahiaeconomica.com.br\/wp\/2025\/07\/18\/mp-ba-da-24-horas-para-escolas-retomarem-aulas-e-cobra-responsabilizacao-de-gestores\/\" \/>\n<meta property=\"og:locale\" content=\"pt_BR\" \/>\n<meta property=\"og:type\" content=\"article\" \/>\n<meta property=\"og:title\" content=\"MP-BA D\u00c1 24 HORAS PARA ESCOLAS RETOMAREM AULAS E COBRA RESPONSABILIZA\u00c7\u00c3O DE GESTORES - Bahia Economica\" \/>\n<meta property=\"og:description\" content=\"Pol\u00edtica, Sa\u00fade \/ Educa\u00e7\u00e3o Bahia Economica Para o \u00f3rg\u00e3o, a interrup\u00e7\u00e3o prolongada das aulas representa desobedi\u00eancia \u00e0 decis\u00e3o judicial\" \/>\n<meta property=\"og:url\" content=\"https:\/\/bahiaeconomica.com.br\/wp\/2025\/07\/18\/mp-ba-da-24-horas-para-escolas-retomarem-aulas-e-cobra-responsabilizacao-de-gestores\/\" \/>\n<meta property=\"og:site_name\" content=\"Bahia Economica\" \/>\n<meta property=\"article:publisher\" content=\"https:\/\/www.facebook.com\/bahiaeconomica\" \/>\n<meta property=\"article:published_time\" content=\"2025-07-18T10:53:30+00:00\" \/>\n<meta property=\"article:modified_time\" content=\"2025-07-18T10:40:44+00:00\" \/>\n<meta property=\"og:image\" content=\"https:\/\/bahiaeconomica.com.br\/wp\/wp-content\/uploads\/2025\/07\/Imagem-do-WhatsApp-de-2025-07-17-as-20.52.22_db203880.jpg\" \/>\n\t<meta property=\"og:image:width\" content=\"600\" \/>\n\t<meta property=\"og:image:height\" content=\"420\" \/>\n\t<meta property=\"og:image:type\" content=\"image\/jpeg\" \/>\n<meta name=\"author\" content=\"BRUNA CARVALHO\" \/>\n<meta name=\"twitter:card\" content=\"summary_large_image\" \/>\n<meta name=\"twitter:label1\" content=\"Escrito por\" \/>\n\t<meta name=\"twitter:data1\" content=\"BRUNA CARVALHO\" \/>\n\t<meta name=\"twitter:label2\" content=\"Est. tempo de leitura\" \/>\n\t<meta name=\"twitter:data2\" content=\"2 minutos\" \/>\n<script type=\"application\/ld+json\" class=\"yoast-schema-graph\">{\"@context\":\"https:\/\/schema.org\",\"@graph\":[{\"@type\":\"Article\",\"@id\":\"https:\/\/bahiaeconomica.com.br\/wp\/2025\/07\/18\/mp-ba-da-24-horas-para-escolas-retomarem-aulas-e-cobra-responsabilizacao-de-gestores\/#article\",\"isPartOf\":{\"@id\":\"https:\/\/bahiaeconomica.com.br\/wp\/2025\/07\/18\/mp-ba-da-24-horas-para-escolas-retomarem-aulas-e-cobra-responsabilizacao-de-gestores\/\"},\"author\":{\"name\":\"BRUNA CARVALHO\",\"@id\":\"https:\/\/bahiaeconomica.com.br\/wp\/#\/schema\/person\/9310b0e591f5979f6f99773eac5804e6\"},\"headline\":\"MP-BA D\u00c1 24 HORAS PARA ESCOLAS RETOMAREM AULAS E COBRA RESPONSABILIZA\u00c7\u00c3O DE GESTORES\",\"datePublished\":\"2025-07-18T10:53:30+00:00\",\"dateModified\":\"2025-07-18T10:40:44+00:00\",\"mainEntityOfPage\":{\"@id\":\"https:\/\/bahiaeconomica.com.br\/wp\/2025\/07\/18\/mp-ba-da-24-horas-para-escolas-retomarem-aulas-e-cobra-responsabilizacao-de-gestores\/\"},\"wordCount\":231,\"publisher\":{\"@id\":\"https:\/\/bahiaeconomica.com.br\/wp\/#organization\"},\"keywords\":[\"Bahia\",\"greve\",\"Minist\u00e9rio P\u00fablico\",\"MP\",\"professores\",\"Salvador\"],\"articleSection\":[\"Pol\u00edtica\",\"Sa\u00fade \/ Educa\u00e7\u00e3o\"],\"inLanguage\":\"pt-BR\"},{\"@type\":\"WebPage\",\"@id\":\"https:\/\/bahiaeconomica.com.br\/wp\/2025\/07\/18\/mp-ba-da-24-horas-para-escolas-retomarem-aulas-e-cobra-responsabilizacao-de-gestores\/\",\"url\":\"https:\/\/bahiaeconomica.com.br\/wp\/2025\/07\/18\/mp-ba-da-24-horas-para-escolas-retomarem-aulas-e-cobra-responsabilizacao-de-gestores\/\",\"name\":\"MP-BA D\u00c1 24 HORAS PARA ESCOLAS RETOMAREM AULAS E COBRA RESPONSABILIZA\u00c7\u00c3O DE GESTORES - Bahia Economica\",\"isPartOf\":{\"@id\":\"https:\/\/bahiaeconomica.com.br\/wp\/#website\"},\"datePublished\":\"2025-07-18T10:53:30+00:00\",\"dateModified\":\"2025-07-18T10:40:44+00:00\",\"description\":\"Pol\u00edtica, Sa\u00fade \/ Educa\u00e7\u00e3o Bahia Economica Para o \u00f3rg\u00e3o, a interrup\u00e7\u00e3o prolongada das aulas representa desobedi\u00eancia \u00e0 decis\u00e3o judicial\",\"breadcrumb\":{\"@id\":\"https:\/\/bahiaeconomica.com.br\/wp\/2025\/07\/18\/mp-ba-da-24-horas-para-escolas-retomarem-aulas-e-cobra-responsabilizacao-de-gestores\/#breadcrumb\"},\"inLanguage\":\"pt-BR\",\"potentialAction\":[{\"@type\":\"ReadAction\",\"target\":[\"https:\/\/bahiaeconomica.com.br\/wp\/2025\/07\/18\/mp-ba-da-24-horas-para-escolas-retomarem-aulas-e-cobra-responsabilizacao-de-gestores\/\"]}]},{\"@type\":\"BreadcrumbList\",\"@id\":\"https:\/\/bahiaeconomica.com.br\/wp\/2025\/07\/18\/mp-ba-da-24-horas-para-escolas-retomarem-aulas-e-cobra-responsabilizacao-de-gestores\/#breadcrumb\",\"itemListElement\":[{\"@type\":\"ListItem\",\"position\":1,\"name\":\"In\u00edcio\",\"item\":\"https:\/\/bahiaeconomica.com.br\/wp\/\"},{\"@type\":\"ListItem\",\"position\":2,\"name\":\"MP-BA D\u00c1 24 HORAS PARA ESCOLAS RETOMAREM AULAS E COBRA RESPONSABILIZA\u00c7\u00c3O DE GESTORES\"}]},{\"@type\":\"WebSite\",\"@id\":\"https:\/\/bahiaeconomica.com.br\/wp\/#website\",\"url\":\"https:\/\/bahiaeconomica.com.br\/wp\/\",\"name\":\"Bahia Economica\",\"description\":\"O maior portal de Economia da Bahia\",\"publisher\":{\"@id\":\"https:\/\/bahiaeconomica.com.br\/wp\/#organization\"},\"potentialAction\":[{\"@type\":\"SearchAction\",\"target\":{\"@type\":\"EntryPoint\",\"urlTemplate\":\"https:\/\/bahiaeconomica.com.br\/wp\/?s={search_term_string}\"},\"query-input\":\"required name=search_term_string\"}],\"inLanguage\":\"pt-BR\"},{\"@type\":\"Organization\",\"@id\":\"https:\/\/bahiaeconomica.com.br\/wp\/#organization\",\"name\":\"Bahia Econ\u00f4mica\",\"url\":\"https:\/\/bahiaeconomica.com.br\/wp\/\",\"logo\":{\"@type\":\"ImageObject\",\"inLanguage\":\"pt-BR\",\"@id\":\"https:\/\/bahiaeconomica.com.br\/wp\/#\/schema\/logo\/image\/\",\"url\":\"https:\/\/bahiaeconomica.com.br\/wp\/wp-content\/uploads\/2020\/12\/cropped-BE.png\",\"contentUrl\":\"https:\/\/bahiaeconomica.com.br\/wp\/wp-content\/uploads\/2020\/12\/cropped-BE.png\",\"width\":512,\"height\":512,\"caption\":\"Bahia Econ\u00f4mica\"},\"image\":{\"@id\":\"https:\/\/bahiaeconomica.com.br\/wp\/#\/schema\/logo\/image\/\"},\"sameAs\":[\"https:\/\/www.facebook.com\/bahiaeconomica\"]},{\"@type\":\"Person\",\"@id\":\"https:\/\/bahiaeconomica.com.br\/wp\/#\/schema\/person\/9310b0e591f5979f6f99773eac5804e6\",\"name\":\"BRUNA CARVALHO\",\"sameAs\":[\"http:\/\/www.bahiaeconomica.com.br\"],\"url\":\"https:\/\/bahiaeconomica.com.br\/wp\/author\/bruna\/\"}]}<\/script>\n<!-- \/ Yoast SEO plugin. -->","yoast_head_json":{"title":"MP-BA D\u00c1 24 HORAS PARA ESCOLAS RETOMAREM AULAS E COBRA RESPONSABILIZA\u00c7\u00c3O DE GESTORES - Bahia Economica","description":"Pol\u00edtica, Sa\u00fade \/ Educa\u00e7\u00e3o Bahia Economica Para o \u00f3rg\u00e3o, a interrup\u00e7\u00e3o prolongada das aulas representa desobedi\u00eancia \u00e0 decis\u00e3o judicial","robots":{"index":"index","follow":"follow","max-snippet":"max-snippet:-1","max-image-preview":"max-image-preview:large","max-video-preview":"max-video-preview:-1"},"canonical":"https:\/\/bahiaeconomica.com.br\/wp\/2025\/07\/18\/mp-ba-da-24-horas-para-escolas-retomarem-aulas-e-cobra-responsabilizacao-de-gestores\/","og_locale":"pt_BR","og_type":"article","og_title":"MP-BA D\u00c1 24 HORAS PARA ESCOLAS RETOMAREM AULAS E COBRA RESPONSABILIZA\u00c7\u00c3O DE GESTORES - Bahia Economica","og_description":"Pol\u00edtica, Sa\u00fade \/ Educa\u00e7\u00e3o Bahia Economica Para o \u00f3rg\u00e3o, a interrup\u00e7\u00e3o prolongada das aulas representa desobedi\u00eancia \u00e0 decis\u00e3o judicial","og_url":"https:\/\/bahiaeconomica.com.br\/wp\/2025\/07\/18\/mp-ba-da-24-horas-para-escolas-retomarem-aulas-e-cobra-responsabilizacao-de-gestores\/","og_site_name":"Bahia Economica","article_publisher":"https:\/\/www.facebook.com\/bahiaeconomica","article_published_time":"2025-07-18T10:53:30+00:00","article_modified_time":"2025-07-18T10:40:44+00:00","og_image":[{"width":600,"height":420,"url":"https:\/\/bahiaeconomica.com.br\/wp\/wp-content\/uploads\/2025\/07\/Imagem-do-WhatsApp-de-2025-07-17-as-20.52.22_db203880.jpg","type":"image\/jpeg"}],"author":"BRUNA CARVALHO","twitter_card":"summary_large_image","twitter_misc":{"Escrito por":"BRUNA CARVALHO","Est. tempo de leitura":"2 minutos"},"schema":{"@context":"https:\/\/schema.org","@graph":[{"@type":"Article","@id":"https:\/\/bahiaeconomica.com.br\/wp\/2025\/07\/18\/mp-ba-da-24-horas-para-escolas-retomarem-aulas-e-cobra-responsabilizacao-de-gestores\/#article","isPartOf":{"@id":"https:\/\/bahiaeconomica.com.br\/wp\/2025\/07\/18\/mp-ba-da-24-horas-para-escolas-retomarem-aulas-e-cobra-responsabilizacao-de-gestores\/"},"author":{"name":"BRUNA CARVALHO","@id":"https:\/\/bahiaeconomica.com.br\/wp\/#\/schema\/person\/9310b0e591f5979f6f99773eac5804e6"},"headline":"MP-BA D\u00c1 24 HORAS PARA ESCOLAS RETOMAREM AULAS E COBRA RESPONSABILIZA\u00c7\u00c3O DE GESTORES","datePublished":"2025-07-18T10:53:30+00:00","dateModified":"2025-07-18T10:40:44+00:00","mainEntityOfPage":{"@id":"https:\/\/bahiaeconomica.com.br\/wp\/2025\/07\/18\/mp-ba-da-24-horas-para-escolas-retomarem-aulas-e-cobra-responsabilizacao-de-gestores\/"},"wordCount":231,"publisher":{"@id":"https:\/\/bahiaeconomica.com.br\/wp\/#organization"},"keywords":["Bahia","greve","Minist\u00e9rio P\u00fablico","MP","professores","Salvador"],"articleSection":["Pol\u00edtica","Sa\u00fade \/ Educa\u00e7\u00e3o"],"inLanguage":"pt-BR"},{"@type":"WebPage","@id":"https:\/\/bahiaeconomica.com.br\/wp\/2025\/07\/18\/mp-ba-da-24-horas-para-escolas-retomarem-aulas-e-cobra-responsabilizacao-de-gestores\/","url":"https:\/\/bahiaeconomica.com.br\/wp\/2025\/07\/18\/mp-ba-da-24-horas-para-escolas-retomarem-aulas-e-cobra-responsabilizacao-de-gestores\/","name":"MP-BA D\u00c1 24 HORAS PARA ESCOLAS RETOMAREM AULAS E COBRA RESPONSABILIZA\u00c7\u00c3O DE GESTORES - Bahia Economica","isPartOf":{"@id":"https:\/\/bahiaeconomica.com.br\/wp\/#website"},"datePublished":"2025-07-18T10:53:30+00:00","dateModified":"2025-07-18T10:40:44+00:00","description":"Pol\u00edtica, Sa\u00fade \/ Educa\u00e7\u00e3o Bahia Economica Para o \u00f3rg\u00e3o, a interrup\u00e7\u00e3o prolongada das aulas representa desobedi\u00eancia \u00e0 decis\u00e3o judicial","breadcrumb":{"@id":"https:\/\/bahiaeconomica.com.br\/wp\/2025\/07\/18\/mp-ba-da-24-horas-para-escolas-retomarem-aulas-e-cobra-responsabilizacao-de-gestores\/#breadcrumb"},"inLanguage":"pt-BR","potentialAction":[{"@type":"ReadAction","target":["https:\/\/bahiaeconomica.com.br\/wp\/2025\/07\/18\/mp-ba-da-24-horas-para-escolas-retomarem-aulas-e-cobra-responsabilizacao-de-gestores\/"]}]},{"@type":"BreadcrumbList","@id":"https:\/\/bahiaeconomica.com.br\/wp\/2025\/07\/18\/mp-ba-da-24-horas-para-escolas-retomarem-aulas-e-cobra-responsabilizacao-de-gestores\/#breadcrumb","itemListElement":[{"@type":"ListItem","position":1,"name":"In\u00edcio","item":"https:\/\/bahiaeconomica.com.br\/wp\/"},{"@type":"ListItem","position":2,"name":"MP-BA D\u00c1 24 HORAS PARA ESCOLAS RETOMAREM AULAS E COBRA RESPONSABILIZA\u00c7\u00c3O DE GESTORES"}]},{"@type":"WebSite","@id":"https:\/\/bahiaeconomica.com.br\/wp\/#website","url":"https:\/\/bahiaeconomica.com.br\/wp\/","name":"Bahia Economica","description":"O maior portal de Economia da Bahia","publisher":{"@id":"https:\/\/bahiaeconomica.com.br\/wp\/#organization"},"potentialAction":[{"@type":"SearchAction","target":{"@type":"EntryPoint","urlTemplate":"https:\/\/bahiaeconomica.com.br\/wp\/?s={search_term_string}"},"query-input":"required name=search_term_string"}],"inLanguage":"pt-BR"},{"@type":"Organization","@id":"https:\/\/bahiaeconomica.com.br\/wp\/#organization","name":"Bahia Econ\u00f4mica","url":"https:\/\/bahiaeconomica.com.br\/wp\/","logo":{"@type":"ImageObject","inLanguage":"pt-BR","@id":"https:\/\/bahiaeconomica.com.br\/wp\/#\/schema\/logo\/image\/","url":"https:\/\/bahiaeconomica.com.br\/wp\/wp-content\/uploads\/2020\/12\/cropped-BE.png","contentUrl":"https:\/\/bahiaeconomica.com.br\/wp\/wp-content\/uploads\/2020\/12\/cropped-BE.png","width":512,"height":512,"caption":"Bahia Econ\u00f4mica"},"image":{"@id":"https:\/\/bahiaeconomica.com.br\/wp\/#\/schema\/logo\/image\/"},"sameAs":["https:\/\/www.facebook.com\/bahiaeconomica"]},{"@type":"Person","@id":"https:\/\/bahiaeconomica.com.br\/wp\/#\/schema\/person\/9310b0e591f5979f6f99773eac5804e6","name":"BRUNA CARVALHO","sameAs":["http:\/\/www.bahiaeconomica.com.br"],"url":"https:\/\/bahiaeconomica.com.br\/wp\/author\/bruna\/"}]}},"views":18,"_links":{"self":[{"href":"https:\/\/bahiaeconomica.com.br\/wp\/wp-json\/wp\/v2\/posts\/919076"}],"collection":[{"href":"https:\/\/bahiaeconomica.com.br\/wp\/wp-json\/wp\/v2\/posts"}],"about":[{"href":"https:\/\/bahiaeconomica.com.br\/wp\/wp-json\/wp\/v2\/types\/post"}],"author":[{"embeddable":true,"href":"https:\/\/bahiaeconomica.com.br\/wp\/wp-json\/wp\/v2\/users\/20"}],"replies":[{"embeddable":true,"href":"https:\/\/bahiaeconomica.com.br\/wp\/wp-json\/wp\/v2\/comments?post=919076"}],"version-history":[{"count":1,"href":"https:\/\/bahiaeconomica.com.br\/wp\/wp-json\/wp\/v2\/posts\/919076\/revisions"}],"predecessor-version":[{"id":919079,"href":"https:\/\/bahiaeconomica.com.br\/wp\/wp-json\/wp\/v2\/posts\/919076\/revisions\/919079"}],"wp:featuredmedia":[{"embeddable":true,"href":"https:\/\/bahiaeconomica.com.br\/wp\/wp-json\/wp\/v2\/media\/919077"}],"wp:attachment":[{"href":"https:\/\/bahiaeconomica.com.br\/wp\/wp-json\/wp\/v2\/media?parent=919076"}],"wp:term":[{"taxonomy":"category","embeddable":true,"href":"https:\/\/bahiaeconomica.com.br\/wp\/wp-json\/wp\/v2\/categories?post=919076"},{"taxonomy":"post_tag","embeddable":true,"href":"https:\/\/bahiaeconomica.com.br\/wp\/wp-json\/wp\/v2\/tags?post=919076"}],"curies":[{"name":"wp","href":"https:\/\/api.w.org\/{rel}","templated":true}]}}