{"id":918690,"date":"2025-07-17T08:30:55","date_gmt":"2025-07-17T11:30:55","guid":{"rendered":"https:\/\/bahiaeconomica.com.br\/wp\/?p=918690"},"modified":"2025-07-17T08:17:16","modified_gmt":"2025-07-17T11:17:16","slug":"tj-ba-aumenta-multa-contra-aplb-que-ja-soma-r-5-milhoes-por-manter-greve-na-rede-municipal","status":"publish","type":"post","link":"https:\/\/bahiaeconomica.com.br\/wp\/2025\/07\/17\/tj-ba-aumenta-multa-contra-aplb-que-ja-soma-r-5-milhoes-por-manter-greve-na-rede-municipal\/","title":{"rendered":"TJ-BA AUMENTA MULTA CONTRA APLB, QUE J\u00c1 SOMA R$ 5 MILH\u00d5ES POR MANTER GREVE NA REDE MUNICIPAL"},"content":{"rendered":"<p>O Tribunal de Justi\u00e7a da Bahia (TJ-BA) decidiu aumentar para R$ 200 mil a multa di\u00e1ria aplicada \u00e0 APLB-Sindicato pelo descumprimento de decis\u00f5es judiciais que determinaram o fim da greve dos professores da rede municipal de Salvador. A decis\u00e3o \u00e9 do juiz Francisco de Oliveira Bispo, que reiterou a ordem de retorno imediato \u00e0s atividades.<\/p>\n<p>Segundo o magistrado, o sindicato j\u00e1 acumula cerca de R$ 5 milh\u00f5es em penalidades por desrespeitar as determina\u00e7\u00f5es anteriores, que consideraram a paralisa\u00e7\u00e3o inconstitucional. No mesmo despacho, o juiz autorizou a reten\u00e7\u00e3o de R$ 480 mil, valor a ser abatido de repasses devidos ao munic\u00edpio.<\/p>\n<p>Al\u00e9m da san\u00e7\u00e3o \u00e0 entidade, o juiz imp\u00f4s multa individual de R$ 30 mil ao presidente da APLB, Rui Oliveira, em raz\u00e3o do descumprimento das ordens judiciais. Em sua decis\u00e3o, o magistrado criticou a conduta do sindicato, classificando como \u201cescancarada desobedi\u00eancia\u201d a continuidade da greve e a realiza\u00e7\u00e3o de manifesta\u00e7\u00f5es p\u00fablicas, mesmo ap\u00f3s a determina\u00e7\u00e3o de suspens\u00e3o do movimento.<\/p>\n<p>O juiz alertou que a persist\u00eancia na paralisa\u00e7\u00e3o poder\u00e1 acarretar responsabiliza\u00e7\u00f5es civis e criminais aos dirigentes sindicais. A Prefeitura de Salvador informou que aproximadamente 80% das unidades escolares da rede municipal j\u00e1 retomaram as aulas.<\/p>\n<p>Foto: Divulga\u00e7\u00e3o\/APLB<\/p>\n","protected":false},"excerpt":{"rendered":"<p>O Tribunal de Justi\u00e7a da Bahia (TJ-BA) decidiu aumentar para R$ 200 mil a multa di\u00e1ria aplicada \u00e0 APLB-Sindicato pelo descumprimento de decis\u00f5es judiciais que determinaram o fim da greve dos professores da rede municipal de Salvador. A decis\u00e3o \u00e9 do juiz Francisco de Oliveira Bispo, que reiterou a ordem de retorno imediato \u00e0s atividades. [&hellip;]<\/p>\n","protected":false},"author":20,"featured_media":918691,"comment_status":"closed","ping_status":"closed","sticky":false,"template":"","format":"standard","meta":[],"categories":[14601],"tags":[1056,2602,1749,73,4064],"acf":[],"yoast_head":"<!-- This site is optimized with the Yoast SEO plugin v20.8 - https:\/\/yoast.com\/wordpress\/plugins\/seo\/ -->\n<title>TJ-BA AUMENTA MULTA CONTRA APLB, QUE J\u00c1 SOMA R$ 5 MILH\u00d5ES POR MANTER GREVE NA REDE MUNICIPAL - Bahia Economica<\/title>\n<meta name=\"description\" content=\"O maior portal de Economia da Bahia Pol\u00edtica Bahia Economica decis\u00e3o \u00e9 do juiz Francisco de Oliveira Bispo\" \/>\n<meta name=\"robots\" content=\"index, follow, max-snippet:-1, max-image-preview:large, max-video-preview:-1\" \/>\n<link rel=\"canonical\" href=\"https:\/\/bahiaeconomica.com.br\/wp\/2025\/07\/17\/tj-ba-aumenta-multa-contra-aplb-que-ja-soma-r-5-milhoes-por-manter-greve-na-rede-municipal\/\" \/>\n<meta property=\"og:locale\" content=\"pt_BR\" \/>\n<meta property=\"og:type\" content=\"article\" \/>\n<meta property=\"og:title\" content=\"TJ-BA AUMENTA MULTA CONTRA APLB, QUE J\u00c1 SOMA R$ 5 MILH\u00d5ES POR MANTER GREVE NA REDE MUNICIPAL - Bahia Economica\" \/>\n<meta property=\"og:description\" content=\"O maior portal de Economia da Bahia Pol\u00edtica Bahia Economica decis\u00e3o \u00e9 do juiz Francisco de Oliveira Bispo\" \/>\n<meta property=\"og:url\" content=\"https:\/\/bahiaeconomica.com.br\/wp\/2025\/07\/17\/tj-ba-aumenta-multa-contra-aplb-que-ja-soma-r-5-milhoes-por-manter-greve-na-rede-municipal\/\" \/>\n<meta property=\"og:site_name\" content=\"Bahia Economica\" \/>\n<meta property=\"article:publisher\" content=\"https:\/\/www.facebook.com\/bahiaeconomica\" \/>\n<meta property=\"article:published_time\" content=\"2025-07-17T11:30:55+00:00\" \/>\n<meta property=\"article:modified_time\" content=\"2025-07-17T11:17:16+00:00\" \/>\n<meta property=\"og:image\" content=\"https:\/\/bahiaeconomica.com.br\/wp\/wp-content\/uploads\/2025\/07\/APLB-1-930x620-1.png\" \/>\n\t<meta property=\"og:image:width\" content=\"600\" \/>\n\t<meta property=\"og:image:height\" content=\"420\" \/>\n\t<meta property=\"og:image:type\" content=\"image\/png\" \/>\n<meta name=\"author\" content=\"BRUNA CARVALHO\" \/>\n<meta name=\"twitter:card\" content=\"summary_large_image\" \/>\n<meta name=\"twitter:label1\" content=\"Escrito por\" \/>\n\t<meta name=\"twitter:data1\" content=\"BRUNA CARVALHO\" \/>\n\t<meta name=\"twitter:label2\" content=\"Est. tempo de leitura\" \/>\n\t<meta name=\"twitter:data2\" content=\"2 minutos\" \/>\n<script type=\"application\/ld+json\" class=\"yoast-schema-graph\">{\"@context\":\"https:\/\/schema.org\",\"@graph\":[{\"@type\":\"Article\",\"@id\":\"https:\/\/bahiaeconomica.com.br\/wp\/2025\/07\/17\/tj-ba-aumenta-multa-contra-aplb-que-ja-soma-r-5-milhoes-por-manter-greve-na-rede-municipal\/#article\",\"isPartOf\":{\"@id\":\"https:\/\/bahiaeconomica.com.br\/wp\/2025\/07\/17\/tj-ba-aumenta-multa-contra-aplb-que-ja-soma-r-5-milhoes-por-manter-greve-na-rede-municipal\/\"},\"author\":{\"name\":\"BRUNA CARVALHO\",\"@id\":\"https:\/\/bahiaeconomica.com.br\/wp\/#\/schema\/person\/9310b0e591f5979f6f99773eac5804e6\"},\"headline\":\"TJ-BA AUMENTA MULTA CONTRA APLB, QUE J\u00c1 SOMA R$ 5 MILH\u00d5ES POR MANTER GREVE NA REDE MUNICIPAL\",\"datePublished\":\"2025-07-17T11:30:55+00:00\",\"dateModified\":\"2025-07-17T11:17:16+00:00\",\"mainEntityOfPage\":{\"@id\":\"https:\/\/bahiaeconomica.com.br\/wp\/2025\/07\/17\/tj-ba-aumenta-multa-contra-aplb-que-ja-soma-r-5-milhoes-por-manter-greve-na-rede-municipal\/\"},\"wordCount\":231,\"publisher\":{\"@id\":\"https:\/\/bahiaeconomica.com.br\/wp\/#organization\"},\"keywords\":[\"aplb\",\"greve\",\"multa\",\"Salvador\",\"TJ-BA\"],\"articleSection\":[\"Pol\u00edtica\"],\"inLanguage\":\"pt-BR\"},{\"@type\":\"WebPage\",\"@id\":\"https:\/\/bahiaeconomica.com.br\/wp\/2025\/07\/17\/tj-ba-aumenta-multa-contra-aplb-que-ja-soma-r-5-milhoes-por-manter-greve-na-rede-municipal\/\",\"url\":\"https:\/\/bahiaeconomica.com.br\/wp\/2025\/07\/17\/tj-ba-aumenta-multa-contra-aplb-que-ja-soma-r-5-milhoes-por-manter-greve-na-rede-municipal\/\",\"name\":\"TJ-BA AUMENTA MULTA CONTRA APLB, QUE J\u00c1 SOMA R$ 5 MILH\u00d5ES POR MANTER GREVE NA REDE MUNICIPAL - Bahia Economica\",\"isPartOf\":{\"@id\":\"https:\/\/bahiaeconomica.com.br\/wp\/#website\"},\"datePublished\":\"2025-07-17T11:30:55+00:00\",\"dateModified\":\"2025-07-17T11:17:16+00:00\",\"description\":\"O maior portal de Economia da Bahia Pol\u00edtica Bahia Economica decis\u00e3o \u00e9 do juiz Francisco de Oliveira Bispo\",\"breadcrumb\":{\"@id\":\"https:\/\/bahiaeconomica.com.br\/wp\/2025\/07\/17\/tj-ba-aumenta-multa-contra-aplb-que-ja-soma-r-5-milhoes-por-manter-greve-na-rede-municipal\/#breadcrumb\"},\"inLanguage\":\"pt-BR\",\"potentialAction\":[{\"@type\":\"ReadAction\",\"target\":[\"https:\/\/bahiaeconomica.com.br\/wp\/2025\/07\/17\/tj-ba-aumenta-multa-contra-aplb-que-ja-soma-r-5-milhoes-por-manter-greve-na-rede-municipal\/\"]}]},{\"@type\":\"BreadcrumbList\",\"@id\":\"https:\/\/bahiaeconomica.com.br\/wp\/2025\/07\/17\/tj-ba-aumenta-multa-contra-aplb-que-ja-soma-r-5-milhoes-por-manter-greve-na-rede-municipal\/#breadcrumb\",\"itemListElement\":[{\"@type\":\"ListItem\",\"position\":1,\"name\":\"In\u00edcio\",\"item\":\"https:\/\/bahiaeconomica.com.br\/wp\/\"},{\"@type\":\"ListItem\",\"position\":2,\"name\":\"TJ-BA AUMENTA MULTA CONTRA APLB, QUE J\u00c1 SOMA R$ 5 MILH\u00d5ES POR MANTER GREVE NA REDE MUNICIPAL\"}]},{\"@type\":\"WebSite\",\"@id\":\"https:\/\/bahiaeconomica.com.br\/wp\/#website\",\"url\":\"https:\/\/bahiaeconomica.com.br\/wp\/\",\"name\":\"Bahia Economica\",\"description\":\"O maior portal de Economia da Bahia\",\"publisher\":{\"@id\":\"https:\/\/bahiaeconomica.com.br\/wp\/#organization\"},\"potentialAction\":[{\"@type\":\"SearchAction\",\"target\":{\"@type\":\"EntryPoint\",\"urlTemplate\":\"https:\/\/bahiaeconomica.com.br\/wp\/?s={search_term_string}\"},\"query-input\":\"required name=search_term_string\"}],\"inLanguage\":\"pt-BR\"},{\"@type\":\"Organization\",\"@id\":\"https:\/\/bahiaeconomica.com.br\/wp\/#organization\",\"name\":\"Bahia Econ\u00f4mica\",\"url\":\"https:\/\/bahiaeconomica.com.br\/wp\/\",\"logo\":{\"@type\":\"ImageObject\",\"inLanguage\":\"pt-BR\",\"@id\":\"https:\/\/bahiaeconomica.com.br\/wp\/#\/schema\/logo\/image\/\",\"url\":\"https:\/\/bahiaeconomica.com.br\/wp\/wp-content\/uploads\/2020\/12\/cropped-BE.png\",\"contentUrl\":\"https:\/\/bahiaeconomica.com.br\/wp\/wp-content\/uploads\/2020\/12\/cropped-BE.png\",\"width\":512,\"height\":512,\"caption\":\"Bahia Econ\u00f4mica\"},\"image\":{\"@id\":\"https:\/\/bahiaeconomica.com.br\/wp\/#\/schema\/logo\/image\/\"},\"sameAs\":[\"https:\/\/www.facebook.com\/bahiaeconomica\"]},{\"@type\":\"Person\",\"@id\":\"https:\/\/bahiaeconomica.com.br\/wp\/#\/schema\/person\/9310b0e591f5979f6f99773eac5804e6\",\"name\":\"BRUNA CARVALHO\",\"sameAs\":[\"http:\/\/www.bahiaeconomica.com.br\"],\"url\":\"https:\/\/bahiaeconomica.com.br\/wp\/author\/bruna\/\"}]}<\/script>\n<!-- \/ Yoast SEO plugin. -->","yoast_head_json":{"title":"TJ-BA AUMENTA MULTA CONTRA APLB, QUE J\u00c1 SOMA R$ 5 MILH\u00d5ES POR MANTER GREVE NA REDE MUNICIPAL - Bahia Economica","description":"O maior portal de Economia da Bahia Pol\u00edtica Bahia Economica decis\u00e3o \u00e9 do juiz Francisco de Oliveira Bispo","robots":{"index":"index","follow":"follow","max-snippet":"max-snippet:-1","max-image-preview":"max-image-preview:large","max-video-preview":"max-video-preview:-1"},"canonical":"https:\/\/bahiaeconomica.com.br\/wp\/2025\/07\/17\/tj-ba-aumenta-multa-contra-aplb-que-ja-soma-r-5-milhoes-por-manter-greve-na-rede-municipal\/","og_locale":"pt_BR","og_type":"article","og_title":"TJ-BA AUMENTA MULTA CONTRA APLB, QUE J\u00c1 SOMA R$ 5 MILH\u00d5ES POR MANTER GREVE NA REDE MUNICIPAL - Bahia Economica","og_description":"O maior portal de Economia da Bahia Pol\u00edtica Bahia Economica decis\u00e3o \u00e9 do juiz Francisco de Oliveira Bispo","og_url":"https:\/\/bahiaeconomica.com.br\/wp\/2025\/07\/17\/tj-ba-aumenta-multa-contra-aplb-que-ja-soma-r-5-milhoes-por-manter-greve-na-rede-municipal\/","og_site_name":"Bahia Economica","article_publisher":"https:\/\/www.facebook.com\/bahiaeconomica","article_published_time":"2025-07-17T11:30:55+00:00","article_modified_time":"2025-07-17T11:17:16+00:00","og_image":[{"width":600,"height":420,"url":"https:\/\/bahiaeconomica.com.br\/wp\/wp-content\/uploads\/2025\/07\/APLB-1-930x620-1.png","type":"image\/png"}],"author":"BRUNA CARVALHO","twitter_card":"summary_large_image","twitter_misc":{"Escrito por":"BRUNA CARVALHO","Est. tempo de leitura":"2 minutos"},"schema":{"@context":"https:\/\/schema.org","@graph":[{"@type":"Article","@id":"https:\/\/bahiaeconomica.com.br\/wp\/2025\/07\/17\/tj-ba-aumenta-multa-contra-aplb-que-ja-soma-r-5-milhoes-por-manter-greve-na-rede-municipal\/#article","isPartOf":{"@id":"https:\/\/bahiaeconomica.com.br\/wp\/2025\/07\/17\/tj-ba-aumenta-multa-contra-aplb-que-ja-soma-r-5-milhoes-por-manter-greve-na-rede-municipal\/"},"author":{"name":"BRUNA CARVALHO","@id":"https:\/\/bahiaeconomica.com.br\/wp\/#\/schema\/person\/9310b0e591f5979f6f99773eac5804e6"},"headline":"TJ-BA AUMENTA MULTA CONTRA APLB, QUE J\u00c1 SOMA R$ 5 MILH\u00d5ES POR MANTER GREVE NA REDE MUNICIPAL","datePublished":"2025-07-17T11:30:55+00:00","dateModified":"2025-07-17T11:17:16+00:00","mainEntityOfPage":{"@id":"https:\/\/bahiaeconomica.com.br\/wp\/2025\/07\/17\/tj-ba-aumenta-multa-contra-aplb-que-ja-soma-r-5-milhoes-por-manter-greve-na-rede-municipal\/"},"wordCount":231,"publisher":{"@id":"https:\/\/bahiaeconomica.com.br\/wp\/#organization"},"keywords":["aplb","greve","multa","Salvador","TJ-BA"],"articleSection":["Pol\u00edtica"],"inLanguage":"pt-BR"},{"@type":"WebPage","@id":"https:\/\/bahiaeconomica.com.br\/wp\/2025\/07\/17\/tj-ba-aumenta-multa-contra-aplb-que-ja-soma-r-5-milhoes-por-manter-greve-na-rede-municipal\/","url":"https:\/\/bahiaeconomica.com.br\/wp\/2025\/07\/17\/tj-ba-aumenta-multa-contra-aplb-que-ja-soma-r-5-milhoes-por-manter-greve-na-rede-municipal\/","name":"TJ-BA AUMENTA MULTA CONTRA APLB, QUE J\u00c1 SOMA R$ 5 MILH\u00d5ES POR MANTER GREVE NA REDE MUNICIPAL - Bahia Economica","isPartOf":{"@id":"https:\/\/bahiaeconomica.com.br\/wp\/#website"},"datePublished":"2025-07-17T11:30:55+00:00","dateModified":"2025-07-17T11:17:16+00:00","description":"O maior portal de Economia da Bahia Pol\u00edtica Bahia Economica decis\u00e3o \u00e9 do juiz Francisco de Oliveira Bispo","breadcrumb":{"@id":"https:\/\/bahiaeconomica.com.br\/wp\/2025\/07\/17\/tj-ba-aumenta-multa-contra-aplb-que-ja-soma-r-5-milhoes-por-manter-greve-na-rede-municipal\/#breadcrumb"},"inLanguage":"pt-BR","potentialAction":[{"@type":"ReadAction","target":["https:\/\/bahiaeconomica.com.br\/wp\/2025\/07\/17\/tj-ba-aumenta-multa-contra-aplb-que-ja-soma-r-5-milhoes-por-manter-greve-na-rede-municipal\/"]}]},{"@type":"BreadcrumbList","@id":"https:\/\/bahiaeconomica.com.br\/wp\/2025\/07\/17\/tj-ba-aumenta-multa-contra-aplb-que-ja-soma-r-5-milhoes-por-manter-greve-na-rede-municipal\/#breadcrumb","itemListElement":[{"@type":"ListItem","position":1,"name":"In\u00edcio","item":"https:\/\/bahiaeconomica.com.br\/wp\/"},{"@type":"ListItem","position":2,"name":"TJ-BA AUMENTA MULTA CONTRA APLB, QUE J\u00c1 SOMA R$ 5 MILH\u00d5ES POR MANTER GREVE NA REDE MUNICIPAL"}]},{"@type":"WebSite","@id":"https:\/\/bahiaeconomica.com.br\/wp\/#website","url":"https:\/\/bahiaeconomica.com.br\/wp\/","name":"Bahia Economica","description":"O maior portal de Economia da Bahia","publisher":{"@id":"https:\/\/bahiaeconomica.com.br\/wp\/#organization"},"potentialAction":[{"@type":"SearchAction","target":{"@type":"EntryPoint","urlTemplate":"https:\/\/bahiaeconomica.com.br\/wp\/?s={search_term_string}"},"query-input":"required name=search_term_string"}],"inLanguage":"pt-BR"},{"@type":"Organization","@id":"https:\/\/bahiaeconomica.com.br\/wp\/#organization","name":"Bahia Econ\u00f4mica","url":"https:\/\/bahiaeconomica.com.br\/wp\/","logo":{"@type":"ImageObject","inLanguage":"pt-BR","@id":"https:\/\/bahiaeconomica.com.br\/wp\/#\/schema\/logo\/image\/","url":"https:\/\/bahiaeconomica.com.br\/wp\/wp-content\/uploads\/2020\/12\/cropped-BE.png","contentUrl":"https:\/\/bahiaeconomica.com.br\/wp\/wp-content\/uploads\/2020\/12\/cropped-BE.png","width":512,"height":512,"caption":"Bahia Econ\u00f4mica"},"image":{"@id":"https:\/\/bahiaeconomica.com.br\/wp\/#\/schema\/logo\/image\/"},"sameAs":["https:\/\/www.facebook.com\/bahiaeconomica"]},{"@type":"Person","@id":"https:\/\/bahiaeconomica.com.br\/wp\/#\/schema\/person\/9310b0e591f5979f6f99773eac5804e6","name":"BRUNA CARVALHO","sameAs":["http:\/\/www.bahiaeconomica.com.br"],"url":"https:\/\/bahiaeconomica.com.br\/wp\/author\/bruna\/"}]}},"views":31,"_links":{"self":[{"href":"https:\/\/bahiaeconomica.com.br\/wp\/wp-json\/wp\/v2\/posts\/918690"}],"collection":[{"href":"https:\/\/bahiaeconomica.com.br\/wp\/wp-json\/wp\/v2\/posts"}],"about":[{"href":"https:\/\/bahiaeconomica.com.br\/wp\/wp-json\/wp\/v2\/types\/post"}],"author":[{"embeddable":true,"href":"https:\/\/bahiaeconomica.com.br\/wp\/wp-json\/wp\/v2\/users\/20"}],"replies":[{"embeddable":true,"href":"https:\/\/bahiaeconomica.com.br\/wp\/wp-json\/wp\/v2\/comments?post=918690"}],"version-history":[{"count":1,"href":"https:\/\/bahiaeconomica.com.br\/wp\/wp-json\/wp\/v2\/posts\/918690\/revisions"}],"predecessor-version":[{"id":918692,"href":"https:\/\/bahiaeconomica.com.br\/wp\/wp-json\/wp\/v2\/posts\/918690\/revisions\/918692"}],"wp:featuredmedia":[{"embeddable":true,"href":"https:\/\/bahiaeconomica.com.br\/wp\/wp-json\/wp\/v2\/media\/918691"}],"wp:attachment":[{"href":"https:\/\/bahiaeconomica.com.br\/wp\/wp-json\/wp\/v2\/media?parent=918690"}],"wp:term":[{"taxonomy":"category","embeddable":true,"href":"https:\/\/bahiaeconomica.com.br\/wp\/wp-json\/wp\/v2\/categories?post=918690"},{"taxonomy":"post_tag","embeddable":true,"href":"https:\/\/bahiaeconomica.com.br\/wp\/wp-json\/wp\/v2\/tags?post=918690"}],"curies":[{"name":"wp","href":"https:\/\/api.w.org\/{rel}","templated":true}]}}