{"id":918336,"date":"2025-07-16T09:36:01","date_gmt":"2025-07-16T12:36:01","guid":{"rendered":"https:\/\/bahiaeconomica.com.br\/wp\/?p=918336"},"modified":"2025-07-16T08:44:32","modified_gmt":"2025-07-16T11:44:32","slug":"seguradora-do-voo-de-marilia-mendonca-se-pronuncia-sobre-caso-com-dona-ruth-e-familiares-das-vitimas","status":"publish","type":"post","link":"https:\/\/bahiaeconomica.com.br\/wp\/2025\/07\/16\/seguradora-do-voo-de-marilia-mendonca-se-pronuncia-sobre-caso-com-dona-ruth-e-familiares-das-vitimas\/","title":{"rendered":"SEGURADORA DO VOO DE MAR\u00cdLIA MENDON\u00c7A SE PRONUNCIA SOBRE CASO COM DONA RUTH E FAMILIARES DAS V\u00cdTIMAS"},"content":{"rendered":"<p>Uma semana ap\u00f3s a pol\u00eamica envolvendo a divis\u00e3o do seguro das v\u00edtimas do acidente a\u00e9reo que matou Mar\u00edlia Mendon\u00e7a, a seguradora respons\u00e1vel pela aeronave, MAPFRE, emitiu seu primeiro posicionamento oficial sobre o caso.<\/p>\n<p>Em nota, a empresa afirmou que \u201ccumpriu integralmente o acordo homologado judicialmente, constru\u00eddo em consenso entre as partes e com base em crit\u00e9rios t\u00e9cnicos\u201d.<\/p>\n<p>A declara\u00e7\u00e3o acontece ap\u00f3s familiares dos outros quatro ocupantes do voo questionarem publicamente o acordo firmado, que consideraram desigual. Segundo eles, Ruth Moreira, m\u00e3e da cantora, teria exigido metade do valor do seguro, estimado em US$ 1 milh\u00e3o, antes de aceitar o acordo.<\/p>\n<p>Em entrevista ao programa Fant\u00e1stico, da TV Globo, Dona Ruth negou ter feito a exig\u00eancia ou participado das negocia\u00e7\u00f5es.<\/p>\n<p>\u201cEu n\u00e3o conversei com nenhuma daquelas pessoas. O advogado disse que o juiz entendeu que a maior parte teria que ser da Mar\u00edlia. Foi uma decis\u00e3o do juiz\u201d, disse ela.<\/p>\n<p>Entretanto, a ex-esposa de Henrique Bahia, Fernanda, confirmou ao g1 que enviou uma mensagem de \u00e1udio para Ruth, solicitando a divis\u00e3o igualit\u00e1ria entre os herdeiros das v\u00edtimas. Segundo ela, a resposta foi que o assunto deveria ser tratado com o advogado da fam\u00edlia.<\/p>\n<p>J\u00e1 George Freitas, pai de Henrique, afirmou que os familiares dos demais ocupantes do avi\u00e3o foram informados pela defesa de Dona Ruth de que o acordo s\u00f3 seria assinado se aceitassem ceder metade do valor. Segundo ele, os herdeiros concordaram por n\u00e3o verem outra alternativa, diante da amea\u00e7a de judicializa\u00e7\u00e3o do caso.<\/p>\n<p>Foto: Reprodu\u00e7\u00e3o\/Redes Sociais<\/p>\n","protected":false},"excerpt":{"rendered":"<p>Uma semana ap\u00f3s a pol\u00eamica envolvendo a divis\u00e3o do seguro das v\u00edtimas do acidente a\u00e9reo que matou Mar\u00edlia Mendon\u00e7a, a seguradora respons\u00e1vel pela aeronave, MAPFRE, emitiu seu primeiro posicionamento oficial sobre o caso. Em nota, a empresa afirmou que \u201ccumpriu integralmente o acordo homologado judicialmente, constru\u00eddo em consenso entre as partes e com base em [&hellip;]<\/p>\n","protected":false},"author":20,"featured_media":918337,"comment_status":"closed","ping_status":"closed","sticky":false,"template":"","format":"standard","meta":[],"categories":[4],"tags":[820,39994,4202,812,38438,1439,2958,1213],"acf":[],"yoast_head":"<!-- This site is optimized with the Yoast SEO plugin v20.8 - https:\/\/yoast.com\/wordpress\/plugins\/seo\/ -->\n<title>SEGURADORA DO VOO DE MAR\u00cdLIA MENDON\u00c7A SE PRONUNCIA SOBRE CASO COM DONA RUTH E FAMILIARES DAS V\u00cdTIMAS - Bahia Economica<\/title>\n<meta name=\"description\" content=\"ENTRETENIMENTO Bahia Economica declara\u00e7\u00e3o acontece ap\u00f3s familiares dos outros quatro ocupantes do voo questionarem o acordo firmado\" \/>\n<meta name=\"robots\" content=\"index, follow, max-snippet:-1, max-image-preview:large, max-video-preview:-1\" \/>\n<link rel=\"canonical\" href=\"https:\/\/bahiaeconomica.com.br\/wp\/2025\/07\/16\/seguradora-do-voo-de-marilia-mendonca-se-pronuncia-sobre-caso-com-dona-ruth-e-familiares-das-vitimas\/\" \/>\n<meta property=\"og:locale\" content=\"pt_BR\" \/>\n<meta property=\"og:type\" content=\"article\" \/>\n<meta property=\"og:title\" content=\"SEGURADORA DO VOO DE MAR\u00cdLIA MENDON\u00c7A SE PRONUNCIA SOBRE CASO COM DONA RUTH E FAMILIARES DAS V\u00cdTIMAS - Bahia Economica\" \/>\n<meta property=\"og:description\" content=\"ENTRETENIMENTO Bahia Economica declara\u00e7\u00e3o acontece ap\u00f3s familiares dos outros quatro ocupantes do voo questionarem o acordo firmado\" \/>\n<meta property=\"og:url\" content=\"https:\/\/bahiaeconomica.com.br\/wp\/2025\/07\/16\/seguradora-do-voo-de-marilia-mendonca-se-pronuncia-sobre-caso-com-dona-ruth-e-familiares-das-vitimas\/\" \/>\n<meta property=\"og:site_name\" content=\"Bahia Economica\" \/>\n<meta property=\"article:publisher\" content=\"https:\/\/www.facebook.com\/bahiaeconomica\" \/>\n<meta property=\"article:published_time\" content=\"2025-07-16T12:36:01+00:00\" \/>\n<meta property=\"article:modified_time\" content=\"2025-07-16T11:44:32+00:00\" \/>\n<meta property=\"og:image\" content=\"https:\/\/bahiaeconomica.com.br\/wp\/wp-content\/uploads\/2025\/07\/Marrom-couro-combinacao-dessa-nova-colecao-\u2728Venha-conhecer-nossa-loja-estamos-localizados-na--e1752666075924.jpg\" \/>\n\t<meta property=\"og:image:width\" content=\"1080\" \/>\n\t<meta property=\"og:image:height\" content=\"661\" \/>\n\t<meta property=\"og:image:type\" content=\"image\/jpeg\" \/>\n<meta name=\"author\" content=\"BRUNA CARVALHO\" \/>\n<meta name=\"twitter:card\" content=\"summary_large_image\" \/>\n<meta name=\"twitter:label1\" content=\"Escrito por\" \/>\n\t<meta name=\"twitter:data1\" content=\"BRUNA CARVALHO\" \/>\n\t<meta name=\"twitter:label2\" content=\"Est. tempo de leitura\" \/>\n\t<meta name=\"twitter:data2\" content=\"2 minutos\" \/>\n<script type=\"application\/ld+json\" class=\"yoast-schema-graph\">{\"@context\":\"https:\/\/schema.org\",\"@graph\":[{\"@type\":\"Article\",\"@id\":\"https:\/\/bahiaeconomica.com.br\/wp\/2025\/07\/16\/seguradora-do-voo-de-marilia-mendonca-se-pronuncia-sobre-caso-com-dona-ruth-e-familiares-das-vitimas\/#article\",\"isPartOf\":{\"@id\":\"https:\/\/bahiaeconomica.com.br\/wp\/2025\/07\/16\/seguradora-do-voo-de-marilia-mendonca-se-pronuncia-sobre-caso-com-dona-ruth-e-familiares-das-vitimas\/\"},\"author\":{\"name\":\"BRUNA CARVALHO\",\"@id\":\"https:\/\/bahiaeconomica.com.br\/wp\/#\/schema\/person\/9310b0e591f5979f6f99773eac5804e6\"},\"headline\":\"SEGURADORA DO VOO DE MAR\u00cdLIA MENDON\u00c7A SE PRONUNCIA SOBRE CASO COM DONA RUTH E FAMILIARES DAS V\u00cdTIMAS\",\"datePublished\":\"2025-07-16T12:36:01+00:00\",\"dateModified\":\"2025-07-16T11:44:32+00:00\",\"mainEntityOfPage\":{\"@id\":\"https:\/\/bahiaeconomica.com.br\/wp\/2025\/07\/16\/seguradora-do-voo-de-marilia-mendonca-se-pronuncia-sobre-caso-com-dona-ruth-e-familiares-das-vitimas\/\"},\"wordCount\":297,\"publisher\":{\"@id\":\"https:\/\/bahiaeconomica.com.br\/wp\/#organization\"},\"keywords\":[\"avi\u00e3o\",\"dona ruth\",\"familiares\",\"marilia mendon\u00e7a\",\"seguradora\",\"SEGURO\",\"VITIMAS\",\"voo\"],\"articleSection\":[\"ENTRETENIMENTO\"],\"inLanguage\":\"pt-BR\"},{\"@type\":\"WebPage\",\"@id\":\"https:\/\/bahiaeconomica.com.br\/wp\/2025\/07\/16\/seguradora-do-voo-de-marilia-mendonca-se-pronuncia-sobre-caso-com-dona-ruth-e-familiares-das-vitimas\/\",\"url\":\"https:\/\/bahiaeconomica.com.br\/wp\/2025\/07\/16\/seguradora-do-voo-de-marilia-mendonca-se-pronuncia-sobre-caso-com-dona-ruth-e-familiares-das-vitimas\/\",\"name\":\"SEGURADORA DO VOO DE MAR\u00cdLIA MENDON\u00c7A SE PRONUNCIA SOBRE CASO COM DONA RUTH E FAMILIARES DAS V\u00cdTIMAS - Bahia Economica\",\"isPartOf\":{\"@id\":\"https:\/\/bahiaeconomica.com.br\/wp\/#website\"},\"datePublished\":\"2025-07-16T12:36:01+00:00\",\"dateModified\":\"2025-07-16T11:44:32+00:00\",\"description\":\"ENTRETENIMENTO Bahia Economica declara\u00e7\u00e3o acontece ap\u00f3s familiares dos outros quatro ocupantes do voo questionarem o acordo firmado\",\"breadcrumb\":{\"@id\":\"https:\/\/bahiaeconomica.com.br\/wp\/2025\/07\/16\/seguradora-do-voo-de-marilia-mendonca-se-pronuncia-sobre-caso-com-dona-ruth-e-familiares-das-vitimas\/#breadcrumb\"},\"inLanguage\":\"pt-BR\",\"potentialAction\":[{\"@type\":\"ReadAction\",\"target\":[\"https:\/\/bahiaeconomica.com.br\/wp\/2025\/07\/16\/seguradora-do-voo-de-marilia-mendonca-se-pronuncia-sobre-caso-com-dona-ruth-e-familiares-das-vitimas\/\"]}]},{\"@type\":\"BreadcrumbList\",\"@id\":\"https:\/\/bahiaeconomica.com.br\/wp\/2025\/07\/16\/seguradora-do-voo-de-marilia-mendonca-se-pronuncia-sobre-caso-com-dona-ruth-e-familiares-das-vitimas\/#breadcrumb\",\"itemListElement\":[{\"@type\":\"ListItem\",\"position\":1,\"name\":\"In\u00edcio\",\"item\":\"https:\/\/bahiaeconomica.com.br\/wp\/\"},{\"@type\":\"ListItem\",\"position\":2,\"name\":\"SEGURADORA DO VOO DE MAR\u00cdLIA MENDON\u00c7A SE PRONUNCIA SOBRE CASO COM DONA RUTH E FAMILIARES DAS V\u00cdTIMAS\"}]},{\"@type\":\"WebSite\",\"@id\":\"https:\/\/bahiaeconomica.com.br\/wp\/#website\",\"url\":\"https:\/\/bahiaeconomica.com.br\/wp\/\",\"name\":\"Bahia Economica\",\"description\":\"O maior portal de Economia da Bahia\",\"publisher\":{\"@id\":\"https:\/\/bahiaeconomica.com.br\/wp\/#organization\"},\"potentialAction\":[{\"@type\":\"SearchAction\",\"target\":{\"@type\":\"EntryPoint\",\"urlTemplate\":\"https:\/\/bahiaeconomica.com.br\/wp\/?s={search_term_string}\"},\"query-input\":\"required name=search_term_string\"}],\"inLanguage\":\"pt-BR\"},{\"@type\":\"Organization\",\"@id\":\"https:\/\/bahiaeconomica.com.br\/wp\/#organization\",\"name\":\"Bahia Econ\u00f4mica\",\"url\":\"https:\/\/bahiaeconomica.com.br\/wp\/\",\"logo\":{\"@type\":\"ImageObject\",\"inLanguage\":\"pt-BR\",\"@id\":\"https:\/\/bahiaeconomica.com.br\/wp\/#\/schema\/logo\/image\/\",\"url\":\"https:\/\/bahiaeconomica.com.br\/wp\/wp-content\/uploads\/2020\/12\/cropped-BE.png\",\"contentUrl\":\"https:\/\/bahiaeconomica.com.br\/wp\/wp-content\/uploads\/2020\/12\/cropped-BE.png\",\"width\":512,\"height\":512,\"caption\":\"Bahia Econ\u00f4mica\"},\"image\":{\"@id\":\"https:\/\/bahiaeconomica.com.br\/wp\/#\/schema\/logo\/image\/\"},\"sameAs\":[\"https:\/\/www.facebook.com\/bahiaeconomica\"]},{\"@type\":\"Person\",\"@id\":\"https:\/\/bahiaeconomica.com.br\/wp\/#\/schema\/person\/9310b0e591f5979f6f99773eac5804e6\",\"name\":\"BRUNA CARVALHO\",\"sameAs\":[\"http:\/\/www.bahiaeconomica.com.br\"],\"url\":\"https:\/\/bahiaeconomica.com.br\/wp\/author\/bruna\/\"}]}<\/script>\n<!-- \/ Yoast SEO plugin. -->","yoast_head_json":{"title":"SEGURADORA DO VOO DE MAR\u00cdLIA MENDON\u00c7A SE PRONUNCIA SOBRE CASO COM DONA RUTH E FAMILIARES DAS V\u00cdTIMAS - Bahia Economica","description":"ENTRETENIMENTO Bahia Economica declara\u00e7\u00e3o acontece ap\u00f3s familiares dos outros quatro ocupantes do voo questionarem o acordo firmado","robots":{"index":"index","follow":"follow","max-snippet":"max-snippet:-1","max-image-preview":"max-image-preview:large","max-video-preview":"max-video-preview:-1"},"canonical":"https:\/\/bahiaeconomica.com.br\/wp\/2025\/07\/16\/seguradora-do-voo-de-marilia-mendonca-se-pronuncia-sobre-caso-com-dona-ruth-e-familiares-das-vitimas\/","og_locale":"pt_BR","og_type":"article","og_title":"SEGURADORA DO VOO DE MAR\u00cdLIA MENDON\u00c7A SE PRONUNCIA SOBRE CASO COM DONA RUTH E FAMILIARES DAS V\u00cdTIMAS - Bahia Economica","og_description":"ENTRETENIMENTO Bahia Economica declara\u00e7\u00e3o acontece ap\u00f3s familiares dos outros quatro ocupantes do voo questionarem o acordo firmado","og_url":"https:\/\/bahiaeconomica.com.br\/wp\/2025\/07\/16\/seguradora-do-voo-de-marilia-mendonca-se-pronuncia-sobre-caso-com-dona-ruth-e-familiares-das-vitimas\/","og_site_name":"Bahia Economica","article_publisher":"https:\/\/www.facebook.com\/bahiaeconomica","article_published_time":"2025-07-16T12:36:01+00:00","article_modified_time":"2025-07-16T11:44:32+00:00","og_image":[{"width":1080,"height":661,"url":"https:\/\/bahiaeconomica.com.br\/wp\/wp-content\/uploads\/2025\/07\/Marrom-couro-combinacao-dessa-nova-colecao-\u2728Venha-conhecer-nossa-loja-estamos-localizados-na--e1752666075924.jpg","type":"image\/jpeg"}],"author":"BRUNA CARVALHO","twitter_card":"summary_large_image","twitter_misc":{"Escrito por":"BRUNA CARVALHO","Est. tempo de leitura":"2 minutos"},"schema":{"@context":"https:\/\/schema.org","@graph":[{"@type":"Article","@id":"https:\/\/bahiaeconomica.com.br\/wp\/2025\/07\/16\/seguradora-do-voo-de-marilia-mendonca-se-pronuncia-sobre-caso-com-dona-ruth-e-familiares-das-vitimas\/#article","isPartOf":{"@id":"https:\/\/bahiaeconomica.com.br\/wp\/2025\/07\/16\/seguradora-do-voo-de-marilia-mendonca-se-pronuncia-sobre-caso-com-dona-ruth-e-familiares-das-vitimas\/"},"author":{"name":"BRUNA CARVALHO","@id":"https:\/\/bahiaeconomica.com.br\/wp\/#\/schema\/person\/9310b0e591f5979f6f99773eac5804e6"},"headline":"SEGURADORA DO VOO DE MAR\u00cdLIA MENDON\u00c7A SE PRONUNCIA SOBRE CASO COM DONA RUTH E FAMILIARES DAS V\u00cdTIMAS","datePublished":"2025-07-16T12:36:01+00:00","dateModified":"2025-07-16T11:44:32+00:00","mainEntityOfPage":{"@id":"https:\/\/bahiaeconomica.com.br\/wp\/2025\/07\/16\/seguradora-do-voo-de-marilia-mendonca-se-pronuncia-sobre-caso-com-dona-ruth-e-familiares-das-vitimas\/"},"wordCount":297,"publisher":{"@id":"https:\/\/bahiaeconomica.com.br\/wp\/#organization"},"keywords":["avi\u00e3o","dona ruth","familiares","marilia mendon\u00e7a","seguradora","SEGURO","VITIMAS","voo"],"articleSection":["ENTRETENIMENTO"],"inLanguage":"pt-BR"},{"@type":"WebPage","@id":"https:\/\/bahiaeconomica.com.br\/wp\/2025\/07\/16\/seguradora-do-voo-de-marilia-mendonca-se-pronuncia-sobre-caso-com-dona-ruth-e-familiares-das-vitimas\/","url":"https:\/\/bahiaeconomica.com.br\/wp\/2025\/07\/16\/seguradora-do-voo-de-marilia-mendonca-se-pronuncia-sobre-caso-com-dona-ruth-e-familiares-das-vitimas\/","name":"SEGURADORA DO VOO DE MAR\u00cdLIA MENDON\u00c7A SE PRONUNCIA SOBRE CASO COM DONA RUTH E FAMILIARES DAS V\u00cdTIMAS - Bahia Economica","isPartOf":{"@id":"https:\/\/bahiaeconomica.com.br\/wp\/#website"},"datePublished":"2025-07-16T12:36:01+00:00","dateModified":"2025-07-16T11:44:32+00:00","description":"ENTRETENIMENTO Bahia Economica declara\u00e7\u00e3o acontece ap\u00f3s familiares dos outros quatro ocupantes do voo questionarem o acordo firmado","breadcrumb":{"@id":"https:\/\/bahiaeconomica.com.br\/wp\/2025\/07\/16\/seguradora-do-voo-de-marilia-mendonca-se-pronuncia-sobre-caso-com-dona-ruth-e-familiares-das-vitimas\/#breadcrumb"},"inLanguage":"pt-BR","potentialAction":[{"@type":"ReadAction","target":["https:\/\/bahiaeconomica.com.br\/wp\/2025\/07\/16\/seguradora-do-voo-de-marilia-mendonca-se-pronuncia-sobre-caso-com-dona-ruth-e-familiares-das-vitimas\/"]}]},{"@type":"BreadcrumbList","@id":"https:\/\/bahiaeconomica.com.br\/wp\/2025\/07\/16\/seguradora-do-voo-de-marilia-mendonca-se-pronuncia-sobre-caso-com-dona-ruth-e-familiares-das-vitimas\/#breadcrumb","itemListElement":[{"@type":"ListItem","position":1,"name":"In\u00edcio","item":"https:\/\/bahiaeconomica.com.br\/wp\/"},{"@type":"ListItem","position":2,"name":"SEGURADORA DO VOO DE MAR\u00cdLIA MENDON\u00c7A SE PRONUNCIA SOBRE CASO COM DONA RUTH E FAMILIARES DAS V\u00cdTIMAS"}]},{"@type":"WebSite","@id":"https:\/\/bahiaeconomica.com.br\/wp\/#website","url":"https:\/\/bahiaeconomica.com.br\/wp\/","name":"Bahia Economica","description":"O maior portal de Economia da Bahia","publisher":{"@id":"https:\/\/bahiaeconomica.com.br\/wp\/#organization"},"potentialAction":[{"@type":"SearchAction","target":{"@type":"EntryPoint","urlTemplate":"https:\/\/bahiaeconomica.com.br\/wp\/?s={search_term_string}"},"query-input":"required name=search_term_string"}],"inLanguage":"pt-BR"},{"@type":"Organization","@id":"https:\/\/bahiaeconomica.com.br\/wp\/#organization","name":"Bahia Econ\u00f4mica","url":"https:\/\/bahiaeconomica.com.br\/wp\/","logo":{"@type":"ImageObject","inLanguage":"pt-BR","@id":"https:\/\/bahiaeconomica.com.br\/wp\/#\/schema\/logo\/image\/","url":"https:\/\/bahiaeconomica.com.br\/wp\/wp-content\/uploads\/2020\/12\/cropped-BE.png","contentUrl":"https:\/\/bahiaeconomica.com.br\/wp\/wp-content\/uploads\/2020\/12\/cropped-BE.png","width":512,"height":512,"caption":"Bahia Econ\u00f4mica"},"image":{"@id":"https:\/\/bahiaeconomica.com.br\/wp\/#\/schema\/logo\/image\/"},"sameAs":["https:\/\/www.facebook.com\/bahiaeconomica"]},{"@type":"Person","@id":"https:\/\/bahiaeconomica.com.br\/wp\/#\/schema\/person\/9310b0e591f5979f6f99773eac5804e6","name":"BRUNA CARVALHO","sameAs":["http:\/\/www.bahiaeconomica.com.br"],"url":"https:\/\/bahiaeconomica.com.br\/wp\/author\/bruna\/"}]}},"views":67,"_links":{"self":[{"href":"https:\/\/bahiaeconomica.com.br\/wp\/wp-json\/wp\/v2\/posts\/918336"}],"collection":[{"href":"https:\/\/bahiaeconomica.com.br\/wp\/wp-json\/wp\/v2\/posts"}],"about":[{"href":"https:\/\/bahiaeconomica.com.br\/wp\/wp-json\/wp\/v2\/types\/post"}],"author":[{"embeddable":true,"href":"https:\/\/bahiaeconomica.com.br\/wp\/wp-json\/wp\/v2\/users\/20"}],"replies":[{"embeddable":true,"href":"https:\/\/bahiaeconomica.com.br\/wp\/wp-json\/wp\/v2\/comments?post=918336"}],"version-history":[{"count":1,"href":"https:\/\/bahiaeconomica.com.br\/wp\/wp-json\/wp\/v2\/posts\/918336\/revisions"}],"predecessor-version":[{"id":918338,"href":"https:\/\/bahiaeconomica.com.br\/wp\/wp-json\/wp\/v2\/posts\/918336\/revisions\/918338"}],"wp:featuredmedia":[{"embeddable":true,"href":"https:\/\/bahiaeconomica.com.br\/wp\/wp-json\/wp\/v2\/media\/918337"}],"wp:attachment":[{"href":"https:\/\/bahiaeconomica.com.br\/wp\/wp-json\/wp\/v2\/media?parent=918336"}],"wp:term":[{"taxonomy":"category","embeddable":true,"href":"https:\/\/bahiaeconomica.com.br\/wp\/wp-json\/wp\/v2\/categories?post=918336"},{"taxonomy":"post_tag","embeddable":true,"href":"https:\/\/bahiaeconomica.com.br\/wp\/wp-json\/wp\/v2\/tags?post=918336"}],"curies":[{"name":"wp","href":"https:\/\/api.w.org\/{rel}","templated":true}]}}