{"id":917703,"date":"2025-07-14T14:59:28","date_gmt":"2025-07-14T17:59:28","guid":{"rendered":"https:\/\/bahiaeconomica.com.br\/wp\/?p=917703"},"modified":"2025-07-14T11:32:21","modified_gmt":"2025-07-14T14:32:21","slug":"cidades-baianas-ja-gastaram-mais-de-r-500-milhoes-com-festas-juninas-em-2025-confira-o-ranking","status":"publish","type":"post","link":"https:\/\/bahiaeconomica.com.br\/wp\/2025\/07\/14\/cidades-baianas-ja-gastaram-mais-de-r-500-milhoes-com-festas-juninas-em-2025-confira-o-ranking\/","title":{"rendered":"CIDADES BAIANAS J\u00c1 GASTARAM MAIS DE R$ 500 MILH\u00d5ES COM FESTAS JUNINAS EM 2025; CONFIRA O RANKING"},"content":{"rendered":"<p>Os munic\u00edpios da Bahia investiram R$ 532 milh\u00f5es na contrata\u00e7\u00e3o de atra\u00e7\u00f5es art\u00edsticas para os festejos juninos de 2025, segundo dados atualizados nesta segunda-feira (14) pelo Painel da Transpar\u00eancia, do Minist\u00e9rio P\u00fablico da Bahia (MP-BA).<\/p>\n<p>Pela primeira vez, todas as 417 cidades baianas aderiram \u00e0 ferramenta desenvolvida em parceria com os Tribunais de Contas do Estado (TCE) e dos Munic\u00edpios (TCM).<\/p>\n<p>O valor representa um aumento de aproximadamente 31% em compara\u00e7\u00e3o ao ano passado, quando os gastos somaram R$ 405 milh\u00f5es. A tend\u00eancia \u00e9 que a cifra cres\u00e7a ainda mais, j\u00e1 que os munic\u00edpios t\u00eam at\u00e9 o final de julho para divulgar todas as informa\u00e7\u00f5es de transpar\u00eancia.<\/p>\n<p>Neste ano, foram realizadas 3.966 contrata\u00e7\u00f5es de shows, envolvendo 1.675 artistas em diferentes regi\u00f5es do estado.<\/p>\n<p>Com base nos dados do Painel de Transpar\u00eancia, o munic\u00edpio de Cruz das Almas, no Rec\u00f4ncavo Baiano, foi o que mais investiu nos festejos juninos deste ano, com um total de R$ 9,5 milh\u00f5es.<\/p>\n<p>Na sequ\u00eancia aparecem Jequi\u00e9 (R$ 9,3 milh\u00f5es), Serrinha (R$ 8,7 milh\u00f5es) e Irec\u00ea (R$ 7,9 milh\u00f5es). Veja a lista das cidades que mais gastaram com atra\u00e7\u00f5es no S\u00e3o Jo\u00e3o:<\/p>\n<ol>\n<li>Cruz das Almas \u2013 R$ 9,5 milh\u00f5es<\/li>\n<li>Jequi\u00e9 \u2013 R$ 9,3 milh\u00f5es<\/li>\n<li>Serrinha \u2013 R$ 8,7 milh\u00f5es<\/li>\n<li>Irec\u00ea \u2013 R$ 7,9 milh\u00f5es<\/li>\n<li>Santo Ant\u00f4nio de Jesus \u2013 R$ 7,2 milh\u00f5es<\/li>\n<li>Ipia\u00fa \u2013 R$ 6,9 milh\u00f5es<\/li>\n<li>Senhor do Bonfim \u2013 R$ 5,3 milh\u00f5es<\/li>\n<li>Quijingue \u2013 R$ 5,25 milh\u00f5es<\/li>\n<li>Concei\u00e7\u00e3o do Jacu\u00edpe \u2013 R$ 5,13 milh\u00f5es<\/li>\n<li>Livramento de Nossa Senhora \u2013 R$ 5 milh\u00f5es<\/li>\n<\/ol>\n<p>Foto: Reprodu\u00e7\u00e3o<\/p>\n","protected":false},"excerpt":{"rendered":"<p>Os munic\u00edpios da Bahia investiram R$ 532 milh\u00f5es na contrata\u00e7\u00e3o de atra\u00e7\u00f5es art\u00edsticas para os festejos juninos de 2025, segundo dados atualizados nesta segunda-feira (14) pelo Painel da Transpar\u00eancia, do Minist\u00e9rio P\u00fablico da Bahia (MP-BA). Pela primeira vez, todas as 417 cidades baianas aderiram \u00e0 ferramenta desenvolvida em parceria com os Tribunais de Contas do [&hellip;]<\/p>\n","protected":false},"author":20,"featured_media":917704,"comment_status":"closed","ping_status":"closed","sticky":false,"template":"","format":"standard","meta":[],"categories":[14,3],"tags":[443,3695,818,39771,210],"acf":[],"yoast_head":"<!-- This site is optimized with the Yoast SEO plugin v20.8 - https:\/\/yoast.com\/wordpress\/plugins\/seo\/ -->\n<title>CIDADES BAIANAS J\u00c1 GASTARAM MAIS DE R$ 500 MILH\u00d5ES COM FESTAS JUNINAS EM 2025; CONFIRA O RANKING - Bahia Economica<\/title>\n<meta name=\"description\" content=\"DESTAQUE DO DIA, ECONOMIA \/ POL\u00cdTICA Bahia Economica valor representa um aumento de aproximadamente 31% em compara\u00e7\u00e3o ao ano passado\" \/>\n<meta name=\"robots\" content=\"index, follow, max-snippet:-1, max-image-preview:large, max-video-preview:-1\" \/>\n<link rel=\"canonical\" href=\"https:\/\/bahiaeconomica.com.br\/wp\/2025\/07\/14\/cidades-baianas-ja-gastaram-mais-de-r-500-milhoes-com-festas-juninas-em-2025-confira-o-ranking\/\" \/>\n<meta property=\"og:locale\" content=\"pt_BR\" \/>\n<meta property=\"og:type\" content=\"article\" \/>\n<meta property=\"og:title\" content=\"CIDADES BAIANAS J\u00c1 GASTARAM MAIS DE R$ 500 MILH\u00d5ES COM FESTAS JUNINAS EM 2025; CONFIRA O RANKING - Bahia Economica\" \/>\n<meta property=\"og:description\" content=\"DESTAQUE DO DIA, ECONOMIA \/ POL\u00cdTICA Bahia Economica valor representa um aumento de aproximadamente 31% em compara\u00e7\u00e3o ao ano passado\" \/>\n<meta property=\"og:url\" content=\"https:\/\/bahiaeconomica.com.br\/wp\/2025\/07\/14\/cidades-baianas-ja-gastaram-mais-de-r-500-milhoes-com-festas-juninas-em-2025-confira-o-ranking\/\" \/>\n<meta property=\"og:site_name\" content=\"Bahia Economica\" \/>\n<meta property=\"article:publisher\" content=\"https:\/\/www.facebook.com\/bahiaeconomica\" \/>\n<meta property=\"article:published_time\" content=\"2025-07-14T17:59:28+00:00\" \/>\n<meta property=\"article:modified_time\" content=\"2025-07-14T14:32:21+00:00\" \/>\n<meta property=\"og:image\" content=\"https:\/\/bahiaeconomica.com.br\/wp\/wp-content\/uploads\/2025\/07\/sao-joao-salvador-rms-interior-da-bahia.jpg\" \/>\n\t<meta property=\"og:image:width\" content=\"984\" \/>\n\t<meta property=\"og:image:height\" content=\"599\" \/>\n\t<meta property=\"og:image:type\" content=\"image\/jpeg\" \/>\n<meta name=\"author\" content=\"BRUNA CARVALHO\" \/>\n<meta name=\"twitter:card\" content=\"summary_large_image\" \/>\n<meta name=\"twitter:label1\" content=\"Escrito por\" \/>\n\t<meta name=\"twitter:data1\" content=\"BRUNA CARVALHO\" \/>\n\t<meta name=\"twitter:label2\" content=\"Est. tempo de leitura\" \/>\n\t<meta name=\"twitter:data2\" content=\"2 minutos\" \/>\n<script type=\"application\/ld+json\" class=\"yoast-schema-graph\">{\"@context\":\"https:\/\/schema.org\",\"@graph\":[{\"@type\":\"Article\",\"@id\":\"https:\/\/bahiaeconomica.com.br\/wp\/2025\/07\/14\/cidades-baianas-ja-gastaram-mais-de-r-500-milhoes-com-festas-juninas-em-2025-confira-o-ranking\/#article\",\"isPartOf\":{\"@id\":\"https:\/\/bahiaeconomica.com.br\/wp\/2025\/07\/14\/cidades-baianas-ja-gastaram-mais-de-r-500-milhoes-com-festas-juninas-em-2025-confira-o-ranking\/\"},\"author\":{\"name\":\"BRUNA CARVALHO\",\"@id\":\"https:\/\/bahiaeconomica.com.br\/wp\/#\/schema\/person\/9310b0e591f5979f6f99773eac5804e6\"},\"headline\":\"CIDADES BAIANAS J\u00c1 GASTARAM MAIS DE R$ 500 MILH\u00d5ES COM FESTAS JUNINAS EM 2025; CONFIRA O RANKING\",\"datePublished\":\"2025-07-14T17:59:28+00:00\",\"dateModified\":\"2025-07-14T14:32:21+00:00\",\"mainEntityOfPage\":{\"@id\":\"https:\/\/bahiaeconomica.com.br\/wp\/2025\/07\/14\/cidades-baianas-ja-gastaram-mais-de-r-500-milhoes-com-festas-juninas-em-2025-confira-o-ranking\/\"},\"wordCount\":276,\"publisher\":{\"@id\":\"https:\/\/bahiaeconomica.com.br\/wp\/#organization\"},\"keywords\":[\"cidades baianas\",\"cruz das almas\",\"gastos\",\"Milion\u00e1rios\",\"S\u00e3o Jo\u00e3o\"],\"articleSection\":[\"DESTAQUE DO DIA\",\"ECONOMIA \/ POL\u00cdTICA\"],\"inLanguage\":\"pt-BR\"},{\"@type\":\"WebPage\",\"@id\":\"https:\/\/bahiaeconomica.com.br\/wp\/2025\/07\/14\/cidades-baianas-ja-gastaram-mais-de-r-500-milhoes-com-festas-juninas-em-2025-confira-o-ranking\/\",\"url\":\"https:\/\/bahiaeconomica.com.br\/wp\/2025\/07\/14\/cidades-baianas-ja-gastaram-mais-de-r-500-milhoes-com-festas-juninas-em-2025-confira-o-ranking\/\",\"name\":\"CIDADES BAIANAS J\u00c1 GASTARAM MAIS DE R$ 500 MILH\u00d5ES COM FESTAS JUNINAS EM 2025; CONFIRA O RANKING - Bahia Economica\",\"isPartOf\":{\"@id\":\"https:\/\/bahiaeconomica.com.br\/wp\/#website\"},\"datePublished\":\"2025-07-14T17:59:28+00:00\",\"dateModified\":\"2025-07-14T14:32:21+00:00\",\"description\":\"DESTAQUE DO DIA, ECONOMIA \/ POL\u00cdTICA Bahia Economica valor representa um aumento de aproximadamente 31% em compara\u00e7\u00e3o ao ano passado\",\"breadcrumb\":{\"@id\":\"https:\/\/bahiaeconomica.com.br\/wp\/2025\/07\/14\/cidades-baianas-ja-gastaram-mais-de-r-500-milhoes-com-festas-juninas-em-2025-confira-o-ranking\/#breadcrumb\"},\"inLanguage\":\"pt-BR\",\"potentialAction\":[{\"@type\":\"ReadAction\",\"target\":[\"https:\/\/bahiaeconomica.com.br\/wp\/2025\/07\/14\/cidades-baianas-ja-gastaram-mais-de-r-500-milhoes-com-festas-juninas-em-2025-confira-o-ranking\/\"]}]},{\"@type\":\"BreadcrumbList\",\"@id\":\"https:\/\/bahiaeconomica.com.br\/wp\/2025\/07\/14\/cidades-baianas-ja-gastaram-mais-de-r-500-milhoes-com-festas-juninas-em-2025-confira-o-ranking\/#breadcrumb\",\"itemListElement\":[{\"@type\":\"ListItem\",\"position\":1,\"name\":\"In\u00edcio\",\"item\":\"https:\/\/bahiaeconomica.com.br\/wp\/\"},{\"@type\":\"ListItem\",\"position\":2,\"name\":\"CIDADES BAIANAS J\u00c1 GASTARAM MAIS DE R$ 500 MILH\u00d5ES COM FESTAS JUNINAS EM 2025; CONFIRA O RANKING\"}]},{\"@type\":\"WebSite\",\"@id\":\"https:\/\/bahiaeconomica.com.br\/wp\/#website\",\"url\":\"https:\/\/bahiaeconomica.com.br\/wp\/\",\"name\":\"Bahia Economica\",\"description\":\"O maior portal de Economia da Bahia\",\"publisher\":{\"@id\":\"https:\/\/bahiaeconomica.com.br\/wp\/#organization\"},\"potentialAction\":[{\"@type\":\"SearchAction\",\"target\":{\"@type\":\"EntryPoint\",\"urlTemplate\":\"https:\/\/bahiaeconomica.com.br\/wp\/?s={search_term_string}\"},\"query-input\":\"required name=search_term_string\"}],\"inLanguage\":\"pt-BR\"},{\"@type\":\"Organization\",\"@id\":\"https:\/\/bahiaeconomica.com.br\/wp\/#organization\",\"name\":\"Bahia Econ\u00f4mica\",\"url\":\"https:\/\/bahiaeconomica.com.br\/wp\/\",\"logo\":{\"@type\":\"ImageObject\",\"inLanguage\":\"pt-BR\",\"@id\":\"https:\/\/bahiaeconomica.com.br\/wp\/#\/schema\/logo\/image\/\",\"url\":\"https:\/\/bahiaeconomica.com.br\/wp\/wp-content\/uploads\/2020\/12\/cropped-BE.png\",\"contentUrl\":\"https:\/\/bahiaeconomica.com.br\/wp\/wp-content\/uploads\/2020\/12\/cropped-BE.png\",\"width\":512,\"height\":512,\"caption\":\"Bahia Econ\u00f4mica\"},\"image\":{\"@id\":\"https:\/\/bahiaeconomica.com.br\/wp\/#\/schema\/logo\/image\/\"},\"sameAs\":[\"https:\/\/www.facebook.com\/bahiaeconomica\"]},{\"@type\":\"Person\",\"@id\":\"https:\/\/bahiaeconomica.com.br\/wp\/#\/schema\/person\/9310b0e591f5979f6f99773eac5804e6\",\"name\":\"BRUNA CARVALHO\",\"sameAs\":[\"http:\/\/www.bahiaeconomica.com.br\"],\"url\":\"https:\/\/bahiaeconomica.com.br\/wp\/author\/bruna\/\"}]}<\/script>\n<!-- \/ Yoast SEO plugin. -->","yoast_head_json":{"title":"CIDADES BAIANAS J\u00c1 GASTARAM MAIS DE R$ 500 MILH\u00d5ES COM FESTAS JUNINAS EM 2025; CONFIRA O RANKING - Bahia Economica","description":"DESTAQUE DO DIA, ECONOMIA \/ POL\u00cdTICA Bahia Economica valor representa um aumento de aproximadamente 31% em compara\u00e7\u00e3o ao ano passado","robots":{"index":"index","follow":"follow","max-snippet":"max-snippet:-1","max-image-preview":"max-image-preview:large","max-video-preview":"max-video-preview:-1"},"canonical":"https:\/\/bahiaeconomica.com.br\/wp\/2025\/07\/14\/cidades-baianas-ja-gastaram-mais-de-r-500-milhoes-com-festas-juninas-em-2025-confira-o-ranking\/","og_locale":"pt_BR","og_type":"article","og_title":"CIDADES BAIANAS J\u00c1 GASTARAM MAIS DE R$ 500 MILH\u00d5ES COM FESTAS JUNINAS EM 2025; CONFIRA O RANKING - Bahia Economica","og_description":"DESTAQUE DO DIA, ECONOMIA \/ POL\u00cdTICA Bahia Economica valor representa um aumento de aproximadamente 31% em compara\u00e7\u00e3o ao ano passado","og_url":"https:\/\/bahiaeconomica.com.br\/wp\/2025\/07\/14\/cidades-baianas-ja-gastaram-mais-de-r-500-milhoes-com-festas-juninas-em-2025-confira-o-ranking\/","og_site_name":"Bahia Economica","article_publisher":"https:\/\/www.facebook.com\/bahiaeconomica","article_published_time":"2025-07-14T17:59:28+00:00","article_modified_time":"2025-07-14T14:32:21+00:00","og_image":[{"width":984,"height":599,"url":"https:\/\/bahiaeconomica.com.br\/wp\/wp-content\/uploads\/2025\/07\/sao-joao-salvador-rms-interior-da-bahia.jpg","type":"image\/jpeg"}],"author":"BRUNA CARVALHO","twitter_card":"summary_large_image","twitter_misc":{"Escrito por":"BRUNA CARVALHO","Est. tempo de leitura":"2 minutos"},"schema":{"@context":"https:\/\/schema.org","@graph":[{"@type":"Article","@id":"https:\/\/bahiaeconomica.com.br\/wp\/2025\/07\/14\/cidades-baianas-ja-gastaram-mais-de-r-500-milhoes-com-festas-juninas-em-2025-confira-o-ranking\/#article","isPartOf":{"@id":"https:\/\/bahiaeconomica.com.br\/wp\/2025\/07\/14\/cidades-baianas-ja-gastaram-mais-de-r-500-milhoes-com-festas-juninas-em-2025-confira-o-ranking\/"},"author":{"name":"BRUNA CARVALHO","@id":"https:\/\/bahiaeconomica.com.br\/wp\/#\/schema\/person\/9310b0e591f5979f6f99773eac5804e6"},"headline":"CIDADES BAIANAS J\u00c1 GASTARAM MAIS DE R$ 500 MILH\u00d5ES COM FESTAS JUNINAS EM 2025; CONFIRA O RANKING","datePublished":"2025-07-14T17:59:28+00:00","dateModified":"2025-07-14T14:32:21+00:00","mainEntityOfPage":{"@id":"https:\/\/bahiaeconomica.com.br\/wp\/2025\/07\/14\/cidades-baianas-ja-gastaram-mais-de-r-500-milhoes-com-festas-juninas-em-2025-confira-o-ranking\/"},"wordCount":276,"publisher":{"@id":"https:\/\/bahiaeconomica.com.br\/wp\/#organization"},"keywords":["cidades baianas","cruz das almas","gastos","Milion\u00e1rios","S\u00e3o Jo\u00e3o"],"articleSection":["DESTAQUE DO DIA","ECONOMIA \/ POL\u00cdTICA"],"inLanguage":"pt-BR"},{"@type":"WebPage","@id":"https:\/\/bahiaeconomica.com.br\/wp\/2025\/07\/14\/cidades-baianas-ja-gastaram-mais-de-r-500-milhoes-com-festas-juninas-em-2025-confira-o-ranking\/","url":"https:\/\/bahiaeconomica.com.br\/wp\/2025\/07\/14\/cidades-baianas-ja-gastaram-mais-de-r-500-milhoes-com-festas-juninas-em-2025-confira-o-ranking\/","name":"CIDADES BAIANAS J\u00c1 GASTARAM MAIS DE R$ 500 MILH\u00d5ES COM FESTAS JUNINAS EM 2025; CONFIRA O RANKING - Bahia Economica","isPartOf":{"@id":"https:\/\/bahiaeconomica.com.br\/wp\/#website"},"datePublished":"2025-07-14T17:59:28+00:00","dateModified":"2025-07-14T14:32:21+00:00","description":"DESTAQUE DO DIA, ECONOMIA \/ POL\u00cdTICA Bahia Economica valor representa um aumento de aproximadamente 31% em compara\u00e7\u00e3o ao ano passado","breadcrumb":{"@id":"https:\/\/bahiaeconomica.com.br\/wp\/2025\/07\/14\/cidades-baianas-ja-gastaram-mais-de-r-500-milhoes-com-festas-juninas-em-2025-confira-o-ranking\/#breadcrumb"},"inLanguage":"pt-BR","potentialAction":[{"@type":"ReadAction","target":["https:\/\/bahiaeconomica.com.br\/wp\/2025\/07\/14\/cidades-baianas-ja-gastaram-mais-de-r-500-milhoes-com-festas-juninas-em-2025-confira-o-ranking\/"]}]},{"@type":"BreadcrumbList","@id":"https:\/\/bahiaeconomica.com.br\/wp\/2025\/07\/14\/cidades-baianas-ja-gastaram-mais-de-r-500-milhoes-com-festas-juninas-em-2025-confira-o-ranking\/#breadcrumb","itemListElement":[{"@type":"ListItem","position":1,"name":"In\u00edcio","item":"https:\/\/bahiaeconomica.com.br\/wp\/"},{"@type":"ListItem","position":2,"name":"CIDADES BAIANAS J\u00c1 GASTARAM MAIS DE R$ 500 MILH\u00d5ES COM FESTAS JUNINAS EM 2025; CONFIRA O RANKING"}]},{"@type":"WebSite","@id":"https:\/\/bahiaeconomica.com.br\/wp\/#website","url":"https:\/\/bahiaeconomica.com.br\/wp\/","name":"Bahia Economica","description":"O maior portal de Economia da Bahia","publisher":{"@id":"https:\/\/bahiaeconomica.com.br\/wp\/#organization"},"potentialAction":[{"@type":"SearchAction","target":{"@type":"EntryPoint","urlTemplate":"https:\/\/bahiaeconomica.com.br\/wp\/?s={search_term_string}"},"query-input":"required name=search_term_string"}],"inLanguage":"pt-BR"},{"@type":"Organization","@id":"https:\/\/bahiaeconomica.com.br\/wp\/#organization","name":"Bahia Econ\u00f4mica","url":"https:\/\/bahiaeconomica.com.br\/wp\/","logo":{"@type":"ImageObject","inLanguage":"pt-BR","@id":"https:\/\/bahiaeconomica.com.br\/wp\/#\/schema\/logo\/image\/","url":"https:\/\/bahiaeconomica.com.br\/wp\/wp-content\/uploads\/2020\/12\/cropped-BE.png","contentUrl":"https:\/\/bahiaeconomica.com.br\/wp\/wp-content\/uploads\/2020\/12\/cropped-BE.png","width":512,"height":512,"caption":"Bahia Econ\u00f4mica"},"image":{"@id":"https:\/\/bahiaeconomica.com.br\/wp\/#\/schema\/logo\/image\/"},"sameAs":["https:\/\/www.facebook.com\/bahiaeconomica"]},{"@type":"Person","@id":"https:\/\/bahiaeconomica.com.br\/wp\/#\/schema\/person\/9310b0e591f5979f6f99773eac5804e6","name":"BRUNA CARVALHO","sameAs":["http:\/\/www.bahiaeconomica.com.br"],"url":"https:\/\/bahiaeconomica.com.br\/wp\/author\/bruna\/"}]}},"views":83,"_links":{"self":[{"href":"https:\/\/bahiaeconomica.com.br\/wp\/wp-json\/wp\/v2\/posts\/917703"}],"collection":[{"href":"https:\/\/bahiaeconomica.com.br\/wp\/wp-json\/wp\/v2\/posts"}],"about":[{"href":"https:\/\/bahiaeconomica.com.br\/wp\/wp-json\/wp\/v2\/types\/post"}],"author":[{"embeddable":true,"href":"https:\/\/bahiaeconomica.com.br\/wp\/wp-json\/wp\/v2\/users\/20"}],"replies":[{"embeddable":true,"href":"https:\/\/bahiaeconomica.com.br\/wp\/wp-json\/wp\/v2\/comments?post=917703"}],"version-history":[{"count":1,"href":"https:\/\/bahiaeconomica.com.br\/wp\/wp-json\/wp\/v2\/posts\/917703\/revisions"}],"predecessor-version":[{"id":917705,"href":"https:\/\/bahiaeconomica.com.br\/wp\/wp-json\/wp\/v2\/posts\/917703\/revisions\/917705"}],"wp:featuredmedia":[{"embeddable":true,"href":"https:\/\/bahiaeconomica.com.br\/wp\/wp-json\/wp\/v2\/media\/917704"}],"wp:attachment":[{"href":"https:\/\/bahiaeconomica.com.br\/wp\/wp-json\/wp\/v2\/media?parent=917703"}],"wp:term":[{"taxonomy":"category","embeddable":true,"href":"https:\/\/bahiaeconomica.com.br\/wp\/wp-json\/wp\/v2\/categories?post=917703"},{"taxonomy":"post_tag","embeddable":true,"href":"https:\/\/bahiaeconomica.com.br\/wp\/wp-json\/wp\/v2\/tags?post=917703"}],"curies":[{"name":"wp","href":"https:\/\/api.w.org\/{rel}","templated":true}]}}