{"id":917584,"date":"2025-07-12T09:40:09","date_gmt":"2025-07-12T12:40:09","guid":{"rendered":"https:\/\/bahiaeconomica.com.br\/wp\/?p=917584"},"modified":"2025-07-12T09:08:25","modified_gmt":"2025-07-12T12:08:25","slug":"previsao-para-o-fim-de-semana-e-de-ceu-nublado-e-chuva-na-capital-baiana","status":"publish","type":"post","link":"https:\/\/bahiaeconomica.com.br\/wp\/2025\/07\/12\/previsao-para-o-fim-de-semana-e-de-ceu-nublado-e-chuva-na-capital-baiana\/","title":{"rendered":"PREVIS\u00c3O PARA O FIM DE SEMANA \u00c9 DE C\u00c9U NUBLADO E CHUVA NA CAPITAL BAIANA"},"content":{"rendered":"<p>O boletim da Defesa Civil (Codesal) para este fim de semana prev\u00ea\u00a0 tempo inst\u00e1vel no s\u00e1bado (12) e no domingo (13), com c\u00e9u nublado e possibilidade de pancadas de chuva a qualquer hora do dia.<\/p>\n<p>Para este s\u00e1bado, a probabilidade de precipita\u00e7\u00e3o \u00e9 de at\u00e9 50%, com registros de chuva fraca a moderada. Os ventos podem chegar a 33 km\/h, e o \u00edndice de radia\u00e7\u00e3o ultravioleta est\u00e1 muito alto, variando entre 8 e 10. A temperatura deve oscilar entre 20?\u00b0C e 29?\u00b0C.<\/p>\n<p>No domingo, a instabilidade se intensifica. A chance de chuva sobe para 80%, com ventos moderados de at\u00e9 35 km\/h e c\u00e9u predominantemente nublado. O \u00edndice UV fica entre 6 e 7.<\/p>\n<p>A Codesal recomenda aten\u00e7\u00e3o redobrada em \u00e1reas de risco e refor\u00e7a que, em caso de emerg\u00eancia, a popula\u00e7\u00e3o deve acionar o n\u00famero 199.<\/p>\n","protected":false},"excerpt":{"rendered":"<p>O boletim da Defesa Civil (Codesal) para este fim de semana prev\u00ea\u00a0 tempo inst\u00e1vel no s\u00e1bado (12) e no domingo (13), com c\u00e9u nublado e possibilidade de pancadas de chuva a qualquer hora do dia. Para este s\u00e1bado, a probabilidade de precipita\u00e7\u00e3o \u00e9 de at\u00e9 50%, com registros de chuva fraca a moderada. Os ventos [&hellip;]<\/p>\n","protected":false},"author":22,"featured_media":849872,"comment_status":"closed","ping_status":"closed","sticky":false,"template":"","format":"standard","meta":[],"categories":[5],"tags":[1966,2483,73,2484],"acf":[],"yoast_head":"<!-- This site is optimized with the Yoast SEO plugin v20.8 - https:\/\/yoast.com\/wordpress\/plugins\/seo\/ -->\n<title>PREVIS\u00c3O PARA O FIM DE SEMANA \u00c9 DE C\u00c9U NUBLADO E CHUVA NA CAPITAL BAIANA - Bahia Economica<\/title>\n<meta name=\"description\" content=\"O maior portal de Economia da Bahia MUNIC\u00cdPIOS Bahia Economica\" \/>\n<meta name=\"robots\" content=\"index, follow, max-snippet:-1, max-image-preview:large, max-video-preview:-1\" \/>\n<link rel=\"canonical\" href=\"https:\/\/bahiaeconomica.com.br\/wp\/2025\/07\/12\/previsao-para-o-fim-de-semana-e-de-ceu-nublado-e-chuva-na-capital-baiana\/\" \/>\n<meta property=\"og:locale\" content=\"pt_BR\" \/>\n<meta property=\"og:type\" content=\"article\" \/>\n<meta property=\"og:title\" content=\"PREVIS\u00c3O PARA O FIM DE SEMANA \u00c9 DE C\u00c9U NUBLADO E CHUVA NA CAPITAL BAIANA - Bahia Economica\" \/>\n<meta property=\"og:description\" content=\"O maior portal de Economia da Bahia MUNIC\u00cdPIOS Bahia Economica\" \/>\n<meta property=\"og:url\" content=\"https:\/\/bahiaeconomica.com.br\/wp\/2025\/07\/12\/previsao-para-o-fim-de-semana-e-de-ceu-nublado-e-chuva-na-capital-baiana\/\" \/>\n<meta property=\"og:site_name\" content=\"Bahia Economica\" \/>\n<meta property=\"article:publisher\" content=\"https:\/\/www.facebook.com\/bahiaeconomica\" \/>\n<meta property=\"article:published_time\" content=\"2025-07-12T12:40:09+00:00\" \/>\n<meta property=\"article:modified_time\" content=\"2025-07-12T12:08:25+00:00\" \/>\n<meta property=\"og:image\" content=\"https:\/\/bahiaeconomica.com.br\/wp\/wp-content\/uploads\/2024\/10\/climasalvador_alo_alobahia-1536x1131-1.webp\" \/>\n\t<meta property=\"og:image:width\" content=\"1536\" \/>\n\t<meta property=\"og:image:height\" content=\"1131\" \/>\n\t<meta property=\"og:image:type\" content=\"image\/webp\" \/>\n<meta name=\"author\" content=\"Matheus Souza\" \/>\n<meta name=\"twitter:card\" content=\"summary_large_image\" \/>\n<meta name=\"twitter:label1\" content=\"Escrito por\" \/>\n\t<meta name=\"twitter:data1\" content=\"Matheus Souza\" \/>\n\t<meta name=\"twitter:label2\" content=\"Est. tempo de leitura\" \/>\n\t<meta name=\"twitter:data2\" content=\"1 minuto\" \/>\n<script type=\"application\/ld+json\" class=\"yoast-schema-graph\">{\"@context\":\"https:\/\/schema.org\",\"@graph\":[{\"@type\":\"Article\",\"@id\":\"https:\/\/bahiaeconomica.com.br\/wp\/2025\/07\/12\/previsao-para-o-fim-de-semana-e-de-ceu-nublado-e-chuva-na-capital-baiana\/#article\",\"isPartOf\":{\"@id\":\"https:\/\/bahiaeconomica.com.br\/wp\/2025\/07\/12\/previsao-para-o-fim-de-semana-e-de-ceu-nublado-e-chuva-na-capital-baiana\/\"},\"author\":{\"name\":\"Matheus Souza\",\"@id\":\"https:\/\/bahiaeconomica.com.br\/wp\/#\/schema\/person\/3304d50cfd32353c7d08c39066638997\"},\"headline\":\"PREVIS\u00c3O PARA O FIM DE SEMANA \u00c9 DE C\u00c9U NUBLADO E CHUVA NA CAPITAL BAIANA\",\"datePublished\":\"2025-07-12T12:40:09+00:00\",\"dateModified\":\"2025-07-12T12:08:25+00:00\",\"mainEntityOfPage\":{\"@id\":\"https:\/\/bahiaeconomica.com.br\/wp\/2025\/07\/12\/previsao-para-o-fim-de-semana-e-de-ceu-nublado-e-chuva-na-capital-baiana\/\"},\"wordCount\":155,\"publisher\":{\"@id\":\"https:\/\/bahiaeconomica.com.br\/wp\/#organization\"},\"keywords\":[\"clima\",\"previs\u00e3o\",\"Salvador\",\"tempo\"],\"articleSection\":[\"MUNIC\u00cdPIOS\"],\"inLanguage\":\"pt-BR\"},{\"@type\":\"WebPage\",\"@id\":\"https:\/\/bahiaeconomica.com.br\/wp\/2025\/07\/12\/previsao-para-o-fim-de-semana-e-de-ceu-nublado-e-chuva-na-capital-baiana\/\",\"url\":\"https:\/\/bahiaeconomica.com.br\/wp\/2025\/07\/12\/previsao-para-o-fim-de-semana-e-de-ceu-nublado-e-chuva-na-capital-baiana\/\",\"name\":\"PREVIS\u00c3O PARA O FIM DE SEMANA \u00c9 DE C\u00c9U NUBLADO E CHUVA NA CAPITAL BAIANA - Bahia Economica\",\"isPartOf\":{\"@id\":\"https:\/\/bahiaeconomica.com.br\/wp\/#website\"},\"datePublished\":\"2025-07-12T12:40:09+00:00\",\"dateModified\":\"2025-07-12T12:08:25+00:00\",\"description\":\"O maior portal de Economia da Bahia MUNIC\u00cdPIOS Bahia Economica\",\"breadcrumb\":{\"@id\":\"https:\/\/bahiaeconomica.com.br\/wp\/2025\/07\/12\/previsao-para-o-fim-de-semana-e-de-ceu-nublado-e-chuva-na-capital-baiana\/#breadcrumb\"},\"inLanguage\":\"pt-BR\",\"potentialAction\":[{\"@type\":\"ReadAction\",\"target\":[\"https:\/\/bahiaeconomica.com.br\/wp\/2025\/07\/12\/previsao-para-o-fim-de-semana-e-de-ceu-nublado-e-chuva-na-capital-baiana\/\"]}]},{\"@type\":\"BreadcrumbList\",\"@id\":\"https:\/\/bahiaeconomica.com.br\/wp\/2025\/07\/12\/previsao-para-o-fim-de-semana-e-de-ceu-nublado-e-chuva-na-capital-baiana\/#breadcrumb\",\"itemListElement\":[{\"@type\":\"ListItem\",\"position\":1,\"name\":\"In\u00edcio\",\"item\":\"https:\/\/bahiaeconomica.com.br\/wp\/\"},{\"@type\":\"ListItem\",\"position\":2,\"name\":\"PREVIS\u00c3O PARA O FIM DE SEMANA \u00c9 DE C\u00c9U NUBLADO E CHUVA NA CAPITAL BAIANA\"}]},{\"@type\":\"WebSite\",\"@id\":\"https:\/\/bahiaeconomica.com.br\/wp\/#website\",\"url\":\"https:\/\/bahiaeconomica.com.br\/wp\/\",\"name\":\"Bahia Economica\",\"description\":\"O maior portal de Economia da Bahia\",\"publisher\":{\"@id\":\"https:\/\/bahiaeconomica.com.br\/wp\/#organization\"},\"potentialAction\":[{\"@type\":\"SearchAction\",\"target\":{\"@type\":\"EntryPoint\",\"urlTemplate\":\"https:\/\/bahiaeconomica.com.br\/wp\/?s={search_term_string}\"},\"query-input\":\"required name=search_term_string\"}],\"inLanguage\":\"pt-BR\"},{\"@type\":\"Organization\",\"@id\":\"https:\/\/bahiaeconomica.com.br\/wp\/#organization\",\"name\":\"Bahia Econ\u00f4mica\",\"url\":\"https:\/\/bahiaeconomica.com.br\/wp\/\",\"logo\":{\"@type\":\"ImageObject\",\"inLanguage\":\"pt-BR\",\"@id\":\"https:\/\/bahiaeconomica.com.br\/wp\/#\/schema\/logo\/image\/\",\"url\":\"https:\/\/bahiaeconomica.com.br\/wp\/wp-content\/uploads\/2020\/12\/cropped-BE.png\",\"contentUrl\":\"https:\/\/bahiaeconomica.com.br\/wp\/wp-content\/uploads\/2020\/12\/cropped-BE.png\",\"width\":512,\"height\":512,\"caption\":\"Bahia Econ\u00f4mica\"},\"image\":{\"@id\":\"https:\/\/bahiaeconomica.com.br\/wp\/#\/schema\/logo\/image\/\"},\"sameAs\":[\"https:\/\/www.facebook.com\/bahiaeconomica\"]},{\"@type\":\"Person\",\"@id\":\"https:\/\/bahiaeconomica.com.br\/wp\/#\/schema\/person\/3304d50cfd32353c7d08c39066638997\",\"name\":\"Matheus Souza\",\"sameAs\":[\"http:\/\/www.bahiaeconomica.com.br\"],\"url\":\"https:\/\/bahiaeconomica.com.br\/wp\/author\/matheus-souza\/\"}]}<\/script>\n<!-- \/ Yoast SEO plugin. -->","yoast_head_json":{"title":"PREVIS\u00c3O PARA O FIM DE SEMANA \u00c9 DE C\u00c9U NUBLADO E CHUVA NA CAPITAL BAIANA - Bahia Economica","description":"O maior portal de Economia da Bahia MUNIC\u00cdPIOS Bahia Economica","robots":{"index":"index","follow":"follow","max-snippet":"max-snippet:-1","max-image-preview":"max-image-preview:large","max-video-preview":"max-video-preview:-1"},"canonical":"https:\/\/bahiaeconomica.com.br\/wp\/2025\/07\/12\/previsao-para-o-fim-de-semana-e-de-ceu-nublado-e-chuva-na-capital-baiana\/","og_locale":"pt_BR","og_type":"article","og_title":"PREVIS\u00c3O PARA O FIM DE SEMANA \u00c9 DE C\u00c9U NUBLADO E CHUVA NA CAPITAL BAIANA - Bahia Economica","og_description":"O maior portal de Economia da Bahia MUNIC\u00cdPIOS Bahia Economica","og_url":"https:\/\/bahiaeconomica.com.br\/wp\/2025\/07\/12\/previsao-para-o-fim-de-semana-e-de-ceu-nublado-e-chuva-na-capital-baiana\/","og_site_name":"Bahia Economica","article_publisher":"https:\/\/www.facebook.com\/bahiaeconomica","article_published_time":"2025-07-12T12:40:09+00:00","article_modified_time":"2025-07-12T12:08:25+00:00","og_image":[{"width":1536,"height":1131,"url":"https:\/\/bahiaeconomica.com.br\/wp\/wp-content\/uploads\/2024\/10\/climasalvador_alo_alobahia-1536x1131-1.webp","type":"image\/webp"}],"author":"Matheus Souza","twitter_card":"summary_large_image","twitter_misc":{"Escrito por":"Matheus Souza","Est. tempo de leitura":"1 minuto"},"schema":{"@context":"https:\/\/schema.org","@graph":[{"@type":"Article","@id":"https:\/\/bahiaeconomica.com.br\/wp\/2025\/07\/12\/previsao-para-o-fim-de-semana-e-de-ceu-nublado-e-chuva-na-capital-baiana\/#article","isPartOf":{"@id":"https:\/\/bahiaeconomica.com.br\/wp\/2025\/07\/12\/previsao-para-o-fim-de-semana-e-de-ceu-nublado-e-chuva-na-capital-baiana\/"},"author":{"name":"Matheus Souza","@id":"https:\/\/bahiaeconomica.com.br\/wp\/#\/schema\/person\/3304d50cfd32353c7d08c39066638997"},"headline":"PREVIS\u00c3O PARA O FIM DE SEMANA \u00c9 DE C\u00c9U NUBLADO E CHUVA NA CAPITAL BAIANA","datePublished":"2025-07-12T12:40:09+00:00","dateModified":"2025-07-12T12:08:25+00:00","mainEntityOfPage":{"@id":"https:\/\/bahiaeconomica.com.br\/wp\/2025\/07\/12\/previsao-para-o-fim-de-semana-e-de-ceu-nublado-e-chuva-na-capital-baiana\/"},"wordCount":155,"publisher":{"@id":"https:\/\/bahiaeconomica.com.br\/wp\/#organization"},"keywords":["clima","previs\u00e3o","Salvador","tempo"],"articleSection":["MUNIC\u00cdPIOS"],"inLanguage":"pt-BR"},{"@type":"WebPage","@id":"https:\/\/bahiaeconomica.com.br\/wp\/2025\/07\/12\/previsao-para-o-fim-de-semana-e-de-ceu-nublado-e-chuva-na-capital-baiana\/","url":"https:\/\/bahiaeconomica.com.br\/wp\/2025\/07\/12\/previsao-para-o-fim-de-semana-e-de-ceu-nublado-e-chuva-na-capital-baiana\/","name":"PREVIS\u00c3O PARA O FIM DE SEMANA \u00c9 DE C\u00c9U NUBLADO E CHUVA NA CAPITAL BAIANA - Bahia Economica","isPartOf":{"@id":"https:\/\/bahiaeconomica.com.br\/wp\/#website"},"datePublished":"2025-07-12T12:40:09+00:00","dateModified":"2025-07-12T12:08:25+00:00","description":"O maior portal de Economia da Bahia MUNIC\u00cdPIOS Bahia Economica","breadcrumb":{"@id":"https:\/\/bahiaeconomica.com.br\/wp\/2025\/07\/12\/previsao-para-o-fim-de-semana-e-de-ceu-nublado-e-chuva-na-capital-baiana\/#breadcrumb"},"inLanguage":"pt-BR","potentialAction":[{"@type":"ReadAction","target":["https:\/\/bahiaeconomica.com.br\/wp\/2025\/07\/12\/previsao-para-o-fim-de-semana-e-de-ceu-nublado-e-chuva-na-capital-baiana\/"]}]},{"@type":"BreadcrumbList","@id":"https:\/\/bahiaeconomica.com.br\/wp\/2025\/07\/12\/previsao-para-o-fim-de-semana-e-de-ceu-nublado-e-chuva-na-capital-baiana\/#breadcrumb","itemListElement":[{"@type":"ListItem","position":1,"name":"In\u00edcio","item":"https:\/\/bahiaeconomica.com.br\/wp\/"},{"@type":"ListItem","position":2,"name":"PREVIS\u00c3O PARA O FIM DE SEMANA \u00c9 DE C\u00c9U NUBLADO E CHUVA NA CAPITAL BAIANA"}]},{"@type":"WebSite","@id":"https:\/\/bahiaeconomica.com.br\/wp\/#website","url":"https:\/\/bahiaeconomica.com.br\/wp\/","name":"Bahia Economica","description":"O maior portal de Economia da Bahia","publisher":{"@id":"https:\/\/bahiaeconomica.com.br\/wp\/#organization"},"potentialAction":[{"@type":"SearchAction","target":{"@type":"EntryPoint","urlTemplate":"https:\/\/bahiaeconomica.com.br\/wp\/?s={search_term_string}"},"query-input":"required name=search_term_string"}],"inLanguage":"pt-BR"},{"@type":"Organization","@id":"https:\/\/bahiaeconomica.com.br\/wp\/#organization","name":"Bahia Econ\u00f4mica","url":"https:\/\/bahiaeconomica.com.br\/wp\/","logo":{"@type":"ImageObject","inLanguage":"pt-BR","@id":"https:\/\/bahiaeconomica.com.br\/wp\/#\/schema\/logo\/image\/","url":"https:\/\/bahiaeconomica.com.br\/wp\/wp-content\/uploads\/2020\/12\/cropped-BE.png","contentUrl":"https:\/\/bahiaeconomica.com.br\/wp\/wp-content\/uploads\/2020\/12\/cropped-BE.png","width":512,"height":512,"caption":"Bahia Econ\u00f4mica"},"image":{"@id":"https:\/\/bahiaeconomica.com.br\/wp\/#\/schema\/logo\/image\/"},"sameAs":["https:\/\/www.facebook.com\/bahiaeconomica"]},{"@type":"Person","@id":"https:\/\/bahiaeconomica.com.br\/wp\/#\/schema\/person\/3304d50cfd32353c7d08c39066638997","name":"Matheus Souza","sameAs":["http:\/\/www.bahiaeconomica.com.br"],"url":"https:\/\/bahiaeconomica.com.br\/wp\/author\/matheus-souza\/"}]}},"views":24,"_links":{"self":[{"href":"https:\/\/bahiaeconomica.com.br\/wp\/wp-json\/wp\/v2\/posts\/917584"}],"collection":[{"href":"https:\/\/bahiaeconomica.com.br\/wp\/wp-json\/wp\/v2\/posts"}],"about":[{"href":"https:\/\/bahiaeconomica.com.br\/wp\/wp-json\/wp\/v2\/types\/post"}],"author":[{"embeddable":true,"href":"https:\/\/bahiaeconomica.com.br\/wp\/wp-json\/wp\/v2\/users\/22"}],"replies":[{"embeddable":true,"href":"https:\/\/bahiaeconomica.com.br\/wp\/wp-json\/wp\/v2\/comments?post=917584"}],"version-history":[{"count":1,"href":"https:\/\/bahiaeconomica.com.br\/wp\/wp-json\/wp\/v2\/posts\/917584\/revisions"}],"predecessor-version":[{"id":917585,"href":"https:\/\/bahiaeconomica.com.br\/wp\/wp-json\/wp\/v2\/posts\/917584\/revisions\/917585"}],"wp:featuredmedia":[{"embeddable":true,"href":"https:\/\/bahiaeconomica.com.br\/wp\/wp-json\/wp\/v2\/media\/849872"}],"wp:attachment":[{"href":"https:\/\/bahiaeconomica.com.br\/wp\/wp-json\/wp\/v2\/media?parent=917584"}],"wp:term":[{"taxonomy":"category","embeddable":true,"href":"https:\/\/bahiaeconomica.com.br\/wp\/wp-json\/wp\/v2\/categories?post=917584"},{"taxonomy":"post_tag","embeddable":true,"href":"https:\/\/bahiaeconomica.com.br\/wp\/wp-json\/wp\/v2\/tags?post=917584"}],"curies":[{"name":"wp","href":"https:\/\/api.w.org\/{rel}","templated":true}]}}