{"id":916761,"date":"2025-07-09T09:00:31","date_gmt":"2025-07-09T12:00:31","guid":{"rendered":"https:\/\/bahiaeconomica.com.br\/wp\/?p=916761"},"modified":"2025-07-09T09:01:08","modified_gmt":"2025-07-09T12:01:08","slug":"bahia-prepara-novo-programa-de-incentivo-a-voos-regionais-confira","status":"publish","type":"post","link":"https:\/\/bahiaeconomica.com.br\/wp\/2025\/07\/09\/bahia-prepara-novo-programa-de-incentivo-a-voos-regionais-confira\/","title":{"rendered":"BAHIA PREPARA NOVO PROGRAMA DE INCENTIVO A VOOS REGIONAIS; CONFIRA"},"content":{"rendered":"<p>Com o objetivo de fortalecer a malha a\u00e9rea regional, a Bahia prepara um novo programa de est\u00edmulo \u00e0 conectividade entre cidades do estado. A iniciativa foi anunciada nesta ter\u00e7a-feira (8) pelo secret\u00e1rio de Turismo, Maur\u00edcio Bacelar, e j\u00e1 conta com articula\u00e7\u00f5es dentro do governo estadual.<\/p>\n<p>Segundo o gestor, o governador Jer\u00f4nimo Rodrigues (PT) solicitou \u00e0s secretarias de Turismo, Fazenda e Infraestrutura um estudo para viabilizar a proposta.<\/p>\n<p>\u201cSabendo da import\u00e2ncia dessa conectividade no desenvolvimento do turismo interno do estado, o governador Jer\u00f4nimo Rodrigues encomendou \u00e0 secret\u00e1ria do Turismo, \u00e0 secretaria da Fazenda e \u00e0 secretaria da Infraestrutura, um estudo para implementarmos um programa de est\u00edmulo \u00e0 conectividade a\u00e9rea regional\u201d, explicou Bacelar.<\/p>\n<p>De acordo com ele, a proposta est\u00e1 em fase avan\u00e7ada de elabora\u00e7\u00e3o e ser\u00e1 encaminhada \u00e0 Assembleia Legislativa para aprecia\u00e7\u00e3o dos deputados.<\/p>\n<p>\u201cEsse estudo est\u00e1 pronto na Casa Civil do governador, sendo ultimato um projeto de lei a ser enviado para Assembleia Legislativa para est\u00edmulo \u00e0 conectividade a\u00e9rea regional\u201d, afirmou.<\/p>\n<p>Entre os investimentos j\u00e1 em curso, destaca-se a amplia\u00e7\u00e3o de aeroportos regionais, como o de Irec\u00ea, no sert\u00e3o da Bahia, que est\u00e1 recebendo recursos estaduais para melhorar sua estrutura e ampliar sua capacidade operacional.<\/p>\n<p>Foto: Rovena Rosa\/Ag\u00eancia Brasil<\/p>\n","protected":false},"excerpt":{"rendered":"<p>Com o objetivo de fortalecer a malha a\u00e9rea regional, a Bahia prepara um novo programa de est\u00edmulo \u00e0 conectividade entre cidades do estado. A iniciativa foi anunciada nesta ter\u00e7a-feira (8) pelo secret\u00e1rio de Turismo, Maur\u00edcio Bacelar, e j\u00e1 conta com articula\u00e7\u00f5es dentro do governo estadual. Segundo o gestor, o governador Jer\u00f4nimo Rodrigues (PT) solicitou \u00e0s [&hellip;]<\/p>\n","protected":false},"author":20,"featured_media":916763,"comment_status":"closed","ping_status":"closed","sticky":false,"template":"","format":"standard","meta":[],"categories":[7,14],"tags":[85,4658,1703,40007],"acf":[],"yoast_head":"<!-- This site is optimized with the Yoast SEO plugin v20.8 - https:\/\/yoast.com\/wordpress\/plugins\/seo\/ -->\n<title>BAHIA PREPARA NOVO PROGRAMA DE INCENTIVO A VOOS REGIONAIS; CONFIRA - Bahia Economica<\/title>\n<meta name=\"description\" content=\"O maior portal de Economia da Bahia BAHIA INVEST, DESTAQUE DO DIA Bahia Economica iniciativa foi anunciada nesta ter\u00e7a-feira (8)\" \/>\n<meta name=\"robots\" content=\"index, follow, max-snippet:-1, max-image-preview:large, max-video-preview:-1\" \/>\n<link rel=\"canonical\" href=\"https:\/\/bahiaeconomica.com.br\/wp\/2025\/07\/09\/bahia-prepara-novo-programa-de-incentivo-a-voos-regionais-confira\/\" \/>\n<meta property=\"og:locale\" content=\"pt_BR\" \/>\n<meta property=\"og:type\" content=\"article\" \/>\n<meta property=\"og:title\" content=\"BAHIA PREPARA NOVO PROGRAMA DE INCENTIVO A VOOS REGIONAIS; CONFIRA - Bahia Economica\" \/>\n<meta property=\"og:description\" content=\"O maior portal de Economia da Bahia BAHIA INVEST, DESTAQUE DO DIA Bahia Economica iniciativa foi anunciada nesta ter\u00e7a-feira (8)\" \/>\n<meta property=\"og:url\" content=\"https:\/\/bahiaeconomica.com.br\/wp\/2025\/07\/09\/bahia-prepara-novo-programa-de-incentivo-a-voos-regionais-confira\/\" \/>\n<meta property=\"og:site_name\" content=\"Bahia Economica\" \/>\n<meta property=\"article:publisher\" content=\"https:\/\/www.facebook.com\/bahiaeconomica\" \/>\n<meta property=\"article:published_time\" content=\"2025-07-09T12:00:31+00:00\" \/>\n<meta property=\"article:modified_time\" content=\"2025-07-09T12:01:08+00:00\" \/>\n<meta property=\"og:image\" content=\"https:\/\/bahiaeconomica.com.br\/wp\/wp-content\/uploads\/2025\/07\/img_4734.webp\" \/>\n\t<meta property=\"og:image:width\" content=\"1170\" \/>\n\t<meta property=\"og:image:height\" content=\"700\" \/>\n\t<meta property=\"og:image:type\" content=\"image\/webp\" \/>\n<meta name=\"author\" content=\"BRUNA CARVALHO\" \/>\n<meta name=\"twitter:card\" content=\"summary_large_image\" \/>\n<meta name=\"twitter:label1\" content=\"Escrito por\" \/>\n\t<meta name=\"twitter:data1\" content=\"BRUNA CARVALHO\" \/>\n\t<meta name=\"twitter:label2\" content=\"Est. tempo de leitura\" \/>\n\t<meta name=\"twitter:data2\" content=\"2 minutos\" \/>\n<script type=\"application\/ld+json\" class=\"yoast-schema-graph\">{\"@context\":\"https:\/\/schema.org\",\"@graph\":[{\"@type\":\"Article\",\"@id\":\"https:\/\/bahiaeconomica.com.br\/wp\/2025\/07\/09\/bahia-prepara-novo-programa-de-incentivo-a-voos-regionais-confira\/#article\",\"isPartOf\":{\"@id\":\"https:\/\/bahiaeconomica.com.br\/wp\/2025\/07\/09\/bahia-prepara-novo-programa-de-incentivo-a-voos-regionais-confira\/\"},\"author\":{\"name\":\"BRUNA CARVALHO\",\"@id\":\"https:\/\/bahiaeconomica.com.br\/wp\/#\/schema\/person\/9310b0e591f5979f6f99773eac5804e6\"},\"headline\":\"BAHIA PREPARA NOVO PROGRAMA DE INCENTIVO A VOOS REGIONAIS; CONFIRA\",\"datePublished\":\"2025-07-09T12:00:31+00:00\",\"dateModified\":\"2025-07-09T12:01:08+00:00\",\"mainEntityOfPage\":{\"@id\":\"https:\/\/bahiaeconomica.com.br\/wp\/2025\/07\/09\/bahia-prepara-novo-programa-de-incentivo-a-voos-regionais-confira\/\"},\"wordCount\":222,\"publisher\":{\"@id\":\"https:\/\/bahiaeconomica.com.br\/wp\/#organization\"},\"keywords\":[\"Bahia\",\"incentivo\",\"programa\",\"voo regional\"],\"articleSection\":[\"BAHIA INVEST\",\"DESTAQUE DO DIA\"],\"inLanguage\":\"pt-BR\"},{\"@type\":\"WebPage\",\"@id\":\"https:\/\/bahiaeconomica.com.br\/wp\/2025\/07\/09\/bahia-prepara-novo-programa-de-incentivo-a-voos-regionais-confira\/\",\"url\":\"https:\/\/bahiaeconomica.com.br\/wp\/2025\/07\/09\/bahia-prepara-novo-programa-de-incentivo-a-voos-regionais-confira\/\",\"name\":\"BAHIA PREPARA NOVO PROGRAMA DE INCENTIVO A VOOS REGIONAIS; CONFIRA - Bahia Economica\",\"isPartOf\":{\"@id\":\"https:\/\/bahiaeconomica.com.br\/wp\/#website\"},\"datePublished\":\"2025-07-09T12:00:31+00:00\",\"dateModified\":\"2025-07-09T12:01:08+00:00\",\"description\":\"O maior portal de Economia da Bahia BAHIA INVEST, DESTAQUE DO DIA Bahia Economica iniciativa foi anunciada nesta ter\u00e7a-feira (8)\",\"breadcrumb\":{\"@id\":\"https:\/\/bahiaeconomica.com.br\/wp\/2025\/07\/09\/bahia-prepara-novo-programa-de-incentivo-a-voos-regionais-confira\/#breadcrumb\"},\"inLanguage\":\"pt-BR\",\"potentialAction\":[{\"@type\":\"ReadAction\",\"target\":[\"https:\/\/bahiaeconomica.com.br\/wp\/2025\/07\/09\/bahia-prepara-novo-programa-de-incentivo-a-voos-regionais-confira\/\"]}]},{\"@type\":\"BreadcrumbList\",\"@id\":\"https:\/\/bahiaeconomica.com.br\/wp\/2025\/07\/09\/bahia-prepara-novo-programa-de-incentivo-a-voos-regionais-confira\/#breadcrumb\",\"itemListElement\":[{\"@type\":\"ListItem\",\"position\":1,\"name\":\"In\u00edcio\",\"item\":\"https:\/\/bahiaeconomica.com.br\/wp\/\"},{\"@type\":\"ListItem\",\"position\":2,\"name\":\"BAHIA PREPARA NOVO PROGRAMA DE INCENTIVO A VOOS REGIONAIS; CONFIRA\"}]},{\"@type\":\"WebSite\",\"@id\":\"https:\/\/bahiaeconomica.com.br\/wp\/#website\",\"url\":\"https:\/\/bahiaeconomica.com.br\/wp\/\",\"name\":\"Bahia Economica\",\"description\":\"O maior portal de Economia da Bahia\",\"publisher\":{\"@id\":\"https:\/\/bahiaeconomica.com.br\/wp\/#organization\"},\"potentialAction\":[{\"@type\":\"SearchAction\",\"target\":{\"@type\":\"EntryPoint\",\"urlTemplate\":\"https:\/\/bahiaeconomica.com.br\/wp\/?s={search_term_string}\"},\"query-input\":\"required name=search_term_string\"}],\"inLanguage\":\"pt-BR\"},{\"@type\":\"Organization\",\"@id\":\"https:\/\/bahiaeconomica.com.br\/wp\/#organization\",\"name\":\"Bahia Econ\u00f4mica\",\"url\":\"https:\/\/bahiaeconomica.com.br\/wp\/\",\"logo\":{\"@type\":\"ImageObject\",\"inLanguage\":\"pt-BR\",\"@id\":\"https:\/\/bahiaeconomica.com.br\/wp\/#\/schema\/logo\/image\/\",\"url\":\"https:\/\/bahiaeconomica.com.br\/wp\/wp-content\/uploads\/2020\/12\/cropped-BE.png\",\"contentUrl\":\"https:\/\/bahiaeconomica.com.br\/wp\/wp-content\/uploads\/2020\/12\/cropped-BE.png\",\"width\":512,\"height\":512,\"caption\":\"Bahia Econ\u00f4mica\"},\"image\":{\"@id\":\"https:\/\/bahiaeconomica.com.br\/wp\/#\/schema\/logo\/image\/\"},\"sameAs\":[\"https:\/\/www.facebook.com\/bahiaeconomica\"]},{\"@type\":\"Person\",\"@id\":\"https:\/\/bahiaeconomica.com.br\/wp\/#\/schema\/person\/9310b0e591f5979f6f99773eac5804e6\",\"name\":\"BRUNA CARVALHO\",\"sameAs\":[\"http:\/\/www.bahiaeconomica.com.br\"],\"url\":\"https:\/\/bahiaeconomica.com.br\/wp\/author\/bruna\/\"}]}<\/script>\n<!-- \/ Yoast SEO plugin. -->","yoast_head_json":{"title":"BAHIA PREPARA NOVO PROGRAMA DE INCENTIVO A VOOS REGIONAIS; CONFIRA - Bahia Economica","description":"O maior portal de Economia da Bahia BAHIA INVEST, DESTAQUE DO DIA Bahia Economica iniciativa foi anunciada nesta ter\u00e7a-feira (8)","robots":{"index":"index","follow":"follow","max-snippet":"max-snippet:-1","max-image-preview":"max-image-preview:large","max-video-preview":"max-video-preview:-1"},"canonical":"https:\/\/bahiaeconomica.com.br\/wp\/2025\/07\/09\/bahia-prepara-novo-programa-de-incentivo-a-voos-regionais-confira\/","og_locale":"pt_BR","og_type":"article","og_title":"BAHIA PREPARA NOVO PROGRAMA DE INCENTIVO A VOOS REGIONAIS; CONFIRA - Bahia Economica","og_description":"O maior portal de Economia da Bahia BAHIA INVEST, DESTAQUE DO DIA Bahia Economica iniciativa foi anunciada nesta ter\u00e7a-feira (8)","og_url":"https:\/\/bahiaeconomica.com.br\/wp\/2025\/07\/09\/bahia-prepara-novo-programa-de-incentivo-a-voos-regionais-confira\/","og_site_name":"Bahia Economica","article_publisher":"https:\/\/www.facebook.com\/bahiaeconomica","article_published_time":"2025-07-09T12:00:31+00:00","article_modified_time":"2025-07-09T12:01:08+00:00","og_image":[{"width":1170,"height":700,"url":"https:\/\/bahiaeconomica.com.br\/wp\/wp-content\/uploads\/2025\/07\/img_4734.webp","type":"image\/webp"}],"author":"BRUNA CARVALHO","twitter_card":"summary_large_image","twitter_misc":{"Escrito por":"BRUNA CARVALHO","Est. tempo de leitura":"2 minutos"},"schema":{"@context":"https:\/\/schema.org","@graph":[{"@type":"Article","@id":"https:\/\/bahiaeconomica.com.br\/wp\/2025\/07\/09\/bahia-prepara-novo-programa-de-incentivo-a-voos-regionais-confira\/#article","isPartOf":{"@id":"https:\/\/bahiaeconomica.com.br\/wp\/2025\/07\/09\/bahia-prepara-novo-programa-de-incentivo-a-voos-regionais-confira\/"},"author":{"name":"BRUNA CARVALHO","@id":"https:\/\/bahiaeconomica.com.br\/wp\/#\/schema\/person\/9310b0e591f5979f6f99773eac5804e6"},"headline":"BAHIA PREPARA NOVO PROGRAMA DE INCENTIVO A VOOS REGIONAIS; CONFIRA","datePublished":"2025-07-09T12:00:31+00:00","dateModified":"2025-07-09T12:01:08+00:00","mainEntityOfPage":{"@id":"https:\/\/bahiaeconomica.com.br\/wp\/2025\/07\/09\/bahia-prepara-novo-programa-de-incentivo-a-voos-regionais-confira\/"},"wordCount":222,"publisher":{"@id":"https:\/\/bahiaeconomica.com.br\/wp\/#organization"},"keywords":["Bahia","incentivo","programa","voo regional"],"articleSection":["BAHIA INVEST","DESTAQUE DO DIA"],"inLanguage":"pt-BR"},{"@type":"WebPage","@id":"https:\/\/bahiaeconomica.com.br\/wp\/2025\/07\/09\/bahia-prepara-novo-programa-de-incentivo-a-voos-regionais-confira\/","url":"https:\/\/bahiaeconomica.com.br\/wp\/2025\/07\/09\/bahia-prepara-novo-programa-de-incentivo-a-voos-regionais-confira\/","name":"BAHIA PREPARA NOVO PROGRAMA DE INCENTIVO A VOOS REGIONAIS; CONFIRA - Bahia Economica","isPartOf":{"@id":"https:\/\/bahiaeconomica.com.br\/wp\/#website"},"datePublished":"2025-07-09T12:00:31+00:00","dateModified":"2025-07-09T12:01:08+00:00","description":"O maior portal de Economia da Bahia BAHIA INVEST, DESTAQUE DO DIA Bahia Economica iniciativa foi anunciada nesta ter\u00e7a-feira (8)","breadcrumb":{"@id":"https:\/\/bahiaeconomica.com.br\/wp\/2025\/07\/09\/bahia-prepara-novo-programa-de-incentivo-a-voos-regionais-confira\/#breadcrumb"},"inLanguage":"pt-BR","potentialAction":[{"@type":"ReadAction","target":["https:\/\/bahiaeconomica.com.br\/wp\/2025\/07\/09\/bahia-prepara-novo-programa-de-incentivo-a-voos-regionais-confira\/"]}]},{"@type":"BreadcrumbList","@id":"https:\/\/bahiaeconomica.com.br\/wp\/2025\/07\/09\/bahia-prepara-novo-programa-de-incentivo-a-voos-regionais-confira\/#breadcrumb","itemListElement":[{"@type":"ListItem","position":1,"name":"In\u00edcio","item":"https:\/\/bahiaeconomica.com.br\/wp\/"},{"@type":"ListItem","position":2,"name":"BAHIA PREPARA NOVO PROGRAMA DE INCENTIVO A VOOS REGIONAIS; CONFIRA"}]},{"@type":"WebSite","@id":"https:\/\/bahiaeconomica.com.br\/wp\/#website","url":"https:\/\/bahiaeconomica.com.br\/wp\/","name":"Bahia Economica","description":"O maior portal de Economia da Bahia","publisher":{"@id":"https:\/\/bahiaeconomica.com.br\/wp\/#organization"},"potentialAction":[{"@type":"SearchAction","target":{"@type":"EntryPoint","urlTemplate":"https:\/\/bahiaeconomica.com.br\/wp\/?s={search_term_string}"},"query-input":"required name=search_term_string"}],"inLanguage":"pt-BR"},{"@type":"Organization","@id":"https:\/\/bahiaeconomica.com.br\/wp\/#organization","name":"Bahia Econ\u00f4mica","url":"https:\/\/bahiaeconomica.com.br\/wp\/","logo":{"@type":"ImageObject","inLanguage":"pt-BR","@id":"https:\/\/bahiaeconomica.com.br\/wp\/#\/schema\/logo\/image\/","url":"https:\/\/bahiaeconomica.com.br\/wp\/wp-content\/uploads\/2020\/12\/cropped-BE.png","contentUrl":"https:\/\/bahiaeconomica.com.br\/wp\/wp-content\/uploads\/2020\/12\/cropped-BE.png","width":512,"height":512,"caption":"Bahia Econ\u00f4mica"},"image":{"@id":"https:\/\/bahiaeconomica.com.br\/wp\/#\/schema\/logo\/image\/"},"sameAs":["https:\/\/www.facebook.com\/bahiaeconomica"]},{"@type":"Person","@id":"https:\/\/bahiaeconomica.com.br\/wp\/#\/schema\/person\/9310b0e591f5979f6f99773eac5804e6","name":"BRUNA CARVALHO","sameAs":["http:\/\/www.bahiaeconomica.com.br"],"url":"https:\/\/bahiaeconomica.com.br\/wp\/author\/bruna\/"}]}},"views":255,"_links":{"self":[{"href":"https:\/\/bahiaeconomica.com.br\/wp\/wp-json\/wp\/v2\/posts\/916761"}],"collection":[{"href":"https:\/\/bahiaeconomica.com.br\/wp\/wp-json\/wp\/v2\/posts"}],"about":[{"href":"https:\/\/bahiaeconomica.com.br\/wp\/wp-json\/wp\/v2\/types\/post"}],"author":[{"embeddable":true,"href":"https:\/\/bahiaeconomica.com.br\/wp\/wp-json\/wp\/v2\/users\/20"}],"replies":[{"embeddable":true,"href":"https:\/\/bahiaeconomica.com.br\/wp\/wp-json\/wp\/v2\/comments?post=916761"}],"version-history":[{"count":1,"href":"https:\/\/bahiaeconomica.com.br\/wp\/wp-json\/wp\/v2\/posts\/916761\/revisions"}],"predecessor-version":[{"id":916764,"href":"https:\/\/bahiaeconomica.com.br\/wp\/wp-json\/wp\/v2\/posts\/916761\/revisions\/916764"}],"wp:featuredmedia":[{"embeddable":true,"href":"https:\/\/bahiaeconomica.com.br\/wp\/wp-json\/wp\/v2\/media\/916763"}],"wp:attachment":[{"href":"https:\/\/bahiaeconomica.com.br\/wp\/wp-json\/wp\/v2\/media?parent=916761"}],"wp:term":[{"taxonomy":"category","embeddable":true,"href":"https:\/\/bahiaeconomica.com.br\/wp\/wp-json\/wp\/v2\/categories?post=916761"},{"taxonomy":"post_tag","embeddable":true,"href":"https:\/\/bahiaeconomica.com.br\/wp\/wp-json\/wp\/v2\/tags?post=916761"}],"curies":[{"name":"wp","href":"https:\/\/api.w.org\/{rel}","templated":true}]}}