{"id":916638,"date":"2025-07-08T16:58:30","date_gmt":"2025-07-08T19:58:30","guid":{"rendered":"https:\/\/bahiaeconomica.com.br\/wp\/?p=916638"},"modified":"2025-07-08T16:18:06","modified_gmt":"2025-07-08T19:18:06","slug":"governo-do-estado-destina-tres-veiculos-para-a-saude-do-municipio-de-oliveira-dos-brejinhos","status":"publish","type":"post","link":"https:\/\/bahiaeconomica.com.br\/wp\/2025\/07\/08\/governo-do-estado-destina-tres-veiculos-para-a-saude-do-municipio-de-oliveira-dos-brejinhos\/","title":{"rendered":"GOVERNO DO ESTADO DESTINA TR\u00caS VE\u00cdCULOS PARA A SA\u00daDE DO MUNIC\u00cdPIO DE OLIVEIRA DOS BREJINHOS"},"content":{"rendered":"<p>Durante encontro com representantes da Prefeitura de Oliveira dos Brejinhos, no territ\u00f3rio de identidade do Velho Chico, na tarde desta ter\u00e7a-feira (8), o governador Jer\u00f4nimo Rodrigues destinou para a sa\u00fade municipal, uma ambul\u00e2ncia, um micro\u00f4nibus e um ve\u00edculo para Tratamento Fora do Domic\u00edlio (TFD). A agenda, que tamb\u00e9m reuniu secret\u00e1rios estaduais em Salvador, teve como objetivo tratar das demandas emergenciais para o desenvolvimento do munic\u00edpio.<\/p>\n<p>O governador reafirmou o compromisso de seguir investindo nos munic\u00edpios baianos e destacou que a\u00e7\u00f5es como essas, representam avan\u00e7os concretos na melhoria da qualidade de vida da popula\u00e7\u00e3o. &#8220;Trabalhamos para garantir que o desenvolvimento chegue a todos os cantos da Bahia. Nesta agenda, analisamos demandas de sa\u00fade, a constru\u00e7\u00e3o de uma rodovi\u00e1ria, abastecimento de \u00e1gua para os povoados, reestrutura\u00e7\u00e3o da feira livre, al\u00e9m de a\u00e7\u00f5es para a seguran\u00e7a e a infraestrutura, colocadas como priorit\u00e1rias pelo prefeito&#8221;, pontuou o governador.<\/p>\n<p>Oliveira dos Brejinhos tem uma popula\u00e7\u00e3o de mais de 20 mil habitantes e recebeu R$ 57 milh\u00f5es de investimentos do Governo do Estado, entre 2023 e 2025. Na educa\u00e7\u00e3o, houve a constru\u00e7\u00e3o do Col\u00e9gio de Tempo Integral Tirdentes; para a pr\u00e1tica esportiva e lazer, a reforma do Est\u00e1dio Municipal Jo\u00e3o Ferreira Leal e para a mobilidade e infraestrutura, a pavimenta\u00e7\u00e3o das ruas da sede, de povoados e da rodovia BR-242, no acesso ao distrito de Ipuba\u00e7a.<\/p>\n<p>Ainda foram realizadas diversas obras de abastecimento de \u00e1gua e est\u00e1 em andamento, o projeto para a recupera\u00e7\u00e3o da Barragem de Girau. Para o desenvolvimento agr\u00edcola e produ\u00e7\u00e3o, foram constru\u00eddas unidades de produ\u00e7\u00e3o de ra\u00e7\u00e3o, beneficiamento de frutas e de mandioca.<\/p>\n<p>Para o prefeito do munic\u00edpio, Ferrugem, a parceria com o Governo do Estado \u00e9 fundamental para melhorar a qualidade de vida da comunidade e impulsionar o desenvolvimento local. &#8220;Gratid\u00e3o a toda equipe pela vontade ajudar o nosso munic\u00edpio. Deixamos essa reuni\u00e3o satisfeitos com o resultado. Sa\u00edmos daqui com esses tr\u00eas ve\u00edculos, presentes para a nossa sa\u00fade. Tenho certeza de que Oliveira dos Brejinhos vai avan\u00e7ar ainda mais&#8221;, afirmou o gestor municipal.<\/p>\n<p>Foto: Jo\u00e1 SouzaGOVBA<\/p>\n","protected":false},"excerpt":{"rendered":"<p>Durante encontro com representantes da Prefeitura de Oliveira dos Brejinhos, no territ\u00f3rio de identidade do Velho Chico, na tarde desta ter\u00e7a-feira (8), o governador Jer\u00f4nimo Rodrigues destinou para a sa\u00fade municipal, uma ambul\u00e2ncia, um micro\u00f4nibus e um ve\u00edculo para Tratamento Fora do Domic\u00edlio (TFD). A agenda, que tamb\u00e9m reuniu secret\u00e1rios estaduais em Salvador, teve como [&hellip;]<\/p>\n","protected":false},"author":15,"featured_media":916641,"comment_status":"closed","ping_status":"closed","sticky":false,"template":"","format":"standard","meta":[],"categories":[14,5],"tags":[4701,40003],"acf":[],"yoast_head":"<!-- This site is optimized with the Yoast SEO plugin v20.8 - https:\/\/yoast.com\/wordpress\/plugins\/seo\/ -->\n<title>GOVERNO DO ESTADO DESTINA TR\u00caS VE\u00cdCULOS PARA A SA\u00daDE DO MUNIC\u00cdPIO DE OLIVEIRA DOS BREJINHOS - Bahia Economica<\/title>\n<meta name=\"description\" content=\"O maior portal de Economia da Bahia DESTAQUE DO DIA, MUNIC\u00cdPIOS Bahia Economica Durante encontro com representantes da Prefeitura de Oliveira dos Brejinhos,\" \/>\n<meta name=\"robots\" content=\"index, follow, max-snippet:-1, max-image-preview:large, max-video-preview:-1\" \/>\n<link rel=\"canonical\" href=\"https:\/\/bahiaeconomica.com.br\/wp\/2025\/07\/08\/governo-do-estado-destina-tres-veiculos-para-a-saude-do-municipio-de-oliveira-dos-brejinhos\/\" \/>\n<meta property=\"og:locale\" content=\"pt_BR\" \/>\n<meta property=\"og:type\" content=\"article\" \/>\n<meta property=\"og:title\" content=\"GOVERNO DO ESTADO DESTINA TR\u00caS VE\u00cdCULOS PARA A SA\u00daDE DO MUNIC\u00cdPIO DE OLIVEIRA DOS BREJINHOS - Bahia Economica\" \/>\n<meta property=\"og:description\" content=\"O maior portal de Economia da Bahia DESTAQUE DO DIA, MUNIC\u00cdPIOS Bahia Economica Durante encontro com representantes da Prefeitura de Oliveira dos Brejinhos,\" \/>\n<meta property=\"og:url\" content=\"https:\/\/bahiaeconomica.com.br\/wp\/2025\/07\/08\/governo-do-estado-destina-tres-veiculos-para-a-saude-do-municipio-de-oliveira-dos-brejinhos\/\" \/>\n<meta property=\"og:site_name\" content=\"Bahia Economica\" \/>\n<meta property=\"article:publisher\" content=\"https:\/\/www.facebook.com\/bahiaeconomica\" \/>\n<meta property=\"article:published_time\" content=\"2025-07-08T19:58:30+00:00\" \/>\n<meta property=\"article:modified_time\" content=\"2025-07-08T19:18:06+00:00\" \/>\n<meta property=\"og:image\" content=\"https:\/\/bahiaeconomica.com.br\/wp\/wp-content\/uploads\/2025\/07\/Foto-Joa-SouzaGOVBA-19.jpeg\" \/>\n\t<meta property=\"og:image:width\" content=\"1600\" \/>\n\t<meta property=\"og:image:height\" content=\"1066\" \/>\n\t<meta property=\"og:image:type\" content=\"image\/jpeg\" \/>\n<meta name=\"author\" content=\"VICTORIA ISABEL\" \/>\n<meta name=\"twitter:card\" content=\"summary_large_image\" \/>\n<meta name=\"twitter:label1\" content=\"Escrito por\" \/>\n\t<meta name=\"twitter:data1\" content=\"VICTORIA ISABEL\" \/>\n\t<meta name=\"twitter:label2\" content=\"Est. tempo de leitura\" \/>\n\t<meta name=\"twitter:data2\" content=\"2 minutos\" \/>\n<script type=\"application\/ld+json\" class=\"yoast-schema-graph\">{\"@context\":\"https:\/\/schema.org\",\"@graph\":[{\"@type\":\"Article\",\"@id\":\"https:\/\/bahiaeconomica.com.br\/wp\/2025\/07\/08\/governo-do-estado-destina-tres-veiculos-para-a-saude-do-municipio-de-oliveira-dos-brejinhos\/#article\",\"isPartOf\":{\"@id\":\"https:\/\/bahiaeconomica.com.br\/wp\/2025\/07\/08\/governo-do-estado-destina-tres-veiculos-para-a-saude-do-municipio-de-oliveira-dos-brejinhos\/\"},\"author\":{\"name\":\"VICTORIA ISABEL\",\"@id\":\"https:\/\/bahiaeconomica.com.br\/wp\/#\/schema\/person\/b719ce0fb1c09f3c7a00d9243ced4a6f\"},\"headline\":\"GOVERNO DO ESTADO DESTINA TR\u00caS VE\u00cdCULOS PARA A SA\u00daDE DO MUNIC\u00cdPIO DE OLIVEIRA DOS BREJINHOS\",\"datePublished\":\"2025-07-08T19:58:30+00:00\",\"dateModified\":\"2025-07-08T19:18:06+00:00\",\"mainEntityOfPage\":{\"@id\":\"https:\/\/bahiaeconomica.com.br\/wp\/2025\/07\/08\/governo-do-estado-destina-tres-veiculos-para-a-saude-do-municipio-de-oliveira-dos-brejinhos\/\"},\"wordCount\":396,\"publisher\":{\"@id\":\"https:\/\/bahiaeconomica.com.br\/wp\/#organization\"},\"keywords\":[\"jer\u00f4nimo rodrigues\",\"Oliveira dos Brejinhos\"],\"articleSection\":[\"DESTAQUE DO DIA\",\"MUNIC\u00cdPIOS\"],\"inLanguage\":\"pt-BR\"},{\"@type\":\"WebPage\",\"@id\":\"https:\/\/bahiaeconomica.com.br\/wp\/2025\/07\/08\/governo-do-estado-destina-tres-veiculos-para-a-saude-do-municipio-de-oliveira-dos-brejinhos\/\",\"url\":\"https:\/\/bahiaeconomica.com.br\/wp\/2025\/07\/08\/governo-do-estado-destina-tres-veiculos-para-a-saude-do-municipio-de-oliveira-dos-brejinhos\/\",\"name\":\"GOVERNO DO ESTADO DESTINA TR\u00caS VE\u00cdCULOS PARA A SA\u00daDE DO MUNIC\u00cdPIO DE OLIVEIRA DOS BREJINHOS - Bahia Economica\",\"isPartOf\":{\"@id\":\"https:\/\/bahiaeconomica.com.br\/wp\/#website\"},\"datePublished\":\"2025-07-08T19:58:30+00:00\",\"dateModified\":\"2025-07-08T19:18:06+00:00\",\"description\":\"O maior portal de Economia da Bahia DESTAQUE DO DIA, MUNIC\u00cdPIOS Bahia Economica Durante encontro com representantes da Prefeitura de Oliveira dos Brejinhos,\",\"breadcrumb\":{\"@id\":\"https:\/\/bahiaeconomica.com.br\/wp\/2025\/07\/08\/governo-do-estado-destina-tres-veiculos-para-a-saude-do-municipio-de-oliveira-dos-brejinhos\/#breadcrumb\"},\"inLanguage\":\"pt-BR\",\"potentialAction\":[{\"@type\":\"ReadAction\",\"target\":[\"https:\/\/bahiaeconomica.com.br\/wp\/2025\/07\/08\/governo-do-estado-destina-tres-veiculos-para-a-saude-do-municipio-de-oliveira-dos-brejinhos\/\"]}]},{\"@type\":\"BreadcrumbList\",\"@id\":\"https:\/\/bahiaeconomica.com.br\/wp\/2025\/07\/08\/governo-do-estado-destina-tres-veiculos-para-a-saude-do-municipio-de-oliveira-dos-brejinhos\/#breadcrumb\",\"itemListElement\":[{\"@type\":\"ListItem\",\"position\":1,\"name\":\"In\u00edcio\",\"item\":\"https:\/\/bahiaeconomica.com.br\/wp\/\"},{\"@type\":\"ListItem\",\"position\":2,\"name\":\"GOVERNO DO ESTADO DESTINA TR\u00caS VE\u00cdCULOS PARA A SA\u00daDE DO MUNIC\u00cdPIO DE OLIVEIRA DOS BREJINHOS\"}]},{\"@type\":\"WebSite\",\"@id\":\"https:\/\/bahiaeconomica.com.br\/wp\/#website\",\"url\":\"https:\/\/bahiaeconomica.com.br\/wp\/\",\"name\":\"Bahia Economica\",\"description\":\"O maior portal de Economia da Bahia\",\"publisher\":{\"@id\":\"https:\/\/bahiaeconomica.com.br\/wp\/#organization\"},\"potentialAction\":[{\"@type\":\"SearchAction\",\"target\":{\"@type\":\"EntryPoint\",\"urlTemplate\":\"https:\/\/bahiaeconomica.com.br\/wp\/?s={search_term_string}\"},\"query-input\":\"required name=search_term_string\"}],\"inLanguage\":\"pt-BR\"},{\"@type\":\"Organization\",\"@id\":\"https:\/\/bahiaeconomica.com.br\/wp\/#organization\",\"name\":\"Bahia Econ\u00f4mica\",\"url\":\"https:\/\/bahiaeconomica.com.br\/wp\/\",\"logo\":{\"@type\":\"ImageObject\",\"inLanguage\":\"pt-BR\",\"@id\":\"https:\/\/bahiaeconomica.com.br\/wp\/#\/schema\/logo\/image\/\",\"url\":\"https:\/\/bahiaeconomica.com.br\/wp\/wp-content\/uploads\/2020\/12\/cropped-BE.png\",\"contentUrl\":\"https:\/\/bahiaeconomica.com.br\/wp\/wp-content\/uploads\/2020\/12\/cropped-BE.png\",\"width\":512,\"height\":512,\"caption\":\"Bahia Econ\u00f4mica\"},\"image\":{\"@id\":\"https:\/\/bahiaeconomica.com.br\/wp\/#\/schema\/logo\/image\/\"},\"sameAs\":[\"https:\/\/www.facebook.com\/bahiaeconomica\"]},{\"@type\":\"Person\",\"@id\":\"https:\/\/bahiaeconomica.com.br\/wp\/#\/schema\/person\/b719ce0fb1c09f3c7a00d9243ced4a6f\",\"name\":\"VICTORIA ISABEL\",\"sameAs\":[\"http:\/\/www.bahiaeconomica.com.br\"],\"url\":\"https:\/\/bahiaeconomica.com.br\/wp\/author\/victoria-isabel\/\"}]}<\/script>\n<!-- \/ Yoast SEO plugin. -->","yoast_head_json":{"title":"GOVERNO DO ESTADO DESTINA TR\u00caS VE\u00cdCULOS PARA A SA\u00daDE DO MUNIC\u00cdPIO DE OLIVEIRA DOS BREJINHOS - Bahia Economica","description":"O maior portal de Economia da Bahia DESTAQUE DO DIA, MUNIC\u00cdPIOS Bahia Economica Durante encontro com representantes da Prefeitura de Oliveira dos Brejinhos,","robots":{"index":"index","follow":"follow","max-snippet":"max-snippet:-1","max-image-preview":"max-image-preview:large","max-video-preview":"max-video-preview:-1"},"canonical":"https:\/\/bahiaeconomica.com.br\/wp\/2025\/07\/08\/governo-do-estado-destina-tres-veiculos-para-a-saude-do-municipio-de-oliveira-dos-brejinhos\/","og_locale":"pt_BR","og_type":"article","og_title":"GOVERNO DO ESTADO DESTINA TR\u00caS VE\u00cdCULOS PARA A SA\u00daDE DO MUNIC\u00cdPIO DE OLIVEIRA DOS BREJINHOS - Bahia Economica","og_description":"O maior portal de Economia da Bahia DESTAQUE DO DIA, MUNIC\u00cdPIOS Bahia Economica Durante encontro com representantes da Prefeitura de Oliveira dos Brejinhos,","og_url":"https:\/\/bahiaeconomica.com.br\/wp\/2025\/07\/08\/governo-do-estado-destina-tres-veiculos-para-a-saude-do-municipio-de-oliveira-dos-brejinhos\/","og_site_name":"Bahia Economica","article_publisher":"https:\/\/www.facebook.com\/bahiaeconomica","article_published_time":"2025-07-08T19:58:30+00:00","article_modified_time":"2025-07-08T19:18:06+00:00","og_image":[{"width":1600,"height":1066,"url":"https:\/\/bahiaeconomica.com.br\/wp\/wp-content\/uploads\/2025\/07\/Foto-Joa-SouzaGOVBA-19.jpeg","type":"image\/jpeg"}],"author":"VICTORIA ISABEL","twitter_card":"summary_large_image","twitter_misc":{"Escrito por":"VICTORIA ISABEL","Est. tempo de leitura":"2 minutos"},"schema":{"@context":"https:\/\/schema.org","@graph":[{"@type":"Article","@id":"https:\/\/bahiaeconomica.com.br\/wp\/2025\/07\/08\/governo-do-estado-destina-tres-veiculos-para-a-saude-do-municipio-de-oliveira-dos-brejinhos\/#article","isPartOf":{"@id":"https:\/\/bahiaeconomica.com.br\/wp\/2025\/07\/08\/governo-do-estado-destina-tres-veiculos-para-a-saude-do-municipio-de-oliveira-dos-brejinhos\/"},"author":{"name":"VICTORIA ISABEL","@id":"https:\/\/bahiaeconomica.com.br\/wp\/#\/schema\/person\/b719ce0fb1c09f3c7a00d9243ced4a6f"},"headline":"GOVERNO DO ESTADO DESTINA TR\u00caS VE\u00cdCULOS PARA A SA\u00daDE DO MUNIC\u00cdPIO DE OLIVEIRA DOS BREJINHOS","datePublished":"2025-07-08T19:58:30+00:00","dateModified":"2025-07-08T19:18:06+00:00","mainEntityOfPage":{"@id":"https:\/\/bahiaeconomica.com.br\/wp\/2025\/07\/08\/governo-do-estado-destina-tres-veiculos-para-a-saude-do-municipio-de-oliveira-dos-brejinhos\/"},"wordCount":396,"publisher":{"@id":"https:\/\/bahiaeconomica.com.br\/wp\/#organization"},"keywords":["jer\u00f4nimo rodrigues","Oliveira dos Brejinhos"],"articleSection":["DESTAQUE DO DIA","MUNIC\u00cdPIOS"],"inLanguage":"pt-BR"},{"@type":"WebPage","@id":"https:\/\/bahiaeconomica.com.br\/wp\/2025\/07\/08\/governo-do-estado-destina-tres-veiculos-para-a-saude-do-municipio-de-oliveira-dos-brejinhos\/","url":"https:\/\/bahiaeconomica.com.br\/wp\/2025\/07\/08\/governo-do-estado-destina-tres-veiculos-para-a-saude-do-municipio-de-oliveira-dos-brejinhos\/","name":"GOVERNO DO ESTADO DESTINA TR\u00caS VE\u00cdCULOS PARA A SA\u00daDE DO MUNIC\u00cdPIO DE OLIVEIRA DOS BREJINHOS - Bahia Economica","isPartOf":{"@id":"https:\/\/bahiaeconomica.com.br\/wp\/#website"},"datePublished":"2025-07-08T19:58:30+00:00","dateModified":"2025-07-08T19:18:06+00:00","description":"O maior portal de Economia da Bahia DESTAQUE DO DIA, MUNIC\u00cdPIOS Bahia Economica Durante encontro com representantes da Prefeitura de Oliveira dos Brejinhos,","breadcrumb":{"@id":"https:\/\/bahiaeconomica.com.br\/wp\/2025\/07\/08\/governo-do-estado-destina-tres-veiculos-para-a-saude-do-municipio-de-oliveira-dos-brejinhos\/#breadcrumb"},"inLanguage":"pt-BR","potentialAction":[{"@type":"ReadAction","target":["https:\/\/bahiaeconomica.com.br\/wp\/2025\/07\/08\/governo-do-estado-destina-tres-veiculos-para-a-saude-do-municipio-de-oliveira-dos-brejinhos\/"]}]},{"@type":"BreadcrumbList","@id":"https:\/\/bahiaeconomica.com.br\/wp\/2025\/07\/08\/governo-do-estado-destina-tres-veiculos-para-a-saude-do-municipio-de-oliveira-dos-brejinhos\/#breadcrumb","itemListElement":[{"@type":"ListItem","position":1,"name":"In\u00edcio","item":"https:\/\/bahiaeconomica.com.br\/wp\/"},{"@type":"ListItem","position":2,"name":"GOVERNO DO ESTADO DESTINA TR\u00caS VE\u00cdCULOS PARA A SA\u00daDE DO MUNIC\u00cdPIO DE OLIVEIRA DOS BREJINHOS"}]},{"@type":"WebSite","@id":"https:\/\/bahiaeconomica.com.br\/wp\/#website","url":"https:\/\/bahiaeconomica.com.br\/wp\/","name":"Bahia Economica","description":"O maior portal de Economia da Bahia","publisher":{"@id":"https:\/\/bahiaeconomica.com.br\/wp\/#organization"},"potentialAction":[{"@type":"SearchAction","target":{"@type":"EntryPoint","urlTemplate":"https:\/\/bahiaeconomica.com.br\/wp\/?s={search_term_string}"},"query-input":"required name=search_term_string"}],"inLanguage":"pt-BR"},{"@type":"Organization","@id":"https:\/\/bahiaeconomica.com.br\/wp\/#organization","name":"Bahia Econ\u00f4mica","url":"https:\/\/bahiaeconomica.com.br\/wp\/","logo":{"@type":"ImageObject","inLanguage":"pt-BR","@id":"https:\/\/bahiaeconomica.com.br\/wp\/#\/schema\/logo\/image\/","url":"https:\/\/bahiaeconomica.com.br\/wp\/wp-content\/uploads\/2020\/12\/cropped-BE.png","contentUrl":"https:\/\/bahiaeconomica.com.br\/wp\/wp-content\/uploads\/2020\/12\/cropped-BE.png","width":512,"height":512,"caption":"Bahia Econ\u00f4mica"},"image":{"@id":"https:\/\/bahiaeconomica.com.br\/wp\/#\/schema\/logo\/image\/"},"sameAs":["https:\/\/www.facebook.com\/bahiaeconomica"]},{"@type":"Person","@id":"https:\/\/bahiaeconomica.com.br\/wp\/#\/schema\/person\/b719ce0fb1c09f3c7a00d9243ced4a6f","name":"VICTORIA ISABEL","sameAs":["http:\/\/www.bahiaeconomica.com.br"],"url":"https:\/\/bahiaeconomica.com.br\/wp\/author\/victoria-isabel\/"}]}},"views":11,"_links":{"self":[{"href":"https:\/\/bahiaeconomica.com.br\/wp\/wp-json\/wp\/v2\/posts\/916638"}],"collection":[{"href":"https:\/\/bahiaeconomica.com.br\/wp\/wp-json\/wp\/v2\/posts"}],"about":[{"href":"https:\/\/bahiaeconomica.com.br\/wp\/wp-json\/wp\/v2\/types\/post"}],"author":[{"embeddable":true,"href":"https:\/\/bahiaeconomica.com.br\/wp\/wp-json\/wp\/v2\/users\/15"}],"replies":[{"embeddable":true,"href":"https:\/\/bahiaeconomica.com.br\/wp\/wp-json\/wp\/v2\/comments?post=916638"}],"version-history":[{"count":1,"href":"https:\/\/bahiaeconomica.com.br\/wp\/wp-json\/wp\/v2\/posts\/916638\/revisions"}],"predecessor-version":[{"id":916642,"href":"https:\/\/bahiaeconomica.com.br\/wp\/wp-json\/wp\/v2\/posts\/916638\/revisions\/916642"}],"wp:featuredmedia":[{"embeddable":true,"href":"https:\/\/bahiaeconomica.com.br\/wp\/wp-json\/wp\/v2\/media\/916641"}],"wp:attachment":[{"href":"https:\/\/bahiaeconomica.com.br\/wp\/wp-json\/wp\/v2\/media?parent=916638"}],"wp:term":[{"taxonomy":"category","embeddable":true,"href":"https:\/\/bahiaeconomica.com.br\/wp\/wp-json\/wp\/v2\/categories?post=916638"},{"taxonomy":"post_tag","embeddable":true,"href":"https:\/\/bahiaeconomica.com.br\/wp\/wp-json\/wp\/v2\/tags?post=916638"}],"curies":[{"name":"wp","href":"https:\/\/api.w.org\/{rel}","templated":true}]}}