{"id":916537,"date":"2025-07-08T11:00:02","date_gmt":"2025-07-08T14:00:02","guid":{"rendered":"https:\/\/bahiaeconomica.com.br\/wp\/?p=916537"},"modified":"2025-07-08T10:07:42","modified_gmt":"2025-07-08T13:07:42","slug":"atlasintel-aprovacao-de-lula-cresce-com-discurso-sobre-taxacao-de-super-ricos","status":"publish","type":"post","link":"https:\/\/bahiaeconomica.com.br\/wp\/2025\/07\/08\/atlasintel-aprovacao-de-lula-cresce-com-discurso-sobre-taxacao-de-super-ricos\/","title":{"rendered":"ATLASINTEL: APROVA\u00c7\u00c3O DE LULA CRESCE COM DISCURSO SOBRE TAXA\u00c7\u00c3O DE SUPER-RICOS"},"content":{"rendered":"<p>A campanha do governo federal em favor da taxa\u00e7\u00e3o dos super-ricos, apresentada como uma medida de justi\u00e7a tribut\u00e1ria, tem contribu\u00eddo para melhorar a imagem do presidente Luiz In\u00e1cio Lula da Silva (PT). \u00c9 o que indica a mais recente edi\u00e7\u00e3o da pesquisa Latam Pulse, realizada pela AtlasIntel em parceria com a Bloomberg e divulgada nesta ter\u00e7a-feira (8).<\/p>\n<p>Segundo o levantamento, a aprova\u00e7\u00e3o do governo Lula subiu 2,1 pontos percentuais em junho, alcan\u00e7ando o maior \u00edndice do ano na s\u00e9rie hist\u00f3rica. Atualmente, 47,3% dos entrevistados aprovam a gest\u00e3o. Outros 0,9% afirmaram n\u00e3o saber responder.<\/p>\n<p>A desaprova\u00e7\u00e3o ao terceiro mandato de Lula tamb\u00e9m apresentou queda. Apesar de ainda ser maior que o \u00edndice de aprova\u00e7\u00e3o, houve recuo de 53,7% para 51,8% em compara\u00e7\u00e3o com o m\u00eas anterior.<\/p>\n<p>A avalia\u00e7\u00e3o negativa do governo \u2014 que considera a gest\u00e3o \u201cruim\u201d ou \u201cp\u00e9ssima\u201d \u2014 tamb\u00e9m caiu: passou de 52,1% para 51,2%. J\u00e1 o percentual de pessoas que classificam a administra\u00e7\u00e3o como \u201c\u00f3tima\u201d ou \u201cboa\u201d ficou em 41,6%, n\u00famero praticamente est\u00e1vel. Aqueles que veem o governo como \u201cregular\u201d aumentaram de 6% para 7,2%.<\/p>\n<p>A pesquisa ouviu 2.621 brasileiros entre os dias 27 e 30 de junho de 2025, por meio de recrutamento digital aleat\u00f3rio via internet. A margem de erro \u00e9 de dois pontos percentuais, para mais ou para menos, com n\u00edvel de confian\u00e7a de 95%.<\/p>\n<p>Foto: Ricardo Stuckert\/PR<\/p>\n","protected":false},"excerpt":{"rendered":"<p>A campanha do governo federal em favor da taxa\u00e7\u00e3o dos super-ricos, apresentada como uma medida de justi\u00e7a tribut\u00e1ria, tem contribu\u00eddo para melhorar a imagem do presidente Luiz In\u00e1cio Lula da Silva (PT). \u00c9 o que indica a mais recente edi\u00e7\u00e3o da pesquisa Latam Pulse, realizada pela AtlasIntel em parceria com a Bloomberg e divulgada nesta [&hellip;]<\/p>\n","protected":false},"author":20,"featured_media":916543,"comment_status":"closed","ping_status":"closed","sticky":false,"template":"","format":"standard","meta":[],"categories":[14,14601],"tags":[2033,9603,182,8337,16650],"acf":[],"yoast_head":"<!-- This site is optimized with the Yoast SEO plugin v20.8 - https:\/\/yoast.com\/wordpress\/plugins\/seo\/ -->\n<title>ATLASINTEL: APROVA\u00c7\u00c3O DE LULA CRESCE COM DISCURSO SOBRE TAXA\u00c7\u00c3O DE SUPER-RICOS - Bahia Economica<\/title>\n<meta name=\"description\" content=\"O maior portal de Economia da Bahia DESTAQUE DO DIA, Pol\u00edtica Bahia Economica aprova\u00e7\u00e3o do governo Lula subiu 2,1 pontos percentuais em junho\" \/>\n<meta name=\"robots\" content=\"index, follow, max-snippet:-1, max-image-preview:large, max-video-preview:-1\" \/>\n<link rel=\"canonical\" href=\"https:\/\/bahiaeconomica.com.br\/wp\/2025\/07\/08\/atlasintel-aprovacao-de-lula-cresce-com-discurso-sobre-taxacao-de-super-ricos\/\" \/>\n<meta property=\"og:locale\" content=\"pt_BR\" \/>\n<meta property=\"og:type\" content=\"article\" \/>\n<meta property=\"og:title\" content=\"ATLASINTEL: APROVA\u00c7\u00c3O DE LULA CRESCE COM DISCURSO SOBRE TAXA\u00c7\u00c3O DE SUPER-RICOS - Bahia Economica\" \/>\n<meta property=\"og:description\" content=\"O maior portal de Economia da Bahia DESTAQUE DO DIA, Pol\u00edtica Bahia Economica aprova\u00e7\u00e3o do governo Lula subiu 2,1 pontos percentuais em junho\" \/>\n<meta property=\"og:url\" content=\"https:\/\/bahiaeconomica.com.br\/wp\/2025\/07\/08\/atlasintel-aprovacao-de-lula-cresce-com-discurso-sobre-taxacao-de-super-ricos\/\" \/>\n<meta property=\"og:site_name\" content=\"Bahia Economica\" \/>\n<meta property=\"article:publisher\" content=\"https:\/\/www.facebook.com\/bahiaeconomica\" \/>\n<meta property=\"article:published_time\" content=\"2025-07-08T14:00:02+00:00\" \/>\n<meta property=\"article:modified_time\" content=\"2025-07-08T13:07:42+00:00\" \/>\n<meta property=\"og:image\" content=\"https:\/\/bahiaeconomica.com.br\/wp\/wp-content\/uploads\/2025\/07\/portaldoholanda-lula-chegada-europa-ricardostuckert-1341459.jpeg\" \/>\n\t<meta property=\"og:image:width\" content=\"750\" \/>\n\t<meta property=\"og:image:height\" content=\"500\" \/>\n\t<meta property=\"og:image:type\" content=\"image\/jpeg\" \/>\n<meta name=\"author\" content=\"BRUNA CARVALHO\" \/>\n<meta name=\"twitter:card\" content=\"summary_large_image\" \/>\n<meta name=\"twitter:label1\" content=\"Escrito por\" \/>\n\t<meta name=\"twitter:data1\" content=\"BRUNA CARVALHO\" \/>\n\t<meta name=\"twitter:label2\" content=\"Est. tempo de leitura\" \/>\n\t<meta name=\"twitter:data2\" content=\"2 minutos\" \/>\n<script type=\"application\/ld+json\" class=\"yoast-schema-graph\">{\"@context\":\"https:\/\/schema.org\",\"@graph\":[{\"@type\":\"Article\",\"@id\":\"https:\/\/bahiaeconomica.com.br\/wp\/2025\/07\/08\/atlasintel-aprovacao-de-lula-cresce-com-discurso-sobre-taxacao-de-super-ricos\/#article\",\"isPartOf\":{\"@id\":\"https:\/\/bahiaeconomica.com.br\/wp\/2025\/07\/08\/atlasintel-aprovacao-de-lula-cresce-com-discurso-sobre-taxacao-de-super-ricos\/\"},\"author\":{\"name\":\"BRUNA CARVALHO\",\"@id\":\"https:\/\/bahiaeconomica.com.br\/wp\/#\/schema\/person\/9310b0e591f5979f6f99773eac5804e6\"},\"headline\":\"ATLASINTEL: APROVA\u00c7\u00c3O DE LULA CRESCE COM DISCURSO SOBRE TAXA\u00c7\u00c3O DE SUPER-RICOS\",\"datePublished\":\"2025-07-08T14:00:02+00:00\",\"dateModified\":\"2025-07-08T13:07:42+00:00\",\"mainEntityOfPage\":{\"@id\":\"https:\/\/bahiaeconomica.com.br\/wp\/2025\/07\/08\/atlasintel-aprovacao-de-lula-cresce-com-discurso-sobre-taxacao-de-super-ricos\/\"},\"wordCount\":245,\"publisher\":{\"@id\":\"https:\/\/bahiaeconomica.com.br\/wp\/#organization\"},\"keywords\":[\"aprova\u00e7\u00e3o\",\"ATLAS INTEL\",\"Lula\",\"super-ricos\",\"taxa\u00e7\u00e3o\"],\"articleSection\":[\"DESTAQUE DO DIA\",\"Pol\u00edtica\"],\"inLanguage\":\"pt-BR\"},{\"@type\":\"WebPage\",\"@id\":\"https:\/\/bahiaeconomica.com.br\/wp\/2025\/07\/08\/atlasintel-aprovacao-de-lula-cresce-com-discurso-sobre-taxacao-de-super-ricos\/\",\"url\":\"https:\/\/bahiaeconomica.com.br\/wp\/2025\/07\/08\/atlasintel-aprovacao-de-lula-cresce-com-discurso-sobre-taxacao-de-super-ricos\/\",\"name\":\"ATLASINTEL: APROVA\u00c7\u00c3O DE LULA CRESCE COM DISCURSO SOBRE TAXA\u00c7\u00c3O DE SUPER-RICOS - Bahia Economica\",\"isPartOf\":{\"@id\":\"https:\/\/bahiaeconomica.com.br\/wp\/#website\"},\"datePublished\":\"2025-07-08T14:00:02+00:00\",\"dateModified\":\"2025-07-08T13:07:42+00:00\",\"description\":\"O maior portal de Economia da Bahia DESTAQUE DO DIA, Pol\u00edtica Bahia Economica aprova\u00e7\u00e3o do governo Lula subiu 2,1 pontos percentuais em junho\",\"breadcrumb\":{\"@id\":\"https:\/\/bahiaeconomica.com.br\/wp\/2025\/07\/08\/atlasintel-aprovacao-de-lula-cresce-com-discurso-sobre-taxacao-de-super-ricos\/#breadcrumb\"},\"inLanguage\":\"pt-BR\",\"potentialAction\":[{\"@type\":\"ReadAction\",\"target\":[\"https:\/\/bahiaeconomica.com.br\/wp\/2025\/07\/08\/atlasintel-aprovacao-de-lula-cresce-com-discurso-sobre-taxacao-de-super-ricos\/\"]}]},{\"@type\":\"BreadcrumbList\",\"@id\":\"https:\/\/bahiaeconomica.com.br\/wp\/2025\/07\/08\/atlasintel-aprovacao-de-lula-cresce-com-discurso-sobre-taxacao-de-super-ricos\/#breadcrumb\",\"itemListElement\":[{\"@type\":\"ListItem\",\"position\":1,\"name\":\"In\u00edcio\",\"item\":\"https:\/\/bahiaeconomica.com.br\/wp\/\"},{\"@type\":\"ListItem\",\"position\":2,\"name\":\"ATLASINTEL: APROVA\u00c7\u00c3O DE LULA CRESCE COM DISCURSO SOBRE TAXA\u00c7\u00c3O DE SUPER-RICOS\"}]},{\"@type\":\"WebSite\",\"@id\":\"https:\/\/bahiaeconomica.com.br\/wp\/#website\",\"url\":\"https:\/\/bahiaeconomica.com.br\/wp\/\",\"name\":\"Bahia Economica\",\"description\":\"O maior portal de Economia da Bahia\",\"publisher\":{\"@id\":\"https:\/\/bahiaeconomica.com.br\/wp\/#organization\"},\"potentialAction\":[{\"@type\":\"SearchAction\",\"target\":{\"@type\":\"EntryPoint\",\"urlTemplate\":\"https:\/\/bahiaeconomica.com.br\/wp\/?s={search_term_string}\"},\"query-input\":\"required name=search_term_string\"}],\"inLanguage\":\"pt-BR\"},{\"@type\":\"Organization\",\"@id\":\"https:\/\/bahiaeconomica.com.br\/wp\/#organization\",\"name\":\"Bahia Econ\u00f4mica\",\"url\":\"https:\/\/bahiaeconomica.com.br\/wp\/\",\"logo\":{\"@type\":\"ImageObject\",\"inLanguage\":\"pt-BR\",\"@id\":\"https:\/\/bahiaeconomica.com.br\/wp\/#\/schema\/logo\/image\/\",\"url\":\"https:\/\/bahiaeconomica.com.br\/wp\/wp-content\/uploads\/2020\/12\/cropped-BE.png\",\"contentUrl\":\"https:\/\/bahiaeconomica.com.br\/wp\/wp-content\/uploads\/2020\/12\/cropped-BE.png\",\"width\":512,\"height\":512,\"caption\":\"Bahia Econ\u00f4mica\"},\"image\":{\"@id\":\"https:\/\/bahiaeconomica.com.br\/wp\/#\/schema\/logo\/image\/\"},\"sameAs\":[\"https:\/\/www.facebook.com\/bahiaeconomica\"]},{\"@type\":\"Person\",\"@id\":\"https:\/\/bahiaeconomica.com.br\/wp\/#\/schema\/person\/9310b0e591f5979f6f99773eac5804e6\",\"name\":\"BRUNA CARVALHO\",\"sameAs\":[\"http:\/\/www.bahiaeconomica.com.br\"],\"url\":\"https:\/\/bahiaeconomica.com.br\/wp\/author\/bruna\/\"}]}<\/script>\n<!-- \/ Yoast SEO plugin. -->","yoast_head_json":{"title":"ATLASINTEL: APROVA\u00c7\u00c3O DE LULA CRESCE COM DISCURSO SOBRE TAXA\u00c7\u00c3O DE SUPER-RICOS - Bahia Economica","description":"O maior portal de Economia da Bahia DESTAQUE DO DIA, Pol\u00edtica Bahia Economica aprova\u00e7\u00e3o do governo Lula subiu 2,1 pontos percentuais em junho","robots":{"index":"index","follow":"follow","max-snippet":"max-snippet:-1","max-image-preview":"max-image-preview:large","max-video-preview":"max-video-preview:-1"},"canonical":"https:\/\/bahiaeconomica.com.br\/wp\/2025\/07\/08\/atlasintel-aprovacao-de-lula-cresce-com-discurso-sobre-taxacao-de-super-ricos\/","og_locale":"pt_BR","og_type":"article","og_title":"ATLASINTEL: APROVA\u00c7\u00c3O DE LULA CRESCE COM DISCURSO SOBRE TAXA\u00c7\u00c3O DE SUPER-RICOS - Bahia Economica","og_description":"O maior portal de Economia da Bahia DESTAQUE DO DIA, Pol\u00edtica Bahia Economica aprova\u00e7\u00e3o do governo Lula subiu 2,1 pontos percentuais em junho","og_url":"https:\/\/bahiaeconomica.com.br\/wp\/2025\/07\/08\/atlasintel-aprovacao-de-lula-cresce-com-discurso-sobre-taxacao-de-super-ricos\/","og_site_name":"Bahia Economica","article_publisher":"https:\/\/www.facebook.com\/bahiaeconomica","article_published_time":"2025-07-08T14:00:02+00:00","article_modified_time":"2025-07-08T13:07:42+00:00","og_image":[{"width":750,"height":500,"url":"https:\/\/bahiaeconomica.com.br\/wp\/wp-content\/uploads\/2025\/07\/portaldoholanda-lula-chegada-europa-ricardostuckert-1341459.jpeg","type":"image\/jpeg"}],"author":"BRUNA CARVALHO","twitter_card":"summary_large_image","twitter_misc":{"Escrito por":"BRUNA CARVALHO","Est. tempo de leitura":"2 minutos"},"schema":{"@context":"https:\/\/schema.org","@graph":[{"@type":"Article","@id":"https:\/\/bahiaeconomica.com.br\/wp\/2025\/07\/08\/atlasintel-aprovacao-de-lula-cresce-com-discurso-sobre-taxacao-de-super-ricos\/#article","isPartOf":{"@id":"https:\/\/bahiaeconomica.com.br\/wp\/2025\/07\/08\/atlasintel-aprovacao-de-lula-cresce-com-discurso-sobre-taxacao-de-super-ricos\/"},"author":{"name":"BRUNA CARVALHO","@id":"https:\/\/bahiaeconomica.com.br\/wp\/#\/schema\/person\/9310b0e591f5979f6f99773eac5804e6"},"headline":"ATLASINTEL: APROVA\u00c7\u00c3O DE LULA CRESCE COM DISCURSO SOBRE TAXA\u00c7\u00c3O DE SUPER-RICOS","datePublished":"2025-07-08T14:00:02+00:00","dateModified":"2025-07-08T13:07:42+00:00","mainEntityOfPage":{"@id":"https:\/\/bahiaeconomica.com.br\/wp\/2025\/07\/08\/atlasintel-aprovacao-de-lula-cresce-com-discurso-sobre-taxacao-de-super-ricos\/"},"wordCount":245,"publisher":{"@id":"https:\/\/bahiaeconomica.com.br\/wp\/#organization"},"keywords":["aprova\u00e7\u00e3o","ATLAS INTEL","Lula","super-ricos","taxa\u00e7\u00e3o"],"articleSection":["DESTAQUE DO DIA","Pol\u00edtica"],"inLanguage":"pt-BR"},{"@type":"WebPage","@id":"https:\/\/bahiaeconomica.com.br\/wp\/2025\/07\/08\/atlasintel-aprovacao-de-lula-cresce-com-discurso-sobre-taxacao-de-super-ricos\/","url":"https:\/\/bahiaeconomica.com.br\/wp\/2025\/07\/08\/atlasintel-aprovacao-de-lula-cresce-com-discurso-sobre-taxacao-de-super-ricos\/","name":"ATLASINTEL: APROVA\u00c7\u00c3O DE LULA CRESCE COM DISCURSO SOBRE TAXA\u00c7\u00c3O DE SUPER-RICOS - Bahia Economica","isPartOf":{"@id":"https:\/\/bahiaeconomica.com.br\/wp\/#website"},"datePublished":"2025-07-08T14:00:02+00:00","dateModified":"2025-07-08T13:07:42+00:00","description":"O maior portal de Economia da Bahia DESTAQUE DO DIA, Pol\u00edtica Bahia Economica aprova\u00e7\u00e3o do governo Lula subiu 2,1 pontos percentuais em junho","breadcrumb":{"@id":"https:\/\/bahiaeconomica.com.br\/wp\/2025\/07\/08\/atlasintel-aprovacao-de-lula-cresce-com-discurso-sobre-taxacao-de-super-ricos\/#breadcrumb"},"inLanguage":"pt-BR","potentialAction":[{"@type":"ReadAction","target":["https:\/\/bahiaeconomica.com.br\/wp\/2025\/07\/08\/atlasintel-aprovacao-de-lula-cresce-com-discurso-sobre-taxacao-de-super-ricos\/"]}]},{"@type":"BreadcrumbList","@id":"https:\/\/bahiaeconomica.com.br\/wp\/2025\/07\/08\/atlasintel-aprovacao-de-lula-cresce-com-discurso-sobre-taxacao-de-super-ricos\/#breadcrumb","itemListElement":[{"@type":"ListItem","position":1,"name":"In\u00edcio","item":"https:\/\/bahiaeconomica.com.br\/wp\/"},{"@type":"ListItem","position":2,"name":"ATLASINTEL: APROVA\u00c7\u00c3O DE LULA CRESCE COM DISCURSO SOBRE TAXA\u00c7\u00c3O DE SUPER-RICOS"}]},{"@type":"WebSite","@id":"https:\/\/bahiaeconomica.com.br\/wp\/#website","url":"https:\/\/bahiaeconomica.com.br\/wp\/","name":"Bahia Economica","description":"O maior portal de Economia da Bahia","publisher":{"@id":"https:\/\/bahiaeconomica.com.br\/wp\/#organization"},"potentialAction":[{"@type":"SearchAction","target":{"@type":"EntryPoint","urlTemplate":"https:\/\/bahiaeconomica.com.br\/wp\/?s={search_term_string}"},"query-input":"required name=search_term_string"}],"inLanguage":"pt-BR"},{"@type":"Organization","@id":"https:\/\/bahiaeconomica.com.br\/wp\/#organization","name":"Bahia Econ\u00f4mica","url":"https:\/\/bahiaeconomica.com.br\/wp\/","logo":{"@type":"ImageObject","inLanguage":"pt-BR","@id":"https:\/\/bahiaeconomica.com.br\/wp\/#\/schema\/logo\/image\/","url":"https:\/\/bahiaeconomica.com.br\/wp\/wp-content\/uploads\/2020\/12\/cropped-BE.png","contentUrl":"https:\/\/bahiaeconomica.com.br\/wp\/wp-content\/uploads\/2020\/12\/cropped-BE.png","width":512,"height":512,"caption":"Bahia Econ\u00f4mica"},"image":{"@id":"https:\/\/bahiaeconomica.com.br\/wp\/#\/schema\/logo\/image\/"},"sameAs":["https:\/\/www.facebook.com\/bahiaeconomica"]},{"@type":"Person","@id":"https:\/\/bahiaeconomica.com.br\/wp\/#\/schema\/person\/9310b0e591f5979f6f99773eac5804e6","name":"BRUNA CARVALHO","sameAs":["http:\/\/www.bahiaeconomica.com.br"],"url":"https:\/\/bahiaeconomica.com.br\/wp\/author\/bruna\/"}]}},"views":51,"_links":{"self":[{"href":"https:\/\/bahiaeconomica.com.br\/wp\/wp-json\/wp\/v2\/posts\/916537"}],"collection":[{"href":"https:\/\/bahiaeconomica.com.br\/wp\/wp-json\/wp\/v2\/posts"}],"about":[{"href":"https:\/\/bahiaeconomica.com.br\/wp\/wp-json\/wp\/v2\/types\/post"}],"author":[{"embeddable":true,"href":"https:\/\/bahiaeconomica.com.br\/wp\/wp-json\/wp\/v2\/users\/20"}],"replies":[{"embeddable":true,"href":"https:\/\/bahiaeconomica.com.br\/wp\/wp-json\/wp\/v2\/comments?post=916537"}],"version-history":[{"count":1,"href":"https:\/\/bahiaeconomica.com.br\/wp\/wp-json\/wp\/v2\/posts\/916537\/revisions"}],"predecessor-version":[{"id":916544,"href":"https:\/\/bahiaeconomica.com.br\/wp\/wp-json\/wp\/v2\/posts\/916537\/revisions\/916544"}],"wp:featuredmedia":[{"embeddable":true,"href":"https:\/\/bahiaeconomica.com.br\/wp\/wp-json\/wp\/v2\/media\/916543"}],"wp:attachment":[{"href":"https:\/\/bahiaeconomica.com.br\/wp\/wp-json\/wp\/v2\/media?parent=916537"}],"wp:term":[{"taxonomy":"category","embeddable":true,"href":"https:\/\/bahiaeconomica.com.br\/wp\/wp-json\/wp\/v2\/categories?post=916537"},{"taxonomy":"post_tag","embeddable":true,"href":"https:\/\/bahiaeconomica.com.br\/wp\/wp-json\/wp\/v2\/tags?post=916537"}],"curies":[{"name":"wp","href":"https:\/\/api.w.org\/{rel}","templated":true}]}}