{"id":915760,"date":"2025-07-03T15:20:41","date_gmt":"2025-07-03T18:20:41","guid":{"rendered":"https:\/\/bahiaeconomica.com.br\/wp\/?p=915760"},"modified":"2025-07-03T15:20:41","modified_gmt":"2025-07-03T18:20:41","slug":"energia-solar-no-ceara-ja-atraiu-mais-de-r-61-bilhoes-em-investimentos","status":"publish","type":"post","link":"https:\/\/bahiaeconomica.com.br\/wp\/2025\/07\/03\/energia-solar-no-ceara-ja-atraiu-mais-de-r-61-bilhoes-em-investimentos\/","title":{"rendered":"ENERGIA SOLAR NO CEAR\u00c1 J\u00c1 ATRAIU MAIS DE R$ 6,1 BILH\u00d5ES EM INVESTIMENTOS"},"content":{"rendered":"<p>De acordo com a Associa\u00e7\u00e3o Brasileira de Energia Solar Fotovoltaica (Absolar), o Cear\u00e1 j\u00e1 acumula R$ 6,1 bilh\u00f5es em investimentos voltados \u00e0 gera\u00e7\u00e3o pr\u00f3pria de energia solar. O estado conta atualmente com mais de 117 mil conex\u00f5es instaladas em telhados, fachadas e pequenos terrenos.<\/p>\n<p>Com 1,3 gigawatt de capacidade em opera\u00e7\u00e3o, o uso da energia solar j\u00e1 se espalha por resid\u00eancias, com\u00e9rcios, ind\u00fastrias, propriedades rurais e pr\u00e9dios p\u00fablicos cearenses. Desde 2012, essa modalidade de gera\u00e7\u00e3o energ\u00e9tica tem impulsionado a economia local, gerando mais de 40 mil empregos e contribuindo com cerca de R$ 1,9 bilh\u00e3o em tributos.<\/p>\n<p>Para fortalecer ainda mais a sustentabilidade no estado, a Absolar defende a amplia\u00e7\u00e3o de programas e pol\u00edticas p\u00fablicas de incentivo \u00e0 energia solar. Entre as propostas, est\u00e3o a inclus\u00e3o de pain\u00e9is fotovoltaicos em pr\u00e9dios p\u00fablicos, habita\u00e7\u00f5es populares e iniciativas de universaliza\u00e7\u00e3o do acesso \u00e0 energia el\u00e9trica.<\/p>\n<p>Apesar dos avan\u00e7os, a entidade destaca um entrave importante: distribuidoras t\u00eam recusado novos pedidos de conex\u00e3o de pequenos sistemas de gera\u00e7\u00e3o solar, alegando problemas de invers\u00e3o de fluxo de pot\u00eancia, muitas vezes sem apresentar os devidos estudos t\u00e9cnicos que justifiquem a negativa.<\/p>\n<p>&nbsp;<\/p>\n<p>Foto: Soninha Vill\/GIZ<\/p>\n<p>&nbsp;<\/p>\n","protected":false},"excerpt":{"rendered":"<p>De acordo com a Associa\u00e7\u00e3o Brasileira de Energia Solar Fotovoltaica (Absolar), o Cear\u00e1 j\u00e1 acumula R$ 6,1 bilh\u00f5es em investimentos voltados \u00e0 gera\u00e7\u00e3o pr\u00f3pria de energia solar. O estado conta atualmente com mais de 117 mil conex\u00f5es instaladas em telhados, fachadas e pequenos terrenos. Com 1,3 gigawatt de capacidade em opera\u00e7\u00e3o, o uso da energia [&hellip;]<\/p>\n","protected":false},"author":15,"featured_media":915767,"comment_status":"closed","ping_status":"closed","sticky":false,"template":"","format":"standard","meta":[],"categories":[21931],"tags":[1153,3273],"acf":[],"yoast_head":"<!-- This site is optimized with the Yoast SEO plugin v20.8 - https:\/\/yoast.com\/wordpress\/plugins\/seo\/ -->\n<title>ENERGIA SOLAR NO CEAR\u00c1 J\u00c1 ATRAIU MAIS DE R$ 6,1 BILH\u00d5ES EM INVESTIMENTOS - Bahia Economica<\/title>\n<meta name=\"description\" content=\"O maior portal de Economia da Bahia NORDESTE INVEST Bahia Economica De acordo com a Associa\u00e7\u00e3o Brasileira de Energia Solar Fotovoltaica (Absolar),\" \/>\n<meta name=\"robots\" content=\"index, follow, max-snippet:-1, max-image-preview:large, max-video-preview:-1\" \/>\n<link rel=\"canonical\" href=\"https:\/\/bahiaeconomica.com.br\/wp\/2025\/07\/03\/energia-solar-no-ceara-ja-atraiu-mais-de-r-61-bilhoes-em-investimentos\/\" \/>\n<meta property=\"og:locale\" content=\"pt_BR\" \/>\n<meta property=\"og:type\" content=\"article\" \/>\n<meta property=\"og:title\" content=\"ENERGIA SOLAR NO CEAR\u00c1 J\u00c1 ATRAIU MAIS DE R$ 6,1 BILH\u00d5ES EM INVESTIMENTOS - Bahia Economica\" \/>\n<meta property=\"og:description\" content=\"O maior portal de Economia da Bahia NORDESTE INVEST Bahia Economica De acordo com a Associa\u00e7\u00e3o Brasileira de Energia Solar Fotovoltaica (Absolar),\" \/>\n<meta property=\"og:url\" content=\"https:\/\/bahiaeconomica.com.br\/wp\/2025\/07\/03\/energia-solar-no-ceara-ja-atraiu-mais-de-r-61-bilhoes-em-investimentos\/\" \/>\n<meta property=\"og:site_name\" content=\"Bahia Economica\" \/>\n<meta property=\"article:publisher\" content=\"https:\/\/www.facebook.com\/bahiaeconomica\" \/>\n<meta property=\"article:published_time\" content=\"2025-07-03T18:20:41+00:00\" \/>\n<meta property=\"og:image\" content=\"https:\/\/bahiaeconomica.com.br\/wp\/wp-content\/uploads\/2025\/07\/placas_energia_solar_1-1024x613-1.webp\" \/>\n\t<meta property=\"og:image:width\" content=\"1024\" \/>\n\t<meta property=\"og:image:height\" content=\"613\" \/>\n\t<meta property=\"og:image:type\" content=\"image\/webp\" \/>\n<meta name=\"author\" content=\"VICTORIA ISABEL\" \/>\n<meta name=\"twitter:card\" content=\"summary_large_image\" \/>\n<meta name=\"twitter:label1\" content=\"Escrito por\" \/>\n\t<meta name=\"twitter:data1\" content=\"VICTORIA ISABEL\" \/>\n\t<meta name=\"twitter:label2\" content=\"Est. tempo de leitura\" \/>\n\t<meta name=\"twitter:data2\" content=\"2 minutos\" \/>\n<script type=\"application\/ld+json\" class=\"yoast-schema-graph\">{\"@context\":\"https:\/\/schema.org\",\"@graph\":[{\"@type\":\"Article\",\"@id\":\"https:\/\/bahiaeconomica.com.br\/wp\/2025\/07\/03\/energia-solar-no-ceara-ja-atraiu-mais-de-r-61-bilhoes-em-investimentos\/#article\",\"isPartOf\":{\"@id\":\"https:\/\/bahiaeconomica.com.br\/wp\/2025\/07\/03\/energia-solar-no-ceara-ja-atraiu-mais-de-r-61-bilhoes-em-investimentos\/\"},\"author\":{\"name\":\"VICTORIA ISABEL\",\"@id\":\"https:\/\/bahiaeconomica.com.br\/wp\/#\/schema\/person\/b719ce0fb1c09f3c7a00d9243ced4a6f\"},\"headline\":\"ENERGIA SOLAR NO CEAR\u00c1 J\u00c1 ATRAIU MAIS DE R$ 6,1 BILH\u00d5ES EM INVESTIMENTOS\",\"datePublished\":\"2025-07-03T18:20:41+00:00\",\"dateModified\":\"2025-07-03T18:20:41+00:00\",\"mainEntityOfPage\":{\"@id\":\"https:\/\/bahiaeconomica.com.br\/wp\/2025\/07\/03\/energia-solar-no-ceara-ja-atraiu-mais-de-r-61-bilhoes-em-investimentos\/\"},\"wordCount\":227,\"publisher\":{\"@id\":\"https:\/\/bahiaeconomica.com.br\/wp\/#organization\"},\"keywords\":[\"Cear\u00e1\",\"energia solar\"],\"articleSection\":[\"NORDESTE INVEST\"],\"inLanguage\":\"pt-BR\"},{\"@type\":\"WebPage\",\"@id\":\"https:\/\/bahiaeconomica.com.br\/wp\/2025\/07\/03\/energia-solar-no-ceara-ja-atraiu-mais-de-r-61-bilhoes-em-investimentos\/\",\"url\":\"https:\/\/bahiaeconomica.com.br\/wp\/2025\/07\/03\/energia-solar-no-ceara-ja-atraiu-mais-de-r-61-bilhoes-em-investimentos\/\",\"name\":\"ENERGIA SOLAR NO CEAR\u00c1 J\u00c1 ATRAIU MAIS DE R$ 6,1 BILH\u00d5ES EM INVESTIMENTOS - Bahia Economica\",\"isPartOf\":{\"@id\":\"https:\/\/bahiaeconomica.com.br\/wp\/#website\"},\"datePublished\":\"2025-07-03T18:20:41+00:00\",\"dateModified\":\"2025-07-03T18:20:41+00:00\",\"description\":\"O maior portal de Economia da Bahia NORDESTE INVEST Bahia Economica De acordo com a Associa\u00e7\u00e3o Brasileira de Energia Solar Fotovoltaica (Absolar),\",\"breadcrumb\":{\"@id\":\"https:\/\/bahiaeconomica.com.br\/wp\/2025\/07\/03\/energia-solar-no-ceara-ja-atraiu-mais-de-r-61-bilhoes-em-investimentos\/#breadcrumb\"},\"inLanguage\":\"pt-BR\",\"potentialAction\":[{\"@type\":\"ReadAction\",\"target\":[\"https:\/\/bahiaeconomica.com.br\/wp\/2025\/07\/03\/energia-solar-no-ceara-ja-atraiu-mais-de-r-61-bilhoes-em-investimentos\/\"]}]},{\"@type\":\"BreadcrumbList\",\"@id\":\"https:\/\/bahiaeconomica.com.br\/wp\/2025\/07\/03\/energia-solar-no-ceara-ja-atraiu-mais-de-r-61-bilhoes-em-investimentos\/#breadcrumb\",\"itemListElement\":[{\"@type\":\"ListItem\",\"position\":1,\"name\":\"In\u00edcio\",\"item\":\"https:\/\/bahiaeconomica.com.br\/wp\/\"},{\"@type\":\"ListItem\",\"position\":2,\"name\":\"ENERGIA SOLAR NO CEAR\u00c1 J\u00c1 ATRAIU MAIS DE R$ 6,1 BILH\u00d5ES EM INVESTIMENTOS\"}]},{\"@type\":\"WebSite\",\"@id\":\"https:\/\/bahiaeconomica.com.br\/wp\/#website\",\"url\":\"https:\/\/bahiaeconomica.com.br\/wp\/\",\"name\":\"Bahia Economica\",\"description\":\"O maior portal de Economia da Bahia\",\"publisher\":{\"@id\":\"https:\/\/bahiaeconomica.com.br\/wp\/#organization\"},\"potentialAction\":[{\"@type\":\"SearchAction\",\"target\":{\"@type\":\"EntryPoint\",\"urlTemplate\":\"https:\/\/bahiaeconomica.com.br\/wp\/?s={search_term_string}\"},\"query-input\":\"required name=search_term_string\"}],\"inLanguage\":\"pt-BR\"},{\"@type\":\"Organization\",\"@id\":\"https:\/\/bahiaeconomica.com.br\/wp\/#organization\",\"name\":\"Bahia Econ\u00f4mica\",\"url\":\"https:\/\/bahiaeconomica.com.br\/wp\/\",\"logo\":{\"@type\":\"ImageObject\",\"inLanguage\":\"pt-BR\",\"@id\":\"https:\/\/bahiaeconomica.com.br\/wp\/#\/schema\/logo\/image\/\",\"url\":\"https:\/\/bahiaeconomica.com.br\/wp\/wp-content\/uploads\/2020\/12\/cropped-BE.png\",\"contentUrl\":\"https:\/\/bahiaeconomica.com.br\/wp\/wp-content\/uploads\/2020\/12\/cropped-BE.png\",\"width\":512,\"height\":512,\"caption\":\"Bahia Econ\u00f4mica\"},\"image\":{\"@id\":\"https:\/\/bahiaeconomica.com.br\/wp\/#\/schema\/logo\/image\/\"},\"sameAs\":[\"https:\/\/www.facebook.com\/bahiaeconomica\"]},{\"@type\":\"Person\",\"@id\":\"https:\/\/bahiaeconomica.com.br\/wp\/#\/schema\/person\/b719ce0fb1c09f3c7a00d9243ced4a6f\",\"name\":\"VICTORIA ISABEL\",\"sameAs\":[\"http:\/\/www.bahiaeconomica.com.br\"],\"url\":\"https:\/\/bahiaeconomica.com.br\/wp\/author\/victoria-isabel\/\"}]}<\/script>\n<!-- \/ Yoast SEO plugin. -->","yoast_head_json":{"title":"ENERGIA SOLAR NO CEAR\u00c1 J\u00c1 ATRAIU MAIS DE R$ 6,1 BILH\u00d5ES EM INVESTIMENTOS - Bahia Economica","description":"O maior portal de Economia da Bahia NORDESTE INVEST Bahia Economica De acordo com a Associa\u00e7\u00e3o Brasileira de Energia Solar Fotovoltaica (Absolar),","robots":{"index":"index","follow":"follow","max-snippet":"max-snippet:-1","max-image-preview":"max-image-preview:large","max-video-preview":"max-video-preview:-1"},"canonical":"https:\/\/bahiaeconomica.com.br\/wp\/2025\/07\/03\/energia-solar-no-ceara-ja-atraiu-mais-de-r-61-bilhoes-em-investimentos\/","og_locale":"pt_BR","og_type":"article","og_title":"ENERGIA SOLAR NO CEAR\u00c1 J\u00c1 ATRAIU MAIS DE R$ 6,1 BILH\u00d5ES EM INVESTIMENTOS - Bahia Economica","og_description":"O maior portal de Economia da Bahia NORDESTE INVEST Bahia Economica De acordo com a Associa\u00e7\u00e3o Brasileira de Energia Solar Fotovoltaica (Absolar),","og_url":"https:\/\/bahiaeconomica.com.br\/wp\/2025\/07\/03\/energia-solar-no-ceara-ja-atraiu-mais-de-r-61-bilhoes-em-investimentos\/","og_site_name":"Bahia Economica","article_publisher":"https:\/\/www.facebook.com\/bahiaeconomica","article_published_time":"2025-07-03T18:20:41+00:00","og_image":[{"width":1024,"height":613,"url":"https:\/\/bahiaeconomica.com.br\/wp\/wp-content\/uploads\/2025\/07\/placas_energia_solar_1-1024x613-1.webp","type":"image\/webp"}],"author":"VICTORIA ISABEL","twitter_card":"summary_large_image","twitter_misc":{"Escrito por":"VICTORIA ISABEL","Est. tempo de leitura":"2 minutos"},"schema":{"@context":"https:\/\/schema.org","@graph":[{"@type":"Article","@id":"https:\/\/bahiaeconomica.com.br\/wp\/2025\/07\/03\/energia-solar-no-ceara-ja-atraiu-mais-de-r-61-bilhoes-em-investimentos\/#article","isPartOf":{"@id":"https:\/\/bahiaeconomica.com.br\/wp\/2025\/07\/03\/energia-solar-no-ceara-ja-atraiu-mais-de-r-61-bilhoes-em-investimentos\/"},"author":{"name":"VICTORIA ISABEL","@id":"https:\/\/bahiaeconomica.com.br\/wp\/#\/schema\/person\/b719ce0fb1c09f3c7a00d9243ced4a6f"},"headline":"ENERGIA SOLAR NO CEAR\u00c1 J\u00c1 ATRAIU MAIS DE R$ 6,1 BILH\u00d5ES EM INVESTIMENTOS","datePublished":"2025-07-03T18:20:41+00:00","dateModified":"2025-07-03T18:20:41+00:00","mainEntityOfPage":{"@id":"https:\/\/bahiaeconomica.com.br\/wp\/2025\/07\/03\/energia-solar-no-ceara-ja-atraiu-mais-de-r-61-bilhoes-em-investimentos\/"},"wordCount":227,"publisher":{"@id":"https:\/\/bahiaeconomica.com.br\/wp\/#organization"},"keywords":["Cear\u00e1","energia solar"],"articleSection":["NORDESTE INVEST"],"inLanguage":"pt-BR"},{"@type":"WebPage","@id":"https:\/\/bahiaeconomica.com.br\/wp\/2025\/07\/03\/energia-solar-no-ceara-ja-atraiu-mais-de-r-61-bilhoes-em-investimentos\/","url":"https:\/\/bahiaeconomica.com.br\/wp\/2025\/07\/03\/energia-solar-no-ceara-ja-atraiu-mais-de-r-61-bilhoes-em-investimentos\/","name":"ENERGIA SOLAR NO CEAR\u00c1 J\u00c1 ATRAIU MAIS DE R$ 6,1 BILH\u00d5ES EM INVESTIMENTOS - Bahia Economica","isPartOf":{"@id":"https:\/\/bahiaeconomica.com.br\/wp\/#website"},"datePublished":"2025-07-03T18:20:41+00:00","dateModified":"2025-07-03T18:20:41+00:00","description":"O maior portal de Economia da Bahia NORDESTE INVEST Bahia Economica De acordo com a Associa\u00e7\u00e3o Brasileira de Energia Solar Fotovoltaica (Absolar),","breadcrumb":{"@id":"https:\/\/bahiaeconomica.com.br\/wp\/2025\/07\/03\/energia-solar-no-ceara-ja-atraiu-mais-de-r-61-bilhoes-em-investimentos\/#breadcrumb"},"inLanguage":"pt-BR","potentialAction":[{"@type":"ReadAction","target":["https:\/\/bahiaeconomica.com.br\/wp\/2025\/07\/03\/energia-solar-no-ceara-ja-atraiu-mais-de-r-61-bilhoes-em-investimentos\/"]}]},{"@type":"BreadcrumbList","@id":"https:\/\/bahiaeconomica.com.br\/wp\/2025\/07\/03\/energia-solar-no-ceara-ja-atraiu-mais-de-r-61-bilhoes-em-investimentos\/#breadcrumb","itemListElement":[{"@type":"ListItem","position":1,"name":"In\u00edcio","item":"https:\/\/bahiaeconomica.com.br\/wp\/"},{"@type":"ListItem","position":2,"name":"ENERGIA SOLAR NO CEAR\u00c1 J\u00c1 ATRAIU MAIS DE R$ 6,1 BILH\u00d5ES EM INVESTIMENTOS"}]},{"@type":"WebSite","@id":"https:\/\/bahiaeconomica.com.br\/wp\/#website","url":"https:\/\/bahiaeconomica.com.br\/wp\/","name":"Bahia Economica","description":"O maior portal de Economia da Bahia","publisher":{"@id":"https:\/\/bahiaeconomica.com.br\/wp\/#organization"},"potentialAction":[{"@type":"SearchAction","target":{"@type":"EntryPoint","urlTemplate":"https:\/\/bahiaeconomica.com.br\/wp\/?s={search_term_string}"},"query-input":"required name=search_term_string"}],"inLanguage":"pt-BR"},{"@type":"Organization","@id":"https:\/\/bahiaeconomica.com.br\/wp\/#organization","name":"Bahia Econ\u00f4mica","url":"https:\/\/bahiaeconomica.com.br\/wp\/","logo":{"@type":"ImageObject","inLanguage":"pt-BR","@id":"https:\/\/bahiaeconomica.com.br\/wp\/#\/schema\/logo\/image\/","url":"https:\/\/bahiaeconomica.com.br\/wp\/wp-content\/uploads\/2020\/12\/cropped-BE.png","contentUrl":"https:\/\/bahiaeconomica.com.br\/wp\/wp-content\/uploads\/2020\/12\/cropped-BE.png","width":512,"height":512,"caption":"Bahia Econ\u00f4mica"},"image":{"@id":"https:\/\/bahiaeconomica.com.br\/wp\/#\/schema\/logo\/image\/"},"sameAs":["https:\/\/www.facebook.com\/bahiaeconomica"]},{"@type":"Person","@id":"https:\/\/bahiaeconomica.com.br\/wp\/#\/schema\/person\/b719ce0fb1c09f3c7a00d9243ced4a6f","name":"VICTORIA ISABEL","sameAs":["http:\/\/www.bahiaeconomica.com.br"],"url":"https:\/\/bahiaeconomica.com.br\/wp\/author\/victoria-isabel\/"}]}},"views":29,"_links":{"self":[{"href":"https:\/\/bahiaeconomica.com.br\/wp\/wp-json\/wp\/v2\/posts\/915760"}],"collection":[{"href":"https:\/\/bahiaeconomica.com.br\/wp\/wp-json\/wp\/v2\/posts"}],"about":[{"href":"https:\/\/bahiaeconomica.com.br\/wp\/wp-json\/wp\/v2\/types\/post"}],"author":[{"embeddable":true,"href":"https:\/\/bahiaeconomica.com.br\/wp\/wp-json\/wp\/v2\/users\/15"}],"replies":[{"embeddable":true,"href":"https:\/\/bahiaeconomica.com.br\/wp\/wp-json\/wp\/v2\/comments?post=915760"}],"version-history":[{"count":1,"href":"https:\/\/bahiaeconomica.com.br\/wp\/wp-json\/wp\/v2\/posts\/915760\/revisions"}],"predecessor-version":[{"id":915768,"href":"https:\/\/bahiaeconomica.com.br\/wp\/wp-json\/wp\/v2\/posts\/915760\/revisions\/915768"}],"wp:featuredmedia":[{"embeddable":true,"href":"https:\/\/bahiaeconomica.com.br\/wp\/wp-json\/wp\/v2\/media\/915767"}],"wp:attachment":[{"href":"https:\/\/bahiaeconomica.com.br\/wp\/wp-json\/wp\/v2\/media?parent=915760"}],"wp:term":[{"taxonomy":"category","embeddable":true,"href":"https:\/\/bahiaeconomica.com.br\/wp\/wp-json\/wp\/v2\/categories?post=915760"},{"taxonomy":"post_tag","embeddable":true,"href":"https:\/\/bahiaeconomica.com.br\/wp\/wp-json\/wp\/v2\/tags?post=915760"}],"curies":[{"name":"wp","href":"https:\/\/api.w.org\/{rel}","templated":true}]}}