{"id":915216,"date":"2025-07-01T11:27:39","date_gmt":"2025-07-01T14:27:39","guid":{"rendered":"https:\/\/bahiaeconomica.com.br\/wp\/?p=915216"},"modified":"2025-07-01T10:55:22","modified_gmt":"2025-07-01T13:55:22","slug":"festejos-do-2-de-julho-terao-operacao-especial-de-transporte-em-salvador","status":"publish","type":"post","link":"https:\/\/bahiaeconomica.com.br\/wp\/2025\/07\/01\/festejos-do-2-de-julho-terao-operacao-especial-de-transporte-em-salvador\/","title":{"rendered":"FESTEJOS DO 2 DE JULHO TER\u00c3O OPERA\u00c7\u00c3O ESPECIAL DE TRANSPORTE EM SALVADOR"},"content":{"rendered":"<p>Para garantir o atendimento de transporte durante os festejos c\u00edvicos pelo Dia da Independ\u00eancia do Brasil na Bahia, comemorado nesta quarta-feira (2), a Secretaria Municipal de Mobilidade (Semob) preparou um esquema especial de transporte para os usu\u00e1rios. Em raz\u00e3o das interdi\u00e7\u00f5es de tr\u00e1fego, linhas de \u00f4nibus ter\u00e3o o itiner\u00e1rio modificado at\u00e9 a libera\u00e7\u00e3o completa das vias. J\u00e1 entre os ascensores, apenas o Elevador Lacerda funcionar\u00e1, de forma gratuita, das 7h \u00e0s 21h30.<\/p>\n<p>Para viabilizar o evento, a partir da meia-noite desta quarta-feira (2), o tr\u00e1fego de ve\u00edculos ser\u00e1 interditado no primeiro trecho do evento, entre o Largo da Lapinha, Corredor da Lapinha, Largo da Soledade, Ladeira da Soledade, Rua S\u00e3o Jos\u00e9 de Cima, Rua Em\u00eddio dos Santos, Rua dos Perd\u00f5es, Largo da Quitandinha do Capim, Rua dos Adobes, Ladeira do Boqueir\u00e3o, Rua Direita do Santo Ant\u00f4nio, Largo da Cruz do Pascoal, Rua do Carmo, Rua do Pa\u00e7o, Terreiro de Jesus, Pra\u00e7a da S\u00e9, e a Pra\u00e7a Municipal. A partir das 13h, o tr\u00e1fego de ve\u00edculos ser\u00e1 interditado no segundo trecho do cortejo, saindo da Pra\u00e7a Municipal e seguindo pela Rua Chile, Pra\u00e7a Castro Alves, Avenida Sete de Setembro (S\u00e3o Bento\/S\u00e3o Pedro\/Piedade\/Ros\u00e1rio\/Merc\u00eas\/Passeio P\u00fablico) e o Largo do Campo Grande.<\/p>\n<p>As linhas de \u00f4nibus que passam pelo primeiro trecho do cortejo com sentido centro dever\u00e3o acessar a Rua Lima e Silva, Rua Pero Vaz, Rua Conde de Porto Alegre, Largo do Tamarineiro, Rua Rodrigo de Menezes, Rua Quinta dos L\u00e1zaros e Rua General Argolo, seguindo da\u00ed o itiner\u00e1rio de origem. As linhas com destino aos bairros dever\u00e3o utilizar o Largo dos Dois Le\u00f5es, Avenida Glauber Rocha, Rua Quinta dos L\u00e1zaros, Rua Rodrigo de Menezes, Largo do Tamarineiro, Rua Conde de Porto Alegre, Rua Pero Vaz e Rua Lima e Silva, de onde retornam ao itiner\u00e1rio normal. As linhas da Baixa dos Sapateiros dever\u00e3o fazer o retorno no Terminal da Barroquinha, das 13h \u00e0s 18h.<\/p>\n<p>A Ladeira da Montanha ser\u00e1 interditada a partir das 5h desta quarta (2). Com isso, as linhas oriundas do Com\u00e9rcio em dire\u00e7\u00e3o ao Campo Grande e que utilizam a Montanha seguir\u00e3o pela Rua da B\u00e9lgica, T\u00fanel Americo Simas, Avenida Presidente Castelo Branco &#8211; Vale de Nazar\u00e9, Avenida Presidente Costa e Silva, Pra\u00e7a Dr. Jo\u00e3o Mangabeira, e Avenida Centen\u00e1rio.<\/p>\n<p>&nbsp;<\/p>\n<p><strong>Demais linhas <\/strong><\/p>\n<p>As linhas 1511 &#8211; Conjunto Piraj\u00e1 I x Engenho Velho da Federa\u00e7\u00e3o e 0221 \u2013 Ribeira x Barbalho\/Garcia ter\u00e3o o seguinte itiner\u00e1rio: Rua Lima e Silva, Rua Pero Vaz, Rua Conde de Porto Alegre, Largo do Tamarindeiro, Baixa de Quintas, Rua General Argolo, Rua C\u00f4nego Pereira, Ladeira de Santana, Rua Professor Hugo Baltazar da Silveira, Pra\u00e7a Lord Crockane, Avenida Vale do Canela e Viaduto do Campo Grande. A linha Cabula VI x Sieiro R1 tamb\u00e9m ter\u00e1 mudan\u00e7as no trajeto original, passando pela Rua Lima e Silva, Rua Pero Vaz, Rua Conde de Porto Alegre, Largo Tamarineiro, Rua Rodrigo de Menezes, Baixa de Quintas, Rua C\u00f4nego Pereira, Rua JJ Seabra, Rua do Carro e Avenida M\u00e1rio Leal Ferreira (Bonoc\u00f4).<\/p>\n<p>As linhas 0349 &#8211; Marechal Rondon\/ S\u00e3o Caetano x Brotas, 1327 &#8211; Esta\u00e7\u00e3o Piraj\u00e1 x Baixa dos Sapateiros, 0302 &#8211; Boa Vista de S\u00e3o Caetano\/Capelinha x Campo Grande e 0332 &#8211; Fazenda Grande do Retiro \u2013 Lapa, ir\u00e3o utilizar a Rua Lima e Silva, Rua Pero Vaz, Rua Conde de Porto Alegre, Largo do Tamarineiro, Rua Rodrigo de Menezes, Baixa de Quintas e Rua C\u00f4nego Pereira.<\/p>\n<p>J\u00e1 as linhas que passam pelo segundo trecho do cortejo, provenientes do Garcia com destino \u00e0 avenida Joana Angelica, dever\u00e3o acessar a Avenida Garibaldi, Vasco da Gama, Vale dos Barris, Orix\u00e1s Center e Rua Direita da Piedade, retomando ao itiner\u00e1rio normal.<\/p>\n<p>As linhas provenientes da Avenida Garibaldi com destino ao Com\u00e9rcio, dever\u00e3o acessar o Vale do Canela, retornar no Viaduto Menininha do Gantois, Viaduto Reis Cat\u00f3licos, Avenida Centen\u00e1rio, Avenida Vasco da Gama, Avenida Presidente Castelo Branco e T\u00fanel Americo Simas, enquanto as linhas com destino \u00e0 Barra seguem pela Avenida Garibaldi e Vale do Canela, retornam no Viaduto Menininha do Gantois e acessam a Avenida Princesa Isabel.<\/p>\n<p>&nbsp;<\/p>\n<p><strong>A linha Aeroporto\u00a0<\/strong><\/p>\n<p>Pra\u00e7a da S\u00e9 (1001) dever\u00e1 seguir o seguinte itiner\u00e1rio: Ladeira da Barra, Avenida Princesa Isabel, Avenida Princesa Leopoldina, Viaduto da Gabriela, Avenida Reitor Miguel Calmon, Vale do Canela, Viaduto Menininha do Gantois, Avenida Lafayete Coutinho, Rua da B\u00e9lgica, Rua Miguel Calmon e Avenida Jequitaia.<\/p>\n<p>&nbsp;<\/p>\n<p><strong>A linha Aeroporto\u00a0<\/strong><\/p>\n<p>Pra\u00e7a da S\u00e9 (via Garibaldi) (1035) seguir\u00e1 pela Pra\u00e7a Lord Cochrane, Avenida Reitor Miguel Calmon, Vale do Canela, Viaduto Menininha do Gantois, Avenida Lafayete Coutinho, Rua da B\u00e9lgica, Rua Miguel Calmon e Avenida Jequitaia. No retorno: Rua da Su\u00e9cia, Avenida da Fran\u00e7a, Rua da B\u00e9lgica, Avenida Lafayete Coutinho, Avenida Reitor Miguel Calmon, Vale do Canela e Pra\u00e7a Lord Cochrane.<\/p>\n<p>&nbsp;<\/p>\n<p><strong>Reguladora\u00a0<\/strong><\/p>\n<p>Os \u00f4nibus da frota reguladora estar\u00e3o dispon\u00edveis nas esta\u00e7\u00f5es da Lapa, Acesso Norte e Piraj\u00e1, \u00e0 disposi\u00e7\u00e3o da equipe de fiscaliza\u00e7\u00e3o da Semob, podendo ser utilizados para eventuais ajustes. Agentes da \u00f3rg\u00e3o e prepostos da Integra estar\u00e3o na regi\u00e3o para orientar usu\u00e1rios e motoristas durante a opera\u00e7\u00e3o.<\/p>\n<p>Foto: Bruno Concha\/Secom PMS<\/p>\n","protected":false},"excerpt":{"rendered":"<p>Para garantir o atendimento de transporte durante os festejos c\u00edvicos pelo Dia da Independ\u00eancia do Brasil na Bahia, comemorado nesta quarta-feira (2), a Secretaria Municipal de Mobilidade (Semob) preparou um esquema especial de transporte para os usu\u00e1rios. Em raz\u00e3o das interdi\u00e7\u00f5es de tr\u00e1fego, linhas de \u00f4nibus ter\u00e3o o itiner\u00e1rio modificado at\u00e9 a libera\u00e7\u00e3o completa das [&hellip;]<\/p>\n","protected":false},"author":20,"featured_media":915217,"comment_status":"closed","ping_status":"closed","sticky":false,"template":"","format":"standard","meta":[],"categories":[5],"tags":[6623,4505,12734,73,1552],"acf":[],"yoast_head":"<!-- This site is optimized with the Yoast SEO plugin v20.8 - https:\/\/yoast.com\/wordpress\/plugins\/seo\/ -->\n<title>FESTEJOS DO 2 DE JULHO TER\u00c3O OPERA\u00c7\u00c3O ESPECIAL DE TRANSPORTE EM SALVADOR - Bahia Economica<\/title>\n<meta name=\"description\" content=\"MUNIC\u00cdPIOS Bahia Economica linhas de \u00f4nibus ter\u00e3o o itiner\u00e1rio modificado at\u00e9 a libera\u00e7\u00e3o completa das vias\" \/>\n<meta name=\"robots\" content=\"index, follow, max-snippet:-1, max-image-preview:large, max-video-preview:-1\" \/>\n<link rel=\"canonical\" href=\"https:\/\/bahiaeconomica.com.br\/wp\/2025\/07\/01\/festejos-do-2-de-julho-terao-operacao-especial-de-transporte-em-salvador\/\" \/>\n<meta property=\"og:locale\" content=\"pt_BR\" \/>\n<meta property=\"og:type\" content=\"article\" \/>\n<meta property=\"og:title\" content=\"FESTEJOS DO 2 DE JULHO TER\u00c3O OPERA\u00c7\u00c3O ESPECIAL DE TRANSPORTE EM SALVADOR - Bahia Economica\" \/>\n<meta property=\"og:description\" content=\"MUNIC\u00cdPIOS Bahia Economica linhas de \u00f4nibus ter\u00e3o o itiner\u00e1rio modificado at\u00e9 a libera\u00e7\u00e3o completa das vias\" \/>\n<meta property=\"og:url\" content=\"https:\/\/bahiaeconomica.com.br\/wp\/2025\/07\/01\/festejos-do-2-de-julho-terao-operacao-especial-de-transporte-em-salvador\/\" \/>\n<meta property=\"og:site_name\" content=\"Bahia Economica\" \/>\n<meta property=\"article:publisher\" content=\"https:\/\/www.facebook.com\/bahiaeconomica\" \/>\n<meta property=\"article:published_time\" content=\"2025-07-01T14:27:39+00:00\" \/>\n<meta property=\"article:modified_time\" content=\"2025-07-01T13:55:22+00:00\" \/>\n<meta property=\"og:image\" content=\"https:\/\/bahiaeconomica.com.br\/wp\/wp-content\/uploads\/2025\/07\/3O0A9367-scaled.jpg\" \/>\n\t<meta property=\"og:image:width\" content=\"2560\" \/>\n\t<meta property=\"og:image:height\" content=\"1707\" \/>\n\t<meta property=\"og:image:type\" content=\"image\/jpeg\" \/>\n<meta name=\"author\" content=\"BRUNA CARVALHO\" \/>\n<meta name=\"twitter:card\" content=\"summary_large_image\" \/>\n<meta name=\"twitter:label1\" content=\"Escrito por\" \/>\n\t<meta name=\"twitter:data1\" content=\"BRUNA CARVALHO\" \/>\n\t<meta name=\"twitter:label2\" content=\"Est. tempo de leitura\" \/>\n\t<meta name=\"twitter:data2\" content=\"5 minutos\" \/>\n<script type=\"application\/ld+json\" class=\"yoast-schema-graph\">{\"@context\":\"https:\/\/schema.org\",\"@graph\":[{\"@type\":\"Article\",\"@id\":\"https:\/\/bahiaeconomica.com.br\/wp\/2025\/07\/01\/festejos-do-2-de-julho-terao-operacao-especial-de-transporte-em-salvador\/#article\",\"isPartOf\":{\"@id\":\"https:\/\/bahiaeconomica.com.br\/wp\/2025\/07\/01\/festejos-do-2-de-julho-terao-operacao-especial-de-transporte-em-salvador\/\"},\"author\":{\"name\":\"BRUNA CARVALHO\",\"@id\":\"https:\/\/bahiaeconomica.com.br\/wp\/#\/schema\/person\/9310b0e591f5979f6f99773eac5804e6\"},\"headline\":\"FESTEJOS DO 2 DE JULHO TER\u00c3O OPERA\u00c7\u00c3O ESPECIAL DE TRANSPORTE EM SALVADOR\",\"datePublished\":\"2025-07-01T14:27:39+00:00\",\"dateModified\":\"2025-07-01T13:55:22+00:00\",\"mainEntityOfPage\":{\"@id\":\"https:\/\/bahiaeconomica.com.br\/wp\/2025\/07\/01\/festejos-do-2-de-julho-terao-operacao-especial-de-transporte-em-salvador\/\"},\"wordCount\":919,\"publisher\":{\"@id\":\"https:\/\/bahiaeconomica.com.br\/wp\/#organization\"},\"keywords\":[\"2 de Julho\",\"festejos\",\"opera\u00e7\u00e3o especial\",\"Salvador\",\"transporte\"],\"articleSection\":[\"MUNIC\u00cdPIOS\"],\"inLanguage\":\"pt-BR\"},{\"@type\":\"WebPage\",\"@id\":\"https:\/\/bahiaeconomica.com.br\/wp\/2025\/07\/01\/festejos-do-2-de-julho-terao-operacao-especial-de-transporte-em-salvador\/\",\"url\":\"https:\/\/bahiaeconomica.com.br\/wp\/2025\/07\/01\/festejos-do-2-de-julho-terao-operacao-especial-de-transporte-em-salvador\/\",\"name\":\"FESTEJOS DO 2 DE JULHO TER\u00c3O OPERA\u00c7\u00c3O ESPECIAL DE TRANSPORTE EM SALVADOR - Bahia Economica\",\"isPartOf\":{\"@id\":\"https:\/\/bahiaeconomica.com.br\/wp\/#website\"},\"datePublished\":\"2025-07-01T14:27:39+00:00\",\"dateModified\":\"2025-07-01T13:55:22+00:00\",\"description\":\"MUNIC\u00cdPIOS Bahia Economica linhas de \u00f4nibus ter\u00e3o o itiner\u00e1rio modificado at\u00e9 a libera\u00e7\u00e3o completa das vias\",\"breadcrumb\":{\"@id\":\"https:\/\/bahiaeconomica.com.br\/wp\/2025\/07\/01\/festejos-do-2-de-julho-terao-operacao-especial-de-transporte-em-salvador\/#breadcrumb\"},\"inLanguage\":\"pt-BR\",\"potentialAction\":[{\"@type\":\"ReadAction\",\"target\":[\"https:\/\/bahiaeconomica.com.br\/wp\/2025\/07\/01\/festejos-do-2-de-julho-terao-operacao-especial-de-transporte-em-salvador\/\"]}]},{\"@type\":\"BreadcrumbList\",\"@id\":\"https:\/\/bahiaeconomica.com.br\/wp\/2025\/07\/01\/festejos-do-2-de-julho-terao-operacao-especial-de-transporte-em-salvador\/#breadcrumb\",\"itemListElement\":[{\"@type\":\"ListItem\",\"position\":1,\"name\":\"In\u00edcio\",\"item\":\"https:\/\/bahiaeconomica.com.br\/wp\/\"},{\"@type\":\"ListItem\",\"position\":2,\"name\":\"FESTEJOS DO 2 DE JULHO TER\u00c3O OPERA\u00c7\u00c3O ESPECIAL DE TRANSPORTE EM SALVADOR\"}]},{\"@type\":\"WebSite\",\"@id\":\"https:\/\/bahiaeconomica.com.br\/wp\/#website\",\"url\":\"https:\/\/bahiaeconomica.com.br\/wp\/\",\"name\":\"Bahia Economica\",\"description\":\"O maior portal de Economia da Bahia\",\"publisher\":{\"@id\":\"https:\/\/bahiaeconomica.com.br\/wp\/#organization\"},\"potentialAction\":[{\"@type\":\"SearchAction\",\"target\":{\"@type\":\"EntryPoint\",\"urlTemplate\":\"https:\/\/bahiaeconomica.com.br\/wp\/?s={search_term_string}\"},\"query-input\":\"required name=search_term_string\"}],\"inLanguage\":\"pt-BR\"},{\"@type\":\"Organization\",\"@id\":\"https:\/\/bahiaeconomica.com.br\/wp\/#organization\",\"name\":\"Bahia Econ\u00f4mica\",\"url\":\"https:\/\/bahiaeconomica.com.br\/wp\/\",\"logo\":{\"@type\":\"ImageObject\",\"inLanguage\":\"pt-BR\",\"@id\":\"https:\/\/bahiaeconomica.com.br\/wp\/#\/schema\/logo\/image\/\",\"url\":\"https:\/\/bahiaeconomica.com.br\/wp\/wp-content\/uploads\/2020\/12\/cropped-BE.png\",\"contentUrl\":\"https:\/\/bahiaeconomica.com.br\/wp\/wp-content\/uploads\/2020\/12\/cropped-BE.png\",\"width\":512,\"height\":512,\"caption\":\"Bahia Econ\u00f4mica\"},\"image\":{\"@id\":\"https:\/\/bahiaeconomica.com.br\/wp\/#\/schema\/logo\/image\/\"},\"sameAs\":[\"https:\/\/www.facebook.com\/bahiaeconomica\"]},{\"@type\":\"Person\",\"@id\":\"https:\/\/bahiaeconomica.com.br\/wp\/#\/schema\/person\/9310b0e591f5979f6f99773eac5804e6\",\"name\":\"BRUNA CARVALHO\",\"sameAs\":[\"http:\/\/www.bahiaeconomica.com.br\"],\"url\":\"https:\/\/bahiaeconomica.com.br\/wp\/author\/bruna\/\"}]}<\/script>\n<!-- \/ Yoast SEO plugin. -->","yoast_head_json":{"title":"FESTEJOS DO 2 DE JULHO TER\u00c3O OPERA\u00c7\u00c3O ESPECIAL DE TRANSPORTE EM SALVADOR - Bahia Economica","description":"MUNIC\u00cdPIOS Bahia Economica linhas de \u00f4nibus ter\u00e3o o itiner\u00e1rio modificado at\u00e9 a libera\u00e7\u00e3o completa das vias","robots":{"index":"index","follow":"follow","max-snippet":"max-snippet:-1","max-image-preview":"max-image-preview:large","max-video-preview":"max-video-preview:-1"},"canonical":"https:\/\/bahiaeconomica.com.br\/wp\/2025\/07\/01\/festejos-do-2-de-julho-terao-operacao-especial-de-transporte-em-salvador\/","og_locale":"pt_BR","og_type":"article","og_title":"FESTEJOS DO 2 DE JULHO TER\u00c3O OPERA\u00c7\u00c3O ESPECIAL DE TRANSPORTE EM SALVADOR - Bahia Economica","og_description":"MUNIC\u00cdPIOS Bahia Economica linhas de \u00f4nibus ter\u00e3o o itiner\u00e1rio modificado at\u00e9 a libera\u00e7\u00e3o completa das vias","og_url":"https:\/\/bahiaeconomica.com.br\/wp\/2025\/07\/01\/festejos-do-2-de-julho-terao-operacao-especial-de-transporte-em-salvador\/","og_site_name":"Bahia Economica","article_publisher":"https:\/\/www.facebook.com\/bahiaeconomica","article_published_time":"2025-07-01T14:27:39+00:00","article_modified_time":"2025-07-01T13:55:22+00:00","og_image":[{"width":2560,"height":1707,"url":"https:\/\/bahiaeconomica.com.br\/wp\/wp-content\/uploads\/2025\/07\/3O0A9367-scaled.jpg","type":"image\/jpeg"}],"author":"BRUNA CARVALHO","twitter_card":"summary_large_image","twitter_misc":{"Escrito por":"BRUNA CARVALHO","Est. tempo de leitura":"5 minutos"},"schema":{"@context":"https:\/\/schema.org","@graph":[{"@type":"Article","@id":"https:\/\/bahiaeconomica.com.br\/wp\/2025\/07\/01\/festejos-do-2-de-julho-terao-operacao-especial-de-transporte-em-salvador\/#article","isPartOf":{"@id":"https:\/\/bahiaeconomica.com.br\/wp\/2025\/07\/01\/festejos-do-2-de-julho-terao-operacao-especial-de-transporte-em-salvador\/"},"author":{"name":"BRUNA CARVALHO","@id":"https:\/\/bahiaeconomica.com.br\/wp\/#\/schema\/person\/9310b0e591f5979f6f99773eac5804e6"},"headline":"FESTEJOS DO 2 DE JULHO TER\u00c3O OPERA\u00c7\u00c3O ESPECIAL DE TRANSPORTE EM SALVADOR","datePublished":"2025-07-01T14:27:39+00:00","dateModified":"2025-07-01T13:55:22+00:00","mainEntityOfPage":{"@id":"https:\/\/bahiaeconomica.com.br\/wp\/2025\/07\/01\/festejos-do-2-de-julho-terao-operacao-especial-de-transporte-em-salvador\/"},"wordCount":919,"publisher":{"@id":"https:\/\/bahiaeconomica.com.br\/wp\/#organization"},"keywords":["2 de Julho","festejos","opera\u00e7\u00e3o especial","Salvador","transporte"],"articleSection":["MUNIC\u00cdPIOS"],"inLanguage":"pt-BR"},{"@type":"WebPage","@id":"https:\/\/bahiaeconomica.com.br\/wp\/2025\/07\/01\/festejos-do-2-de-julho-terao-operacao-especial-de-transporte-em-salvador\/","url":"https:\/\/bahiaeconomica.com.br\/wp\/2025\/07\/01\/festejos-do-2-de-julho-terao-operacao-especial-de-transporte-em-salvador\/","name":"FESTEJOS DO 2 DE JULHO TER\u00c3O OPERA\u00c7\u00c3O ESPECIAL DE TRANSPORTE EM SALVADOR - Bahia Economica","isPartOf":{"@id":"https:\/\/bahiaeconomica.com.br\/wp\/#website"},"datePublished":"2025-07-01T14:27:39+00:00","dateModified":"2025-07-01T13:55:22+00:00","description":"MUNIC\u00cdPIOS Bahia Economica linhas de \u00f4nibus ter\u00e3o o itiner\u00e1rio modificado at\u00e9 a libera\u00e7\u00e3o completa das vias","breadcrumb":{"@id":"https:\/\/bahiaeconomica.com.br\/wp\/2025\/07\/01\/festejos-do-2-de-julho-terao-operacao-especial-de-transporte-em-salvador\/#breadcrumb"},"inLanguage":"pt-BR","potentialAction":[{"@type":"ReadAction","target":["https:\/\/bahiaeconomica.com.br\/wp\/2025\/07\/01\/festejos-do-2-de-julho-terao-operacao-especial-de-transporte-em-salvador\/"]}]},{"@type":"BreadcrumbList","@id":"https:\/\/bahiaeconomica.com.br\/wp\/2025\/07\/01\/festejos-do-2-de-julho-terao-operacao-especial-de-transporte-em-salvador\/#breadcrumb","itemListElement":[{"@type":"ListItem","position":1,"name":"In\u00edcio","item":"https:\/\/bahiaeconomica.com.br\/wp\/"},{"@type":"ListItem","position":2,"name":"FESTEJOS DO 2 DE JULHO TER\u00c3O OPERA\u00c7\u00c3O ESPECIAL DE TRANSPORTE EM SALVADOR"}]},{"@type":"WebSite","@id":"https:\/\/bahiaeconomica.com.br\/wp\/#website","url":"https:\/\/bahiaeconomica.com.br\/wp\/","name":"Bahia Economica","description":"O maior portal de Economia da Bahia","publisher":{"@id":"https:\/\/bahiaeconomica.com.br\/wp\/#organization"},"potentialAction":[{"@type":"SearchAction","target":{"@type":"EntryPoint","urlTemplate":"https:\/\/bahiaeconomica.com.br\/wp\/?s={search_term_string}"},"query-input":"required name=search_term_string"}],"inLanguage":"pt-BR"},{"@type":"Organization","@id":"https:\/\/bahiaeconomica.com.br\/wp\/#organization","name":"Bahia Econ\u00f4mica","url":"https:\/\/bahiaeconomica.com.br\/wp\/","logo":{"@type":"ImageObject","inLanguage":"pt-BR","@id":"https:\/\/bahiaeconomica.com.br\/wp\/#\/schema\/logo\/image\/","url":"https:\/\/bahiaeconomica.com.br\/wp\/wp-content\/uploads\/2020\/12\/cropped-BE.png","contentUrl":"https:\/\/bahiaeconomica.com.br\/wp\/wp-content\/uploads\/2020\/12\/cropped-BE.png","width":512,"height":512,"caption":"Bahia Econ\u00f4mica"},"image":{"@id":"https:\/\/bahiaeconomica.com.br\/wp\/#\/schema\/logo\/image\/"},"sameAs":["https:\/\/www.facebook.com\/bahiaeconomica"]},{"@type":"Person","@id":"https:\/\/bahiaeconomica.com.br\/wp\/#\/schema\/person\/9310b0e591f5979f6f99773eac5804e6","name":"BRUNA CARVALHO","sameAs":["http:\/\/www.bahiaeconomica.com.br"],"url":"https:\/\/bahiaeconomica.com.br\/wp\/author\/bruna\/"}]}},"views":36,"_links":{"self":[{"href":"https:\/\/bahiaeconomica.com.br\/wp\/wp-json\/wp\/v2\/posts\/915216"}],"collection":[{"href":"https:\/\/bahiaeconomica.com.br\/wp\/wp-json\/wp\/v2\/posts"}],"about":[{"href":"https:\/\/bahiaeconomica.com.br\/wp\/wp-json\/wp\/v2\/types\/post"}],"author":[{"embeddable":true,"href":"https:\/\/bahiaeconomica.com.br\/wp\/wp-json\/wp\/v2\/users\/20"}],"replies":[{"embeddable":true,"href":"https:\/\/bahiaeconomica.com.br\/wp\/wp-json\/wp\/v2\/comments?post=915216"}],"version-history":[{"count":1,"href":"https:\/\/bahiaeconomica.com.br\/wp\/wp-json\/wp\/v2\/posts\/915216\/revisions"}],"predecessor-version":[{"id":915218,"href":"https:\/\/bahiaeconomica.com.br\/wp\/wp-json\/wp\/v2\/posts\/915216\/revisions\/915218"}],"wp:featuredmedia":[{"embeddable":true,"href":"https:\/\/bahiaeconomica.com.br\/wp\/wp-json\/wp\/v2\/media\/915217"}],"wp:attachment":[{"href":"https:\/\/bahiaeconomica.com.br\/wp\/wp-json\/wp\/v2\/media?parent=915216"}],"wp:term":[{"taxonomy":"category","embeddable":true,"href":"https:\/\/bahiaeconomica.com.br\/wp\/wp-json\/wp\/v2\/categories?post=915216"},{"taxonomy":"post_tag","embeddable":true,"href":"https:\/\/bahiaeconomica.com.br\/wp\/wp-json\/wp\/v2\/tags?post=915216"}],"curies":[{"name":"wp","href":"https:\/\/api.w.org\/{rel}","templated":true}]}}