{"id":914980,"date":"2025-06-30T13:00:09","date_gmt":"2025-06-30T16:00:09","guid":{"rendered":"https:\/\/bahiaeconomica.com.br\/wp\/?p=914980"},"modified":"2025-06-30T12:49:31","modified_gmt":"2025-06-30T15:49:31","slug":"plano-safra-25-26-da-agricultura-familiar-tera-r-782-bi-e-juros-mais-altos","status":"publish","type":"post","link":"https:\/\/bahiaeconomica.com.br\/wp\/2025\/06\/30\/plano-safra-25-26-da-agricultura-familiar-tera-r-782-bi-e-juros-mais-altos\/","title":{"rendered":"PLANO SAFRA 25\/26 DA AGRICULTURA FAMILIAR TER\u00c1 R$ 78,2 BI E JUROS MAIS ALTOS"},"content":{"rendered":"<p>O Plano Safra 25\/26 da Agricultura Familiar ter\u00e1 R$ 78,2 bilh\u00f5es em recursos para financiamento de pequenos produtores at\u00e9 junho do ano que vem, apurou a Globo Rural. O montante representa um acr\u00e9scimo de 3% em rela\u00e7\u00e3o aos R$ 76 bilh\u00f5es ofertados na temporada que termina hoje. O an\u00fancio ser\u00e1 feito no Pal\u00e1cio do Planalto nesta segunda-feira (30\/6), em cerim\u00f4nia com a participa\u00e7\u00e3o do presidente Luiz In\u00e1cio Lula da Silva, com in\u00edcio previsto para 11h.<\/p>\n<p>Os juros aumentar\u00e3o at\u00e9 2 pontos percentuais, conforme havia adiantado a reportagem na semana passada, e v\u00e3o variar de 0,5% a 8% ao ano no Programa Nacional de Fortalecimento da Agricultura Familiar (Pronaf). O Minist\u00e9rio do Desenvolvimento Agr\u00e1rio (MDA) conseguiu, no entanto, preservar as linhas consideradas estrat\u00e9gicas e priorit\u00e1rias, apesar da press\u00e3o interna no governo diante do aperto or\u00e7ament\u00e1rio para equaliza\u00e7\u00e3o das taxas.<\/p>\n<p>O principal esfor\u00e7o da Pasta foi para manter os juros de 3% ao ano para o custeio de alimentos da cesta b\u00e1sica, como arroz, feij\u00e3o, mandioca, leite, ovos, trigo e tomate. O movimento foi dificultado por conta da alta Selic para 15%, que influencia o custo de capta\u00e7\u00e3o dos bancos e aumenta o gasto do Tesouro Nacional com a subven\u00e7\u00e3o em parte dessas taxas. A produ\u00e7\u00e3o agroecol\u00f3gica tamb\u00e9m foi preservada e ter\u00e1 taxa de 2% ao ano. O mesmo vale para a linha de investimentos em m\u00e1quinas de pequeno porte, com valor at\u00e9 R$ 100 mil, cujos juros ficar\u00e3o em 2,5% ao ano.<\/p>\n<p>O minist\u00e9rio ainda criou outra faixa para o custeio do Pronaf, destinada \u00e0 produ\u00e7\u00e3o de milho, caf\u00e9, uva e outras frutas de inverno, itens que tamb\u00e9m s\u00e3o destinados ao consumo interno. Os juros ser\u00e3o de 6,5% ao ano na safra 2025\/26. J\u00e1 as commodities produzidas por agricultores familiares, como soja e pecu\u00e1ria de corte, ter\u00e3o as al\u00edquotas elevadas de 6% para 8%. Em todas as modalidades, o limite de cr\u00e9dito ser\u00e1 de R$ 250 mil por produtor.<\/p>\n<p>Ao todo, ser\u00e3o R$ 40,2 bilh\u00f5es destinados para custeio e R$ 37,9 bilh\u00f5es para os investimentos. Desses, R$ 43,4 bilh\u00f5es ter\u00e3o equaliza\u00e7\u00e3o de juros pela Uni\u00e3o, valor menor que o da safra 2024\/25, quando foram R$ 45,4 bilh\u00f5es nessa modalidade. O n\u00famero n\u00e3o cresceu porque a Pasta preferiu preservar juros menores nas linhas priorit\u00e1rias.<\/p>\n<p>Dos recursos equalizados, R$ 16,6 bilh\u00f5es ser\u00e3o para as linhas de custeio e R$ 26,8 bilh\u00f5es para os investimentos. O Pronaf ainda ter\u00e1 mais R$ 34,7 bilh\u00f5es de recursos com juros controlados sem equaliza\u00e7\u00e3o, de fontes como os dep\u00f3sitos \u00e0 vista, Fundos Constitucionais e recursos do or\u00e7amento geral da Uni\u00e3o.<\/p>\n<p>Foto: Wenderson Ara\u00fajo\/CNA<\/p>\n","protected":false},"excerpt":{"rendered":"<p>O Plano Safra 25\/26 da Agricultura Familiar ter\u00e1 R$ 78,2 bilh\u00f5es em recursos para financiamento de pequenos produtores at\u00e9 junho do ano que vem, apurou a Globo Rural. O montante representa um acr\u00e9scimo de 3% em rela\u00e7\u00e3o aos R$ 76 bilh\u00f5es ofertados na temporada que termina hoje. O an\u00fancio ser\u00e1 feito no Pal\u00e1cio do Planalto [&hellip;]<\/p>\n","protected":false},"author":8,"featured_media":914981,"comment_status":"closed","ping_status":"closed","sticky":false,"template":"","format":"standard","meta":[],"categories":[14,3],"tags":[52,100,1210],"acf":[],"yoast_head":"<!-- This site is optimized with the Yoast SEO plugin v20.8 - https:\/\/yoast.com\/wordpress\/plugins\/seo\/ -->\n<title>PLANO SAFRA 25\/26 DA AGRICULTURA FAMILIAR TER\u00c1 R$ 78,2 BI E JUROS MAIS ALTOS - Bahia Economica<\/title>\n<meta name=\"description\" content=\"O maior portal de Economia da Bahia DESTAQUE DO DIA, ECONOMIA \/ POL\u00cdTICA Bahia Economica Dos recursos equalizados, R$ 16,6 bilh\u00f5es ser\u00e3o para as linhas de custeio\" \/>\n<meta name=\"robots\" content=\"index, follow, max-snippet:-1, max-image-preview:large, max-video-preview:-1\" \/>\n<link rel=\"canonical\" href=\"https:\/\/bahiaeconomica.com.br\/wp\/2025\/06\/30\/plano-safra-25-26-da-agricultura-familiar-tera-r-782-bi-e-juros-mais-altos\/\" \/>\n<meta property=\"og:locale\" content=\"pt_BR\" \/>\n<meta property=\"og:type\" content=\"article\" \/>\n<meta property=\"og:title\" content=\"PLANO SAFRA 25\/26 DA AGRICULTURA FAMILIAR TER\u00c1 R$ 78,2 BI E JUROS MAIS ALTOS - Bahia Economica\" \/>\n<meta property=\"og:description\" content=\"O maior portal de Economia da Bahia DESTAQUE DO DIA, ECONOMIA \/ POL\u00cdTICA Bahia Economica Dos recursos equalizados, R$ 16,6 bilh\u00f5es ser\u00e3o para as linhas de custeio\" \/>\n<meta property=\"og:url\" content=\"https:\/\/bahiaeconomica.com.br\/wp\/2025\/06\/30\/plano-safra-25-26-da-agricultura-familiar-tera-r-782-bi-e-juros-mais-altos\/\" \/>\n<meta property=\"og:site_name\" content=\"Bahia Economica\" \/>\n<meta property=\"article:publisher\" content=\"https:\/\/www.facebook.com\/bahiaeconomica\" \/>\n<meta property=\"article:published_time\" content=\"2025-06-30T16:00:09+00:00\" \/>\n<meta property=\"article:modified_time\" content=\"2025-06-30T15:49:31+00:00\" \/>\n<meta property=\"og:image\" content=\"https:\/\/bahiaeconomica.com.br\/wp\/wp-content\/uploads\/2025\/06\/54139663525-3a8009577b-k-1.jpeg\" \/>\n\t<meta property=\"og:image:width\" content=\"1\" \/>\n\t<meta property=\"og:image:height\" content=\"1\" \/>\n\t<meta property=\"og:image:type\" content=\"image\/jpeg\" \/>\n<meta name=\"author\" content=\"JP\" \/>\n<meta name=\"twitter:card\" content=\"summary_large_image\" \/>\n<meta name=\"twitter:label1\" content=\"Escrito por\" \/>\n\t<meta name=\"twitter:data1\" content=\"JP\" \/>\n\t<meta name=\"twitter:label2\" content=\"Est. tempo de leitura\" \/>\n\t<meta name=\"twitter:data2\" content=\"3 minutos\" \/>\n<script type=\"application\/ld+json\" class=\"yoast-schema-graph\">{\"@context\":\"https:\/\/schema.org\",\"@graph\":[{\"@type\":\"Article\",\"@id\":\"https:\/\/bahiaeconomica.com.br\/wp\/2025\/06\/30\/plano-safra-25-26-da-agricultura-familiar-tera-r-782-bi-e-juros-mais-altos\/#article\",\"isPartOf\":{\"@id\":\"https:\/\/bahiaeconomica.com.br\/wp\/2025\/06\/30\/plano-safra-25-26-da-agricultura-familiar-tera-r-782-bi-e-juros-mais-altos\/\"},\"author\":{\"name\":\"JP\",\"@id\":\"https:\/\/bahiaeconomica.com.br\/wp\/#\/schema\/person\/c86d3a3f8960425a0f9d0e5245991f4e\"},\"headline\":\"PLANO SAFRA 25\/26 DA AGRICULTURA FAMILIAR TER\u00c1 R$ 78,2 BI E JUROS MAIS ALTOS\",\"datePublished\":\"2025-06-30T16:00:09+00:00\",\"dateModified\":\"2025-06-30T15:49:31+00:00\",\"mainEntityOfPage\":{\"@id\":\"https:\/\/bahiaeconomica.com.br\/wp\/2025\/06\/30\/plano-safra-25-26-da-agricultura-familiar-tera-r-782-bi-e-juros-mais-altos\/\"},\"wordCount\":469,\"publisher\":{\"@id\":\"https:\/\/bahiaeconomica.com.br\/wp\/#organization\"},\"keywords\":[\"Brasil\",\"Pol\u00edtica\",\"SAFRA\"],\"articleSection\":[\"DESTAQUE DO DIA\",\"ECONOMIA \/ POL\u00cdTICA\"],\"inLanguage\":\"pt-BR\"},{\"@type\":\"WebPage\",\"@id\":\"https:\/\/bahiaeconomica.com.br\/wp\/2025\/06\/30\/plano-safra-25-26-da-agricultura-familiar-tera-r-782-bi-e-juros-mais-altos\/\",\"url\":\"https:\/\/bahiaeconomica.com.br\/wp\/2025\/06\/30\/plano-safra-25-26-da-agricultura-familiar-tera-r-782-bi-e-juros-mais-altos\/\",\"name\":\"PLANO SAFRA 25\/26 DA AGRICULTURA FAMILIAR TER\u00c1 R$ 78,2 BI E JUROS MAIS ALTOS - Bahia Economica\",\"isPartOf\":{\"@id\":\"https:\/\/bahiaeconomica.com.br\/wp\/#website\"},\"datePublished\":\"2025-06-30T16:00:09+00:00\",\"dateModified\":\"2025-06-30T15:49:31+00:00\",\"description\":\"O maior portal de Economia da Bahia DESTAQUE DO DIA, ECONOMIA \/ POL\u00cdTICA Bahia Economica Dos recursos equalizados, R$ 16,6 bilh\u00f5es ser\u00e3o para as linhas de custeio\",\"breadcrumb\":{\"@id\":\"https:\/\/bahiaeconomica.com.br\/wp\/2025\/06\/30\/plano-safra-25-26-da-agricultura-familiar-tera-r-782-bi-e-juros-mais-altos\/#breadcrumb\"},\"inLanguage\":\"pt-BR\",\"potentialAction\":[{\"@type\":\"ReadAction\",\"target\":[\"https:\/\/bahiaeconomica.com.br\/wp\/2025\/06\/30\/plano-safra-25-26-da-agricultura-familiar-tera-r-782-bi-e-juros-mais-altos\/\"]}]},{\"@type\":\"BreadcrumbList\",\"@id\":\"https:\/\/bahiaeconomica.com.br\/wp\/2025\/06\/30\/plano-safra-25-26-da-agricultura-familiar-tera-r-782-bi-e-juros-mais-altos\/#breadcrumb\",\"itemListElement\":[{\"@type\":\"ListItem\",\"position\":1,\"name\":\"In\u00edcio\",\"item\":\"https:\/\/bahiaeconomica.com.br\/wp\/\"},{\"@type\":\"ListItem\",\"position\":2,\"name\":\"PLANO SAFRA 25\/26 DA AGRICULTURA FAMILIAR TER\u00c1 R$ 78,2 BI E JUROS MAIS ALTOS\"}]},{\"@type\":\"WebSite\",\"@id\":\"https:\/\/bahiaeconomica.com.br\/wp\/#website\",\"url\":\"https:\/\/bahiaeconomica.com.br\/wp\/\",\"name\":\"Bahia Economica\",\"description\":\"O maior portal de Economia da Bahia\",\"publisher\":{\"@id\":\"https:\/\/bahiaeconomica.com.br\/wp\/#organization\"},\"potentialAction\":[{\"@type\":\"SearchAction\",\"target\":{\"@type\":\"EntryPoint\",\"urlTemplate\":\"https:\/\/bahiaeconomica.com.br\/wp\/?s={search_term_string}\"},\"query-input\":\"required name=search_term_string\"}],\"inLanguage\":\"pt-BR\"},{\"@type\":\"Organization\",\"@id\":\"https:\/\/bahiaeconomica.com.br\/wp\/#organization\",\"name\":\"Bahia Econ\u00f4mica\",\"url\":\"https:\/\/bahiaeconomica.com.br\/wp\/\",\"logo\":{\"@type\":\"ImageObject\",\"inLanguage\":\"pt-BR\",\"@id\":\"https:\/\/bahiaeconomica.com.br\/wp\/#\/schema\/logo\/image\/\",\"url\":\"https:\/\/bahiaeconomica.com.br\/wp\/wp-content\/uploads\/2020\/12\/cropped-BE.png\",\"contentUrl\":\"https:\/\/bahiaeconomica.com.br\/wp\/wp-content\/uploads\/2020\/12\/cropped-BE.png\",\"width\":512,\"height\":512,\"caption\":\"Bahia Econ\u00f4mica\"},\"image\":{\"@id\":\"https:\/\/bahiaeconomica.com.br\/wp\/#\/schema\/logo\/image\/\"},\"sameAs\":[\"https:\/\/www.facebook.com\/bahiaeconomica\"]},{\"@type\":\"Person\",\"@id\":\"https:\/\/bahiaeconomica.com.br\/wp\/#\/schema\/person\/c86d3a3f8960425a0f9d0e5245991f4e\",\"name\":\"JP\",\"sameAs\":[\"https:\/\/bahiaeconomica.com.br\/wp\/beta\/\"],\"url\":\"https:\/\/bahiaeconomica.com.br\/wp\/author\/jp\/\"}]}<\/script>\n<!-- \/ Yoast SEO plugin. -->","yoast_head_json":{"title":"PLANO SAFRA 25\/26 DA AGRICULTURA FAMILIAR TER\u00c1 R$ 78,2 BI E JUROS MAIS ALTOS - Bahia Economica","description":"O maior portal de Economia da Bahia DESTAQUE DO DIA, ECONOMIA \/ POL\u00cdTICA Bahia Economica Dos recursos equalizados, R$ 16,6 bilh\u00f5es ser\u00e3o para as linhas de custeio","robots":{"index":"index","follow":"follow","max-snippet":"max-snippet:-1","max-image-preview":"max-image-preview:large","max-video-preview":"max-video-preview:-1"},"canonical":"https:\/\/bahiaeconomica.com.br\/wp\/2025\/06\/30\/plano-safra-25-26-da-agricultura-familiar-tera-r-782-bi-e-juros-mais-altos\/","og_locale":"pt_BR","og_type":"article","og_title":"PLANO SAFRA 25\/26 DA AGRICULTURA FAMILIAR TER\u00c1 R$ 78,2 BI E JUROS MAIS ALTOS - Bahia Economica","og_description":"O maior portal de Economia da Bahia DESTAQUE DO DIA, ECONOMIA \/ POL\u00cdTICA Bahia Economica Dos recursos equalizados, R$ 16,6 bilh\u00f5es ser\u00e3o para as linhas de custeio","og_url":"https:\/\/bahiaeconomica.com.br\/wp\/2025\/06\/30\/plano-safra-25-26-da-agricultura-familiar-tera-r-782-bi-e-juros-mais-altos\/","og_site_name":"Bahia Economica","article_publisher":"https:\/\/www.facebook.com\/bahiaeconomica","article_published_time":"2025-06-30T16:00:09+00:00","article_modified_time":"2025-06-30T15:49:31+00:00","og_image":[{"url":"https:\/\/bahiaeconomica.com.br\/wp\/wp-content\/uploads\/2025\/06\/54139663525-3a8009577b-k-1.jpeg","width":1,"height":1,"type":"image\/jpeg"}],"author":"JP","twitter_card":"summary_large_image","twitter_misc":{"Escrito por":"JP","Est. tempo de leitura":"3 minutos"},"schema":{"@context":"https:\/\/schema.org","@graph":[{"@type":"Article","@id":"https:\/\/bahiaeconomica.com.br\/wp\/2025\/06\/30\/plano-safra-25-26-da-agricultura-familiar-tera-r-782-bi-e-juros-mais-altos\/#article","isPartOf":{"@id":"https:\/\/bahiaeconomica.com.br\/wp\/2025\/06\/30\/plano-safra-25-26-da-agricultura-familiar-tera-r-782-bi-e-juros-mais-altos\/"},"author":{"name":"JP","@id":"https:\/\/bahiaeconomica.com.br\/wp\/#\/schema\/person\/c86d3a3f8960425a0f9d0e5245991f4e"},"headline":"PLANO SAFRA 25\/26 DA AGRICULTURA FAMILIAR TER\u00c1 R$ 78,2 BI E JUROS MAIS ALTOS","datePublished":"2025-06-30T16:00:09+00:00","dateModified":"2025-06-30T15:49:31+00:00","mainEntityOfPage":{"@id":"https:\/\/bahiaeconomica.com.br\/wp\/2025\/06\/30\/plano-safra-25-26-da-agricultura-familiar-tera-r-782-bi-e-juros-mais-altos\/"},"wordCount":469,"publisher":{"@id":"https:\/\/bahiaeconomica.com.br\/wp\/#organization"},"keywords":["Brasil","Pol\u00edtica","SAFRA"],"articleSection":["DESTAQUE DO DIA","ECONOMIA \/ POL\u00cdTICA"],"inLanguage":"pt-BR"},{"@type":"WebPage","@id":"https:\/\/bahiaeconomica.com.br\/wp\/2025\/06\/30\/plano-safra-25-26-da-agricultura-familiar-tera-r-782-bi-e-juros-mais-altos\/","url":"https:\/\/bahiaeconomica.com.br\/wp\/2025\/06\/30\/plano-safra-25-26-da-agricultura-familiar-tera-r-782-bi-e-juros-mais-altos\/","name":"PLANO SAFRA 25\/26 DA AGRICULTURA FAMILIAR TER\u00c1 R$ 78,2 BI E JUROS MAIS ALTOS - Bahia Economica","isPartOf":{"@id":"https:\/\/bahiaeconomica.com.br\/wp\/#website"},"datePublished":"2025-06-30T16:00:09+00:00","dateModified":"2025-06-30T15:49:31+00:00","description":"O maior portal de Economia da Bahia DESTAQUE DO DIA, ECONOMIA \/ POL\u00cdTICA Bahia Economica Dos recursos equalizados, R$ 16,6 bilh\u00f5es ser\u00e3o para as linhas de custeio","breadcrumb":{"@id":"https:\/\/bahiaeconomica.com.br\/wp\/2025\/06\/30\/plano-safra-25-26-da-agricultura-familiar-tera-r-782-bi-e-juros-mais-altos\/#breadcrumb"},"inLanguage":"pt-BR","potentialAction":[{"@type":"ReadAction","target":["https:\/\/bahiaeconomica.com.br\/wp\/2025\/06\/30\/plano-safra-25-26-da-agricultura-familiar-tera-r-782-bi-e-juros-mais-altos\/"]}]},{"@type":"BreadcrumbList","@id":"https:\/\/bahiaeconomica.com.br\/wp\/2025\/06\/30\/plano-safra-25-26-da-agricultura-familiar-tera-r-782-bi-e-juros-mais-altos\/#breadcrumb","itemListElement":[{"@type":"ListItem","position":1,"name":"In\u00edcio","item":"https:\/\/bahiaeconomica.com.br\/wp\/"},{"@type":"ListItem","position":2,"name":"PLANO SAFRA 25\/26 DA AGRICULTURA FAMILIAR TER\u00c1 R$ 78,2 BI E JUROS MAIS ALTOS"}]},{"@type":"WebSite","@id":"https:\/\/bahiaeconomica.com.br\/wp\/#website","url":"https:\/\/bahiaeconomica.com.br\/wp\/","name":"Bahia Economica","description":"O maior portal de Economia da Bahia","publisher":{"@id":"https:\/\/bahiaeconomica.com.br\/wp\/#organization"},"potentialAction":[{"@type":"SearchAction","target":{"@type":"EntryPoint","urlTemplate":"https:\/\/bahiaeconomica.com.br\/wp\/?s={search_term_string}"},"query-input":"required name=search_term_string"}],"inLanguage":"pt-BR"},{"@type":"Organization","@id":"https:\/\/bahiaeconomica.com.br\/wp\/#organization","name":"Bahia Econ\u00f4mica","url":"https:\/\/bahiaeconomica.com.br\/wp\/","logo":{"@type":"ImageObject","inLanguage":"pt-BR","@id":"https:\/\/bahiaeconomica.com.br\/wp\/#\/schema\/logo\/image\/","url":"https:\/\/bahiaeconomica.com.br\/wp\/wp-content\/uploads\/2020\/12\/cropped-BE.png","contentUrl":"https:\/\/bahiaeconomica.com.br\/wp\/wp-content\/uploads\/2020\/12\/cropped-BE.png","width":512,"height":512,"caption":"Bahia Econ\u00f4mica"},"image":{"@id":"https:\/\/bahiaeconomica.com.br\/wp\/#\/schema\/logo\/image\/"},"sameAs":["https:\/\/www.facebook.com\/bahiaeconomica"]},{"@type":"Person","@id":"https:\/\/bahiaeconomica.com.br\/wp\/#\/schema\/person\/c86d3a3f8960425a0f9d0e5245991f4e","name":"JP","sameAs":["https:\/\/bahiaeconomica.com.br\/wp\/beta\/"],"url":"https:\/\/bahiaeconomica.com.br\/wp\/author\/jp\/"}]}},"views":38,"_links":{"self":[{"href":"https:\/\/bahiaeconomica.com.br\/wp\/wp-json\/wp\/v2\/posts\/914980"}],"collection":[{"href":"https:\/\/bahiaeconomica.com.br\/wp\/wp-json\/wp\/v2\/posts"}],"about":[{"href":"https:\/\/bahiaeconomica.com.br\/wp\/wp-json\/wp\/v2\/types\/post"}],"author":[{"embeddable":true,"href":"https:\/\/bahiaeconomica.com.br\/wp\/wp-json\/wp\/v2\/users\/8"}],"replies":[{"embeddable":true,"href":"https:\/\/bahiaeconomica.com.br\/wp\/wp-json\/wp\/v2\/comments?post=914980"}],"version-history":[{"count":1,"href":"https:\/\/bahiaeconomica.com.br\/wp\/wp-json\/wp\/v2\/posts\/914980\/revisions"}],"predecessor-version":[{"id":914982,"href":"https:\/\/bahiaeconomica.com.br\/wp\/wp-json\/wp\/v2\/posts\/914980\/revisions\/914982"}],"wp:featuredmedia":[{"embeddable":true,"href":"https:\/\/bahiaeconomica.com.br\/wp\/wp-json\/wp\/v2\/media\/914981"}],"wp:attachment":[{"href":"https:\/\/bahiaeconomica.com.br\/wp\/wp-json\/wp\/v2\/media?parent=914980"}],"wp:term":[{"taxonomy":"category","embeddable":true,"href":"https:\/\/bahiaeconomica.com.br\/wp\/wp-json\/wp\/v2\/categories?post=914980"},{"taxonomy":"post_tag","embeddable":true,"href":"https:\/\/bahiaeconomica.com.br\/wp\/wp-json\/wp\/v2\/tags?post=914980"}],"curies":[{"name":"wp","href":"https:\/\/api.w.org\/{rel}","templated":true}]}}