{"id":914482,"date":"2025-06-27T09:40:05","date_gmt":"2025-06-27T12:40:05","guid":{"rendered":"https:\/\/bahiaeconomica.com.br\/wp\/?p=914482"},"modified":"2025-06-27T09:54:11","modified_gmt":"2025-06-27T12:54:11","slug":"armando-avena-os-demonios-do-seculo-xxi","status":"publish","type":"post","link":"https:\/\/bahiaeconomica.com.br\/wp\/2025\/06\/27\/armando-avena-os-demonios-do-seculo-xxi\/","title":{"rendered":"ARMANDO AVENA &#8211; OS DEM\u00d4NIOS DO S\u00c9CULO XXI"},"content":{"rendered":"<p style=\"font-weight: 400; text-align: left;\">Se Ariel, o esp\u00edrito aprisionado por Pr\u00f3spero, visse o que se passa na terceira d\u00e9cada do s\u00e9culo XXI, diria novamente: \u201cO Inferno est\u00e1 vazio e todos os dem\u00f4nios est\u00e3o aqui\u201d.<\/p>\n<p style=\"font-weight: 400;\">O mundo vive um tempo de desordem, polariza\u00e7\u00e3o e crises \u2014 ambientais, pol\u00edticas, \u00e9ticas \u2014 e j\u00e1 n\u00e3o h\u00e1 estadistas que possam enfrentar os novos tempos, com vis\u00e3o, coragem e valores, mas apenas dem\u00f4nios, interessados em poder e dinheiro, n\u00e3o importa a que custo, e na manuten\u00e7\u00e3o dos seus cargos e privil\u00e9gios.<\/p>\n<p style=\"font-weight: 400;\">No s\u00e9culo XX, mesmo quando os tempos eram sombrios, os l\u00edderes n\u00e3o eram movidos pelo poder a qualquer pre\u00e7o, havia neles a grandeza, a coragem e o esp\u00edrito p\u00fablico de quem almeja um papel de destaque na hist\u00f3ria.<\/p>\n<p style=\"font-weight: 400;\">Como n\u00e3o lembrar de Winston Churchill que, apesar de suas posi\u00e7\u00f5es conservadoras, entendeu a import\u00e2ncia da liberdade e foi a voz da resist\u00eancia contra o nazismo; ou de Mahatma Gandhi, que libertou a \u00cdndia sem usar uma arma, sustentado apenas pela for\u00e7a de sua f\u00e9 e de sua \u00e9tica. E de Nelson Mandela que, ap\u00f3s 27 anos de pris\u00e3o, escolheu o perd\u00e3o em vez da vingan\u00e7a, unindo a \u00c1frica do Sul sob a promessa de reconcilia\u00e7\u00e3o.<\/p>\n<p style=\"font-weight: 400;\">Mesmo l\u00edderes controversos, como Margaret Thatcher, de direita, ou Fran\u00e7ois Mitterrand, de esquerda, tinham um tra\u00e7o em comum: acreditavam em ideias, defendiam projetos de sociedade, n\u00e3o agiam ao sabor dos seus interesses. Tinham ra\u00edzes ideol\u00f3gicas, goste-se delas ou n\u00e3o, e ideias moldadas por valores.<\/p>\n<p style=\"font-weight: 400;\">Hoje n\u00e3o h\u00e1 valores, n\u00e3o h\u00e1 ideias, os dem\u00f4nios tomaram o poder em toda parte e eles mudam de opini\u00e3o ao sabor da pol\u00edtica, dos seus interesses mesquinhos e das pesquisas de opini\u00e3o.<\/p>\n<p style=\"font-weight: 400;\">A guerra entre Israel e Ir\u00e3 mostrou a pequenez desses dem\u00f4nios. O \u201cshed\u201d israelense que precisa da guerra para se manter no poder; o \u201csheyt\u00e2n\u201d iraniano, matador de mulheres, que cultiva armas nucleares para se manter no poder; e um \u201cpathetic demon\u201d, l\u00edder da maior pot\u00eancia do mundo, que negocia a honra e os valores, como se fossem moedas. Poucas vezes se viu algo t\u00e3o pat\u00e9tico quanto a guerra combinada, na qual os Estados Unidos avisaram antecipadamente ao Ir\u00e3 que iriam atacar suas fortalezas nucleares e o Ir\u00e3 fez o mesmo no ataque \u00e0 base americana.<\/p>\n<p style=\"font-weight: 400;\">Tudo isso, sob o olhar belicoso do \u201cshed\u201d israelense, que comparou o sacrif\u00edcio do povo de Israel, que teve seus filhos mortos e sequestrados pelos terroristas do Hamas, ao sacrif\u00edcio de sua fam\u00edlia, que teve de adiar o casamento do seu filho.<\/p>\n<p style=\"font-weight: 400;\">O glorioso povo de Israel, que teve l\u00edderes como Ben-Gurion e Yitzhak Rabin, pode at\u00e9 unir-se na guerra, como \u00e9 devido, mas n\u00e3o merece ser liderado por Satan. O hist\u00f3rico povo persa n\u00e3o merece a ditadura cruel dos aiatol\u00e1s, nem os americanos fazem jus ao \u201cclownish devil\u201d, que se intitula Rei da Am\u00e9rica. N\u00e3o h\u00e1 estadistas no s\u00e9culo XXI, as grandes na\u00e7\u00f5es foram entregues a homens apequenados, dem\u00f4nios ris\u00edveis, desejosos de poder.<\/p>\n<p>Publicado no jornal A Tarde em 27\/06\/2025<\/p>\n<p>Imagem criada por IA<\/p>\n","protected":false},"excerpt":{"rendered":"<p>Se Ariel, o esp\u00edrito aprisionado por Pr\u00f3spero, visse o que se passa na terceira d\u00e9cada do s\u00e9culo XXI, diria novamente: \u201cO Inferno est\u00e1 vazio e todos os dem\u00f4nios est\u00e3o aqui\u201d. O mundo vive um tempo de desordem, polariza\u00e7\u00e3o e crises \u2014 ambientais, pol\u00edticas, \u00e9ticas \u2014 e j\u00e1 n\u00e3o h\u00e1 estadistas que possam enfrentar os novos [&hellip;]<\/p>\n","protected":false},"author":1,"featured_media":914500,"comment_status":"closed","ping_status":"closed","sticky":false,"template":"","format":"standard","meta":[],"categories":[6,14601],"tags":[],"acf":[],"yoast_head":"<!-- This site is optimized with the Yoast SEO plugin v20.8 - https:\/\/yoast.com\/wordpress\/plugins\/seo\/ -->\n<title>ARMANDO AVENA - OS DEM\u00d4NIOS DO S\u00c9CULO XXI - Bahia Economica<\/title>\n<meta name=\"description\" content=\"O maior portal de Economia da Bahia ARTIGOS, Pol\u00edtica Bahia Economica\" \/>\n<meta name=\"robots\" content=\"index, follow, max-snippet:-1, max-image-preview:large, max-video-preview:-1\" \/>\n<link rel=\"canonical\" href=\"https:\/\/bahiaeconomica.com.br\/wp\/2025\/06\/27\/armando-avena-os-demonios-do-seculo-xxi\/\" \/>\n<meta property=\"og:locale\" content=\"pt_BR\" \/>\n<meta property=\"og:type\" content=\"article\" \/>\n<meta property=\"og:title\" content=\"ARMANDO AVENA - OS DEM\u00d4NIOS DO S\u00c9CULO XXI - Bahia Economica\" \/>\n<meta property=\"og:description\" content=\"O maior portal de Economia da Bahia ARTIGOS, Pol\u00edtica Bahia Economica\" \/>\n<meta property=\"og:url\" content=\"https:\/\/bahiaeconomica.com.br\/wp\/2025\/06\/27\/armando-avena-os-demonios-do-seculo-xxi\/\" \/>\n<meta property=\"og:site_name\" content=\"Bahia Economica\" \/>\n<meta property=\"article:publisher\" content=\"https:\/\/www.facebook.com\/bahiaeconomica\" \/>\n<meta property=\"article:published_time\" content=\"2025-06-27T12:40:05+00:00\" \/>\n<meta property=\"article:modified_time\" content=\"2025-06-27T12:54:11+00:00\" \/>\n<meta property=\"og:image\" content=\"https:\/\/bahiaeconomica.com.br\/wp\/wp-content\/uploads\/2025\/06\/IMG_4883.jpeg\" \/>\n\t<meta property=\"og:image:width\" content=\"1170\" \/>\n\t<meta property=\"og:image:height\" content=\"1212\" \/>\n\t<meta property=\"og:image:type\" content=\"image\/jpeg\" \/>\n<meta name=\"author\" content=\"admin\" \/>\n<meta name=\"twitter:card\" content=\"summary_large_image\" \/>\n<meta name=\"twitter:label1\" content=\"Escrito por\" \/>\n\t<meta name=\"twitter:data1\" content=\"admin\" \/>\n\t<meta name=\"twitter:label2\" content=\"Est. tempo de leitura\" \/>\n\t<meta name=\"twitter:data2\" content=\"3 minutos\" \/>\n<script type=\"application\/ld+json\" class=\"yoast-schema-graph\">{\"@context\":\"https:\/\/schema.org\",\"@graph\":[{\"@type\":\"Article\",\"@id\":\"https:\/\/bahiaeconomica.com.br\/wp\/2025\/06\/27\/armando-avena-os-demonios-do-seculo-xxi\/#article\",\"isPartOf\":{\"@id\":\"https:\/\/bahiaeconomica.com.br\/wp\/2025\/06\/27\/armando-avena-os-demonios-do-seculo-xxi\/\"},\"author\":{\"name\":\"admin\",\"@id\":\"https:\/\/bahiaeconomica.com.br\/wp\/#\/schema\/person\/cb1ab5ba96ad3d9390805381c76284ec\"},\"headline\":\"ARMANDO AVENA &#8211; OS DEM\u00d4NIOS DO S\u00c9CULO XXI\",\"datePublished\":\"2025-06-27T12:40:05+00:00\",\"dateModified\":\"2025-06-27T12:54:11+00:00\",\"mainEntityOfPage\":{\"@id\":\"https:\/\/bahiaeconomica.com.br\/wp\/2025\/06\/27\/armando-avena-os-demonios-do-seculo-xxi\/\"},\"wordCount\":562,\"publisher\":{\"@id\":\"https:\/\/bahiaeconomica.com.br\/wp\/#organization\"},\"articleSection\":[\"ARTIGOS\",\"Pol\u00edtica\"],\"inLanguage\":\"pt-BR\"},{\"@type\":\"WebPage\",\"@id\":\"https:\/\/bahiaeconomica.com.br\/wp\/2025\/06\/27\/armando-avena-os-demonios-do-seculo-xxi\/\",\"url\":\"https:\/\/bahiaeconomica.com.br\/wp\/2025\/06\/27\/armando-avena-os-demonios-do-seculo-xxi\/\",\"name\":\"ARMANDO AVENA - OS DEM\u00d4NIOS DO S\u00c9CULO XXI - Bahia Economica\",\"isPartOf\":{\"@id\":\"https:\/\/bahiaeconomica.com.br\/wp\/#website\"},\"datePublished\":\"2025-06-27T12:40:05+00:00\",\"dateModified\":\"2025-06-27T12:54:11+00:00\",\"description\":\"O maior portal de Economia da Bahia ARTIGOS, Pol\u00edtica Bahia Economica\",\"breadcrumb\":{\"@id\":\"https:\/\/bahiaeconomica.com.br\/wp\/2025\/06\/27\/armando-avena-os-demonios-do-seculo-xxi\/#breadcrumb\"},\"inLanguage\":\"pt-BR\",\"potentialAction\":[{\"@type\":\"ReadAction\",\"target\":[\"https:\/\/bahiaeconomica.com.br\/wp\/2025\/06\/27\/armando-avena-os-demonios-do-seculo-xxi\/\"]}]},{\"@type\":\"BreadcrumbList\",\"@id\":\"https:\/\/bahiaeconomica.com.br\/wp\/2025\/06\/27\/armando-avena-os-demonios-do-seculo-xxi\/#breadcrumb\",\"itemListElement\":[{\"@type\":\"ListItem\",\"position\":1,\"name\":\"In\u00edcio\",\"item\":\"https:\/\/bahiaeconomica.com.br\/wp\/\"},{\"@type\":\"ListItem\",\"position\":2,\"name\":\"ARMANDO AVENA &#8211; OS DEM\u00d4NIOS DO S\u00c9CULO XXI\"}]},{\"@type\":\"WebSite\",\"@id\":\"https:\/\/bahiaeconomica.com.br\/wp\/#website\",\"url\":\"https:\/\/bahiaeconomica.com.br\/wp\/\",\"name\":\"Bahia Economica\",\"description\":\"O maior portal de Economia da Bahia\",\"publisher\":{\"@id\":\"https:\/\/bahiaeconomica.com.br\/wp\/#organization\"},\"potentialAction\":[{\"@type\":\"SearchAction\",\"target\":{\"@type\":\"EntryPoint\",\"urlTemplate\":\"https:\/\/bahiaeconomica.com.br\/wp\/?s={search_term_string}\"},\"query-input\":\"required name=search_term_string\"}],\"inLanguage\":\"pt-BR\"},{\"@type\":\"Organization\",\"@id\":\"https:\/\/bahiaeconomica.com.br\/wp\/#organization\",\"name\":\"Bahia Econ\u00f4mica\",\"url\":\"https:\/\/bahiaeconomica.com.br\/wp\/\",\"logo\":{\"@type\":\"ImageObject\",\"inLanguage\":\"pt-BR\",\"@id\":\"https:\/\/bahiaeconomica.com.br\/wp\/#\/schema\/logo\/image\/\",\"url\":\"https:\/\/bahiaeconomica.com.br\/wp\/wp-content\/uploads\/2020\/12\/cropped-BE.png\",\"contentUrl\":\"https:\/\/bahiaeconomica.com.br\/wp\/wp-content\/uploads\/2020\/12\/cropped-BE.png\",\"width\":512,\"height\":512,\"caption\":\"Bahia Econ\u00f4mica\"},\"image\":{\"@id\":\"https:\/\/bahiaeconomica.com.br\/wp\/#\/schema\/logo\/image\/\"},\"sameAs\":[\"https:\/\/www.facebook.com\/bahiaeconomica\"]},{\"@type\":\"Person\",\"@id\":\"https:\/\/bahiaeconomica.com.br\/wp\/#\/schema\/person\/cb1ab5ba96ad3d9390805381c76284ec\",\"name\":\"admin\",\"url\":\"https:\/\/bahiaeconomica.com.br\/wp\/author\/admin\/\"}]}<\/script>\n<!-- \/ Yoast SEO plugin. -->","yoast_head_json":{"title":"ARMANDO AVENA - OS DEM\u00d4NIOS DO S\u00c9CULO XXI - Bahia Economica","description":"O maior portal de Economia da Bahia ARTIGOS, Pol\u00edtica Bahia Economica","robots":{"index":"index","follow":"follow","max-snippet":"max-snippet:-1","max-image-preview":"max-image-preview:large","max-video-preview":"max-video-preview:-1"},"canonical":"https:\/\/bahiaeconomica.com.br\/wp\/2025\/06\/27\/armando-avena-os-demonios-do-seculo-xxi\/","og_locale":"pt_BR","og_type":"article","og_title":"ARMANDO AVENA - OS DEM\u00d4NIOS DO S\u00c9CULO XXI - Bahia Economica","og_description":"O maior portal de Economia da Bahia ARTIGOS, Pol\u00edtica Bahia Economica","og_url":"https:\/\/bahiaeconomica.com.br\/wp\/2025\/06\/27\/armando-avena-os-demonios-do-seculo-xxi\/","og_site_name":"Bahia Economica","article_publisher":"https:\/\/www.facebook.com\/bahiaeconomica","article_published_time":"2025-06-27T12:40:05+00:00","article_modified_time":"2025-06-27T12:54:11+00:00","og_image":[{"width":1170,"height":1212,"url":"https:\/\/bahiaeconomica.com.br\/wp\/wp-content\/uploads\/2025\/06\/IMG_4883.jpeg","type":"image\/jpeg"}],"author":"admin","twitter_card":"summary_large_image","twitter_misc":{"Escrito por":"admin","Est. tempo de leitura":"3 minutos"},"schema":{"@context":"https:\/\/schema.org","@graph":[{"@type":"Article","@id":"https:\/\/bahiaeconomica.com.br\/wp\/2025\/06\/27\/armando-avena-os-demonios-do-seculo-xxi\/#article","isPartOf":{"@id":"https:\/\/bahiaeconomica.com.br\/wp\/2025\/06\/27\/armando-avena-os-demonios-do-seculo-xxi\/"},"author":{"name":"admin","@id":"https:\/\/bahiaeconomica.com.br\/wp\/#\/schema\/person\/cb1ab5ba96ad3d9390805381c76284ec"},"headline":"ARMANDO AVENA &#8211; OS DEM\u00d4NIOS DO S\u00c9CULO XXI","datePublished":"2025-06-27T12:40:05+00:00","dateModified":"2025-06-27T12:54:11+00:00","mainEntityOfPage":{"@id":"https:\/\/bahiaeconomica.com.br\/wp\/2025\/06\/27\/armando-avena-os-demonios-do-seculo-xxi\/"},"wordCount":562,"publisher":{"@id":"https:\/\/bahiaeconomica.com.br\/wp\/#organization"},"articleSection":["ARTIGOS","Pol\u00edtica"],"inLanguage":"pt-BR"},{"@type":"WebPage","@id":"https:\/\/bahiaeconomica.com.br\/wp\/2025\/06\/27\/armando-avena-os-demonios-do-seculo-xxi\/","url":"https:\/\/bahiaeconomica.com.br\/wp\/2025\/06\/27\/armando-avena-os-demonios-do-seculo-xxi\/","name":"ARMANDO AVENA - OS DEM\u00d4NIOS DO S\u00c9CULO XXI - Bahia Economica","isPartOf":{"@id":"https:\/\/bahiaeconomica.com.br\/wp\/#website"},"datePublished":"2025-06-27T12:40:05+00:00","dateModified":"2025-06-27T12:54:11+00:00","description":"O maior portal de Economia da Bahia ARTIGOS, Pol\u00edtica Bahia Economica","breadcrumb":{"@id":"https:\/\/bahiaeconomica.com.br\/wp\/2025\/06\/27\/armando-avena-os-demonios-do-seculo-xxi\/#breadcrumb"},"inLanguage":"pt-BR","potentialAction":[{"@type":"ReadAction","target":["https:\/\/bahiaeconomica.com.br\/wp\/2025\/06\/27\/armando-avena-os-demonios-do-seculo-xxi\/"]}]},{"@type":"BreadcrumbList","@id":"https:\/\/bahiaeconomica.com.br\/wp\/2025\/06\/27\/armando-avena-os-demonios-do-seculo-xxi\/#breadcrumb","itemListElement":[{"@type":"ListItem","position":1,"name":"In\u00edcio","item":"https:\/\/bahiaeconomica.com.br\/wp\/"},{"@type":"ListItem","position":2,"name":"ARMANDO AVENA &#8211; OS DEM\u00d4NIOS DO S\u00c9CULO XXI"}]},{"@type":"WebSite","@id":"https:\/\/bahiaeconomica.com.br\/wp\/#website","url":"https:\/\/bahiaeconomica.com.br\/wp\/","name":"Bahia Economica","description":"O maior portal de Economia da Bahia","publisher":{"@id":"https:\/\/bahiaeconomica.com.br\/wp\/#organization"},"potentialAction":[{"@type":"SearchAction","target":{"@type":"EntryPoint","urlTemplate":"https:\/\/bahiaeconomica.com.br\/wp\/?s={search_term_string}"},"query-input":"required name=search_term_string"}],"inLanguage":"pt-BR"},{"@type":"Organization","@id":"https:\/\/bahiaeconomica.com.br\/wp\/#organization","name":"Bahia Econ\u00f4mica","url":"https:\/\/bahiaeconomica.com.br\/wp\/","logo":{"@type":"ImageObject","inLanguage":"pt-BR","@id":"https:\/\/bahiaeconomica.com.br\/wp\/#\/schema\/logo\/image\/","url":"https:\/\/bahiaeconomica.com.br\/wp\/wp-content\/uploads\/2020\/12\/cropped-BE.png","contentUrl":"https:\/\/bahiaeconomica.com.br\/wp\/wp-content\/uploads\/2020\/12\/cropped-BE.png","width":512,"height":512,"caption":"Bahia Econ\u00f4mica"},"image":{"@id":"https:\/\/bahiaeconomica.com.br\/wp\/#\/schema\/logo\/image\/"},"sameAs":["https:\/\/www.facebook.com\/bahiaeconomica"]},{"@type":"Person","@id":"https:\/\/bahiaeconomica.com.br\/wp\/#\/schema\/person\/cb1ab5ba96ad3d9390805381c76284ec","name":"admin","url":"https:\/\/bahiaeconomica.com.br\/wp\/author\/admin\/"}]}},"views":180,"_links":{"self":[{"href":"https:\/\/bahiaeconomica.com.br\/wp\/wp-json\/wp\/v2\/posts\/914482"}],"collection":[{"href":"https:\/\/bahiaeconomica.com.br\/wp\/wp-json\/wp\/v2\/posts"}],"about":[{"href":"https:\/\/bahiaeconomica.com.br\/wp\/wp-json\/wp\/v2\/types\/post"}],"author":[{"embeddable":true,"href":"https:\/\/bahiaeconomica.com.br\/wp\/wp-json\/wp\/v2\/users\/1"}],"replies":[{"embeddable":true,"href":"https:\/\/bahiaeconomica.com.br\/wp\/wp-json\/wp\/v2\/comments?post=914482"}],"version-history":[{"count":3,"href":"https:\/\/bahiaeconomica.com.br\/wp\/wp-json\/wp\/v2\/posts\/914482\/revisions"}],"predecessor-version":[{"id":914491,"href":"https:\/\/bahiaeconomica.com.br\/wp\/wp-json\/wp\/v2\/posts\/914482\/revisions\/914491"}],"wp:featuredmedia":[{"embeddable":true,"href":"https:\/\/bahiaeconomica.com.br\/wp\/wp-json\/wp\/v2\/media\/914500"}],"wp:attachment":[{"href":"https:\/\/bahiaeconomica.com.br\/wp\/wp-json\/wp\/v2\/media?parent=914482"}],"wp:term":[{"taxonomy":"category","embeddable":true,"href":"https:\/\/bahiaeconomica.com.br\/wp\/wp-json\/wp\/v2\/categories?post=914482"},{"taxonomy":"post_tag","embeddable":true,"href":"https:\/\/bahiaeconomica.com.br\/wp\/wp-json\/wp\/v2\/tags?post=914482"}],"curies":[{"name":"wp","href":"https:\/\/api.w.org\/{rel}","templated":true}]}}