{"id":914342,"date":"2025-06-26T18:29:54","date_gmt":"2025-06-26T21:29:54","guid":{"rendered":"https:\/\/bahiaeconomica.com.br\/wp\/?p=914342"},"modified":"2025-06-26T16:42:29","modified_gmt":"2025-06-26T19:42:29","slug":"coelba-reforca-alerta-para-festejos-de-sao-pedro-na-bahia","status":"publish","type":"post","link":"https:\/\/bahiaeconomica.com.br\/wp\/2025\/06\/26\/coelba-reforca-alerta-para-festejos-de-sao-pedro-na-bahia\/","title":{"rendered":"COELBA REFOR\u00c7A ALERTA PARA FESTEJOS DE S\u00c3O PEDRO NA BAHIA"},"content":{"rendered":"<p>O S\u00e3o Jo\u00e3o chegou ao fim na \u00faltima ter\u00e7a-feira (24), mas o per\u00edodo junino reserva mais uma data comemorativa na Bahia. As celebra\u00e7\u00f5es de S\u00e3o Pedro acontecem no pr\u00f3ximo final de semana e diversos munic\u00edpios do estado est\u00e3o preparando grandes festas. Durante o festejo, a Neoenergia Coelba seguir\u00e1 com equipes refor\u00e7adas nas cidades que devem concentrar um maior fluxo de pessoas e destaca as orienta\u00e7\u00f5es de seguran\u00e7a que a popula\u00e7\u00e3o precisa seguir para evitar acidentes com a eletricidade.<\/p>\n<p>A distribuidora refor\u00e7ou a infraestrutura el\u00e9trica com inspe\u00e7\u00f5es nos circuitos que atendem os locais de festa e realizou manuten\u00e7\u00f5es preventivas em toda a rede el\u00e9trica, a exemplo de podas de \u00e1rvores pr\u00f3ximas aos cabos de energia que poderiam impactar o fornecimento.<\/p>\n<p>Durante o final de semana, todo o sistema el\u00e9trico ser\u00e1 monitorado em tempo real pelo Centro de Opera\u00e7\u00f5es Integradas da Neoenergia Coelba. Em campo, o efetivo de eletricistas ser\u00e1 refor\u00e7ado para atender poss\u00edveis ocorr\u00eancias com agilidade.<\/p>\n<p>Todo esse esfor\u00e7o operacional realizado pela Neoenergia Coelba deve ser acompanhado por cuidados da popula\u00e7\u00e3o. Alguns comportamentos devem ser seguidos para que n\u00e3o haja acidentes graves envolvendo a eletricidade ou interrup\u00e7\u00f5es de energia.<\/p>\n<p>\u00c1reas externas:<\/p>\n<p>Enfeites como bandeirolas e cord\u00f5es de luz n\u00e3o podem ser fixados em postes nem pr\u00f3ximos \u00e0 fia\u00e7\u00e3o el\u00e9trica e devem ser feitos com materiais n\u00e3o condutores;<br \/>\nA instala\u00e7\u00e3o de luzes decorativas deve manter dist\u00e2ncia m\u00ednima de 2,5 metros da rede el\u00e9trica;<br \/>\nFogueiras precisam estar longe de postes e fia\u00e7\u00f5es. O calor das chamas pode danificar os cabos e causar acidentes;<br \/>\nNunca solte bal\u00f5es \u2014 al\u00e9m de ser crime, eles oferecem alto risco de provocar inc\u00eandios e acidentes na rede;<br \/>\nFogos de artif\u00edcio e bombas tamb\u00e9m devem ser utilizados longe da rede el\u00e9trica;<br \/>\nLiga\u00e7\u00f5es clandestinas (&#8220;gatos&#8221;) colocam vidas em risco e s\u00e3o crime previsto no C\u00f3digo Penal Brasileiro.<br \/>\nDentro das resid\u00eancias:<\/p>\n<p>Priorize filtros de linha no lugar de extens\u00f5es e benjamins (&#8220;T&#8221;);<br \/>\nN\u00e3o use bocais de l\u00e2mpadas como suporte para pendurar enfeites;<br \/>\nNunca manuseie eletrodom\u00e9sticos com o corpo molhado;<br \/>\nEm caso de choque el\u00e9trico, desligue imediatamente o disjuntor antes de prestar socorro. Caso o acidente envolva a rede el\u00e9trica, acione a Neoenergia Coelba pelo 116.<\/p>\n<p>Foto: Divulga\u00e7\u00e3o\/Coelba<\/p>\n","protected":false},"excerpt":{"rendered":"<p>O S\u00e3o Jo\u00e3o chegou ao fim na \u00faltima ter\u00e7a-feira (24), mas o per\u00edodo junino reserva mais uma data comemorativa na Bahia. As celebra\u00e7\u00f5es de S\u00e3o Pedro acontecem no pr\u00f3ximo final de semana e diversos munic\u00edpios do estado est\u00e3o preparando grandes festas. Durante o festejo, a Neoenergia Coelba seguir\u00e1 com equipes refor\u00e7adas nas cidades que devem [&hellip;]<\/p>\n","protected":false},"author":16,"featured_media":914344,"comment_status":"closed","ping_status":"closed","sticky":false,"template":"","format":"standard","meta":[],"categories":[5],"tags":[],"acf":[],"yoast_head":"<!-- This site is optimized with the Yoast SEO plugin v20.8 - https:\/\/yoast.com\/wordpress\/plugins\/seo\/ -->\n<title>COELBA REFOR\u00c7A ALERTA PARA FESTEJOS DE S\u00c3O PEDRO NA BAHIA - Bahia Economica<\/title>\n<meta name=\"description\" content=\"O maior portal de Economia da Bahia MUNIC\u00cdPIOS Bahia Economica\" \/>\n<meta name=\"robots\" content=\"index, follow, max-snippet:-1, max-image-preview:large, max-video-preview:-1\" \/>\n<link rel=\"canonical\" href=\"https:\/\/bahiaeconomica.com.br\/wp\/2025\/06\/26\/coelba-reforca-alerta-para-festejos-de-sao-pedro-na-bahia\/\" \/>\n<meta property=\"og:locale\" content=\"pt_BR\" \/>\n<meta property=\"og:type\" content=\"article\" \/>\n<meta property=\"og:title\" content=\"COELBA REFOR\u00c7A ALERTA PARA FESTEJOS DE S\u00c3O PEDRO NA BAHIA - Bahia Economica\" \/>\n<meta property=\"og:description\" content=\"O maior portal de Economia da Bahia MUNIC\u00cdPIOS Bahia Economica\" \/>\n<meta property=\"og:url\" content=\"https:\/\/bahiaeconomica.com.br\/wp\/2025\/06\/26\/coelba-reforca-alerta-para-festejos-de-sao-pedro-na-bahia\/\" \/>\n<meta property=\"og:site_name\" content=\"Bahia Economica\" \/>\n<meta property=\"article:publisher\" content=\"https:\/\/www.facebook.com\/bahiaeconomica\" \/>\n<meta property=\"article:published_time\" content=\"2025-06-26T21:29:54+00:00\" \/>\n<meta property=\"article:modified_time\" content=\"2025-06-26T19:42:29+00:00\" \/>\n<meta property=\"og:image\" content=\"https:\/\/bahiaeconomica.com.br\/wp\/wp-content\/uploads\/2025\/06\/handler-34-1.jpg\" \/>\n\t<meta property=\"og:image:width\" content=\"800\" \/>\n\t<meta property=\"og:image:height\" content=\"480\" \/>\n\t<meta property=\"og:image:type\" content=\"image\/jpeg\" \/>\n<meta name=\"author\" content=\"LUIZA NASCIMENTO\" \/>\n<meta name=\"twitter:card\" content=\"summary_large_image\" \/>\n<meta name=\"twitter:label1\" content=\"Escrito por\" \/>\n\t<meta name=\"twitter:data1\" content=\"LUIZA NASCIMENTO\" \/>\n\t<meta name=\"twitter:label2\" content=\"Est. tempo de leitura\" \/>\n\t<meta name=\"twitter:data2\" content=\"2 minutos\" \/>\n<script type=\"application\/ld+json\" class=\"yoast-schema-graph\">{\"@context\":\"https:\/\/schema.org\",\"@graph\":[{\"@type\":\"Article\",\"@id\":\"https:\/\/bahiaeconomica.com.br\/wp\/2025\/06\/26\/coelba-reforca-alerta-para-festejos-de-sao-pedro-na-bahia\/#article\",\"isPartOf\":{\"@id\":\"https:\/\/bahiaeconomica.com.br\/wp\/2025\/06\/26\/coelba-reforca-alerta-para-festejos-de-sao-pedro-na-bahia\/\"},\"author\":{\"name\":\"LUIZA NASCIMENTO\",\"@id\":\"https:\/\/bahiaeconomica.com.br\/wp\/#\/schema\/person\/18273ac0fe04bfd4e7b101bf17d40152\"},\"headline\":\"COELBA REFOR\u00c7A ALERTA PARA FESTEJOS DE S\u00c3O PEDRO NA BAHIA\",\"datePublished\":\"2025-06-26T21:29:54+00:00\",\"dateModified\":\"2025-06-26T19:42:29+00:00\",\"mainEntityOfPage\":{\"@id\":\"https:\/\/bahiaeconomica.com.br\/wp\/2025\/06\/26\/coelba-reforca-alerta-para-festejos-de-sao-pedro-na-bahia\/\"},\"wordCount\":420,\"publisher\":{\"@id\":\"https:\/\/bahiaeconomica.com.br\/wp\/#organization\"},\"articleSection\":[\"MUNIC\u00cdPIOS\"],\"inLanguage\":\"pt-BR\"},{\"@type\":\"WebPage\",\"@id\":\"https:\/\/bahiaeconomica.com.br\/wp\/2025\/06\/26\/coelba-reforca-alerta-para-festejos-de-sao-pedro-na-bahia\/\",\"url\":\"https:\/\/bahiaeconomica.com.br\/wp\/2025\/06\/26\/coelba-reforca-alerta-para-festejos-de-sao-pedro-na-bahia\/\",\"name\":\"COELBA REFOR\u00c7A ALERTA PARA FESTEJOS DE S\u00c3O PEDRO NA BAHIA - Bahia Economica\",\"isPartOf\":{\"@id\":\"https:\/\/bahiaeconomica.com.br\/wp\/#website\"},\"datePublished\":\"2025-06-26T21:29:54+00:00\",\"dateModified\":\"2025-06-26T19:42:29+00:00\",\"description\":\"O maior portal de Economia da Bahia MUNIC\u00cdPIOS Bahia Economica\",\"breadcrumb\":{\"@id\":\"https:\/\/bahiaeconomica.com.br\/wp\/2025\/06\/26\/coelba-reforca-alerta-para-festejos-de-sao-pedro-na-bahia\/#breadcrumb\"},\"inLanguage\":\"pt-BR\",\"potentialAction\":[{\"@type\":\"ReadAction\",\"target\":[\"https:\/\/bahiaeconomica.com.br\/wp\/2025\/06\/26\/coelba-reforca-alerta-para-festejos-de-sao-pedro-na-bahia\/\"]}]},{\"@type\":\"BreadcrumbList\",\"@id\":\"https:\/\/bahiaeconomica.com.br\/wp\/2025\/06\/26\/coelba-reforca-alerta-para-festejos-de-sao-pedro-na-bahia\/#breadcrumb\",\"itemListElement\":[{\"@type\":\"ListItem\",\"position\":1,\"name\":\"In\u00edcio\",\"item\":\"https:\/\/bahiaeconomica.com.br\/wp\/\"},{\"@type\":\"ListItem\",\"position\":2,\"name\":\"COELBA REFOR\u00c7A ALERTA PARA FESTEJOS DE S\u00c3O PEDRO NA BAHIA\"}]},{\"@type\":\"WebSite\",\"@id\":\"https:\/\/bahiaeconomica.com.br\/wp\/#website\",\"url\":\"https:\/\/bahiaeconomica.com.br\/wp\/\",\"name\":\"Bahia Economica\",\"description\":\"O maior portal de Economia da Bahia\",\"publisher\":{\"@id\":\"https:\/\/bahiaeconomica.com.br\/wp\/#organization\"},\"potentialAction\":[{\"@type\":\"SearchAction\",\"target\":{\"@type\":\"EntryPoint\",\"urlTemplate\":\"https:\/\/bahiaeconomica.com.br\/wp\/?s={search_term_string}\"},\"query-input\":\"required name=search_term_string\"}],\"inLanguage\":\"pt-BR\"},{\"@type\":\"Organization\",\"@id\":\"https:\/\/bahiaeconomica.com.br\/wp\/#organization\",\"name\":\"Bahia Econ\u00f4mica\",\"url\":\"https:\/\/bahiaeconomica.com.br\/wp\/\",\"logo\":{\"@type\":\"ImageObject\",\"inLanguage\":\"pt-BR\",\"@id\":\"https:\/\/bahiaeconomica.com.br\/wp\/#\/schema\/logo\/image\/\",\"url\":\"https:\/\/bahiaeconomica.com.br\/wp\/wp-content\/uploads\/2020\/12\/cropped-BE.png\",\"contentUrl\":\"https:\/\/bahiaeconomica.com.br\/wp\/wp-content\/uploads\/2020\/12\/cropped-BE.png\",\"width\":512,\"height\":512,\"caption\":\"Bahia Econ\u00f4mica\"},\"image\":{\"@id\":\"https:\/\/bahiaeconomica.com.br\/wp\/#\/schema\/logo\/image\/\"},\"sameAs\":[\"https:\/\/www.facebook.com\/bahiaeconomica\"]},{\"@type\":\"Person\",\"@id\":\"https:\/\/bahiaeconomica.com.br\/wp\/#\/schema\/person\/18273ac0fe04bfd4e7b101bf17d40152\",\"name\":\"LUIZA NASCIMENTO\",\"sameAs\":[\"http:\/\/www.bahiaeconomica.com.br\"],\"url\":\"https:\/\/bahiaeconomica.com.br\/wp\/author\/luiza-nascimento\/\"}]}<\/script>\n<!-- \/ Yoast SEO plugin. -->","yoast_head_json":{"title":"COELBA REFOR\u00c7A ALERTA PARA FESTEJOS DE S\u00c3O PEDRO NA BAHIA - Bahia Economica","description":"O maior portal de Economia da Bahia MUNIC\u00cdPIOS Bahia Economica","robots":{"index":"index","follow":"follow","max-snippet":"max-snippet:-1","max-image-preview":"max-image-preview:large","max-video-preview":"max-video-preview:-1"},"canonical":"https:\/\/bahiaeconomica.com.br\/wp\/2025\/06\/26\/coelba-reforca-alerta-para-festejos-de-sao-pedro-na-bahia\/","og_locale":"pt_BR","og_type":"article","og_title":"COELBA REFOR\u00c7A ALERTA PARA FESTEJOS DE S\u00c3O PEDRO NA BAHIA - Bahia Economica","og_description":"O maior portal de Economia da Bahia MUNIC\u00cdPIOS Bahia Economica","og_url":"https:\/\/bahiaeconomica.com.br\/wp\/2025\/06\/26\/coelba-reforca-alerta-para-festejos-de-sao-pedro-na-bahia\/","og_site_name":"Bahia Economica","article_publisher":"https:\/\/www.facebook.com\/bahiaeconomica","article_published_time":"2025-06-26T21:29:54+00:00","article_modified_time":"2025-06-26T19:42:29+00:00","og_image":[{"width":800,"height":480,"url":"https:\/\/bahiaeconomica.com.br\/wp\/wp-content\/uploads\/2025\/06\/handler-34-1.jpg","type":"image\/jpeg"}],"author":"LUIZA NASCIMENTO","twitter_card":"summary_large_image","twitter_misc":{"Escrito por":"LUIZA NASCIMENTO","Est. tempo de leitura":"2 minutos"},"schema":{"@context":"https:\/\/schema.org","@graph":[{"@type":"Article","@id":"https:\/\/bahiaeconomica.com.br\/wp\/2025\/06\/26\/coelba-reforca-alerta-para-festejos-de-sao-pedro-na-bahia\/#article","isPartOf":{"@id":"https:\/\/bahiaeconomica.com.br\/wp\/2025\/06\/26\/coelba-reforca-alerta-para-festejos-de-sao-pedro-na-bahia\/"},"author":{"name":"LUIZA NASCIMENTO","@id":"https:\/\/bahiaeconomica.com.br\/wp\/#\/schema\/person\/18273ac0fe04bfd4e7b101bf17d40152"},"headline":"COELBA REFOR\u00c7A ALERTA PARA FESTEJOS DE S\u00c3O PEDRO NA BAHIA","datePublished":"2025-06-26T21:29:54+00:00","dateModified":"2025-06-26T19:42:29+00:00","mainEntityOfPage":{"@id":"https:\/\/bahiaeconomica.com.br\/wp\/2025\/06\/26\/coelba-reforca-alerta-para-festejos-de-sao-pedro-na-bahia\/"},"wordCount":420,"publisher":{"@id":"https:\/\/bahiaeconomica.com.br\/wp\/#organization"},"articleSection":["MUNIC\u00cdPIOS"],"inLanguage":"pt-BR"},{"@type":"WebPage","@id":"https:\/\/bahiaeconomica.com.br\/wp\/2025\/06\/26\/coelba-reforca-alerta-para-festejos-de-sao-pedro-na-bahia\/","url":"https:\/\/bahiaeconomica.com.br\/wp\/2025\/06\/26\/coelba-reforca-alerta-para-festejos-de-sao-pedro-na-bahia\/","name":"COELBA REFOR\u00c7A ALERTA PARA FESTEJOS DE S\u00c3O PEDRO NA BAHIA - Bahia Economica","isPartOf":{"@id":"https:\/\/bahiaeconomica.com.br\/wp\/#website"},"datePublished":"2025-06-26T21:29:54+00:00","dateModified":"2025-06-26T19:42:29+00:00","description":"O maior portal de Economia da Bahia MUNIC\u00cdPIOS Bahia Economica","breadcrumb":{"@id":"https:\/\/bahiaeconomica.com.br\/wp\/2025\/06\/26\/coelba-reforca-alerta-para-festejos-de-sao-pedro-na-bahia\/#breadcrumb"},"inLanguage":"pt-BR","potentialAction":[{"@type":"ReadAction","target":["https:\/\/bahiaeconomica.com.br\/wp\/2025\/06\/26\/coelba-reforca-alerta-para-festejos-de-sao-pedro-na-bahia\/"]}]},{"@type":"BreadcrumbList","@id":"https:\/\/bahiaeconomica.com.br\/wp\/2025\/06\/26\/coelba-reforca-alerta-para-festejos-de-sao-pedro-na-bahia\/#breadcrumb","itemListElement":[{"@type":"ListItem","position":1,"name":"In\u00edcio","item":"https:\/\/bahiaeconomica.com.br\/wp\/"},{"@type":"ListItem","position":2,"name":"COELBA REFOR\u00c7A ALERTA PARA FESTEJOS DE S\u00c3O PEDRO NA BAHIA"}]},{"@type":"WebSite","@id":"https:\/\/bahiaeconomica.com.br\/wp\/#website","url":"https:\/\/bahiaeconomica.com.br\/wp\/","name":"Bahia Economica","description":"O maior portal de Economia da Bahia","publisher":{"@id":"https:\/\/bahiaeconomica.com.br\/wp\/#organization"},"potentialAction":[{"@type":"SearchAction","target":{"@type":"EntryPoint","urlTemplate":"https:\/\/bahiaeconomica.com.br\/wp\/?s={search_term_string}"},"query-input":"required name=search_term_string"}],"inLanguage":"pt-BR"},{"@type":"Organization","@id":"https:\/\/bahiaeconomica.com.br\/wp\/#organization","name":"Bahia Econ\u00f4mica","url":"https:\/\/bahiaeconomica.com.br\/wp\/","logo":{"@type":"ImageObject","inLanguage":"pt-BR","@id":"https:\/\/bahiaeconomica.com.br\/wp\/#\/schema\/logo\/image\/","url":"https:\/\/bahiaeconomica.com.br\/wp\/wp-content\/uploads\/2020\/12\/cropped-BE.png","contentUrl":"https:\/\/bahiaeconomica.com.br\/wp\/wp-content\/uploads\/2020\/12\/cropped-BE.png","width":512,"height":512,"caption":"Bahia Econ\u00f4mica"},"image":{"@id":"https:\/\/bahiaeconomica.com.br\/wp\/#\/schema\/logo\/image\/"},"sameAs":["https:\/\/www.facebook.com\/bahiaeconomica"]},{"@type":"Person","@id":"https:\/\/bahiaeconomica.com.br\/wp\/#\/schema\/person\/18273ac0fe04bfd4e7b101bf17d40152","name":"LUIZA NASCIMENTO","sameAs":["http:\/\/www.bahiaeconomica.com.br"],"url":"https:\/\/bahiaeconomica.com.br\/wp\/author\/luiza-nascimento\/"}]}},"views":6,"_links":{"self":[{"href":"https:\/\/bahiaeconomica.com.br\/wp\/wp-json\/wp\/v2\/posts\/914342"}],"collection":[{"href":"https:\/\/bahiaeconomica.com.br\/wp\/wp-json\/wp\/v2\/posts"}],"about":[{"href":"https:\/\/bahiaeconomica.com.br\/wp\/wp-json\/wp\/v2\/types\/post"}],"author":[{"embeddable":true,"href":"https:\/\/bahiaeconomica.com.br\/wp\/wp-json\/wp\/v2\/users\/16"}],"replies":[{"embeddable":true,"href":"https:\/\/bahiaeconomica.com.br\/wp\/wp-json\/wp\/v2\/comments?post=914342"}],"version-history":[{"count":1,"href":"https:\/\/bahiaeconomica.com.br\/wp\/wp-json\/wp\/v2\/posts\/914342\/revisions"}],"predecessor-version":[{"id":914345,"href":"https:\/\/bahiaeconomica.com.br\/wp\/wp-json\/wp\/v2\/posts\/914342\/revisions\/914345"}],"wp:featuredmedia":[{"embeddable":true,"href":"https:\/\/bahiaeconomica.com.br\/wp\/wp-json\/wp\/v2\/media\/914344"}],"wp:attachment":[{"href":"https:\/\/bahiaeconomica.com.br\/wp\/wp-json\/wp\/v2\/media?parent=914342"}],"wp:term":[{"taxonomy":"category","embeddable":true,"href":"https:\/\/bahiaeconomica.com.br\/wp\/wp-json\/wp\/v2\/categories?post=914342"},{"taxonomy":"post_tag","embeddable":true,"href":"https:\/\/bahiaeconomica.com.br\/wp\/wp-json\/wp\/v2\/tags?post=914342"}],"curies":[{"name":"wp","href":"https:\/\/api.w.org\/{rel}","templated":true}]}}