{"id":914211,"date":"2025-06-26T12:20:50","date_gmt":"2025-06-26T15:20:50","guid":{"rendered":"https:\/\/bahiaeconomica.com.br\/wp\/?p=914211"},"modified":"2025-06-26T13:15:25","modified_gmt":"2025-06-26T16:15:25","slug":"desconto-de-8-no-ipva-para-placas-de-final-7-vai-ate-esta-sexta-27","status":"publish","type":"post","link":"https:\/\/bahiaeconomica.com.br\/wp\/2025\/06\/26\/desconto-de-8-no-ipva-para-placas-de-final-7-vai-ate-esta-sexta-27\/","title":{"rendered":"DESCONTO DE 8% NO IPVA PARA PLACAS DE FINAL 7 VAI AT\u00c9 ESTA SEXTA (27)"},"content":{"rendered":"<p>O prazo para pagamento do IPVA com desconto de 8% para ve\u00edculos com placas de final 7 finaliza nesta sexta-feira (27). O abatimento vale para quem quitar o tributo em cota \u00fanica. Se a op\u00e7\u00e3o for pelo pagamento em cinco parcelas, sem desconto, a primeira cota tamb\u00e9m vence no dia 27 de junho. Para as placas de final 8, estes prazos v\u00e3o at\u00e9 segunda (30). O calend\u00e1rio do IPVA 2025 est\u00e1 dispon\u00edvel no site www.sefaz.ba.gov.br, no canal &#8220;Inspetoria eletr\u00f4nica&#8221;, &#8220;IPVA&#8221;, &#8220;Calend\u00e1rio&#8221;.<\/p>\n<p>O pagamento em cota \u00fanica com desconto de 8% pode ser realizado via Pix, por meio do portal\u00a0www.ba.gov.br. Para isso, basta entrar com usu\u00e1rio, senha e solicitar o servi\u00e7o &#8220;Pagar licenciamento cota \u00fanica \u2013 emiss\u00e3o do DAE&#8221;. Tamb\u00e9m \u00e9 poss\u00edvel pagar o IPVA pelos canais das institui\u00e7\u00f5es parceiras da\u00a0Secretaria da Fazenda do Estado da Bahia (Sefaz-Ba): Banco do Brasil, Bradesco ou Bancoob.<\/p>\n<p>Caso o contribuinte prefira quitar o imposto em cota \u00fanica, sem desconto, o prazo para a placa 7 \u00e9 at\u00e9 30 de outubro. Em caso de descumprimento dos prazos, o propriet\u00e1rio do ve\u00edculo perde o direito ao parcelamento ou ao desconto e dever\u00e1 quitar o valor integral no dia do vencimento da \u00faltima cota.<\/p>\n<p>Foto: Divulga\u00e7\u00e3o<\/p>\n","protected":false},"excerpt":{"rendered":"<p>O prazo para pagamento do IPVA com desconto de 8% para ve\u00edculos com placas de final 7 finaliza nesta sexta-feira (27). O abatimento vale para quem quitar o tributo em cota \u00fanica. Se a op\u00e7\u00e3o for pelo pagamento em cinco parcelas, sem desconto, a primeira cota tamb\u00e9m vence no dia 27 de junho. Para as [&hellip;]<\/p>\n","protected":false},"author":20,"featured_media":914222,"comment_status":"closed","ping_status":"closed","sticky":false,"template":"","format":"standard","meta":[],"categories":[5],"tags":[1231,39866,472,4913],"acf":[],"yoast_head":"<!-- This site is optimized with the Yoast SEO plugin v20.8 - https:\/\/yoast.com\/wordpress\/plugins\/seo\/ -->\n<title>DESCONTO DE 8% NO IPVA PARA PLACAS DE FINAL 7 VAI AT\u00c9 ESTA SEXTA (27) - Bahia Economica<\/title>\n<meta name=\"description\" content=\"O maior portal de Economia da Bahia MUNIC\u00cdPIOS Bahia Economica pagamento em cota \u00fanica com desconto de 8% pode ser realizado via Pix,\" \/>\n<meta name=\"robots\" content=\"index, follow, max-snippet:-1, max-image-preview:large, max-video-preview:-1\" \/>\n<link rel=\"canonical\" href=\"https:\/\/bahiaeconomica.com.br\/wp\/2025\/06\/26\/desconto-de-8-no-ipva-para-placas-de-final-7-vai-ate-esta-sexta-27\/\" \/>\n<meta property=\"og:locale\" content=\"pt_BR\" \/>\n<meta property=\"og:type\" content=\"article\" \/>\n<meta property=\"og:title\" content=\"DESCONTO DE 8% NO IPVA PARA PLACAS DE FINAL 7 VAI AT\u00c9 ESTA SEXTA (27) - Bahia Economica\" \/>\n<meta property=\"og:description\" content=\"O maior portal de Economia da Bahia MUNIC\u00cdPIOS Bahia Economica pagamento em cota \u00fanica com desconto de 8% pode ser realizado via Pix,\" \/>\n<meta property=\"og:url\" content=\"https:\/\/bahiaeconomica.com.br\/wp\/2025\/06\/26\/desconto-de-8-no-ipva-para-placas-de-final-7-vai-ate-esta-sexta-27\/\" \/>\n<meta property=\"og:site_name\" content=\"Bahia Economica\" \/>\n<meta property=\"article:publisher\" content=\"https:\/\/www.facebook.com\/bahiaeconomica\" \/>\n<meta property=\"article:published_time\" content=\"2025-06-26T15:20:50+00:00\" \/>\n<meta property=\"article:modified_time\" content=\"2025-06-26T16:15:25+00:00\" \/>\n<meta property=\"og:image\" content=\"https:\/\/bahiaeconomica.com.br\/wp\/wp-content\/uploads\/2025\/06\/IPVA-2025.png\" \/>\n\t<meta property=\"og:image:width\" content=\"1600\" \/>\n\t<meta property=\"og:image:height\" content=\"784\" \/>\n\t<meta property=\"og:image:type\" content=\"image\/png\" \/>\n<meta name=\"author\" content=\"BRUNA CARVALHO\" \/>\n<meta name=\"twitter:card\" content=\"summary_large_image\" \/>\n<meta name=\"twitter:label1\" content=\"Escrito por\" \/>\n\t<meta name=\"twitter:data1\" content=\"BRUNA CARVALHO\" \/>\n\t<meta name=\"twitter:label2\" content=\"Est. tempo de leitura\" \/>\n\t<meta name=\"twitter:data2\" content=\"2 minutos\" \/>\n<script type=\"application\/ld+json\" class=\"yoast-schema-graph\">{\"@context\":\"https:\/\/schema.org\",\"@graph\":[{\"@type\":\"Article\",\"@id\":\"https:\/\/bahiaeconomica.com.br\/wp\/2025\/06\/26\/desconto-de-8-no-ipva-para-placas-de-final-7-vai-ate-esta-sexta-27\/#article\",\"isPartOf\":{\"@id\":\"https:\/\/bahiaeconomica.com.br\/wp\/2025\/06\/26\/desconto-de-8-no-ipva-para-placas-de-final-7-vai-ate-esta-sexta-27\/\"},\"author\":{\"name\":\"BRUNA CARVALHO\",\"@id\":\"https:\/\/bahiaeconomica.com.br\/wp\/#\/schema\/person\/9310b0e591f5979f6f99773eac5804e6\"},\"headline\":\"DESCONTO DE 8% NO IPVA PARA PLACAS DE FINAL 7 VAI AT\u00c9 ESTA SEXTA (27)\",\"datePublished\":\"2025-06-26T15:20:50+00:00\",\"dateModified\":\"2025-06-26T16:15:25+00:00\",\"mainEntityOfPage\":{\"@id\":\"https:\/\/bahiaeconomica.com.br\/wp\/2025\/06\/26\/desconto-de-8-no-ipva-para-placas-de-final-7-vai-ate-esta-sexta-27\/\"},\"wordCount\":224,\"publisher\":{\"@id\":\"https:\/\/bahiaeconomica.com.br\/wp\/#organization\"},\"keywords\":[\"desconto\",\"final 7\",\"IPVA\",\"placas\"],\"articleSection\":[\"MUNIC\u00cdPIOS\"],\"inLanguage\":\"pt-BR\"},{\"@type\":\"WebPage\",\"@id\":\"https:\/\/bahiaeconomica.com.br\/wp\/2025\/06\/26\/desconto-de-8-no-ipva-para-placas-de-final-7-vai-ate-esta-sexta-27\/\",\"url\":\"https:\/\/bahiaeconomica.com.br\/wp\/2025\/06\/26\/desconto-de-8-no-ipva-para-placas-de-final-7-vai-ate-esta-sexta-27\/\",\"name\":\"DESCONTO DE 8% NO IPVA PARA PLACAS DE FINAL 7 VAI AT\u00c9 ESTA SEXTA (27) - Bahia Economica\",\"isPartOf\":{\"@id\":\"https:\/\/bahiaeconomica.com.br\/wp\/#website\"},\"datePublished\":\"2025-06-26T15:20:50+00:00\",\"dateModified\":\"2025-06-26T16:15:25+00:00\",\"description\":\"O maior portal de Economia da Bahia MUNIC\u00cdPIOS Bahia Economica pagamento em cota \u00fanica com desconto de 8% pode ser realizado via Pix,\",\"breadcrumb\":{\"@id\":\"https:\/\/bahiaeconomica.com.br\/wp\/2025\/06\/26\/desconto-de-8-no-ipva-para-placas-de-final-7-vai-ate-esta-sexta-27\/#breadcrumb\"},\"inLanguage\":\"pt-BR\",\"potentialAction\":[{\"@type\":\"ReadAction\",\"target\":[\"https:\/\/bahiaeconomica.com.br\/wp\/2025\/06\/26\/desconto-de-8-no-ipva-para-placas-de-final-7-vai-ate-esta-sexta-27\/\"]}]},{\"@type\":\"BreadcrumbList\",\"@id\":\"https:\/\/bahiaeconomica.com.br\/wp\/2025\/06\/26\/desconto-de-8-no-ipva-para-placas-de-final-7-vai-ate-esta-sexta-27\/#breadcrumb\",\"itemListElement\":[{\"@type\":\"ListItem\",\"position\":1,\"name\":\"In\u00edcio\",\"item\":\"https:\/\/bahiaeconomica.com.br\/wp\/\"},{\"@type\":\"ListItem\",\"position\":2,\"name\":\"DESCONTO DE 8% NO IPVA PARA PLACAS DE FINAL 7 VAI AT\u00c9 ESTA SEXTA (27)\"}]},{\"@type\":\"WebSite\",\"@id\":\"https:\/\/bahiaeconomica.com.br\/wp\/#website\",\"url\":\"https:\/\/bahiaeconomica.com.br\/wp\/\",\"name\":\"Bahia Economica\",\"description\":\"O maior portal de Economia da Bahia\",\"publisher\":{\"@id\":\"https:\/\/bahiaeconomica.com.br\/wp\/#organization\"},\"potentialAction\":[{\"@type\":\"SearchAction\",\"target\":{\"@type\":\"EntryPoint\",\"urlTemplate\":\"https:\/\/bahiaeconomica.com.br\/wp\/?s={search_term_string}\"},\"query-input\":\"required name=search_term_string\"}],\"inLanguage\":\"pt-BR\"},{\"@type\":\"Organization\",\"@id\":\"https:\/\/bahiaeconomica.com.br\/wp\/#organization\",\"name\":\"Bahia Econ\u00f4mica\",\"url\":\"https:\/\/bahiaeconomica.com.br\/wp\/\",\"logo\":{\"@type\":\"ImageObject\",\"inLanguage\":\"pt-BR\",\"@id\":\"https:\/\/bahiaeconomica.com.br\/wp\/#\/schema\/logo\/image\/\",\"url\":\"https:\/\/bahiaeconomica.com.br\/wp\/wp-content\/uploads\/2020\/12\/cropped-BE.png\",\"contentUrl\":\"https:\/\/bahiaeconomica.com.br\/wp\/wp-content\/uploads\/2020\/12\/cropped-BE.png\",\"width\":512,\"height\":512,\"caption\":\"Bahia Econ\u00f4mica\"},\"image\":{\"@id\":\"https:\/\/bahiaeconomica.com.br\/wp\/#\/schema\/logo\/image\/\"},\"sameAs\":[\"https:\/\/www.facebook.com\/bahiaeconomica\"]},{\"@type\":\"Person\",\"@id\":\"https:\/\/bahiaeconomica.com.br\/wp\/#\/schema\/person\/9310b0e591f5979f6f99773eac5804e6\",\"name\":\"BRUNA CARVALHO\",\"sameAs\":[\"http:\/\/www.bahiaeconomica.com.br\"],\"url\":\"https:\/\/bahiaeconomica.com.br\/wp\/author\/bruna\/\"}]}<\/script>\n<!-- \/ Yoast SEO plugin. -->","yoast_head_json":{"title":"DESCONTO DE 8% NO IPVA PARA PLACAS DE FINAL 7 VAI AT\u00c9 ESTA SEXTA (27) - Bahia Economica","description":"O maior portal de Economia da Bahia MUNIC\u00cdPIOS Bahia Economica pagamento em cota \u00fanica com desconto de 8% pode ser realizado via Pix,","robots":{"index":"index","follow":"follow","max-snippet":"max-snippet:-1","max-image-preview":"max-image-preview:large","max-video-preview":"max-video-preview:-1"},"canonical":"https:\/\/bahiaeconomica.com.br\/wp\/2025\/06\/26\/desconto-de-8-no-ipva-para-placas-de-final-7-vai-ate-esta-sexta-27\/","og_locale":"pt_BR","og_type":"article","og_title":"DESCONTO DE 8% NO IPVA PARA PLACAS DE FINAL 7 VAI AT\u00c9 ESTA SEXTA (27) - Bahia Economica","og_description":"O maior portal de Economia da Bahia MUNIC\u00cdPIOS Bahia Economica pagamento em cota \u00fanica com desconto de 8% pode ser realizado via Pix,","og_url":"https:\/\/bahiaeconomica.com.br\/wp\/2025\/06\/26\/desconto-de-8-no-ipva-para-placas-de-final-7-vai-ate-esta-sexta-27\/","og_site_name":"Bahia Economica","article_publisher":"https:\/\/www.facebook.com\/bahiaeconomica","article_published_time":"2025-06-26T15:20:50+00:00","article_modified_time":"2025-06-26T16:15:25+00:00","og_image":[{"width":1600,"height":784,"url":"https:\/\/bahiaeconomica.com.br\/wp\/wp-content\/uploads\/2025\/06\/IPVA-2025.png","type":"image\/png"}],"author":"BRUNA CARVALHO","twitter_card":"summary_large_image","twitter_misc":{"Escrito por":"BRUNA CARVALHO","Est. tempo de leitura":"2 minutos"},"schema":{"@context":"https:\/\/schema.org","@graph":[{"@type":"Article","@id":"https:\/\/bahiaeconomica.com.br\/wp\/2025\/06\/26\/desconto-de-8-no-ipva-para-placas-de-final-7-vai-ate-esta-sexta-27\/#article","isPartOf":{"@id":"https:\/\/bahiaeconomica.com.br\/wp\/2025\/06\/26\/desconto-de-8-no-ipva-para-placas-de-final-7-vai-ate-esta-sexta-27\/"},"author":{"name":"BRUNA CARVALHO","@id":"https:\/\/bahiaeconomica.com.br\/wp\/#\/schema\/person\/9310b0e591f5979f6f99773eac5804e6"},"headline":"DESCONTO DE 8% NO IPVA PARA PLACAS DE FINAL 7 VAI AT\u00c9 ESTA SEXTA (27)","datePublished":"2025-06-26T15:20:50+00:00","dateModified":"2025-06-26T16:15:25+00:00","mainEntityOfPage":{"@id":"https:\/\/bahiaeconomica.com.br\/wp\/2025\/06\/26\/desconto-de-8-no-ipva-para-placas-de-final-7-vai-ate-esta-sexta-27\/"},"wordCount":224,"publisher":{"@id":"https:\/\/bahiaeconomica.com.br\/wp\/#organization"},"keywords":["desconto","final 7","IPVA","placas"],"articleSection":["MUNIC\u00cdPIOS"],"inLanguage":"pt-BR"},{"@type":"WebPage","@id":"https:\/\/bahiaeconomica.com.br\/wp\/2025\/06\/26\/desconto-de-8-no-ipva-para-placas-de-final-7-vai-ate-esta-sexta-27\/","url":"https:\/\/bahiaeconomica.com.br\/wp\/2025\/06\/26\/desconto-de-8-no-ipva-para-placas-de-final-7-vai-ate-esta-sexta-27\/","name":"DESCONTO DE 8% NO IPVA PARA PLACAS DE FINAL 7 VAI AT\u00c9 ESTA SEXTA (27) - Bahia Economica","isPartOf":{"@id":"https:\/\/bahiaeconomica.com.br\/wp\/#website"},"datePublished":"2025-06-26T15:20:50+00:00","dateModified":"2025-06-26T16:15:25+00:00","description":"O maior portal de Economia da Bahia MUNIC\u00cdPIOS Bahia Economica pagamento em cota \u00fanica com desconto de 8% pode ser realizado via Pix,","breadcrumb":{"@id":"https:\/\/bahiaeconomica.com.br\/wp\/2025\/06\/26\/desconto-de-8-no-ipva-para-placas-de-final-7-vai-ate-esta-sexta-27\/#breadcrumb"},"inLanguage":"pt-BR","potentialAction":[{"@type":"ReadAction","target":["https:\/\/bahiaeconomica.com.br\/wp\/2025\/06\/26\/desconto-de-8-no-ipva-para-placas-de-final-7-vai-ate-esta-sexta-27\/"]}]},{"@type":"BreadcrumbList","@id":"https:\/\/bahiaeconomica.com.br\/wp\/2025\/06\/26\/desconto-de-8-no-ipva-para-placas-de-final-7-vai-ate-esta-sexta-27\/#breadcrumb","itemListElement":[{"@type":"ListItem","position":1,"name":"In\u00edcio","item":"https:\/\/bahiaeconomica.com.br\/wp\/"},{"@type":"ListItem","position":2,"name":"DESCONTO DE 8% NO IPVA PARA PLACAS DE FINAL 7 VAI AT\u00c9 ESTA SEXTA (27)"}]},{"@type":"WebSite","@id":"https:\/\/bahiaeconomica.com.br\/wp\/#website","url":"https:\/\/bahiaeconomica.com.br\/wp\/","name":"Bahia Economica","description":"O maior portal de Economia da Bahia","publisher":{"@id":"https:\/\/bahiaeconomica.com.br\/wp\/#organization"},"potentialAction":[{"@type":"SearchAction","target":{"@type":"EntryPoint","urlTemplate":"https:\/\/bahiaeconomica.com.br\/wp\/?s={search_term_string}"},"query-input":"required name=search_term_string"}],"inLanguage":"pt-BR"},{"@type":"Organization","@id":"https:\/\/bahiaeconomica.com.br\/wp\/#organization","name":"Bahia Econ\u00f4mica","url":"https:\/\/bahiaeconomica.com.br\/wp\/","logo":{"@type":"ImageObject","inLanguage":"pt-BR","@id":"https:\/\/bahiaeconomica.com.br\/wp\/#\/schema\/logo\/image\/","url":"https:\/\/bahiaeconomica.com.br\/wp\/wp-content\/uploads\/2020\/12\/cropped-BE.png","contentUrl":"https:\/\/bahiaeconomica.com.br\/wp\/wp-content\/uploads\/2020\/12\/cropped-BE.png","width":512,"height":512,"caption":"Bahia Econ\u00f4mica"},"image":{"@id":"https:\/\/bahiaeconomica.com.br\/wp\/#\/schema\/logo\/image\/"},"sameAs":["https:\/\/www.facebook.com\/bahiaeconomica"]},{"@type":"Person","@id":"https:\/\/bahiaeconomica.com.br\/wp\/#\/schema\/person\/9310b0e591f5979f6f99773eac5804e6","name":"BRUNA CARVALHO","sameAs":["http:\/\/www.bahiaeconomica.com.br"],"url":"https:\/\/bahiaeconomica.com.br\/wp\/author\/bruna\/"}]}},"views":19,"_links":{"self":[{"href":"https:\/\/bahiaeconomica.com.br\/wp\/wp-json\/wp\/v2\/posts\/914211"}],"collection":[{"href":"https:\/\/bahiaeconomica.com.br\/wp\/wp-json\/wp\/v2\/posts"}],"about":[{"href":"https:\/\/bahiaeconomica.com.br\/wp\/wp-json\/wp\/v2\/types\/post"}],"author":[{"embeddable":true,"href":"https:\/\/bahiaeconomica.com.br\/wp\/wp-json\/wp\/v2\/users\/20"}],"replies":[{"embeddable":true,"href":"https:\/\/bahiaeconomica.com.br\/wp\/wp-json\/wp\/v2\/comments?post=914211"}],"version-history":[{"count":1,"href":"https:\/\/bahiaeconomica.com.br\/wp\/wp-json\/wp\/v2\/posts\/914211\/revisions"}],"predecessor-version":[{"id":914223,"href":"https:\/\/bahiaeconomica.com.br\/wp\/wp-json\/wp\/v2\/posts\/914211\/revisions\/914223"}],"wp:featuredmedia":[{"embeddable":true,"href":"https:\/\/bahiaeconomica.com.br\/wp\/wp-json\/wp\/v2\/media\/914222"}],"wp:attachment":[{"href":"https:\/\/bahiaeconomica.com.br\/wp\/wp-json\/wp\/v2\/media?parent=914211"}],"wp:term":[{"taxonomy":"category","embeddable":true,"href":"https:\/\/bahiaeconomica.com.br\/wp\/wp-json\/wp\/v2\/categories?post=914211"},{"taxonomy":"post_tag","embeddable":true,"href":"https:\/\/bahiaeconomica.com.br\/wp\/wp-json\/wp\/v2\/tags?post=914211"}],"curies":[{"name":"wp","href":"https:\/\/api.w.org\/{rel}","templated":true}]}}