{"id":913632,"date":"2025-06-23T16:40:07","date_gmt":"2025-06-23T19:40:07","guid":{"rendered":"https:\/\/bahiaeconomica.com.br\/wp\/?p=913632"},"modified":"2025-06-23T16:00:41","modified_gmt":"2025-06-23T19:00:41","slug":"bairros-de-salvador-recebem-forro-ate-o-proximo-domingo","status":"publish","type":"post","link":"https:\/\/bahiaeconomica.com.br\/wp\/2025\/06\/23\/bairros-de-salvador-recebem-forro-ate-o-proximo-domingo\/","title":{"rendered":"BAIRROS DE SALVADOR RECEBEM FORR\u00d3 AT\u00c9 O PR\u00d3XIMO DOMINGO"},"content":{"rendered":"<p>Para quem optou ficar em Salvador, desde o dia 21 de junho acontece em 11 bairros da capital baiana o \u201cForr\u00f3 Comunit\u00e1rio da Bahia\u201d e segue at\u00e9 o domingo, 29 de junho. A proposta \u00e9 levar muito arrasta p\u00e9, comidas t\u00edpicas e alegria para quem n\u00e3o pode viajar para o interior do estado ou optou ficar na capital, Salvador. Bandas locais, formadas no bairros, fazem a alegria dos moradores e visitantes, al\u00e9m de agitar e fortalecer os com\u00e9rcios locais.<\/p>\n<p>Os bairros que est\u00e3o na programa\u00e7\u00e3o s\u00e3o: Uruguai, Mussurunga, Fazenda Coutos III, Nordeste, Itapu\u00e3, Periperi, Itapu\u00e3, Piraj\u00e1, Bairro da Paz, Garcia, Engenho Velho da Federa\u00e7\u00e3o e Cajazeiras.<\/p>\n<p>Em a\u00e7\u00e3o articulada com as comunidades, a programa\u00e7\u00e3o busca valorizar as tradi\u00e7\u00f5es juninas, incentivar o com\u00e9rcio local e oferecer programa\u00e7\u00e3o de lazer, cultura e m\u00fasica \u00e0 popula\u00e7\u00e3o local<\/p>\n<p>O evento \u00e9 uma programa\u00e7\u00e3o do Governo do Estado. No \u00faltimo s\u00e1bado (21) os bairros de Fazenda Coutos, Mussurunga, Nordeste de Amaralina e Uruguai receberam o projeto.<\/p>\n<p>Agenda<\/p>\n<p>S\u00e3o atra\u00e7\u00f5es surgidas nas comunidades que ganham luz com o projeto.<\/p>\n<p>Nesta segunda(23) tem:<\/p>\n<p>Itapu\u00e3 &#8211; Lagoa do Abaet\u00e9, a partir das 20h:<\/p>\n<p>Hasud, o Sheik<br \/>\nRita Brito e Ra\u00ed Marshall<br \/>\nBanda Release<br \/>\nNem Silva<\/p>\n<p>Periperi &#8211; Pra\u00e7a do Parquinho, a partir das 21h:<\/p>\n<p>T\u00f4 Vivendo<br \/>\nBanda Styllus<br \/>\nNelsinho Falc\u00e3o<\/p>\n<p>Piraj\u00e1 &#8211; Pra\u00e7a General Labatut, a partir das 20h30:<\/p>\n<p>Estika Canela<br \/>\nThiago Ferrety<br \/>\nPenha Oliver<\/p>\n<p>Foto: Divulga\u00e7\u00e3o<\/p>\n","protected":false},"excerpt":{"rendered":"<p>Para quem optou ficar em Salvador, desde o dia 21 de junho acontece em 11 bairros da capital baiana o \u201cForr\u00f3 Comunit\u00e1rio da Bahia\u201d e segue at\u00e9 o domingo, 29 de junho. A proposta \u00e9 levar muito arrasta p\u00e9, comidas t\u00edpicas e alegria para quem n\u00e3o pode viajar para o interior do estado ou optou [&hellip;]<\/p>\n","protected":false},"author":16,"featured_media":913635,"comment_status":"closed","ping_status":"closed","sticky":false,"template":"","format":"standard","meta":[],"categories":[689],"tags":[],"acf":[],"yoast_head":"<!-- This site is optimized with the Yoast SEO plugin v20.8 - https:\/\/yoast.com\/wordpress\/plugins\/seo\/ -->\n<title>BAIRROS DE SALVADOR RECEBEM FORR\u00d3 AT\u00c9 O PR\u00d3XIMO DOMINGO - Bahia Economica<\/title>\n<meta name=\"description\" content=\"O maior portal de Economia da Bahia CULTURA E ARTE Bahia Economica\" \/>\n<meta name=\"robots\" content=\"index, follow, max-snippet:-1, max-image-preview:large, max-video-preview:-1\" \/>\n<link rel=\"canonical\" href=\"https:\/\/bahiaeconomica.com.br\/wp\/2025\/06\/23\/bairros-de-salvador-recebem-forro-ate-o-proximo-domingo\/\" \/>\n<meta property=\"og:locale\" content=\"pt_BR\" \/>\n<meta property=\"og:type\" content=\"article\" \/>\n<meta property=\"og:title\" content=\"BAIRROS DE SALVADOR RECEBEM FORR\u00d3 AT\u00c9 O PR\u00d3XIMO DOMINGO - Bahia Economica\" \/>\n<meta property=\"og:description\" content=\"O maior portal de Economia da Bahia CULTURA E ARTE Bahia Economica\" \/>\n<meta property=\"og:url\" content=\"https:\/\/bahiaeconomica.com.br\/wp\/2025\/06\/23\/bairros-de-salvador-recebem-forro-ate-o-proximo-domingo\/\" \/>\n<meta property=\"og:site_name\" content=\"Bahia Economica\" \/>\n<meta property=\"article:publisher\" content=\"https:\/\/www.facebook.com\/bahiaeconomica\" \/>\n<meta property=\"article:published_time\" content=\"2025-06-23T19:40:07+00:00\" \/>\n<meta property=\"article:modified_time\" content=\"2025-06-23T19:00:41+00:00\" \/>\n<meta property=\"og:image\" content=\"https:\/\/bahiaeconomica.com.br\/wp\/wp-content\/uploads\/2025\/06\/WhatsApp-Image-2025-06-23-at-15.53.26-scaled.jpeg\" \/>\n\t<meta property=\"og:image:width\" content=\"2560\" \/>\n\t<meta property=\"og:image:height\" content=\"2055\" \/>\n\t<meta property=\"og:image:type\" content=\"image\/jpeg\" \/>\n<meta name=\"author\" content=\"LUIZA NASCIMENTO\" \/>\n<meta name=\"twitter:card\" content=\"summary_large_image\" \/>\n<meta name=\"twitter:label1\" content=\"Escrito por\" \/>\n\t<meta name=\"twitter:data1\" content=\"LUIZA NASCIMENTO\" \/>\n\t<meta name=\"twitter:label2\" content=\"Est. tempo de leitura\" \/>\n\t<meta name=\"twitter:data2\" content=\"2 minutos\" \/>\n<script type=\"application\/ld+json\" class=\"yoast-schema-graph\">{\"@context\":\"https:\/\/schema.org\",\"@graph\":[{\"@type\":\"Article\",\"@id\":\"https:\/\/bahiaeconomica.com.br\/wp\/2025\/06\/23\/bairros-de-salvador-recebem-forro-ate-o-proximo-domingo\/#article\",\"isPartOf\":{\"@id\":\"https:\/\/bahiaeconomica.com.br\/wp\/2025\/06\/23\/bairros-de-salvador-recebem-forro-ate-o-proximo-domingo\/\"},\"author\":{\"name\":\"LUIZA NASCIMENTO\",\"@id\":\"https:\/\/bahiaeconomica.com.br\/wp\/#\/schema\/person\/18273ac0fe04bfd4e7b101bf17d40152\"},\"headline\":\"BAIRROS DE SALVADOR RECEBEM FORR\u00d3 AT\u00c9 O PR\u00d3XIMO DOMINGO\",\"datePublished\":\"2025-06-23T19:40:07+00:00\",\"dateModified\":\"2025-06-23T19:00:41+00:00\",\"mainEntityOfPage\":{\"@id\":\"https:\/\/bahiaeconomica.com.br\/wp\/2025\/06\/23\/bairros-de-salvador-recebem-forro-ate-o-proximo-domingo\/\"},\"wordCount\":256,\"publisher\":{\"@id\":\"https:\/\/bahiaeconomica.com.br\/wp\/#organization\"},\"articleSection\":[\"CULTURA E ARTE\"],\"inLanguage\":\"pt-BR\"},{\"@type\":\"WebPage\",\"@id\":\"https:\/\/bahiaeconomica.com.br\/wp\/2025\/06\/23\/bairros-de-salvador-recebem-forro-ate-o-proximo-domingo\/\",\"url\":\"https:\/\/bahiaeconomica.com.br\/wp\/2025\/06\/23\/bairros-de-salvador-recebem-forro-ate-o-proximo-domingo\/\",\"name\":\"BAIRROS DE SALVADOR RECEBEM FORR\u00d3 AT\u00c9 O PR\u00d3XIMO DOMINGO - Bahia Economica\",\"isPartOf\":{\"@id\":\"https:\/\/bahiaeconomica.com.br\/wp\/#website\"},\"datePublished\":\"2025-06-23T19:40:07+00:00\",\"dateModified\":\"2025-06-23T19:00:41+00:00\",\"description\":\"O maior portal de Economia da Bahia CULTURA E ARTE Bahia Economica\",\"breadcrumb\":{\"@id\":\"https:\/\/bahiaeconomica.com.br\/wp\/2025\/06\/23\/bairros-de-salvador-recebem-forro-ate-o-proximo-domingo\/#breadcrumb\"},\"inLanguage\":\"pt-BR\",\"potentialAction\":[{\"@type\":\"ReadAction\",\"target\":[\"https:\/\/bahiaeconomica.com.br\/wp\/2025\/06\/23\/bairros-de-salvador-recebem-forro-ate-o-proximo-domingo\/\"]}]},{\"@type\":\"BreadcrumbList\",\"@id\":\"https:\/\/bahiaeconomica.com.br\/wp\/2025\/06\/23\/bairros-de-salvador-recebem-forro-ate-o-proximo-domingo\/#breadcrumb\",\"itemListElement\":[{\"@type\":\"ListItem\",\"position\":1,\"name\":\"In\u00edcio\",\"item\":\"https:\/\/bahiaeconomica.com.br\/wp\/\"},{\"@type\":\"ListItem\",\"position\":2,\"name\":\"BAIRROS DE SALVADOR RECEBEM FORR\u00d3 AT\u00c9 O PR\u00d3XIMO DOMINGO\"}]},{\"@type\":\"WebSite\",\"@id\":\"https:\/\/bahiaeconomica.com.br\/wp\/#website\",\"url\":\"https:\/\/bahiaeconomica.com.br\/wp\/\",\"name\":\"Bahia Economica\",\"description\":\"O maior portal de Economia da Bahia\",\"publisher\":{\"@id\":\"https:\/\/bahiaeconomica.com.br\/wp\/#organization\"},\"potentialAction\":[{\"@type\":\"SearchAction\",\"target\":{\"@type\":\"EntryPoint\",\"urlTemplate\":\"https:\/\/bahiaeconomica.com.br\/wp\/?s={search_term_string}\"},\"query-input\":\"required name=search_term_string\"}],\"inLanguage\":\"pt-BR\"},{\"@type\":\"Organization\",\"@id\":\"https:\/\/bahiaeconomica.com.br\/wp\/#organization\",\"name\":\"Bahia Econ\u00f4mica\",\"url\":\"https:\/\/bahiaeconomica.com.br\/wp\/\",\"logo\":{\"@type\":\"ImageObject\",\"inLanguage\":\"pt-BR\",\"@id\":\"https:\/\/bahiaeconomica.com.br\/wp\/#\/schema\/logo\/image\/\",\"url\":\"https:\/\/bahiaeconomica.com.br\/wp\/wp-content\/uploads\/2020\/12\/cropped-BE.png\",\"contentUrl\":\"https:\/\/bahiaeconomica.com.br\/wp\/wp-content\/uploads\/2020\/12\/cropped-BE.png\",\"width\":512,\"height\":512,\"caption\":\"Bahia Econ\u00f4mica\"},\"image\":{\"@id\":\"https:\/\/bahiaeconomica.com.br\/wp\/#\/schema\/logo\/image\/\"},\"sameAs\":[\"https:\/\/www.facebook.com\/bahiaeconomica\"]},{\"@type\":\"Person\",\"@id\":\"https:\/\/bahiaeconomica.com.br\/wp\/#\/schema\/person\/18273ac0fe04bfd4e7b101bf17d40152\",\"name\":\"LUIZA NASCIMENTO\",\"sameAs\":[\"http:\/\/www.bahiaeconomica.com.br\"],\"url\":\"https:\/\/bahiaeconomica.com.br\/wp\/author\/luiza-nascimento\/\"}]}<\/script>\n<!-- \/ Yoast SEO plugin. -->","yoast_head_json":{"title":"BAIRROS DE SALVADOR RECEBEM FORR\u00d3 AT\u00c9 O PR\u00d3XIMO DOMINGO - Bahia Economica","description":"O maior portal de Economia da Bahia CULTURA E ARTE Bahia Economica","robots":{"index":"index","follow":"follow","max-snippet":"max-snippet:-1","max-image-preview":"max-image-preview:large","max-video-preview":"max-video-preview:-1"},"canonical":"https:\/\/bahiaeconomica.com.br\/wp\/2025\/06\/23\/bairros-de-salvador-recebem-forro-ate-o-proximo-domingo\/","og_locale":"pt_BR","og_type":"article","og_title":"BAIRROS DE SALVADOR RECEBEM FORR\u00d3 AT\u00c9 O PR\u00d3XIMO DOMINGO - Bahia Economica","og_description":"O maior portal de Economia da Bahia CULTURA E ARTE Bahia Economica","og_url":"https:\/\/bahiaeconomica.com.br\/wp\/2025\/06\/23\/bairros-de-salvador-recebem-forro-ate-o-proximo-domingo\/","og_site_name":"Bahia Economica","article_publisher":"https:\/\/www.facebook.com\/bahiaeconomica","article_published_time":"2025-06-23T19:40:07+00:00","article_modified_time":"2025-06-23T19:00:41+00:00","og_image":[{"width":2560,"height":2055,"url":"https:\/\/bahiaeconomica.com.br\/wp\/wp-content\/uploads\/2025\/06\/WhatsApp-Image-2025-06-23-at-15.53.26-scaled.jpeg","type":"image\/jpeg"}],"author":"LUIZA NASCIMENTO","twitter_card":"summary_large_image","twitter_misc":{"Escrito por":"LUIZA NASCIMENTO","Est. tempo de leitura":"2 minutos"},"schema":{"@context":"https:\/\/schema.org","@graph":[{"@type":"Article","@id":"https:\/\/bahiaeconomica.com.br\/wp\/2025\/06\/23\/bairros-de-salvador-recebem-forro-ate-o-proximo-domingo\/#article","isPartOf":{"@id":"https:\/\/bahiaeconomica.com.br\/wp\/2025\/06\/23\/bairros-de-salvador-recebem-forro-ate-o-proximo-domingo\/"},"author":{"name":"LUIZA NASCIMENTO","@id":"https:\/\/bahiaeconomica.com.br\/wp\/#\/schema\/person\/18273ac0fe04bfd4e7b101bf17d40152"},"headline":"BAIRROS DE SALVADOR RECEBEM FORR\u00d3 AT\u00c9 O PR\u00d3XIMO DOMINGO","datePublished":"2025-06-23T19:40:07+00:00","dateModified":"2025-06-23T19:00:41+00:00","mainEntityOfPage":{"@id":"https:\/\/bahiaeconomica.com.br\/wp\/2025\/06\/23\/bairros-de-salvador-recebem-forro-ate-o-proximo-domingo\/"},"wordCount":256,"publisher":{"@id":"https:\/\/bahiaeconomica.com.br\/wp\/#organization"},"articleSection":["CULTURA E ARTE"],"inLanguage":"pt-BR"},{"@type":"WebPage","@id":"https:\/\/bahiaeconomica.com.br\/wp\/2025\/06\/23\/bairros-de-salvador-recebem-forro-ate-o-proximo-domingo\/","url":"https:\/\/bahiaeconomica.com.br\/wp\/2025\/06\/23\/bairros-de-salvador-recebem-forro-ate-o-proximo-domingo\/","name":"BAIRROS DE SALVADOR RECEBEM FORR\u00d3 AT\u00c9 O PR\u00d3XIMO DOMINGO - Bahia Economica","isPartOf":{"@id":"https:\/\/bahiaeconomica.com.br\/wp\/#website"},"datePublished":"2025-06-23T19:40:07+00:00","dateModified":"2025-06-23T19:00:41+00:00","description":"O maior portal de Economia da Bahia CULTURA E ARTE Bahia Economica","breadcrumb":{"@id":"https:\/\/bahiaeconomica.com.br\/wp\/2025\/06\/23\/bairros-de-salvador-recebem-forro-ate-o-proximo-domingo\/#breadcrumb"},"inLanguage":"pt-BR","potentialAction":[{"@type":"ReadAction","target":["https:\/\/bahiaeconomica.com.br\/wp\/2025\/06\/23\/bairros-de-salvador-recebem-forro-ate-o-proximo-domingo\/"]}]},{"@type":"BreadcrumbList","@id":"https:\/\/bahiaeconomica.com.br\/wp\/2025\/06\/23\/bairros-de-salvador-recebem-forro-ate-o-proximo-domingo\/#breadcrumb","itemListElement":[{"@type":"ListItem","position":1,"name":"In\u00edcio","item":"https:\/\/bahiaeconomica.com.br\/wp\/"},{"@type":"ListItem","position":2,"name":"BAIRROS DE SALVADOR RECEBEM FORR\u00d3 AT\u00c9 O PR\u00d3XIMO DOMINGO"}]},{"@type":"WebSite","@id":"https:\/\/bahiaeconomica.com.br\/wp\/#website","url":"https:\/\/bahiaeconomica.com.br\/wp\/","name":"Bahia Economica","description":"O maior portal de Economia da Bahia","publisher":{"@id":"https:\/\/bahiaeconomica.com.br\/wp\/#organization"},"potentialAction":[{"@type":"SearchAction","target":{"@type":"EntryPoint","urlTemplate":"https:\/\/bahiaeconomica.com.br\/wp\/?s={search_term_string}"},"query-input":"required name=search_term_string"}],"inLanguage":"pt-BR"},{"@type":"Organization","@id":"https:\/\/bahiaeconomica.com.br\/wp\/#organization","name":"Bahia Econ\u00f4mica","url":"https:\/\/bahiaeconomica.com.br\/wp\/","logo":{"@type":"ImageObject","inLanguage":"pt-BR","@id":"https:\/\/bahiaeconomica.com.br\/wp\/#\/schema\/logo\/image\/","url":"https:\/\/bahiaeconomica.com.br\/wp\/wp-content\/uploads\/2020\/12\/cropped-BE.png","contentUrl":"https:\/\/bahiaeconomica.com.br\/wp\/wp-content\/uploads\/2020\/12\/cropped-BE.png","width":512,"height":512,"caption":"Bahia Econ\u00f4mica"},"image":{"@id":"https:\/\/bahiaeconomica.com.br\/wp\/#\/schema\/logo\/image\/"},"sameAs":["https:\/\/www.facebook.com\/bahiaeconomica"]},{"@type":"Person","@id":"https:\/\/bahiaeconomica.com.br\/wp\/#\/schema\/person\/18273ac0fe04bfd4e7b101bf17d40152","name":"LUIZA NASCIMENTO","sameAs":["http:\/\/www.bahiaeconomica.com.br"],"url":"https:\/\/bahiaeconomica.com.br\/wp\/author\/luiza-nascimento\/"}]}},"views":58,"_links":{"self":[{"href":"https:\/\/bahiaeconomica.com.br\/wp\/wp-json\/wp\/v2\/posts\/913632"}],"collection":[{"href":"https:\/\/bahiaeconomica.com.br\/wp\/wp-json\/wp\/v2\/posts"}],"about":[{"href":"https:\/\/bahiaeconomica.com.br\/wp\/wp-json\/wp\/v2\/types\/post"}],"author":[{"embeddable":true,"href":"https:\/\/bahiaeconomica.com.br\/wp\/wp-json\/wp\/v2\/users\/16"}],"replies":[{"embeddable":true,"href":"https:\/\/bahiaeconomica.com.br\/wp\/wp-json\/wp\/v2\/comments?post=913632"}],"version-history":[{"count":1,"href":"https:\/\/bahiaeconomica.com.br\/wp\/wp-json\/wp\/v2\/posts\/913632\/revisions"}],"predecessor-version":[{"id":913636,"href":"https:\/\/bahiaeconomica.com.br\/wp\/wp-json\/wp\/v2\/posts\/913632\/revisions\/913636"}],"wp:featuredmedia":[{"embeddable":true,"href":"https:\/\/bahiaeconomica.com.br\/wp\/wp-json\/wp\/v2\/media\/913635"}],"wp:attachment":[{"href":"https:\/\/bahiaeconomica.com.br\/wp\/wp-json\/wp\/v2\/media?parent=913632"}],"wp:term":[{"taxonomy":"category","embeddable":true,"href":"https:\/\/bahiaeconomica.com.br\/wp\/wp-json\/wp\/v2\/categories?post=913632"},{"taxonomy":"post_tag","embeddable":true,"href":"https:\/\/bahiaeconomica.com.br\/wp\/wp-json\/wp\/v2\/tags?post=913632"}],"curies":[{"name":"wp","href":"https:\/\/api.w.org\/{rel}","templated":true}]}}