{"id":913607,"date":"2025-06-23T15:16:52","date_gmt":"2025-06-23T18:16:52","guid":{"rendered":"https:\/\/bahiaeconomica.com.br\/wp\/?p=913607"},"modified":"2025-06-23T15:16:52","modified_gmt":"2025-06-23T18:16:52","slug":"ira-lanca-misseis-contra-base-militar-dos-estados-unidos-no-catar","status":"publish","type":"post","link":"https:\/\/bahiaeconomica.com.br\/wp\/2025\/06\/23\/ira-lanca-misseis-contra-base-militar-dos-estados-unidos-no-catar\/","title":{"rendered":"IR\u00c3 LAN\u00c7A M\u00cdSSEIS CONTRA BASE MILITAR DOS ESTADOS UNIDOS NO CATAR"},"content":{"rendered":"<p>As For\u00e7as Armadas do Ir\u00e3 atacaram a base militar dos Estados Unidos (EUA) Al-Udeid, no Catar, pa\u00eds do Oriente M\u00e9dio. A informa\u00e7\u00e3o foi divulgada primeiro pelas ag\u00eancias de not\u00edcias do Ir\u00e3 Fars News e IRNA News, tendo j\u00e1 sido confirmada pelo governo do Catar, que condenou a a\u00e7\u00e3o e disse ter interceptado os m\u00edsseis.<\/p>\n<p>O ataque foi a resposta do governo iraniano aos bombardeios dos EUA contra tr\u00eas instala\u00e7\u00f5es nucleares iranianas no s\u00e1bado (21).<\/p>\n<p>\u201cEm resposta \u00e0 a\u00e7\u00e3o agressiva e descarada dos Estados Unidos contra as instala\u00e7\u00f5es e instala\u00e7\u00f5es nucleares do Ir\u00e3, as poderosas for\u00e7as armadas da Rep\u00fablica Isl\u00e2mica do Ir\u00e3 destru\u00edram a base a\u00e9rea americana em Al-Udeid, no Catar\u201d, disse, em comunicado, o Conselho Supremo de Seguran\u00e7a Nacional do Ir\u00e3.<\/p>\n<p>Segundo o informe, o n\u00famero de m\u00edsseis usados teria sido o mesmo n\u00famero de bombas que os EUA usaram no ataque \u00e0s instala\u00e7\u00f5es nucleares do Ir\u00e3. O alvo ficava longe das instala\u00e7\u00f5es urbanas do Catar.<\/p>\n<p>\u201cEsta a\u00e7\u00e3o n\u00e3o representa nenhuma amea\u00e7a ao nosso pa\u00eds amigo e irm\u00e3o, o Catar, e ao seu nobre povo e a Rep\u00fablica Isl\u00e2mica do Ir\u00e3 permanece comprometida em manter e dar continuidade \u00e0s rela\u00e7\u00f5es calorosas e hist\u00f3ricas com o Catar\u201d, completou o informe do governo iraniano.<\/p>\n<p>A emissora do Catar Al-Jazera confirmou que foram ouvidas explos\u00f5es e vistos sinalizadores sobre o c\u00e9u de Doha, a capital do Catar. O pa\u00eds do Oriente M\u00e9dio havia informado que fechou seu espa\u00e7o a\u00e9reo.<\/p>\n<p>A Al Udeid \u00e9 a maior base militar dos EUA no Oriente M\u00e9dio, fundada em 1996. Estima-se que a base abrigue 10 mil funcion\u00e1rios, entre civis e militares.<\/p>\n<p><strong>Catar<\/strong><br \/>\nO ministro das rela\u00e7\u00f5es exteriores do Catar, Majed Al Ansari, condenou os ataques iranianos e argumentou que a medida viola a soberania do pa\u00eds do Oriente M\u00e9dio.<\/p>\n<p>\u201cAfirmamos que o Catar se reserva o direito de responder diretamente de maneira equivalente \u00e0 natureza e \u00e0 escala desta agress\u00e3o descarada, em conformidade com o direito internacional\u201d, disse Majed.<\/p>\n<p>Ainda segundo o chanceler do pa\u00eds \u00e1rabe, o ataque foi frustrado pelas defesas a\u00e9reas do Catar e o pessoal da base j\u00e1 havia sido evacuado por precau\u00e7\u00e3o.<\/p>\n<p>\u201cA base havia sido evacuada anteriormente, seguindo as medidas de seguran\u00e7a e precau\u00e7\u00e3o estabelecidas, dadas as tens\u00f5es na regi\u00e3o. Todas as medidas necess\u00e1rias foram tomadas para garantir a seguran\u00e7a do pessoal na base, incluindo membros das For\u00e7as Armadas do Catar, for\u00e7as amigas e outros. Confirmamos que n\u00e3o houve feridos ou v\u00edtimas no ataque\u201d, completou.<\/p>\n<p><strong>Entenda<\/strong><br \/>\nAcusando o Ir\u00e3 de estar pr\u00f3ximo de desenvolver uma arma nuclear, Israel lan\u00e7ou um ataque surpresa contra o pa\u00eds no \u00faltimo dia 13, expandindo a guerra no Oriente M\u00e9dio.<\/p>\n<p>Neste s\u00e1bado (21), os Estados Unidos atacaram tr\u00eas usinas nucleares iranianas: Fordow, Natanz e Esfahan.<\/p>\n<p>O Ir\u00e3 afirma que seu programa nuclear \u00e9 apenas para fins pac\u00edficos e que estava no meio de uma negocia\u00e7\u00e3o com os Estados Unidos para estabelecer acordos que garantissem o cumprimento do Tratado de N\u00e3o Prolifera\u00e7\u00e3o de Armas Nucleares, do qual \u00e9 signat\u00e1rio.<\/p>\n<p>No entanto, a AIEA vinha acusando o Ir\u00e3 de n\u00e3o cumprir todas suas obriga\u00e7\u00f5es, apesar de reconhecer que n\u00e3o tem provas de que o pa\u00eds estaria construindo uma bomba at\u00f4mica. O Ir\u00e3 acusa a ag\u00eancia de agir \u201cpoliticamente motivada\u201d e dirigida pelas pot\u00eancias ocidentais, como EUA, Fran\u00e7a e Gr\u00e3-Bretanha, que t\u00eam apoiado Israel na guerra contra Teer\u00e3.<\/p>\n<p>Em mar\u00e7o, o setor de Intelig\u00eancia dos Estados Unidos afirmou que o Ir\u00e3 n\u00e3o estava construindo armas nucleares, informa\u00e7\u00e3o que agora \u00e9 questionada pelo pr\u00f3prio presidente Donald Trump.<\/p>\n<p>Apesar de Israel n\u00e3o aceitar que Teer\u00e3 tenha armas nucleares, diversas fontes ao longo da hist\u00f3ria indicaram que o pa\u00eds mant\u00e9m um amplo programa nuclear secreto desde a d\u00e9cada de 1950. Tal projeto teria desenvolvido pelo menos 90 ogivas at\u00f4micas.<\/p>\n<p>Fonte: Ag\u00eancia Brasil<\/p>\n<p>Foto: REUTERS\/Itay Cohen<\/p>\n","protected":false},"excerpt":{"rendered":"<p>As For\u00e7as Armadas do Ir\u00e3 atacaram a base militar dos Estados Unidos (EUA) Al-Udeid, no Catar, pa\u00eds do Oriente M\u00e9dio. A informa\u00e7\u00e3o foi divulgada primeiro pelas ag\u00eancias de not\u00edcias do Ir\u00e3 Fars News e IRNA News, tendo j\u00e1 sido confirmada pelo governo do Catar, que condenou a a\u00e7\u00e3o e disse ter interceptado os m\u00edsseis. O [&hellip;]<\/p>\n","protected":false},"author":24,"featured_media":913613,"comment_status":"closed","ping_status":"closed","sticky":false,"template":"","format":"standard","meta":[],"categories":[3],"tags":[1772,863,24904,39830],"acf":[],"yoast_head":"<!-- This site is optimized with the Yoast SEO plugin v20.8 - https:\/\/yoast.com\/wordpress\/plugins\/seo\/ -->\n<title>IR\u00c3 LAN\u00c7A M\u00cdSSEIS CONTRA BASE MILITAR DOS ESTADOS UNIDOS NO CATAR - Bahia Economica As For\u00e7as Armadas do Ir\u00e3 atacaram a base militar dos Estados Unidos (EUA) Al-Udeid, no Catar, pa\u00eds do Oriente M\u00e9dio.<\/title>\n<meta name=\"description\" content=\"O maior portal de Economia da Bahia ECONOMIA \/ POL\u00cdTICA Bahia Economica As For\u00e7as Armadas do Ir\u00e3 atacaram a base militar dos Estados Unidos (EUA) Al-Udeid, no Catar, pa\u00eds do Oriente M\u00e9dio.\" \/>\n<meta name=\"robots\" content=\"index, follow, max-snippet:-1, max-image-preview:large, max-video-preview:-1\" \/>\n<link rel=\"canonical\" href=\"https:\/\/bahiaeconomica.com.br\/wp\/2025\/06\/23\/ira-lanca-misseis-contra-base-militar-dos-estados-unidos-no-catar\/\" \/>\n<meta property=\"og:locale\" content=\"pt_BR\" \/>\n<meta property=\"og:type\" content=\"article\" \/>\n<meta property=\"og:title\" content=\"IR\u00c3 LAN\u00c7A M\u00cdSSEIS CONTRA BASE MILITAR DOS ESTADOS UNIDOS NO CATAR - Bahia Economica As For\u00e7as Armadas do Ir\u00e3 atacaram a base militar dos Estados Unidos (EUA) Al-Udeid, no Catar, pa\u00eds do Oriente M\u00e9dio.\" \/>\n<meta property=\"og:description\" content=\"O maior portal de Economia da Bahia ECONOMIA \/ POL\u00cdTICA Bahia Economica As For\u00e7as Armadas do Ir\u00e3 atacaram a base militar dos Estados Unidos (EUA) Al-Udeid, no Catar, pa\u00eds do Oriente M\u00e9dio.\" \/>\n<meta property=\"og:url\" content=\"https:\/\/bahiaeconomica.com.br\/wp\/2025\/06\/23\/ira-lanca-misseis-contra-base-militar-dos-estados-unidos-no-catar\/\" \/>\n<meta property=\"og:site_name\" content=\"Bahia Economica\" \/>\n<meta property=\"article:publisher\" content=\"https:\/\/www.facebook.com\/bahiaeconomica\" \/>\n<meta property=\"article:published_time\" content=\"2025-06-23T18:16:52+00:00\" \/>\n<meta property=\"og:image\" content=\"https:\/\/bahiaeconomica.com.br\/wp\/wp-content\/uploads\/2025\/06\/2025-06-22t113906z_2038246780_rc2j7fajvbtk_rtrmadp_3_iran-nuclear-israel-missiles.webp\" \/>\n\t<meta property=\"og:image:width\" content=\"1170\" \/>\n\t<meta property=\"og:image:height\" content=\"700\" \/>\n\t<meta property=\"og:image:type\" content=\"image\/webp\" \/>\n<meta name=\"author\" content=\"VICTOR OLIVEIRA\" \/>\n<meta name=\"twitter:card\" content=\"summary_large_image\" \/>\n<meta name=\"twitter:label1\" content=\"Escrito por\" \/>\n\t<meta name=\"twitter:data1\" content=\"VICTOR OLIVEIRA\" \/>\n\t<meta name=\"twitter:label2\" content=\"Est. tempo de leitura\" \/>\n\t<meta name=\"twitter:data2\" content=\"4 minutos\" \/>\n<script type=\"application\/ld+json\" class=\"yoast-schema-graph\">{\"@context\":\"https:\/\/schema.org\",\"@graph\":[{\"@type\":\"Article\",\"@id\":\"https:\/\/bahiaeconomica.com.br\/wp\/2025\/06\/23\/ira-lanca-misseis-contra-base-militar-dos-estados-unidos-no-catar\/#article\",\"isPartOf\":{\"@id\":\"https:\/\/bahiaeconomica.com.br\/wp\/2025\/06\/23\/ira-lanca-misseis-contra-base-militar-dos-estados-unidos-no-catar\/\"},\"author\":{\"name\":\"VICTOR OLIVEIRA\",\"@id\":\"https:\/\/bahiaeconomica.com.br\/wp\/#\/schema\/person\/a17956d0e1112b626f403fb06b8129a9\"},\"headline\":\"IR\u00c3 LAN\u00c7A M\u00cdSSEIS CONTRA BASE MILITAR DOS ESTADOS UNIDOS NO CATAR\",\"datePublished\":\"2025-06-23T18:16:52+00:00\",\"dateModified\":\"2025-06-23T18:16:52+00:00\",\"mainEntityOfPage\":{\"@id\":\"https:\/\/bahiaeconomica.com.br\/wp\/2025\/06\/23\/ira-lanca-misseis-contra-base-militar-dos-estados-unidos-no-catar\/\"},\"wordCount\":714,\"publisher\":{\"@id\":\"https:\/\/bahiaeconomica.com.br\/wp\/#organization\"},\"keywords\":[\"ataque\",\"eua\",\"ira\",\"isarael\"],\"articleSection\":[\"ECONOMIA \/ POL\u00cdTICA\"],\"inLanguage\":\"pt-BR\"},{\"@type\":\"WebPage\",\"@id\":\"https:\/\/bahiaeconomica.com.br\/wp\/2025\/06\/23\/ira-lanca-misseis-contra-base-militar-dos-estados-unidos-no-catar\/\",\"url\":\"https:\/\/bahiaeconomica.com.br\/wp\/2025\/06\/23\/ira-lanca-misseis-contra-base-militar-dos-estados-unidos-no-catar\/\",\"name\":\"IR\u00c3 LAN\u00c7A M\u00cdSSEIS CONTRA BASE MILITAR DOS ESTADOS UNIDOS NO CATAR - Bahia Economica As For\u00e7as Armadas do Ir\u00e3 atacaram a base militar dos Estados Unidos (EUA) Al-Udeid, no Catar, pa\u00eds do Oriente M\u00e9dio.\",\"isPartOf\":{\"@id\":\"https:\/\/bahiaeconomica.com.br\/wp\/#website\"},\"datePublished\":\"2025-06-23T18:16:52+00:00\",\"dateModified\":\"2025-06-23T18:16:52+00:00\",\"description\":\"O maior portal de Economia da Bahia ECONOMIA \/ POL\u00cdTICA Bahia Economica As For\u00e7as Armadas do Ir\u00e3 atacaram a base militar dos Estados Unidos (EUA) Al-Udeid, no Catar, pa\u00eds do Oriente M\u00e9dio.\",\"breadcrumb\":{\"@id\":\"https:\/\/bahiaeconomica.com.br\/wp\/2025\/06\/23\/ira-lanca-misseis-contra-base-militar-dos-estados-unidos-no-catar\/#breadcrumb\"},\"inLanguage\":\"pt-BR\",\"potentialAction\":[{\"@type\":\"ReadAction\",\"target\":[\"https:\/\/bahiaeconomica.com.br\/wp\/2025\/06\/23\/ira-lanca-misseis-contra-base-militar-dos-estados-unidos-no-catar\/\"]}]},{\"@type\":\"BreadcrumbList\",\"@id\":\"https:\/\/bahiaeconomica.com.br\/wp\/2025\/06\/23\/ira-lanca-misseis-contra-base-militar-dos-estados-unidos-no-catar\/#breadcrumb\",\"itemListElement\":[{\"@type\":\"ListItem\",\"position\":1,\"name\":\"In\u00edcio\",\"item\":\"https:\/\/bahiaeconomica.com.br\/wp\/\"},{\"@type\":\"ListItem\",\"position\":2,\"name\":\"IR\u00c3 LAN\u00c7A M\u00cdSSEIS CONTRA BASE MILITAR DOS ESTADOS UNIDOS NO CATAR\"}]},{\"@type\":\"WebSite\",\"@id\":\"https:\/\/bahiaeconomica.com.br\/wp\/#website\",\"url\":\"https:\/\/bahiaeconomica.com.br\/wp\/\",\"name\":\"Bahia Economica\",\"description\":\"O maior portal de Economia da Bahia\",\"publisher\":{\"@id\":\"https:\/\/bahiaeconomica.com.br\/wp\/#organization\"},\"potentialAction\":[{\"@type\":\"SearchAction\",\"target\":{\"@type\":\"EntryPoint\",\"urlTemplate\":\"https:\/\/bahiaeconomica.com.br\/wp\/?s={search_term_string}\"},\"query-input\":\"required name=search_term_string\"}],\"inLanguage\":\"pt-BR\"},{\"@type\":\"Organization\",\"@id\":\"https:\/\/bahiaeconomica.com.br\/wp\/#organization\",\"name\":\"Bahia Econ\u00f4mica\",\"url\":\"https:\/\/bahiaeconomica.com.br\/wp\/\",\"logo\":{\"@type\":\"ImageObject\",\"inLanguage\":\"pt-BR\",\"@id\":\"https:\/\/bahiaeconomica.com.br\/wp\/#\/schema\/logo\/image\/\",\"url\":\"https:\/\/bahiaeconomica.com.br\/wp\/wp-content\/uploads\/2020\/12\/cropped-BE.png\",\"contentUrl\":\"https:\/\/bahiaeconomica.com.br\/wp\/wp-content\/uploads\/2020\/12\/cropped-BE.png\",\"width\":512,\"height\":512,\"caption\":\"Bahia Econ\u00f4mica\"},\"image\":{\"@id\":\"https:\/\/bahiaeconomica.com.br\/wp\/#\/schema\/logo\/image\/\"},\"sameAs\":[\"https:\/\/www.facebook.com\/bahiaeconomica\"]},{\"@type\":\"Person\",\"@id\":\"https:\/\/bahiaeconomica.com.br\/wp\/#\/schema\/person\/a17956d0e1112b626f403fb06b8129a9\",\"name\":\"VICTOR OLIVEIRA\",\"sameAs\":[\"http:\/\/www.bahiaeconomica.com.br\"],\"url\":\"https:\/\/bahiaeconomica.com.br\/wp\/author\/victor-oliveira\/\"}]}<\/script>\n<!-- \/ Yoast SEO plugin. -->","yoast_head_json":{"title":"IR\u00c3 LAN\u00c7A M\u00cdSSEIS CONTRA BASE MILITAR DOS ESTADOS UNIDOS NO CATAR - Bahia Economica As For\u00e7as Armadas do Ir\u00e3 atacaram a base militar dos Estados Unidos (EUA) Al-Udeid, no Catar, pa\u00eds do Oriente M\u00e9dio.","description":"O maior portal de Economia da Bahia ECONOMIA \/ POL\u00cdTICA Bahia Economica As For\u00e7as Armadas do Ir\u00e3 atacaram a base militar dos Estados Unidos (EUA) Al-Udeid, no Catar, pa\u00eds do Oriente M\u00e9dio.","robots":{"index":"index","follow":"follow","max-snippet":"max-snippet:-1","max-image-preview":"max-image-preview:large","max-video-preview":"max-video-preview:-1"},"canonical":"https:\/\/bahiaeconomica.com.br\/wp\/2025\/06\/23\/ira-lanca-misseis-contra-base-militar-dos-estados-unidos-no-catar\/","og_locale":"pt_BR","og_type":"article","og_title":"IR\u00c3 LAN\u00c7A M\u00cdSSEIS CONTRA BASE MILITAR DOS ESTADOS UNIDOS NO CATAR - Bahia Economica As For\u00e7as Armadas do Ir\u00e3 atacaram a base militar dos Estados Unidos (EUA) Al-Udeid, no Catar, pa\u00eds do Oriente M\u00e9dio.","og_description":"O maior portal de Economia da Bahia ECONOMIA \/ POL\u00cdTICA Bahia Economica As For\u00e7as Armadas do Ir\u00e3 atacaram a base militar dos Estados Unidos (EUA) Al-Udeid, no Catar, pa\u00eds do Oriente M\u00e9dio.","og_url":"https:\/\/bahiaeconomica.com.br\/wp\/2025\/06\/23\/ira-lanca-misseis-contra-base-militar-dos-estados-unidos-no-catar\/","og_site_name":"Bahia Economica","article_publisher":"https:\/\/www.facebook.com\/bahiaeconomica","article_published_time":"2025-06-23T18:16:52+00:00","og_image":[{"width":1170,"height":700,"url":"https:\/\/bahiaeconomica.com.br\/wp\/wp-content\/uploads\/2025\/06\/2025-06-22t113906z_2038246780_rc2j7fajvbtk_rtrmadp_3_iran-nuclear-israel-missiles.webp","type":"image\/webp"}],"author":"VICTOR OLIVEIRA","twitter_card":"summary_large_image","twitter_misc":{"Escrito por":"VICTOR OLIVEIRA","Est. tempo de leitura":"4 minutos"},"schema":{"@context":"https:\/\/schema.org","@graph":[{"@type":"Article","@id":"https:\/\/bahiaeconomica.com.br\/wp\/2025\/06\/23\/ira-lanca-misseis-contra-base-militar-dos-estados-unidos-no-catar\/#article","isPartOf":{"@id":"https:\/\/bahiaeconomica.com.br\/wp\/2025\/06\/23\/ira-lanca-misseis-contra-base-militar-dos-estados-unidos-no-catar\/"},"author":{"name":"VICTOR OLIVEIRA","@id":"https:\/\/bahiaeconomica.com.br\/wp\/#\/schema\/person\/a17956d0e1112b626f403fb06b8129a9"},"headline":"IR\u00c3 LAN\u00c7A M\u00cdSSEIS CONTRA BASE MILITAR DOS ESTADOS UNIDOS NO CATAR","datePublished":"2025-06-23T18:16:52+00:00","dateModified":"2025-06-23T18:16:52+00:00","mainEntityOfPage":{"@id":"https:\/\/bahiaeconomica.com.br\/wp\/2025\/06\/23\/ira-lanca-misseis-contra-base-militar-dos-estados-unidos-no-catar\/"},"wordCount":714,"publisher":{"@id":"https:\/\/bahiaeconomica.com.br\/wp\/#organization"},"keywords":["ataque","eua","ira","isarael"],"articleSection":["ECONOMIA \/ POL\u00cdTICA"],"inLanguage":"pt-BR"},{"@type":"WebPage","@id":"https:\/\/bahiaeconomica.com.br\/wp\/2025\/06\/23\/ira-lanca-misseis-contra-base-militar-dos-estados-unidos-no-catar\/","url":"https:\/\/bahiaeconomica.com.br\/wp\/2025\/06\/23\/ira-lanca-misseis-contra-base-militar-dos-estados-unidos-no-catar\/","name":"IR\u00c3 LAN\u00c7A M\u00cdSSEIS CONTRA BASE MILITAR DOS ESTADOS UNIDOS NO CATAR - Bahia Economica As For\u00e7as Armadas do Ir\u00e3 atacaram a base militar dos Estados Unidos (EUA) Al-Udeid, no Catar, pa\u00eds do Oriente M\u00e9dio.","isPartOf":{"@id":"https:\/\/bahiaeconomica.com.br\/wp\/#website"},"datePublished":"2025-06-23T18:16:52+00:00","dateModified":"2025-06-23T18:16:52+00:00","description":"O maior portal de Economia da Bahia ECONOMIA \/ POL\u00cdTICA Bahia Economica As For\u00e7as Armadas do Ir\u00e3 atacaram a base militar dos Estados Unidos (EUA) Al-Udeid, no Catar, pa\u00eds do Oriente M\u00e9dio.","breadcrumb":{"@id":"https:\/\/bahiaeconomica.com.br\/wp\/2025\/06\/23\/ira-lanca-misseis-contra-base-militar-dos-estados-unidos-no-catar\/#breadcrumb"},"inLanguage":"pt-BR","potentialAction":[{"@type":"ReadAction","target":["https:\/\/bahiaeconomica.com.br\/wp\/2025\/06\/23\/ira-lanca-misseis-contra-base-militar-dos-estados-unidos-no-catar\/"]}]},{"@type":"BreadcrumbList","@id":"https:\/\/bahiaeconomica.com.br\/wp\/2025\/06\/23\/ira-lanca-misseis-contra-base-militar-dos-estados-unidos-no-catar\/#breadcrumb","itemListElement":[{"@type":"ListItem","position":1,"name":"In\u00edcio","item":"https:\/\/bahiaeconomica.com.br\/wp\/"},{"@type":"ListItem","position":2,"name":"IR\u00c3 LAN\u00c7A M\u00cdSSEIS CONTRA BASE MILITAR DOS ESTADOS UNIDOS NO CATAR"}]},{"@type":"WebSite","@id":"https:\/\/bahiaeconomica.com.br\/wp\/#website","url":"https:\/\/bahiaeconomica.com.br\/wp\/","name":"Bahia Economica","description":"O maior portal de Economia da Bahia","publisher":{"@id":"https:\/\/bahiaeconomica.com.br\/wp\/#organization"},"potentialAction":[{"@type":"SearchAction","target":{"@type":"EntryPoint","urlTemplate":"https:\/\/bahiaeconomica.com.br\/wp\/?s={search_term_string}"},"query-input":"required name=search_term_string"}],"inLanguage":"pt-BR"},{"@type":"Organization","@id":"https:\/\/bahiaeconomica.com.br\/wp\/#organization","name":"Bahia Econ\u00f4mica","url":"https:\/\/bahiaeconomica.com.br\/wp\/","logo":{"@type":"ImageObject","inLanguage":"pt-BR","@id":"https:\/\/bahiaeconomica.com.br\/wp\/#\/schema\/logo\/image\/","url":"https:\/\/bahiaeconomica.com.br\/wp\/wp-content\/uploads\/2020\/12\/cropped-BE.png","contentUrl":"https:\/\/bahiaeconomica.com.br\/wp\/wp-content\/uploads\/2020\/12\/cropped-BE.png","width":512,"height":512,"caption":"Bahia Econ\u00f4mica"},"image":{"@id":"https:\/\/bahiaeconomica.com.br\/wp\/#\/schema\/logo\/image\/"},"sameAs":["https:\/\/www.facebook.com\/bahiaeconomica"]},{"@type":"Person","@id":"https:\/\/bahiaeconomica.com.br\/wp\/#\/schema\/person\/a17956d0e1112b626f403fb06b8129a9","name":"VICTOR OLIVEIRA","sameAs":["http:\/\/www.bahiaeconomica.com.br"],"url":"https:\/\/bahiaeconomica.com.br\/wp\/author\/victor-oliveira\/"}]}},"views":9,"_links":{"self":[{"href":"https:\/\/bahiaeconomica.com.br\/wp\/wp-json\/wp\/v2\/posts\/913607"}],"collection":[{"href":"https:\/\/bahiaeconomica.com.br\/wp\/wp-json\/wp\/v2\/posts"}],"about":[{"href":"https:\/\/bahiaeconomica.com.br\/wp\/wp-json\/wp\/v2\/types\/post"}],"author":[{"embeddable":true,"href":"https:\/\/bahiaeconomica.com.br\/wp\/wp-json\/wp\/v2\/users\/24"}],"replies":[{"embeddable":true,"href":"https:\/\/bahiaeconomica.com.br\/wp\/wp-json\/wp\/v2\/comments?post=913607"}],"version-history":[{"count":1,"href":"https:\/\/bahiaeconomica.com.br\/wp\/wp-json\/wp\/v2\/posts\/913607\/revisions"}],"predecessor-version":[{"id":913614,"href":"https:\/\/bahiaeconomica.com.br\/wp\/wp-json\/wp\/v2\/posts\/913607\/revisions\/913614"}],"wp:featuredmedia":[{"embeddable":true,"href":"https:\/\/bahiaeconomica.com.br\/wp\/wp-json\/wp\/v2\/media\/913613"}],"wp:attachment":[{"href":"https:\/\/bahiaeconomica.com.br\/wp\/wp-json\/wp\/v2\/media?parent=913607"}],"wp:term":[{"taxonomy":"category","embeddable":true,"href":"https:\/\/bahiaeconomica.com.br\/wp\/wp-json\/wp\/v2\/categories?post=913607"},{"taxonomy":"post_tag","embeddable":true,"href":"https:\/\/bahiaeconomica.com.br\/wp\/wp-json\/wp\/v2\/tags?post=913607"}],"curies":[{"name":"wp","href":"https:\/\/api.w.org\/{rel}","templated":true}]}}