{"id":913374,"date":"2025-01-20T21:50:44","date_gmt":"2025-01-21T00:50:44","guid":{"rendered":"https:\/\/bahiaeconomica.com.br\/wp\/?p=913374"},"modified":"2025-06-20T21:51:29","modified_gmt":"2025-06-21T00:51:29","slug":"minhoto-reforca-tradicao-e-afeto-nas-receitas-tipicas-e-conteudos-especiais-de-varias-regioes","status":"publish","type":"post","link":"https:\/\/bahiaeconomica.com.br\/wp\/2025\/01\/20\/minhoto-reforca-tradicao-e-afeto-nas-receitas-tipicas-e-conteudos-especiais-de-varias-regioes\/","title":{"rendered":"MINHOTO REFOR\u00c7A TRADI\u00c7\u00c3O E AFETO NAS RECEITAS T\u00cdPICAS E CONTE\u00daDOS ESPECIAIS DE V\u00c1RIAS REGI\u00d5ES."},"content":{"rendered":"<p>&nbsp;<\/p>\n<p>Marca aposta em preparos afetivos como o Bolo de Tapioca com Coco e convida o p\u00fablico a descobrir outras del\u00edcias nas redes sociais<\/p>\n<p>O S\u00e3o Jo\u00e3o \u00e9 tempo de mesa farta, sabores afetivos e receitas que atravessam gera\u00e7\u00f5es. Para o momento, a Minhoto re\u00fane um card\u00e1pio especial com dicas e preparos t\u00edpicos que prometem marcar presen\u00e7a nas festas de 2025.<\/p>\n<p>&nbsp;<\/p>\n<p>Vale resgatar o Bolo de Tapioca com Coco, uma receita que une simplicidade e mem\u00f3ria afetiva, preparada em parceria com o perfil @turistandoslz. A combina\u00e7\u00e3o de leite, coco seco, tapioca granulada, leite de coco, margarina, farinha de trigo e erva-doce traz o sabor cl\u00e1ssico das comemora\u00e7\u00f5es nordestinas. A receita completa pode ser conferida no: https:\/\/www.instagram.com\/p\/DIOvLtUPyPB<\/p>\n<p>&nbsp;<\/p>\n<p>Este conte\u00fado especial da marca \u00e9 o projeto \u201cPode Tudo na Cozinha\u201d, que re\u00fane influenciadores de diferentes regi\u00f5es do Brasil em uma s\u00e9rie de v\u00eddeos com receitas t\u00edpicas e releituras criativas.<\/p>\n<p>&nbsp;<\/p>\n<p>Outra sugest\u00e3o irresist\u00edvel \u00e9 a Carne de Sol na manteiga da terra, servida com<\/p>\n<p>um vinagrete picante que s\u00f3 o Cear\u00e1 tem, preparada junto com a influenciadora<\/p>\n<p>@cris_moreira. A combina\u00e7\u00e3o da carne com o tempero \u00e0 base de piment\u00e3o,<\/p>\n<p>tomate, cebola, coentro, cebolinha e o inconfund\u00edvel toque do Vinagre Minhoto<\/p>\n<p>promete ser sucesso nas mesas juninas.<\/p>\n<p>&nbsp;<\/p>\n<p>E para quem quiser mais uma dica pr\u00e1tica, a Mimi, assistente virtual da marca,<\/p>\n<p>tamb\u00e9m est\u00e1 pronta para ajudar.<\/p>\n<p>&nbsp;<\/p>\n<p>A proposta da Minhoto \u00e9 oferecer conte\u00fado acess\u00edveis, afetivos e que fa\u00e7am parte da rotina das fam\u00edlias brasileiras, sempre com aquele toque de tradi\u00e7\u00e3o.<\/p>\n<p>E para quem quiser mais uma dica pr\u00e1tica, a Mimi, assistente virtual da marca, tamb\u00e9m est\u00e1 pronta para ajudar.<\/p>\n<p>Truque para Cozinhar Amendoim com Vinagre Minhoto<\/p>\n<p>Ingredientes:<\/p>\n<p>1 kg de amendoim<\/p>\n<p>2 colheres de sopa de sal<\/p>\n<p>2 colheres de sopa de vinagre Minhoto<\/p>\n<p>\u00c1gua<\/p>\n<p>Modo de preparo:<\/p>\n<p>Lave o amendoim em \u00e1gua corrente. Em seguida, coloque em uma panela de press\u00e3o, cubra com \u00e1gua e o vinagre, deixando o l\u00edquido um pouco acima dos gr\u00e3os. Acrescente o sal, tampe e cozinhe por 15 a 20 minutos ap\u00f3s pegar press\u00e3o. Depois, \u00e9 s\u00f3 escorrer e servir.<\/p>\n<p>&nbsp;<\/p>\n<p>Al\u00e9m do amendoim, a Mimi tamb\u00e9m ensina outras formas criativas de usar os produtos Minhoto nas receitas t\u00edpicas, como temperar saladas de milho, marinar carnes para o churrasco de S\u00e3o Jo\u00e3o ou at\u00e9 dar aquele toque especial no vinagrete do arrasta-p\u00e9. Basta enviar uma mensagem para o WhatsApp da Mimi: (81) 99179-8046.<\/p>\n<p>Outras receitas e conte\u00fados especiais est\u00e3o dispon\u00edveis no site www.segredinhosminhoto.com.br e nas redes sociais da Minhoto.<\/p>\n","protected":false},"excerpt":{"rendered":"<p>&nbsp; Marca aposta em preparos afetivos como o Bolo de Tapioca com Coco e convida o p\u00fablico a descobrir outras del\u00edcias nas redes sociais O S\u00e3o Jo\u00e3o \u00e9 tempo de mesa farta, sabores afetivos e receitas que atravessam gera\u00e7\u00f5es. Para o momento, a Minhoto re\u00fane um card\u00e1pio especial com dicas e preparos t\u00edpicos que prometem [&hellip;]<\/p>\n","protected":false},"author":8,"featured_media":913375,"comment_status":"closed","ping_status":"closed","sticky":false,"template":"","format":"standard","meta":[],"categories":[5],"tags":[],"acf":[],"yoast_head":"<!-- This site is optimized with the Yoast SEO plugin v20.8 - https:\/\/yoast.com\/wordpress\/plugins\/seo\/ -->\n<title>MINHOTO REFOR\u00c7A TRADI\u00c7\u00c3O E AFETO NAS RECEITAS T\u00cdPICAS E CONTE\u00daDOS ESPECIAIS DE V\u00c1RIAS REGI\u00d5ES. - Bahia Economica<\/title>\n<meta name=\"description\" content=\"O maior portal de Economia da Bahia MUNIC\u00cdPIOS Bahia Economica\" \/>\n<meta name=\"robots\" content=\"index, follow, max-snippet:-1, max-image-preview:large, max-video-preview:-1\" \/>\n<link rel=\"canonical\" href=\"https:\/\/bahiaeconomica.com.br\/wp\/2025\/01\/20\/minhoto-reforca-tradicao-e-afeto-nas-receitas-tipicas-e-conteudos-especiais-de-varias-regioes\/\" \/>\n<meta property=\"og:locale\" content=\"pt_BR\" \/>\n<meta property=\"og:type\" content=\"article\" \/>\n<meta property=\"og:title\" content=\"MINHOTO REFOR\u00c7A TRADI\u00c7\u00c3O E AFETO NAS RECEITAS T\u00cdPICAS E CONTE\u00daDOS ESPECIAIS DE V\u00c1RIAS REGI\u00d5ES. - Bahia Economica\" \/>\n<meta property=\"og:description\" content=\"O maior portal de Economia da Bahia MUNIC\u00cdPIOS Bahia Economica\" \/>\n<meta property=\"og:url\" content=\"https:\/\/bahiaeconomica.com.br\/wp\/2025\/01\/20\/minhoto-reforca-tradicao-e-afeto-nas-receitas-tipicas-e-conteudos-especiais-de-varias-regioes\/\" \/>\n<meta property=\"og:site_name\" content=\"Bahia Economica\" \/>\n<meta property=\"article:publisher\" content=\"https:\/\/www.facebook.com\/bahiaeconomica\" \/>\n<meta property=\"article:published_time\" content=\"2025-01-21T00:50:44+00:00\" \/>\n<meta property=\"article:modified_time\" content=\"2025-06-21T00:51:29+00:00\" \/>\n<meta property=\"og:image\" content=\"https:\/\/bahiaeconomica.com.br\/wp\/wp-content\/uploads\/2025\/06\/WhatsApp-Image-2025-06-20-at-15.32.08.jpeg\" \/>\n\t<meta property=\"og:image:width\" content=\"1280\" \/>\n\t<meta property=\"og:image:height\" content=\"736\" \/>\n\t<meta property=\"og:image:type\" content=\"image\/jpeg\" \/>\n<meta name=\"author\" content=\"JP\" \/>\n<meta name=\"twitter:card\" content=\"summary_large_image\" \/>\n<meta name=\"twitter:label1\" content=\"Escrito por\" \/>\n\t<meta name=\"twitter:data1\" content=\"JP\" \/>\n\t<meta name=\"twitter:label2\" content=\"Est. tempo de leitura\" \/>\n\t<meta name=\"twitter:data2\" content=\"3 minutos\" \/>\n<script type=\"application\/ld+json\" class=\"yoast-schema-graph\">{\"@context\":\"https:\/\/schema.org\",\"@graph\":[{\"@type\":\"Article\",\"@id\":\"https:\/\/bahiaeconomica.com.br\/wp\/2025\/01\/20\/minhoto-reforca-tradicao-e-afeto-nas-receitas-tipicas-e-conteudos-especiais-de-varias-regioes\/#article\",\"isPartOf\":{\"@id\":\"https:\/\/bahiaeconomica.com.br\/wp\/2025\/01\/20\/minhoto-reforca-tradicao-e-afeto-nas-receitas-tipicas-e-conteudos-especiais-de-varias-regioes\/\"},\"author\":{\"name\":\"JP\",\"@id\":\"https:\/\/bahiaeconomica.com.br\/wp\/#\/schema\/person\/c86d3a3f8960425a0f9d0e5245991f4e\"},\"headline\":\"MINHOTO REFOR\u00c7A TRADI\u00c7\u00c3O E AFETO NAS RECEITAS T\u00cdPICAS E CONTE\u00daDOS ESPECIAIS DE V\u00c1RIAS REGI\u00d5ES.\",\"datePublished\":\"2025-01-21T00:50:44+00:00\",\"dateModified\":\"2025-06-21T00:51:29+00:00\",\"mainEntityOfPage\":{\"@id\":\"https:\/\/bahiaeconomica.com.br\/wp\/2025\/01\/20\/minhoto-reforca-tradicao-e-afeto-nas-receitas-tipicas-e-conteudos-especiais-de-varias-regioes\/\"},\"wordCount\":478,\"publisher\":{\"@id\":\"https:\/\/bahiaeconomica.com.br\/wp\/#organization\"},\"articleSection\":[\"MUNIC\u00cdPIOS\"],\"inLanguage\":\"pt-BR\"},{\"@type\":\"WebPage\",\"@id\":\"https:\/\/bahiaeconomica.com.br\/wp\/2025\/01\/20\/minhoto-reforca-tradicao-e-afeto-nas-receitas-tipicas-e-conteudos-especiais-de-varias-regioes\/\",\"url\":\"https:\/\/bahiaeconomica.com.br\/wp\/2025\/01\/20\/minhoto-reforca-tradicao-e-afeto-nas-receitas-tipicas-e-conteudos-especiais-de-varias-regioes\/\",\"name\":\"MINHOTO REFOR\u00c7A TRADI\u00c7\u00c3O E AFETO NAS RECEITAS T\u00cdPICAS E CONTE\u00daDOS ESPECIAIS DE V\u00c1RIAS REGI\u00d5ES. - Bahia Economica\",\"isPartOf\":{\"@id\":\"https:\/\/bahiaeconomica.com.br\/wp\/#website\"},\"datePublished\":\"2025-01-21T00:50:44+00:00\",\"dateModified\":\"2025-06-21T00:51:29+00:00\",\"description\":\"O maior portal de Economia da Bahia MUNIC\u00cdPIOS Bahia Economica\",\"breadcrumb\":{\"@id\":\"https:\/\/bahiaeconomica.com.br\/wp\/2025\/01\/20\/minhoto-reforca-tradicao-e-afeto-nas-receitas-tipicas-e-conteudos-especiais-de-varias-regioes\/#breadcrumb\"},\"inLanguage\":\"pt-BR\",\"potentialAction\":[{\"@type\":\"ReadAction\",\"target\":[\"https:\/\/bahiaeconomica.com.br\/wp\/2025\/01\/20\/minhoto-reforca-tradicao-e-afeto-nas-receitas-tipicas-e-conteudos-especiais-de-varias-regioes\/\"]}]},{\"@type\":\"BreadcrumbList\",\"@id\":\"https:\/\/bahiaeconomica.com.br\/wp\/2025\/01\/20\/minhoto-reforca-tradicao-e-afeto-nas-receitas-tipicas-e-conteudos-especiais-de-varias-regioes\/#breadcrumb\",\"itemListElement\":[{\"@type\":\"ListItem\",\"position\":1,\"name\":\"In\u00edcio\",\"item\":\"https:\/\/bahiaeconomica.com.br\/wp\/\"},{\"@type\":\"ListItem\",\"position\":2,\"name\":\"MINHOTO REFOR\u00c7A TRADI\u00c7\u00c3O E AFETO NAS RECEITAS T\u00cdPICAS E CONTE\u00daDOS ESPECIAIS DE V\u00c1RIAS REGI\u00d5ES.\"}]},{\"@type\":\"WebSite\",\"@id\":\"https:\/\/bahiaeconomica.com.br\/wp\/#website\",\"url\":\"https:\/\/bahiaeconomica.com.br\/wp\/\",\"name\":\"Bahia Economica\",\"description\":\"O maior portal de Economia da Bahia\",\"publisher\":{\"@id\":\"https:\/\/bahiaeconomica.com.br\/wp\/#organization\"},\"potentialAction\":[{\"@type\":\"SearchAction\",\"target\":{\"@type\":\"EntryPoint\",\"urlTemplate\":\"https:\/\/bahiaeconomica.com.br\/wp\/?s={search_term_string}\"},\"query-input\":\"required name=search_term_string\"}],\"inLanguage\":\"pt-BR\"},{\"@type\":\"Organization\",\"@id\":\"https:\/\/bahiaeconomica.com.br\/wp\/#organization\",\"name\":\"Bahia Econ\u00f4mica\",\"url\":\"https:\/\/bahiaeconomica.com.br\/wp\/\",\"logo\":{\"@type\":\"ImageObject\",\"inLanguage\":\"pt-BR\",\"@id\":\"https:\/\/bahiaeconomica.com.br\/wp\/#\/schema\/logo\/image\/\",\"url\":\"https:\/\/bahiaeconomica.com.br\/wp\/wp-content\/uploads\/2020\/12\/cropped-BE.png\",\"contentUrl\":\"https:\/\/bahiaeconomica.com.br\/wp\/wp-content\/uploads\/2020\/12\/cropped-BE.png\",\"width\":512,\"height\":512,\"caption\":\"Bahia Econ\u00f4mica\"},\"image\":{\"@id\":\"https:\/\/bahiaeconomica.com.br\/wp\/#\/schema\/logo\/image\/\"},\"sameAs\":[\"https:\/\/www.facebook.com\/bahiaeconomica\"]},{\"@type\":\"Person\",\"@id\":\"https:\/\/bahiaeconomica.com.br\/wp\/#\/schema\/person\/c86d3a3f8960425a0f9d0e5245991f4e\",\"name\":\"JP\",\"sameAs\":[\"https:\/\/bahiaeconomica.com.br\/wp\/beta\/\"],\"url\":\"https:\/\/bahiaeconomica.com.br\/wp\/author\/jp\/\"}]}<\/script>\n<!-- \/ Yoast SEO plugin. -->","yoast_head_json":{"title":"MINHOTO REFOR\u00c7A TRADI\u00c7\u00c3O E AFETO NAS RECEITAS T\u00cdPICAS E CONTE\u00daDOS ESPECIAIS DE V\u00c1RIAS REGI\u00d5ES. - Bahia Economica","description":"O maior portal de Economia da Bahia MUNIC\u00cdPIOS Bahia Economica","robots":{"index":"index","follow":"follow","max-snippet":"max-snippet:-1","max-image-preview":"max-image-preview:large","max-video-preview":"max-video-preview:-1"},"canonical":"https:\/\/bahiaeconomica.com.br\/wp\/2025\/01\/20\/minhoto-reforca-tradicao-e-afeto-nas-receitas-tipicas-e-conteudos-especiais-de-varias-regioes\/","og_locale":"pt_BR","og_type":"article","og_title":"MINHOTO REFOR\u00c7A TRADI\u00c7\u00c3O E AFETO NAS RECEITAS T\u00cdPICAS E CONTE\u00daDOS ESPECIAIS DE V\u00c1RIAS REGI\u00d5ES. - Bahia Economica","og_description":"O maior portal de Economia da Bahia MUNIC\u00cdPIOS Bahia Economica","og_url":"https:\/\/bahiaeconomica.com.br\/wp\/2025\/01\/20\/minhoto-reforca-tradicao-e-afeto-nas-receitas-tipicas-e-conteudos-especiais-de-varias-regioes\/","og_site_name":"Bahia Economica","article_publisher":"https:\/\/www.facebook.com\/bahiaeconomica","article_published_time":"2025-01-21T00:50:44+00:00","article_modified_time":"2025-06-21T00:51:29+00:00","og_image":[{"width":1280,"height":736,"url":"https:\/\/bahiaeconomica.com.br\/wp\/wp-content\/uploads\/2025\/06\/WhatsApp-Image-2025-06-20-at-15.32.08.jpeg","type":"image\/jpeg"}],"author":"JP","twitter_card":"summary_large_image","twitter_misc":{"Escrito por":"JP","Est. tempo de leitura":"3 minutos"},"schema":{"@context":"https:\/\/schema.org","@graph":[{"@type":"Article","@id":"https:\/\/bahiaeconomica.com.br\/wp\/2025\/01\/20\/minhoto-reforca-tradicao-e-afeto-nas-receitas-tipicas-e-conteudos-especiais-de-varias-regioes\/#article","isPartOf":{"@id":"https:\/\/bahiaeconomica.com.br\/wp\/2025\/01\/20\/minhoto-reforca-tradicao-e-afeto-nas-receitas-tipicas-e-conteudos-especiais-de-varias-regioes\/"},"author":{"name":"JP","@id":"https:\/\/bahiaeconomica.com.br\/wp\/#\/schema\/person\/c86d3a3f8960425a0f9d0e5245991f4e"},"headline":"MINHOTO REFOR\u00c7A TRADI\u00c7\u00c3O E AFETO NAS RECEITAS T\u00cdPICAS E CONTE\u00daDOS ESPECIAIS DE V\u00c1RIAS REGI\u00d5ES.","datePublished":"2025-01-21T00:50:44+00:00","dateModified":"2025-06-21T00:51:29+00:00","mainEntityOfPage":{"@id":"https:\/\/bahiaeconomica.com.br\/wp\/2025\/01\/20\/minhoto-reforca-tradicao-e-afeto-nas-receitas-tipicas-e-conteudos-especiais-de-varias-regioes\/"},"wordCount":478,"publisher":{"@id":"https:\/\/bahiaeconomica.com.br\/wp\/#organization"},"articleSection":["MUNIC\u00cdPIOS"],"inLanguage":"pt-BR"},{"@type":"WebPage","@id":"https:\/\/bahiaeconomica.com.br\/wp\/2025\/01\/20\/minhoto-reforca-tradicao-e-afeto-nas-receitas-tipicas-e-conteudos-especiais-de-varias-regioes\/","url":"https:\/\/bahiaeconomica.com.br\/wp\/2025\/01\/20\/minhoto-reforca-tradicao-e-afeto-nas-receitas-tipicas-e-conteudos-especiais-de-varias-regioes\/","name":"MINHOTO REFOR\u00c7A TRADI\u00c7\u00c3O E AFETO NAS RECEITAS T\u00cdPICAS E CONTE\u00daDOS ESPECIAIS DE V\u00c1RIAS REGI\u00d5ES. - Bahia Economica","isPartOf":{"@id":"https:\/\/bahiaeconomica.com.br\/wp\/#website"},"datePublished":"2025-01-21T00:50:44+00:00","dateModified":"2025-06-21T00:51:29+00:00","description":"O maior portal de Economia da Bahia MUNIC\u00cdPIOS Bahia Economica","breadcrumb":{"@id":"https:\/\/bahiaeconomica.com.br\/wp\/2025\/01\/20\/minhoto-reforca-tradicao-e-afeto-nas-receitas-tipicas-e-conteudos-especiais-de-varias-regioes\/#breadcrumb"},"inLanguage":"pt-BR","potentialAction":[{"@type":"ReadAction","target":["https:\/\/bahiaeconomica.com.br\/wp\/2025\/01\/20\/minhoto-reforca-tradicao-e-afeto-nas-receitas-tipicas-e-conteudos-especiais-de-varias-regioes\/"]}]},{"@type":"BreadcrumbList","@id":"https:\/\/bahiaeconomica.com.br\/wp\/2025\/01\/20\/minhoto-reforca-tradicao-e-afeto-nas-receitas-tipicas-e-conteudos-especiais-de-varias-regioes\/#breadcrumb","itemListElement":[{"@type":"ListItem","position":1,"name":"In\u00edcio","item":"https:\/\/bahiaeconomica.com.br\/wp\/"},{"@type":"ListItem","position":2,"name":"MINHOTO REFOR\u00c7A TRADI\u00c7\u00c3O E AFETO NAS RECEITAS T\u00cdPICAS E CONTE\u00daDOS ESPECIAIS DE V\u00c1RIAS REGI\u00d5ES."}]},{"@type":"WebSite","@id":"https:\/\/bahiaeconomica.com.br\/wp\/#website","url":"https:\/\/bahiaeconomica.com.br\/wp\/","name":"Bahia Economica","description":"O maior portal de Economia da Bahia","publisher":{"@id":"https:\/\/bahiaeconomica.com.br\/wp\/#organization"},"potentialAction":[{"@type":"SearchAction","target":{"@type":"EntryPoint","urlTemplate":"https:\/\/bahiaeconomica.com.br\/wp\/?s={search_term_string}"},"query-input":"required name=search_term_string"}],"inLanguage":"pt-BR"},{"@type":"Organization","@id":"https:\/\/bahiaeconomica.com.br\/wp\/#organization","name":"Bahia Econ\u00f4mica","url":"https:\/\/bahiaeconomica.com.br\/wp\/","logo":{"@type":"ImageObject","inLanguage":"pt-BR","@id":"https:\/\/bahiaeconomica.com.br\/wp\/#\/schema\/logo\/image\/","url":"https:\/\/bahiaeconomica.com.br\/wp\/wp-content\/uploads\/2020\/12\/cropped-BE.png","contentUrl":"https:\/\/bahiaeconomica.com.br\/wp\/wp-content\/uploads\/2020\/12\/cropped-BE.png","width":512,"height":512,"caption":"Bahia Econ\u00f4mica"},"image":{"@id":"https:\/\/bahiaeconomica.com.br\/wp\/#\/schema\/logo\/image\/"},"sameAs":["https:\/\/www.facebook.com\/bahiaeconomica"]},{"@type":"Person","@id":"https:\/\/bahiaeconomica.com.br\/wp\/#\/schema\/person\/c86d3a3f8960425a0f9d0e5245991f4e","name":"JP","sameAs":["https:\/\/bahiaeconomica.com.br\/wp\/beta\/"],"url":"https:\/\/bahiaeconomica.com.br\/wp\/author\/jp\/"}]}},"views":8,"_links":{"self":[{"href":"https:\/\/bahiaeconomica.com.br\/wp\/wp-json\/wp\/v2\/posts\/913374"}],"collection":[{"href":"https:\/\/bahiaeconomica.com.br\/wp\/wp-json\/wp\/v2\/posts"}],"about":[{"href":"https:\/\/bahiaeconomica.com.br\/wp\/wp-json\/wp\/v2\/types\/post"}],"author":[{"embeddable":true,"href":"https:\/\/bahiaeconomica.com.br\/wp\/wp-json\/wp\/v2\/users\/8"}],"replies":[{"embeddable":true,"href":"https:\/\/bahiaeconomica.com.br\/wp\/wp-json\/wp\/v2\/comments?post=913374"}],"version-history":[{"count":1,"href":"https:\/\/bahiaeconomica.com.br\/wp\/wp-json\/wp\/v2\/posts\/913374\/revisions"}],"predecessor-version":[{"id":913376,"href":"https:\/\/bahiaeconomica.com.br\/wp\/wp-json\/wp\/v2\/posts\/913374\/revisions\/913376"}],"wp:featuredmedia":[{"embeddable":true,"href":"https:\/\/bahiaeconomica.com.br\/wp\/wp-json\/wp\/v2\/media\/913375"}],"wp:attachment":[{"href":"https:\/\/bahiaeconomica.com.br\/wp\/wp-json\/wp\/v2\/media?parent=913374"}],"wp:term":[{"taxonomy":"category","embeddable":true,"href":"https:\/\/bahiaeconomica.com.br\/wp\/wp-json\/wp\/v2\/categories?post=913374"},{"taxonomy":"post_tag","embeddable":true,"href":"https:\/\/bahiaeconomica.com.br\/wp\/wp-json\/wp\/v2\/tags?post=913374"}],"curies":[{"name":"wp","href":"https:\/\/api.w.org\/{rel}","templated":true}]}}