{"id":912814,"date":"2025-06-18T18:06:06","date_gmt":"2025-06-18T21:06:06","guid":{"rendered":"https:\/\/bahiaeconomica.com.br\/wp\/?p=912814"},"modified":"2025-06-18T16:47:00","modified_gmt":"2025-06-18T19:47:00","slug":"comissao-aprova-tempo-extra-nos-exames-da-cnh-para-pessoas-com-transtorno-de-aprendizagem","status":"publish","type":"post","link":"https:\/\/bahiaeconomica.com.br\/wp\/2025\/06\/18\/comissao-aprova-tempo-extra-nos-exames-da-cnh-para-pessoas-com-transtorno-de-aprendizagem\/","title":{"rendered":"COMISS\u00c3O APROVA TEMPO EXTRA NOS EXAMES DA CNH PARA PESSOAS COM TRANSTORNO DE APRENDIZAGEM"},"content":{"rendered":"<p>A Comiss\u00e3o de Via\u00e7\u00e3o e Transportes da C\u00e2mara dos Deputados aprovou projeto de lei que concede a candidatos com defici\u00eancia auditiva, dislexia, transtorno do espectro autista (TEA), transtorno do d\u00e9ficit de Aten\u00e7\u00e3o com hiperatividade (TDAH) ou outro transtorno de aprendizagem tratamento diferenciado e tempo adicional nos exames para a obten\u00e7\u00e3o da Carteira Nacional de Habilita\u00e7\u00e3o (CNH).<\/p>\n<p>Atualmente, o C\u00f3digo de Tr\u00e2nsito Brasileiro,\u00a0que \u00e9 alterado pela proposta, j\u00e1 assegura ao candidato com defici\u00eancia auditiva acessibilidade de comunica\u00e7\u00e3o, por meio de tecnologias assistivas, em todas as etapas do processo.<\/p>\n<p>Pelo texto aprovado, o tempo adicional necess\u00e1rio nos exames (aptid\u00e3o f\u00edsica e mental, legisla\u00e7\u00e3o de tr\u00e2nsito, primeiros socorros e dire\u00e7\u00e3o veicular) dever\u00e1 ser definido pelo Conselho Nacional de Tr\u00e2nsito (Contran).<\/p>\n<p>O texto aprovado foi o substitutivo do relator, deputado Hugo Leal (PSD-RJ), ao Projeto de Lei 3031\/22, do ex-deputado Francisco Jr. (GO), que previa o tempo adicional nos exames apenas para pessoas com dislexia.<\/p>\n<p>Leal sustentou que pessoas com outras necessidades especiais tamb\u00e9m devem ter direito a um prazo extra nos exames da CNH.<\/p>\n<p>Fonte: Ag\u00eancia C\u00e2mara de Not\u00edcias<br \/>\nFoto: Vinicius Loures\/C\u00e2mara dos Deputados<\/p>\n","protected":false},"excerpt":{"rendered":"<p>A Comiss\u00e3o de Via\u00e7\u00e3o e Transportes da C\u00e2mara dos Deputados aprovou projeto de lei que concede a candidatos com defici\u00eancia auditiva, dislexia, transtorno do espectro autista (TEA), transtorno do d\u00e9ficit de Aten\u00e7\u00e3o com hiperatividade (TDAH) ou outro transtorno de aprendizagem tratamento diferenciado e tempo adicional nos exames para a obten\u00e7\u00e3o da Carteira Nacional de Habilita\u00e7\u00e3o [&hellip;]<\/p>\n","protected":false},"author":16,"featured_media":912816,"comment_status":"closed","ping_status":"closed","sticky":false,"template":"","format":"standard","meta":[],"categories":[14601],"tags":[],"acf":[],"yoast_head":"<!-- This site is optimized with the Yoast SEO plugin v20.8 - https:\/\/yoast.com\/wordpress\/plugins\/seo\/ -->\n<title>COMISS\u00c3O APROVA TEMPO EXTRA NOS EXAMES DA CNH PARA PESSOAS COM TRANSTORNO DE APRENDIZAGEM - Bahia Economica<\/title>\n<meta name=\"description\" content=\"O maior portal de Economia da Bahia Pol\u00edtica Bahia Economica\" \/>\n<meta name=\"robots\" content=\"index, follow, max-snippet:-1, max-image-preview:large, max-video-preview:-1\" \/>\n<link rel=\"canonical\" href=\"https:\/\/bahiaeconomica.com.br\/wp\/2025\/06\/18\/comissao-aprova-tempo-extra-nos-exames-da-cnh-para-pessoas-com-transtorno-de-aprendizagem\/\" \/>\n<meta property=\"og:locale\" content=\"pt_BR\" \/>\n<meta property=\"og:type\" content=\"article\" \/>\n<meta property=\"og:title\" content=\"COMISS\u00c3O APROVA TEMPO EXTRA NOS EXAMES DA CNH PARA PESSOAS COM TRANSTORNO DE APRENDIZAGEM - Bahia Economica\" \/>\n<meta property=\"og:description\" content=\"O maior portal de Economia da Bahia Pol\u00edtica Bahia Economica\" \/>\n<meta property=\"og:url\" content=\"https:\/\/bahiaeconomica.com.br\/wp\/2025\/06\/18\/comissao-aprova-tempo-extra-nos-exames-da-cnh-para-pessoas-com-transtorno-de-aprendizagem\/\" \/>\n<meta property=\"og:site_name\" content=\"Bahia Economica\" \/>\n<meta property=\"article:publisher\" content=\"https:\/\/www.facebook.com\/bahiaeconomica\" \/>\n<meta property=\"article:published_time\" content=\"2025-06-18T21:06:06+00:00\" \/>\n<meta property=\"article:modified_time\" content=\"2025-06-18T19:47:00+00:00\" \/>\n<meta property=\"og:image\" content=\"https:\/\/bahiaeconomica.com.br\/wp\/wp-content\/uploads\/2025\/06\/img20250508100724532-768x473-1.jpg\" \/>\n\t<meta property=\"og:image:width\" content=\"768\" \/>\n\t<meta property=\"og:image:height\" content=\"473\" \/>\n\t<meta property=\"og:image:type\" content=\"image\/jpeg\" \/>\n<meta name=\"author\" content=\"LUIZA NASCIMENTO\" \/>\n<meta name=\"twitter:card\" content=\"summary_large_image\" \/>\n<meta name=\"twitter:label1\" content=\"Escrito por\" \/>\n\t<meta name=\"twitter:data1\" content=\"LUIZA NASCIMENTO\" \/>\n\t<meta name=\"twitter:label2\" content=\"Est. tempo de leitura\" \/>\n\t<meta name=\"twitter:data2\" content=\"2 minutos\" \/>\n<script type=\"application\/ld+json\" class=\"yoast-schema-graph\">{\"@context\":\"https:\/\/schema.org\",\"@graph\":[{\"@type\":\"Article\",\"@id\":\"https:\/\/bahiaeconomica.com.br\/wp\/2025\/06\/18\/comissao-aprova-tempo-extra-nos-exames-da-cnh-para-pessoas-com-transtorno-de-aprendizagem\/#article\",\"isPartOf\":{\"@id\":\"https:\/\/bahiaeconomica.com.br\/wp\/2025\/06\/18\/comissao-aprova-tempo-extra-nos-exames-da-cnh-para-pessoas-com-transtorno-de-aprendizagem\/\"},\"author\":{\"name\":\"LUIZA NASCIMENTO\",\"@id\":\"https:\/\/bahiaeconomica.com.br\/wp\/#\/schema\/person\/18273ac0fe04bfd4e7b101bf17d40152\"},\"headline\":\"COMISS\u00c3O APROVA TEMPO EXTRA NOS EXAMES DA CNH PARA PESSOAS COM TRANSTORNO DE APRENDIZAGEM\",\"datePublished\":\"2025-06-18T21:06:06+00:00\",\"dateModified\":\"2025-06-18T19:47:00+00:00\",\"mainEntityOfPage\":{\"@id\":\"https:\/\/bahiaeconomica.com.br\/wp\/2025\/06\/18\/comissao-aprova-tempo-extra-nos-exames-da-cnh-para-pessoas-com-transtorno-de-aprendizagem\/\"},\"wordCount\":220,\"publisher\":{\"@id\":\"https:\/\/bahiaeconomica.com.br\/wp\/#organization\"},\"articleSection\":[\"Pol\u00edtica\"],\"inLanguage\":\"pt-BR\"},{\"@type\":\"WebPage\",\"@id\":\"https:\/\/bahiaeconomica.com.br\/wp\/2025\/06\/18\/comissao-aprova-tempo-extra-nos-exames-da-cnh-para-pessoas-com-transtorno-de-aprendizagem\/\",\"url\":\"https:\/\/bahiaeconomica.com.br\/wp\/2025\/06\/18\/comissao-aprova-tempo-extra-nos-exames-da-cnh-para-pessoas-com-transtorno-de-aprendizagem\/\",\"name\":\"COMISS\u00c3O APROVA TEMPO EXTRA NOS EXAMES DA CNH PARA PESSOAS COM TRANSTORNO DE APRENDIZAGEM - Bahia Economica\",\"isPartOf\":{\"@id\":\"https:\/\/bahiaeconomica.com.br\/wp\/#website\"},\"datePublished\":\"2025-06-18T21:06:06+00:00\",\"dateModified\":\"2025-06-18T19:47:00+00:00\",\"description\":\"O maior portal de Economia da Bahia Pol\u00edtica Bahia Economica\",\"breadcrumb\":{\"@id\":\"https:\/\/bahiaeconomica.com.br\/wp\/2025\/06\/18\/comissao-aprova-tempo-extra-nos-exames-da-cnh-para-pessoas-com-transtorno-de-aprendizagem\/#breadcrumb\"},\"inLanguage\":\"pt-BR\",\"potentialAction\":[{\"@type\":\"ReadAction\",\"target\":[\"https:\/\/bahiaeconomica.com.br\/wp\/2025\/06\/18\/comissao-aprova-tempo-extra-nos-exames-da-cnh-para-pessoas-com-transtorno-de-aprendizagem\/\"]}]},{\"@type\":\"BreadcrumbList\",\"@id\":\"https:\/\/bahiaeconomica.com.br\/wp\/2025\/06\/18\/comissao-aprova-tempo-extra-nos-exames-da-cnh-para-pessoas-com-transtorno-de-aprendizagem\/#breadcrumb\",\"itemListElement\":[{\"@type\":\"ListItem\",\"position\":1,\"name\":\"In\u00edcio\",\"item\":\"https:\/\/bahiaeconomica.com.br\/wp\/\"},{\"@type\":\"ListItem\",\"position\":2,\"name\":\"COMISS\u00c3O APROVA TEMPO EXTRA NOS EXAMES DA CNH PARA PESSOAS COM TRANSTORNO DE APRENDIZAGEM\"}]},{\"@type\":\"WebSite\",\"@id\":\"https:\/\/bahiaeconomica.com.br\/wp\/#website\",\"url\":\"https:\/\/bahiaeconomica.com.br\/wp\/\",\"name\":\"Bahia Economica\",\"description\":\"O maior portal de Economia da Bahia\",\"publisher\":{\"@id\":\"https:\/\/bahiaeconomica.com.br\/wp\/#organization\"},\"potentialAction\":[{\"@type\":\"SearchAction\",\"target\":{\"@type\":\"EntryPoint\",\"urlTemplate\":\"https:\/\/bahiaeconomica.com.br\/wp\/?s={search_term_string}\"},\"query-input\":\"required name=search_term_string\"}],\"inLanguage\":\"pt-BR\"},{\"@type\":\"Organization\",\"@id\":\"https:\/\/bahiaeconomica.com.br\/wp\/#organization\",\"name\":\"Bahia Econ\u00f4mica\",\"url\":\"https:\/\/bahiaeconomica.com.br\/wp\/\",\"logo\":{\"@type\":\"ImageObject\",\"inLanguage\":\"pt-BR\",\"@id\":\"https:\/\/bahiaeconomica.com.br\/wp\/#\/schema\/logo\/image\/\",\"url\":\"https:\/\/bahiaeconomica.com.br\/wp\/wp-content\/uploads\/2020\/12\/cropped-BE.png\",\"contentUrl\":\"https:\/\/bahiaeconomica.com.br\/wp\/wp-content\/uploads\/2020\/12\/cropped-BE.png\",\"width\":512,\"height\":512,\"caption\":\"Bahia Econ\u00f4mica\"},\"image\":{\"@id\":\"https:\/\/bahiaeconomica.com.br\/wp\/#\/schema\/logo\/image\/\"},\"sameAs\":[\"https:\/\/www.facebook.com\/bahiaeconomica\"]},{\"@type\":\"Person\",\"@id\":\"https:\/\/bahiaeconomica.com.br\/wp\/#\/schema\/person\/18273ac0fe04bfd4e7b101bf17d40152\",\"name\":\"LUIZA NASCIMENTO\",\"sameAs\":[\"http:\/\/www.bahiaeconomica.com.br\"],\"url\":\"https:\/\/bahiaeconomica.com.br\/wp\/author\/luiza-nascimento\/\"}]}<\/script>\n<!-- \/ Yoast SEO plugin. -->","yoast_head_json":{"title":"COMISS\u00c3O APROVA TEMPO EXTRA NOS EXAMES DA CNH PARA PESSOAS COM TRANSTORNO DE APRENDIZAGEM - Bahia Economica","description":"O maior portal de Economia da Bahia Pol\u00edtica Bahia Economica","robots":{"index":"index","follow":"follow","max-snippet":"max-snippet:-1","max-image-preview":"max-image-preview:large","max-video-preview":"max-video-preview:-1"},"canonical":"https:\/\/bahiaeconomica.com.br\/wp\/2025\/06\/18\/comissao-aprova-tempo-extra-nos-exames-da-cnh-para-pessoas-com-transtorno-de-aprendizagem\/","og_locale":"pt_BR","og_type":"article","og_title":"COMISS\u00c3O APROVA TEMPO EXTRA NOS EXAMES DA CNH PARA PESSOAS COM TRANSTORNO DE APRENDIZAGEM - Bahia Economica","og_description":"O maior portal de Economia da Bahia Pol\u00edtica Bahia Economica","og_url":"https:\/\/bahiaeconomica.com.br\/wp\/2025\/06\/18\/comissao-aprova-tempo-extra-nos-exames-da-cnh-para-pessoas-com-transtorno-de-aprendizagem\/","og_site_name":"Bahia Economica","article_publisher":"https:\/\/www.facebook.com\/bahiaeconomica","article_published_time":"2025-06-18T21:06:06+00:00","article_modified_time":"2025-06-18T19:47:00+00:00","og_image":[{"width":768,"height":473,"url":"https:\/\/bahiaeconomica.com.br\/wp\/wp-content\/uploads\/2025\/06\/img20250508100724532-768x473-1.jpg","type":"image\/jpeg"}],"author":"LUIZA NASCIMENTO","twitter_card":"summary_large_image","twitter_misc":{"Escrito por":"LUIZA NASCIMENTO","Est. tempo de leitura":"2 minutos"},"schema":{"@context":"https:\/\/schema.org","@graph":[{"@type":"Article","@id":"https:\/\/bahiaeconomica.com.br\/wp\/2025\/06\/18\/comissao-aprova-tempo-extra-nos-exames-da-cnh-para-pessoas-com-transtorno-de-aprendizagem\/#article","isPartOf":{"@id":"https:\/\/bahiaeconomica.com.br\/wp\/2025\/06\/18\/comissao-aprova-tempo-extra-nos-exames-da-cnh-para-pessoas-com-transtorno-de-aprendizagem\/"},"author":{"name":"LUIZA NASCIMENTO","@id":"https:\/\/bahiaeconomica.com.br\/wp\/#\/schema\/person\/18273ac0fe04bfd4e7b101bf17d40152"},"headline":"COMISS\u00c3O APROVA TEMPO EXTRA NOS EXAMES DA CNH PARA PESSOAS COM TRANSTORNO DE APRENDIZAGEM","datePublished":"2025-06-18T21:06:06+00:00","dateModified":"2025-06-18T19:47:00+00:00","mainEntityOfPage":{"@id":"https:\/\/bahiaeconomica.com.br\/wp\/2025\/06\/18\/comissao-aprova-tempo-extra-nos-exames-da-cnh-para-pessoas-com-transtorno-de-aprendizagem\/"},"wordCount":220,"publisher":{"@id":"https:\/\/bahiaeconomica.com.br\/wp\/#organization"},"articleSection":["Pol\u00edtica"],"inLanguage":"pt-BR"},{"@type":"WebPage","@id":"https:\/\/bahiaeconomica.com.br\/wp\/2025\/06\/18\/comissao-aprova-tempo-extra-nos-exames-da-cnh-para-pessoas-com-transtorno-de-aprendizagem\/","url":"https:\/\/bahiaeconomica.com.br\/wp\/2025\/06\/18\/comissao-aprova-tempo-extra-nos-exames-da-cnh-para-pessoas-com-transtorno-de-aprendizagem\/","name":"COMISS\u00c3O APROVA TEMPO EXTRA NOS EXAMES DA CNH PARA PESSOAS COM TRANSTORNO DE APRENDIZAGEM - Bahia Economica","isPartOf":{"@id":"https:\/\/bahiaeconomica.com.br\/wp\/#website"},"datePublished":"2025-06-18T21:06:06+00:00","dateModified":"2025-06-18T19:47:00+00:00","description":"O maior portal de Economia da Bahia Pol\u00edtica Bahia Economica","breadcrumb":{"@id":"https:\/\/bahiaeconomica.com.br\/wp\/2025\/06\/18\/comissao-aprova-tempo-extra-nos-exames-da-cnh-para-pessoas-com-transtorno-de-aprendizagem\/#breadcrumb"},"inLanguage":"pt-BR","potentialAction":[{"@type":"ReadAction","target":["https:\/\/bahiaeconomica.com.br\/wp\/2025\/06\/18\/comissao-aprova-tempo-extra-nos-exames-da-cnh-para-pessoas-com-transtorno-de-aprendizagem\/"]}]},{"@type":"BreadcrumbList","@id":"https:\/\/bahiaeconomica.com.br\/wp\/2025\/06\/18\/comissao-aprova-tempo-extra-nos-exames-da-cnh-para-pessoas-com-transtorno-de-aprendizagem\/#breadcrumb","itemListElement":[{"@type":"ListItem","position":1,"name":"In\u00edcio","item":"https:\/\/bahiaeconomica.com.br\/wp\/"},{"@type":"ListItem","position":2,"name":"COMISS\u00c3O APROVA TEMPO EXTRA NOS EXAMES DA CNH PARA PESSOAS COM TRANSTORNO DE APRENDIZAGEM"}]},{"@type":"WebSite","@id":"https:\/\/bahiaeconomica.com.br\/wp\/#website","url":"https:\/\/bahiaeconomica.com.br\/wp\/","name":"Bahia Economica","description":"O maior portal de Economia da Bahia","publisher":{"@id":"https:\/\/bahiaeconomica.com.br\/wp\/#organization"},"potentialAction":[{"@type":"SearchAction","target":{"@type":"EntryPoint","urlTemplate":"https:\/\/bahiaeconomica.com.br\/wp\/?s={search_term_string}"},"query-input":"required name=search_term_string"}],"inLanguage":"pt-BR"},{"@type":"Organization","@id":"https:\/\/bahiaeconomica.com.br\/wp\/#organization","name":"Bahia Econ\u00f4mica","url":"https:\/\/bahiaeconomica.com.br\/wp\/","logo":{"@type":"ImageObject","inLanguage":"pt-BR","@id":"https:\/\/bahiaeconomica.com.br\/wp\/#\/schema\/logo\/image\/","url":"https:\/\/bahiaeconomica.com.br\/wp\/wp-content\/uploads\/2020\/12\/cropped-BE.png","contentUrl":"https:\/\/bahiaeconomica.com.br\/wp\/wp-content\/uploads\/2020\/12\/cropped-BE.png","width":512,"height":512,"caption":"Bahia Econ\u00f4mica"},"image":{"@id":"https:\/\/bahiaeconomica.com.br\/wp\/#\/schema\/logo\/image\/"},"sameAs":["https:\/\/www.facebook.com\/bahiaeconomica"]},{"@type":"Person","@id":"https:\/\/bahiaeconomica.com.br\/wp\/#\/schema\/person\/18273ac0fe04bfd4e7b101bf17d40152","name":"LUIZA NASCIMENTO","sameAs":["http:\/\/www.bahiaeconomica.com.br"],"url":"https:\/\/bahiaeconomica.com.br\/wp\/author\/luiza-nascimento\/"}]}},"views":1,"_links":{"self":[{"href":"https:\/\/bahiaeconomica.com.br\/wp\/wp-json\/wp\/v2\/posts\/912814"}],"collection":[{"href":"https:\/\/bahiaeconomica.com.br\/wp\/wp-json\/wp\/v2\/posts"}],"about":[{"href":"https:\/\/bahiaeconomica.com.br\/wp\/wp-json\/wp\/v2\/types\/post"}],"author":[{"embeddable":true,"href":"https:\/\/bahiaeconomica.com.br\/wp\/wp-json\/wp\/v2\/users\/16"}],"replies":[{"embeddable":true,"href":"https:\/\/bahiaeconomica.com.br\/wp\/wp-json\/wp\/v2\/comments?post=912814"}],"version-history":[{"count":1,"href":"https:\/\/bahiaeconomica.com.br\/wp\/wp-json\/wp\/v2\/posts\/912814\/revisions"}],"predecessor-version":[{"id":912817,"href":"https:\/\/bahiaeconomica.com.br\/wp\/wp-json\/wp\/v2\/posts\/912814\/revisions\/912817"}],"wp:featuredmedia":[{"embeddable":true,"href":"https:\/\/bahiaeconomica.com.br\/wp\/wp-json\/wp\/v2\/media\/912816"}],"wp:attachment":[{"href":"https:\/\/bahiaeconomica.com.br\/wp\/wp-json\/wp\/v2\/media?parent=912814"}],"wp:term":[{"taxonomy":"category","embeddable":true,"href":"https:\/\/bahiaeconomica.com.br\/wp\/wp-json\/wp\/v2\/categories?post=912814"},{"taxonomy":"post_tag","embeddable":true,"href":"https:\/\/bahiaeconomica.com.br\/wp\/wp-json\/wp\/v2\/tags?post=912814"}],"curies":[{"name":"wp","href":"https:\/\/api.w.org\/{rel}","templated":true}]}}