{"id":912760,"date":"2025-06-18T15:55:33","date_gmt":"2025-06-18T18:55:33","guid":{"rendered":"https:\/\/bahiaeconomica.com.br\/wp\/?p=912760"},"modified":"2025-06-18T15:55:33","modified_gmt":"2025-06-18T18:55:33","slug":"ira-realiza-nova-onda-de-disparos-de-misseis-contra-israel","status":"publish","type":"post","link":"https:\/\/bahiaeconomica.com.br\/wp\/2025\/06\/18\/ira-realiza-nova-onda-de-disparos-de-misseis-contra-israel\/","title":{"rendered":"IR\u00c3 REALIZA NOVA ONDA DE DISPAROS DE M\u00cdSSEIS CONTRA ISRAEL"},"content":{"rendered":"<p>As For\u00e7as de Defesa de Israel (IDF) confirmaram nesta quarta-feira (18) que o Ir\u00e3 disparou uma nova onda de m\u00edsseis em dire\u00e7\u00e3o ao territ\u00f3rio do pa\u00eds.<\/p>\n<p>Assim como nas a\u00e7\u00f5es anteriores dos iranianos, os sistemas de defesa israelenses trabalharam para interceptar a amea\u00e7a e impedir que as bombas atingissem as cidades. De acordo a televis\u00e3o estatal da na\u00e7\u00e3o persa, Teer\u00e3 usou m\u00edsseis hipers\u00f4nicos.<\/p>\n<p>As sirenes de alarme tocaram em Tel Aviv e em outros munic\u00edpios do pa\u00eds. Enquanto isso, as explos\u00f5es dos foguetes interceptadores de Israel puderam ser ouvidas. Ap\u00f3s cerca de duas horas, as IDF encaminharam mensagens informando que a popula\u00e7\u00e3o poderia deixar os abrigos em seguran\u00e7a.<\/p>\n<p>Os militares de Israel confirmaram que abateram a maioria dos m\u00edsseis bal\u00edsticos iranianos lan\u00e7ados contra a regi\u00e3o central do pa\u00eds, incluindo Tel Aviv.<\/p>\n<p>\u201cAprendemos li\u00e7\u00f5es claras com [os ataques de] 7 de outubro.<\/p>\n<p>N\u00e3o estamos mais esperando, estamos prevenindo amea\u00e7as. A opera\u00e7\u00e3o que estamos conduzindo contra o Ir\u00e3 tamb\u00e9m tem efeitos diretos em Gaza. Estamos lutando contra o programa nuclear e de m\u00edsseis do Ir\u00e3, que \u00e9 a amea\u00e7a mais s\u00e9ria a Israel\u201d, declarou o chefe do Estado-Maior das IDF, Eyal Zamir.<\/p>\n<p>O ex\u00e9rcito israelense tamb\u00e9m relatou que sua For\u00e7a A\u00e9rea identificou e atingiu recentemente tr\u00eas helic\u00f3pteros de ataque iranianos dentro de uma base militar na regi\u00e3o de Kermanshah.<\/p>\n<p>A NetBlocks, organiza\u00e7\u00e3o brit\u00e2nica de vigil\u00e2ncia da internet, revelou que a conex\u00e3o \u00e0 internet est\u00e1 \u201cquase totalmente bloqueada\u201d em todo territ\u00f3rio iraniano. Ainda n\u00e3o est\u00e1 claro se o bloqueio \u00e9 resultado de ataques cibern\u00e9ticos israelenses ou de restri\u00e7\u00f5es internas.<\/p>\n<p>Fonte: Ansa<\/p>\n<p>Foto: MOHAMMED SABER\/EFE\/EPA<\/p>\n<p>&nbsp;<\/p>\n","protected":false},"excerpt":{"rendered":"<p>As For\u00e7as de Defesa de Israel (IDF) confirmaram nesta quarta-feira (18) que o Ir\u00e3 disparou uma nova onda de m\u00edsseis em dire\u00e7\u00e3o ao territ\u00f3rio do pa\u00eds. Assim como nas a\u00e7\u00f5es anteriores dos iranianos, os sistemas de defesa israelenses trabalharam para interceptar a amea\u00e7a e impedir que as bombas atingissem as cidades. De acordo a televis\u00e3o [&hellip;]<\/p>\n","protected":false},"author":24,"featured_media":912768,"comment_status":"closed","ping_status":"closed","sticky":false,"template":"","format":"standard","meta":[],"categories":[3],"tags":[1893,24904,2556],"acf":[],"yoast_head":"<!-- This site is optimized with the Yoast SEO plugin v20.8 - https:\/\/yoast.com\/wordpress\/plugins\/seo\/ -->\n<title>IR\u00c3 REALIZA NOVA ONDA DE DISPAROS DE M\u00cdSSEIS CONTRA ISRAEL - Bahia Economica As For\u00e7as de Defesa de Israel (IDF) confirmaram nesta quarta-feira (18) que o Ir\u00e3 disparou<\/title>\n<meta name=\"description\" content=\"O maior portal de Economia da Bahia ECONOMIA \/ POL\u00cdTICA Bahia Economica As For\u00e7as de Defesa de Israel (IDF) confirmaram nesta quarta-feira (18) que o Ir\u00e3 disparou\" \/>\n<meta name=\"robots\" content=\"index, follow, max-snippet:-1, max-image-preview:large, max-video-preview:-1\" \/>\n<link rel=\"canonical\" href=\"https:\/\/bahiaeconomica.com.br\/wp\/2025\/06\/18\/ira-realiza-nova-onda-de-disparos-de-misseis-contra-israel\/\" \/>\n<meta property=\"og:locale\" content=\"pt_BR\" \/>\n<meta property=\"og:type\" content=\"article\" \/>\n<meta property=\"og:title\" content=\"IR\u00c3 REALIZA NOVA ONDA DE DISPAROS DE M\u00cdSSEIS CONTRA ISRAEL - Bahia Economica As For\u00e7as de Defesa de Israel (IDF) confirmaram nesta quarta-feira (18) que o Ir\u00e3 disparou\" \/>\n<meta property=\"og:description\" content=\"O maior portal de Economia da Bahia ECONOMIA \/ POL\u00cdTICA Bahia Economica As For\u00e7as de Defesa de Israel (IDF) confirmaram nesta quarta-feira (18) que o Ir\u00e3 disparou\" \/>\n<meta property=\"og:url\" content=\"https:\/\/bahiaeconomica.com.br\/wp\/2025\/06\/18\/ira-realiza-nova-onda-de-disparos-de-misseis-contra-israel\/\" \/>\n<meta property=\"og:site_name\" content=\"Bahia Economica\" \/>\n<meta property=\"article:publisher\" content=\"https:\/\/www.facebook.com\/bahiaeconomica\" \/>\n<meta property=\"article:published_time\" content=\"2025-06-18T18:55:33+00:00\" \/>\n<meta property=\"og:image\" content=\"https:\/\/bahiaeconomica.com.br\/wp\/wp-content\/uploads\/2025\/06\/israel-ira-3.jpg.webp\" \/>\n\t<meta property=\"og:image:width\" content=\"1920\" \/>\n\t<meta property=\"og:image:height\" content=\"1280\" \/>\n\t<meta property=\"og:image:type\" content=\"image\/webp\" \/>\n<meta name=\"author\" content=\"VICTOR OLIVEIRA\" \/>\n<meta name=\"twitter:card\" content=\"summary_large_image\" \/>\n<meta name=\"twitter:label1\" content=\"Escrito por\" \/>\n\t<meta name=\"twitter:data1\" content=\"VICTOR OLIVEIRA\" \/>\n\t<meta name=\"twitter:label2\" content=\"Est. tempo de leitura\" \/>\n\t<meta name=\"twitter:data2\" content=\"2 minutos\" \/>\n<script type=\"application\/ld+json\" class=\"yoast-schema-graph\">{\"@context\":\"https:\/\/schema.org\",\"@graph\":[{\"@type\":\"Article\",\"@id\":\"https:\/\/bahiaeconomica.com.br\/wp\/2025\/06\/18\/ira-realiza-nova-onda-de-disparos-de-misseis-contra-israel\/#article\",\"isPartOf\":{\"@id\":\"https:\/\/bahiaeconomica.com.br\/wp\/2025\/06\/18\/ira-realiza-nova-onda-de-disparos-de-misseis-contra-israel\/\"},\"author\":{\"name\":\"VICTOR OLIVEIRA\",\"@id\":\"https:\/\/bahiaeconomica.com.br\/wp\/#\/schema\/person\/a17956d0e1112b626f403fb06b8129a9\"},\"headline\":\"IR\u00c3 REALIZA NOVA ONDA DE DISPAROS DE M\u00cdSSEIS CONTRA ISRAEL\",\"datePublished\":\"2025-06-18T18:55:33+00:00\",\"dateModified\":\"2025-06-18T18:55:33+00:00\",\"mainEntityOfPage\":{\"@id\":\"https:\/\/bahiaeconomica.com.br\/wp\/2025\/06\/18\/ira-realiza-nova-onda-de-disparos-de-misseis-contra-israel\/\"},\"wordCount\":315,\"publisher\":{\"@id\":\"https:\/\/bahiaeconomica.com.br\/wp\/#organization\"},\"keywords\":[\"ataques\",\"ira\",\"israel\"],\"articleSection\":[\"ECONOMIA \/ POL\u00cdTICA\"],\"inLanguage\":\"pt-BR\"},{\"@type\":\"WebPage\",\"@id\":\"https:\/\/bahiaeconomica.com.br\/wp\/2025\/06\/18\/ira-realiza-nova-onda-de-disparos-de-misseis-contra-israel\/\",\"url\":\"https:\/\/bahiaeconomica.com.br\/wp\/2025\/06\/18\/ira-realiza-nova-onda-de-disparos-de-misseis-contra-israel\/\",\"name\":\"IR\u00c3 REALIZA NOVA ONDA DE DISPAROS DE M\u00cdSSEIS CONTRA ISRAEL - Bahia Economica As For\u00e7as de Defesa de Israel (IDF) confirmaram nesta quarta-feira (18) que o Ir\u00e3 disparou\",\"isPartOf\":{\"@id\":\"https:\/\/bahiaeconomica.com.br\/wp\/#website\"},\"datePublished\":\"2025-06-18T18:55:33+00:00\",\"dateModified\":\"2025-06-18T18:55:33+00:00\",\"description\":\"O maior portal de Economia da Bahia ECONOMIA \/ POL\u00cdTICA Bahia Economica As For\u00e7as de Defesa de Israel (IDF) confirmaram nesta quarta-feira (18) que o Ir\u00e3 disparou\",\"breadcrumb\":{\"@id\":\"https:\/\/bahiaeconomica.com.br\/wp\/2025\/06\/18\/ira-realiza-nova-onda-de-disparos-de-misseis-contra-israel\/#breadcrumb\"},\"inLanguage\":\"pt-BR\",\"potentialAction\":[{\"@type\":\"ReadAction\",\"target\":[\"https:\/\/bahiaeconomica.com.br\/wp\/2025\/06\/18\/ira-realiza-nova-onda-de-disparos-de-misseis-contra-israel\/\"]}]},{\"@type\":\"BreadcrumbList\",\"@id\":\"https:\/\/bahiaeconomica.com.br\/wp\/2025\/06\/18\/ira-realiza-nova-onda-de-disparos-de-misseis-contra-israel\/#breadcrumb\",\"itemListElement\":[{\"@type\":\"ListItem\",\"position\":1,\"name\":\"In\u00edcio\",\"item\":\"https:\/\/bahiaeconomica.com.br\/wp\/\"},{\"@type\":\"ListItem\",\"position\":2,\"name\":\"IR\u00c3 REALIZA NOVA ONDA DE DISPAROS DE M\u00cdSSEIS CONTRA ISRAEL\"}]},{\"@type\":\"WebSite\",\"@id\":\"https:\/\/bahiaeconomica.com.br\/wp\/#website\",\"url\":\"https:\/\/bahiaeconomica.com.br\/wp\/\",\"name\":\"Bahia Economica\",\"description\":\"O maior portal de Economia da Bahia\",\"publisher\":{\"@id\":\"https:\/\/bahiaeconomica.com.br\/wp\/#organization\"},\"potentialAction\":[{\"@type\":\"SearchAction\",\"target\":{\"@type\":\"EntryPoint\",\"urlTemplate\":\"https:\/\/bahiaeconomica.com.br\/wp\/?s={search_term_string}\"},\"query-input\":\"required name=search_term_string\"}],\"inLanguage\":\"pt-BR\"},{\"@type\":\"Organization\",\"@id\":\"https:\/\/bahiaeconomica.com.br\/wp\/#organization\",\"name\":\"Bahia Econ\u00f4mica\",\"url\":\"https:\/\/bahiaeconomica.com.br\/wp\/\",\"logo\":{\"@type\":\"ImageObject\",\"inLanguage\":\"pt-BR\",\"@id\":\"https:\/\/bahiaeconomica.com.br\/wp\/#\/schema\/logo\/image\/\",\"url\":\"https:\/\/bahiaeconomica.com.br\/wp\/wp-content\/uploads\/2020\/12\/cropped-BE.png\",\"contentUrl\":\"https:\/\/bahiaeconomica.com.br\/wp\/wp-content\/uploads\/2020\/12\/cropped-BE.png\",\"width\":512,\"height\":512,\"caption\":\"Bahia Econ\u00f4mica\"},\"image\":{\"@id\":\"https:\/\/bahiaeconomica.com.br\/wp\/#\/schema\/logo\/image\/\"},\"sameAs\":[\"https:\/\/www.facebook.com\/bahiaeconomica\"]},{\"@type\":\"Person\",\"@id\":\"https:\/\/bahiaeconomica.com.br\/wp\/#\/schema\/person\/a17956d0e1112b626f403fb06b8129a9\",\"name\":\"VICTOR OLIVEIRA\",\"sameAs\":[\"http:\/\/www.bahiaeconomica.com.br\"],\"url\":\"https:\/\/bahiaeconomica.com.br\/wp\/author\/victor-oliveira\/\"}]}<\/script>\n<!-- \/ Yoast SEO plugin. -->","yoast_head_json":{"title":"IR\u00c3 REALIZA NOVA ONDA DE DISPAROS DE M\u00cdSSEIS CONTRA ISRAEL - Bahia Economica As For\u00e7as de Defesa de Israel (IDF) confirmaram nesta quarta-feira (18) que o Ir\u00e3 disparou","description":"O maior portal de Economia da Bahia ECONOMIA \/ POL\u00cdTICA Bahia Economica As For\u00e7as de Defesa de Israel (IDF) confirmaram nesta quarta-feira (18) que o Ir\u00e3 disparou","robots":{"index":"index","follow":"follow","max-snippet":"max-snippet:-1","max-image-preview":"max-image-preview:large","max-video-preview":"max-video-preview:-1"},"canonical":"https:\/\/bahiaeconomica.com.br\/wp\/2025\/06\/18\/ira-realiza-nova-onda-de-disparos-de-misseis-contra-israel\/","og_locale":"pt_BR","og_type":"article","og_title":"IR\u00c3 REALIZA NOVA ONDA DE DISPAROS DE M\u00cdSSEIS CONTRA ISRAEL - Bahia Economica As For\u00e7as de Defesa de Israel (IDF) confirmaram nesta quarta-feira (18) que o Ir\u00e3 disparou","og_description":"O maior portal de Economia da Bahia ECONOMIA \/ POL\u00cdTICA Bahia Economica As For\u00e7as de Defesa de Israel (IDF) confirmaram nesta quarta-feira (18) que o Ir\u00e3 disparou","og_url":"https:\/\/bahiaeconomica.com.br\/wp\/2025\/06\/18\/ira-realiza-nova-onda-de-disparos-de-misseis-contra-israel\/","og_site_name":"Bahia Economica","article_publisher":"https:\/\/www.facebook.com\/bahiaeconomica","article_published_time":"2025-06-18T18:55:33+00:00","og_image":[{"width":1920,"height":1280,"url":"https:\/\/bahiaeconomica.com.br\/wp\/wp-content\/uploads\/2025\/06\/israel-ira-3.jpg.webp","type":"image\/webp"}],"author":"VICTOR OLIVEIRA","twitter_card":"summary_large_image","twitter_misc":{"Escrito por":"VICTOR OLIVEIRA","Est. tempo de leitura":"2 minutos"},"schema":{"@context":"https:\/\/schema.org","@graph":[{"@type":"Article","@id":"https:\/\/bahiaeconomica.com.br\/wp\/2025\/06\/18\/ira-realiza-nova-onda-de-disparos-de-misseis-contra-israel\/#article","isPartOf":{"@id":"https:\/\/bahiaeconomica.com.br\/wp\/2025\/06\/18\/ira-realiza-nova-onda-de-disparos-de-misseis-contra-israel\/"},"author":{"name":"VICTOR OLIVEIRA","@id":"https:\/\/bahiaeconomica.com.br\/wp\/#\/schema\/person\/a17956d0e1112b626f403fb06b8129a9"},"headline":"IR\u00c3 REALIZA NOVA ONDA DE DISPAROS DE M\u00cdSSEIS CONTRA ISRAEL","datePublished":"2025-06-18T18:55:33+00:00","dateModified":"2025-06-18T18:55:33+00:00","mainEntityOfPage":{"@id":"https:\/\/bahiaeconomica.com.br\/wp\/2025\/06\/18\/ira-realiza-nova-onda-de-disparos-de-misseis-contra-israel\/"},"wordCount":315,"publisher":{"@id":"https:\/\/bahiaeconomica.com.br\/wp\/#organization"},"keywords":["ataques","ira","israel"],"articleSection":["ECONOMIA \/ POL\u00cdTICA"],"inLanguage":"pt-BR"},{"@type":"WebPage","@id":"https:\/\/bahiaeconomica.com.br\/wp\/2025\/06\/18\/ira-realiza-nova-onda-de-disparos-de-misseis-contra-israel\/","url":"https:\/\/bahiaeconomica.com.br\/wp\/2025\/06\/18\/ira-realiza-nova-onda-de-disparos-de-misseis-contra-israel\/","name":"IR\u00c3 REALIZA NOVA ONDA DE DISPAROS DE M\u00cdSSEIS CONTRA ISRAEL - Bahia Economica As For\u00e7as de Defesa de Israel (IDF) confirmaram nesta quarta-feira (18) que o Ir\u00e3 disparou","isPartOf":{"@id":"https:\/\/bahiaeconomica.com.br\/wp\/#website"},"datePublished":"2025-06-18T18:55:33+00:00","dateModified":"2025-06-18T18:55:33+00:00","description":"O maior portal de Economia da Bahia ECONOMIA \/ POL\u00cdTICA Bahia Economica As For\u00e7as de Defesa de Israel (IDF) confirmaram nesta quarta-feira (18) que o Ir\u00e3 disparou","breadcrumb":{"@id":"https:\/\/bahiaeconomica.com.br\/wp\/2025\/06\/18\/ira-realiza-nova-onda-de-disparos-de-misseis-contra-israel\/#breadcrumb"},"inLanguage":"pt-BR","potentialAction":[{"@type":"ReadAction","target":["https:\/\/bahiaeconomica.com.br\/wp\/2025\/06\/18\/ira-realiza-nova-onda-de-disparos-de-misseis-contra-israel\/"]}]},{"@type":"BreadcrumbList","@id":"https:\/\/bahiaeconomica.com.br\/wp\/2025\/06\/18\/ira-realiza-nova-onda-de-disparos-de-misseis-contra-israel\/#breadcrumb","itemListElement":[{"@type":"ListItem","position":1,"name":"In\u00edcio","item":"https:\/\/bahiaeconomica.com.br\/wp\/"},{"@type":"ListItem","position":2,"name":"IR\u00c3 REALIZA NOVA ONDA DE DISPAROS DE M\u00cdSSEIS CONTRA ISRAEL"}]},{"@type":"WebSite","@id":"https:\/\/bahiaeconomica.com.br\/wp\/#website","url":"https:\/\/bahiaeconomica.com.br\/wp\/","name":"Bahia Economica","description":"O maior portal de Economia da Bahia","publisher":{"@id":"https:\/\/bahiaeconomica.com.br\/wp\/#organization"},"potentialAction":[{"@type":"SearchAction","target":{"@type":"EntryPoint","urlTemplate":"https:\/\/bahiaeconomica.com.br\/wp\/?s={search_term_string}"},"query-input":"required name=search_term_string"}],"inLanguage":"pt-BR"},{"@type":"Organization","@id":"https:\/\/bahiaeconomica.com.br\/wp\/#organization","name":"Bahia Econ\u00f4mica","url":"https:\/\/bahiaeconomica.com.br\/wp\/","logo":{"@type":"ImageObject","inLanguage":"pt-BR","@id":"https:\/\/bahiaeconomica.com.br\/wp\/#\/schema\/logo\/image\/","url":"https:\/\/bahiaeconomica.com.br\/wp\/wp-content\/uploads\/2020\/12\/cropped-BE.png","contentUrl":"https:\/\/bahiaeconomica.com.br\/wp\/wp-content\/uploads\/2020\/12\/cropped-BE.png","width":512,"height":512,"caption":"Bahia Econ\u00f4mica"},"image":{"@id":"https:\/\/bahiaeconomica.com.br\/wp\/#\/schema\/logo\/image\/"},"sameAs":["https:\/\/www.facebook.com\/bahiaeconomica"]},{"@type":"Person","@id":"https:\/\/bahiaeconomica.com.br\/wp\/#\/schema\/person\/a17956d0e1112b626f403fb06b8129a9","name":"VICTOR OLIVEIRA","sameAs":["http:\/\/www.bahiaeconomica.com.br"],"url":"https:\/\/bahiaeconomica.com.br\/wp\/author\/victor-oliveira\/"}]}},"views":23,"_links":{"self":[{"href":"https:\/\/bahiaeconomica.com.br\/wp\/wp-json\/wp\/v2\/posts\/912760"}],"collection":[{"href":"https:\/\/bahiaeconomica.com.br\/wp\/wp-json\/wp\/v2\/posts"}],"about":[{"href":"https:\/\/bahiaeconomica.com.br\/wp\/wp-json\/wp\/v2\/types\/post"}],"author":[{"embeddable":true,"href":"https:\/\/bahiaeconomica.com.br\/wp\/wp-json\/wp\/v2\/users\/24"}],"replies":[{"embeddable":true,"href":"https:\/\/bahiaeconomica.com.br\/wp\/wp-json\/wp\/v2\/comments?post=912760"}],"version-history":[{"count":1,"href":"https:\/\/bahiaeconomica.com.br\/wp\/wp-json\/wp\/v2\/posts\/912760\/revisions"}],"predecessor-version":[{"id":912769,"href":"https:\/\/bahiaeconomica.com.br\/wp\/wp-json\/wp\/v2\/posts\/912760\/revisions\/912769"}],"wp:featuredmedia":[{"embeddable":true,"href":"https:\/\/bahiaeconomica.com.br\/wp\/wp-json\/wp\/v2\/media\/912768"}],"wp:attachment":[{"href":"https:\/\/bahiaeconomica.com.br\/wp\/wp-json\/wp\/v2\/media?parent=912760"}],"wp:term":[{"taxonomy":"category","embeddable":true,"href":"https:\/\/bahiaeconomica.com.br\/wp\/wp-json\/wp\/v2\/categories?post=912760"},{"taxonomy":"post_tag","embeddable":true,"href":"https:\/\/bahiaeconomica.com.br\/wp\/wp-json\/wp\/v2\/tags?post=912760"}],"curies":[{"name":"wp","href":"https:\/\/api.w.org\/{rel}","templated":true}]}}