{"id":912683,"date":"2025-06-18T13:46:49","date_gmt":"2025-06-18T16:46:49","guid":{"rendered":"https:\/\/bahiaeconomica.com.br\/wp\/?p=912683"},"modified":"2025-06-18T13:46:49","modified_gmt":"2025-06-18T16:46:49","slug":"embasa-integra-acao-planta-bahia-com-plantio-de-500-mudas-em-16-municipios-baianos","status":"publish","type":"post","link":"https:\/\/bahiaeconomica.com.br\/wp\/2025\/06\/18\/embasa-integra-acao-planta-bahia-com-plantio-de-500-mudas-em-16-municipios-baianos\/","title":{"rendered":"EMBASA INTEGRA A\u00c7\u00c3O PLANTA BAHIA COM PLANTIO DE 500 MUDAS EM 16 MUNIC\u00cdPIOS BAIANOS"},"content":{"rendered":"<p>Como parte das comemora\u00e7\u00f5es pelo M\u00eas do Meio Ambiente e dentro da a\u00e7\u00e3o Planta Bahia do Governo do Estado, a Embasa promoveu plantio coletivo de mudas em Salvador e mais 15 munic\u00edpios baianos nesta ter\u00e7a-feira (17). A a\u00e7\u00e3o, que marca o Dia Mundial de Combate \u00e0 Desertifica\u00e7\u00e3o e \u00e0 Seca, promoveu consci\u00eancia ambiental em escolas e espa\u00e7os p\u00fablicos. Ao todo, foram plantadas mais de 500 mudas de esp\u00e9cies nativas, como ip\u00ea, quaresmeira, pau brasil, pau ferro, entre outras.<\/p>\n<p>\u201c\u00c9 uma a\u00e7\u00e3o importante para envolver a comunidade e chamar aten\u00e7\u00e3o para a import\u00e2ncia de preservar o verde\u201d, destaca o presidente da Embasa, Gildeone Almeida, que participou do plantio no Centro Administrativo da Bahia, pr\u00f3ximo \u00e0 sede da empresa. \u201cTodas as mudas plantadas pela Embasa, em 16 munic\u00edpios baianos, vieram dos nossos viveiros, que cultivam esp\u00e9cies nativas para projetos de preserva\u00e7\u00e3o\u201d.<\/p>\n<p>Al\u00e9m de Salvador, as a\u00e7\u00f5es aconteceram em Aramari, Barreiras, Ia\u00e7u, Miror\u00f3s, Feira de Santana, Senhor do Bomfim, Paulo Afonso, Santo Ant\u00f4nio de Jesus, Ilh\u00e9us, Jequi\u00e9, Teixeira de Freitas, Itamaraju, Prado, Vit\u00f3ria da Conquista e Arraial D\u2019Ajuda, distrito de Porto Seguro.<\/p>\n","protected":false},"excerpt":{"rendered":"<p>Como parte das comemora\u00e7\u00f5es pelo M\u00eas do Meio Ambiente e dentro da a\u00e7\u00e3o Planta Bahia do Governo do Estado, a Embasa promoveu plantio coletivo de mudas em Salvador e mais 15 munic\u00edpios baianos nesta ter\u00e7a-feira (17). A a\u00e7\u00e3o, que marca o Dia Mundial de Combate \u00e0 Desertifica\u00e7\u00e3o e \u00e0 Seca, promoveu consci\u00eancia ambiental em escolas [&hellip;]<\/p>\n","protected":false},"author":8,"featured_media":912684,"comment_status":"closed","ping_status":"closed","sticky":false,"template":"","format":"standard","meta":[],"categories":[5],"tags":[52,2696],"acf":[],"yoast_head":"<!-- This site is optimized with the Yoast SEO plugin v20.8 - https:\/\/yoast.com\/wordpress\/plugins\/seo\/ -->\n<title>EMBASA INTEGRA A\u00c7\u00c3O PLANTA BAHIA COM PLANTIO DE 500 MUDAS EM 16 MUNIC\u00cdPIOS BAIANOS - Bahia Economica<\/title>\n<meta name=\"description\" content=\"O maior portal de Economia da Bahia MUNIC\u00cdPIOS Bahia Economica EMBASA INTEGRA A\u00c7\u00c3O PLANTA BAHIA COM PLANTIO DE 500 MUDAS\" \/>\n<meta name=\"robots\" content=\"index, follow, max-snippet:-1, max-image-preview:large, max-video-preview:-1\" \/>\n<link rel=\"canonical\" href=\"https:\/\/bahiaeconomica.com.br\/wp\/2025\/06\/18\/embasa-integra-acao-planta-bahia-com-plantio-de-500-mudas-em-16-municipios-baianos\/\" \/>\n<meta property=\"og:locale\" content=\"pt_BR\" \/>\n<meta property=\"og:type\" content=\"article\" \/>\n<meta property=\"og:title\" content=\"EMBASA INTEGRA A\u00c7\u00c3O PLANTA BAHIA COM PLANTIO DE 500 MUDAS EM 16 MUNIC\u00cdPIOS BAIANOS - Bahia Economica\" \/>\n<meta property=\"og:description\" content=\"O maior portal de Economia da Bahia MUNIC\u00cdPIOS Bahia Economica EMBASA INTEGRA A\u00c7\u00c3O PLANTA BAHIA COM PLANTIO DE 500 MUDAS\" \/>\n<meta property=\"og:url\" content=\"https:\/\/bahiaeconomica.com.br\/wp\/2025\/06\/18\/embasa-integra-acao-planta-bahia-com-plantio-de-500-mudas-em-16-municipios-baianos\/\" \/>\n<meta property=\"og:site_name\" content=\"Bahia Economica\" \/>\n<meta property=\"article:publisher\" content=\"https:\/\/www.facebook.com\/bahiaeconomica\" \/>\n<meta property=\"article:published_time\" content=\"2025-06-18T16:46:49+00:00\" \/>\n<meta property=\"og:image\" content=\"https:\/\/bahiaeconomica.com.br\/wp\/wp-content\/uploads\/2025\/06\/WhatsApp-Image-2025-06-18-at-13.20.54.jpeg\" \/>\n\t<meta property=\"og:image:width\" content=\"720\" \/>\n\t<meta property=\"og:image:height\" content=\"1280\" \/>\n\t<meta property=\"og:image:type\" content=\"image\/jpeg\" \/>\n<meta name=\"author\" content=\"JP\" \/>\n<meta name=\"twitter:card\" content=\"summary_large_image\" \/>\n<meta name=\"twitter:label1\" content=\"Escrito por\" \/>\n\t<meta name=\"twitter:data1\" content=\"JP\" \/>\n\t<meta name=\"twitter:label2\" content=\"Est. tempo de leitura\" \/>\n\t<meta name=\"twitter:data2\" content=\"1 minuto\" \/>\n<script type=\"application\/ld+json\" class=\"yoast-schema-graph\">{\"@context\":\"https:\/\/schema.org\",\"@graph\":[{\"@type\":\"Article\",\"@id\":\"https:\/\/bahiaeconomica.com.br\/wp\/2025\/06\/18\/embasa-integra-acao-planta-bahia-com-plantio-de-500-mudas-em-16-municipios-baianos\/#article\",\"isPartOf\":{\"@id\":\"https:\/\/bahiaeconomica.com.br\/wp\/2025\/06\/18\/embasa-integra-acao-planta-bahia-com-plantio-de-500-mudas-em-16-municipios-baianos\/\"},\"author\":{\"name\":\"JP\",\"@id\":\"https:\/\/bahiaeconomica.com.br\/wp\/#\/schema\/person\/c86d3a3f8960425a0f9d0e5245991f4e\"},\"headline\":\"EMBASA INTEGRA A\u00c7\u00c3O PLANTA BAHIA COM PLANTIO DE 500 MUDAS EM 16 MUNIC\u00cdPIOS BAIANOS\",\"datePublished\":\"2025-06-18T16:46:49+00:00\",\"dateModified\":\"2025-06-18T16:46:49+00:00\",\"mainEntityOfPage\":{\"@id\":\"https:\/\/bahiaeconomica.com.br\/wp\/2025\/06\/18\/embasa-integra-acao-planta-bahia-com-plantio-de-500-mudas-em-16-municipios-baianos\/\"},\"wordCount\":211,\"publisher\":{\"@id\":\"https:\/\/bahiaeconomica.com.br\/wp\/#organization\"},\"keywords\":[\"Brasil\",\"embasa\"],\"articleSection\":[\"MUNIC\u00cdPIOS\"],\"inLanguage\":\"pt-BR\"},{\"@type\":\"WebPage\",\"@id\":\"https:\/\/bahiaeconomica.com.br\/wp\/2025\/06\/18\/embasa-integra-acao-planta-bahia-com-plantio-de-500-mudas-em-16-municipios-baianos\/\",\"url\":\"https:\/\/bahiaeconomica.com.br\/wp\/2025\/06\/18\/embasa-integra-acao-planta-bahia-com-plantio-de-500-mudas-em-16-municipios-baianos\/\",\"name\":\"EMBASA INTEGRA A\u00c7\u00c3O PLANTA BAHIA COM PLANTIO DE 500 MUDAS EM 16 MUNIC\u00cdPIOS BAIANOS - Bahia Economica\",\"isPartOf\":{\"@id\":\"https:\/\/bahiaeconomica.com.br\/wp\/#website\"},\"datePublished\":\"2025-06-18T16:46:49+00:00\",\"dateModified\":\"2025-06-18T16:46:49+00:00\",\"description\":\"O maior portal de Economia da Bahia MUNIC\u00cdPIOS Bahia Economica EMBASA INTEGRA A\u00c7\u00c3O PLANTA BAHIA COM PLANTIO DE 500 MUDAS\",\"breadcrumb\":{\"@id\":\"https:\/\/bahiaeconomica.com.br\/wp\/2025\/06\/18\/embasa-integra-acao-planta-bahia-com-plantio-de-500-mudas-em-16-municipios-baianos\/#breadcrumb\"},\"inLanguage\":\"pt-BR\",\"potentialAction\":[{\"@type\":\"ReadAction\",\"target\":[\"https:\/\/bahiaeconomica.com.br\/wp\/2025\/06\/18\/embasa-integra-acao-planta-bahia-com-plantio-de-500-mudas-em-16-municipios-baianos\/\"]}]},{\"@type\":\"BreadcrumbList\",\"@id\":\"https:\/\/bahiaeconomica.com.br\/wp\/2025\/06\/18\/embasa-integra-acao-planta-bahia-com-plantio-de-500-mudas-em-16-municipios-baianos\/#breadcrumb\",\"itemListElement\":[{\"@type\":\"ListItem\",\"position\":1,\"name\":\"In\u00edcio\",\"item\":\"https:\/\/bahiaeconomica.com.br\/wp\/\"},{\"@type\":\"ListItem\",\"position\":2,\"name\":\"EMBASA INTEGRA A\u00c7\u00c3O PLANTA BAHIA COM PLANTIO DE 500 MUDAS EM 16 MUNIC\u00cdPIOS BAIANOS\"}]},{\"@type\":\"WebSite\",\"@id\":\"https:\/\/bahiaeconomica.com.br\/wp\/#website\",\"url\":\"https:\/\/bahiaeconomica.com.br\/wp\/\",\"name\":\"Bahia Economica\",\"description\":\"O maior portal de Economia da Bahia\",\"publisher\":{\"@id\":\"https:\/\/bahiaeconomica.com.br\/wp\/#organization\"},\"potentialAction\":[{\"@type\":\"SearchAction\",\"target\":{\"@type\":\"EntryPoint\",\"urlTemplate\":\"https:\/\/bahiaeconomica.com.br\/wp\/?s={search_term_string}\"},\"query-input\":\"required name=search_term_string\"}],\"inLanguage\":\"pt-BR\"},{\"@type\":\"Organization\",\"@id\":\"https:\/\/bahiaeconomica.com.br\/wp\/#organization\",\"name\":\"Bahia Econ\u00f4mica\",\"url\":\"https:\/\/bahiaeconomica.com.br\/wp\/\",\"logo\":{\"@type\":\"ImageObject\",\"inLanguage\":\"pt-BR\",\"@id\":\"https:\/\/bahiaeconomica.com.br\/wp\/#\/schema\/logo\/image\/\",\"url\":\"https:\/\/bahiaeconomica.com.br\/wp\/wp-content\/uploads\/2020\/12\/cropped-BE.png\",\"contentUrl\":\"https:\/\/bahiaeconomica.com.br\/wp\/wp-content\/uploads\/2020\/12\/cropped-BE.png\",\"width\":512,\"height\":512,\"caption\":\"Bahia Econ\u00f4mica\"},\"image\":{\"@id\":\"https:\/\/bahiaeconomica.com.br\/wp\/#\/schema\/logo\/image\/\"},\"sameAs\":[\"https:\/\/www.facebook.com\/bahiaeconomica\"]},{\"@type\":\"Person\",\"@id\":\"https:\/\/bahiaeconomica.com.br\/wp\/#\/schema\/person\/c86d3a3f8960425a0f9d0e5245991f4e\",\"name\":\"JP\",\"sameAs\":[\"https:\/\/bahiaeconomica.com.br\/wp\/beta\/\"],\"url\":\"https:\/\/bahiaeconomica.com.br\/wp\/author\/jp\/\"}]}<\/script>\n<!-- \/ Yoast SEO plugin. -->","yoast_head_json":{"title":"EMBASA INTEGRA A\u00c7\u00c3O PLANTA BAHIA COM PLANTIO DE 500 MUDAS EM 16 MUNIC\u00cdPIOS BAIANOS - Bahia Economica","description":"O maior portal de Economia da Bahia MUNIC\u00cdPIOS Bahia Economica EMBASA INTEGRA A\u00c7\u00c3O PLANTA BAHIA COM PLANTIO DE 500 MUDAS","robots":{"index":"index","follow":"follow","max-snippet":"max-snippet:-1","max-image-preview":"max-image-preview:large","max-video-preview":"max-video-preview:-1"},"canonical":"https:\/\/bahiaeconomica.com.br\/wp\/2025\/06\/18\/embasa-integra-acao-planta-bahia-com-plantio-de-500-mudas-em-16-municipios-baianos\/","og_locale":"pt_BR","og_type":"article","og_title":"EMBASA INTEGRA A\u00c7\u00c3O PLANTA BAHIA COM PLANTIO DE 500 MUDAS EM 16 MUNIC\u00cdPIOS BAIANOS - Bahia Economica","og_description":"O maior portal de Economia da Bahia MUNIC\u00cdPIOS Bahia Economica EMBASA INTEGRA A\u00c7\u00c3O PLANTA BAHIA COM PLANTIO DE 500 MUDAS","og_url":"https:\/\/bahiaeconomica.com.br\/wp\/2025\/06\/18\/embasa-integra-acao-planta-bahia-com-plantio-de-500-mudas-em-16-municipios-baianos\/","og_site_name":"Bahia Economica","article_publisher":"https:\/\/www.facebook.com\/bahiaeconomica","article_published_time":"2025-06-18T16:46:49+00:00","og_image":[{"width":720,"height":1280,"url":"https:\/\/bahiaeconomica.com.br\/wp\/wp-content\/uploads\/2025\/06\/WhatsApp-Image-2025-06-18-at-13.20.54.jpeg","type":"image\/jpeg"}],"author":"JP","twitter_card":"summary_large_image","twitter_misc":{"Escrito por":"JP","Est. tempo de leitura":"1 minuto"},"schema":{"@context":"https:\/\/schema.org","@graph":[{"@type":"Article","@id":"https:\/\/bahiaeconomica.com.br\/wp\/2025\/06\/18\/embasa-integra-acao-planta-bahia-com-plantio-de-500-mudas-em-16-municipios-baianos\/#article","isPartOf":{"@id":"https:\/\/bahiaeconomica.com.br\/wp\/2025\/06\/18\/embasa-integra-acao-planta-bahia-com-plantio-de-500-mudas-em-16-municipios-baianos\/"},"author":{"name":"JP","@id":"https:\/\/bahiaeconomica.com.br\/wp\/#\/schema\/person\/c86d3a3f8960425a0f9d0e5245991f4e"},"headline":"EMBASA INTEGRA A\u00c7\u00c3O PLANTA BAHIA COM PLANTIO DE 500 MUDAS EM 16 MUNIC\u00cdPIOS BAIANOS","datePublished":"2025-06-18T16:46:49+00:00","dateModified":"2025-06-18T16:46:49+00:00","mainEntityOfPage":{"@id":"https:\/\/bahiaeconomica.com.br\/wp\/2025\/06\/18\/embasa-integra-acao-planta-bahia-com-plantio-de-500-mudas-em-16-municipios-baianos\/"},"wordCount":211,"publisher":{"@id":"https:\/\/bahiaeconomica.com.br\/wp\/#organization"},"keywords":["Brasil","embasa"],"articleSection":["MUNIC\u00cdPIOS"],"inLanguage":"pt-BR"},{"@type":"WebPage","@id":"https:\/\/bahiaeconomica.com.br\/wp\/2025\/06\/18\/embasa-integra-acao-planta-bahia-com-plantio-de-500-mudas-em-16-municipios-baianos\/","url":"https:\/\/bahiaeconomica.com.br\/wp\/2025\/06\/18\/embasa-integra-acao-planta-bahia-com-plantio-de-500-mudas-em-16-municipios-baianos\/","name":"EMBASA INTEGRA A\u00c7\u00c3O PLANTA BAHIA COM PLANTIO DE 500 MUDAS EM 16 MUNIC\u00cdPIOS BAIANOS - Bahia Economica","isPartOf":{"@id":"https:\/\/bahiaeconomica.com.br\/wp\/#website"},"datePublished":"2025-06-18T16:46:49+00:00","dateModified":"2025-06-18T16:46:49+00:00","description":"O maior portal de Economia da Bahia MUNIC\u00cdPIOS Bahia Economica EMBASA INTEGRA A\u00c7\u00c3O PLANTA BAHIA COM PLANTIO DE 500 MUDAS","breadcrumb":{"@id":"https:\/\/bahiaeconomica.com.br\/wp\/2025\/06\/18\/embasa-integra-acao-planta-bahia-com-plantio-de-500-mudas-em-16-municipios-baianos\/#breadcrumb"},"inLanguage":"pt-BR","potentialAction":[{"@type":"ReadAction","target":["https:\/\/bahiaeconomica.com.br\/wp\/2025\/06\/18\/embasa-integra-acao-planta-bahia-com-plantio-de-500-mudas-em-16-municipios-baianos\/"]}]},{"@type":"BreadcrumbList","@id":"https:\/\/bahiaeconomica.com.br\/wp\/2025\/06\/18\/embasa-integra-acao-planta-bahia-com-plantio-de-500-mudas-em-16-municipios-baianos\/#breadcrumb","itemListElement":[{"@type":"ListItem","position":1,"name":"In\u00edcio","item":"https:\/\/bahiaeconomica.com.br\/wp\/"},{"@type":"ListItem","position":2,"name":"EMBASA INTEGRA A\u00c7\u00c3O PLANTA BAHIA COM PLANTIO DE 500 MUDAS EM 16 MUNIC\u00cdPIOS BAIANOS"}]},{"@type":"WebSite","@id":"https:\/\/bahiaeconomica.com.br\/wp\/#website","url":"https:\/\/bahiaeconomica.com.br\/wp\/","name":"Bahia Economica","description":"O maior portal de Economia da Bahia","publisher":{"@id":"https:\/\/bahiaeconomica.com.br\/wp\/#organization"},"potentialAction":[{"@type":"SearchAction","target":{"@type":"EntryPoint","urlTemplate":"https:\/\/bahiaeconomica.com.br\/wp\/?s={search_term_string}"},"query-input":"required name=search_term_string"}],"inLanguage":"pt-BR"},{"@type":"Organization","@id":"https:\/\/bahiaeconomica.com.br\/wp\/#organization","name":"Bahia Econ\u00f4mica","url":"https:\/\/bahiaeconomica.com.br\/wp\/","logo":{"@type":"ImageObject","inLanguage":"pt-BR","@id":"https:\/\/bahiaeconomica.com.br\/wp\/#\/schema\/logo\/image\/","url":"https:\/\/bahiaeconomica.com.br\/wp\/wp-content\/uploads\/2020\/12\/cropped-BE.png","contentUrl":"https:\/\/bahiaeconomica.com.br\/wp\/wp-content\/uploads\/2020\/12\/cropped-BE.png","width":512,"height":512,"caption":"Bahia Econ\u00f4mica"},"image":{"@id":"https:\/\/bahiaeconomica.com.br\/wp\/#\/schema\/logo\/image\/"},"sameAs":["https:\/\/www.facebook.com\/bahiaeconomica"]},{"@type":"Person","@id":"https:\/\/bahiaeconomica.com.br\/wp\/#\/schema\/person\/c86d3a3f8960425a0f9d0e5245991f4e","name":"JP","sameAs":["https:\/\/bahiaeconomica.com.br\/wp\/beta\/"],"url":"https:\/\/bahiaeconomica.com.br\/wp\/author\/jp\/"}]}},"views":4,"_links":{"self":[{"href":"https:\/\/bahiaeconomica.com.br\/wp\/wp-json\/wp\/v2\/posts\/912683"}],"collection":[{"href":"https:\/\/bahiaeconomica.com.br\/wp\/wp-json\/wp\/v2\/posts"}],"about":[{"href":"https:\/\/bahiaeconomica.com.br\/wp\/wp-json\/wp\/v2\/types\/post"}],"author":[{"embeddable":true,"href":"https:\/\/bahiaeconomica.com.br\/wp\/wp-json\/wp\/v2\/users\/8"}],"replies":[{"embeddable":true,"href":"https:\/\/bahiaeconomica.com.br\/wp\/wp-json\/wp\/v2\/comments?post=912683"}],"version-history":[{"count":1,"href":"https:\/\/bahiaeconomica.com.br\/wp\/wp-json\/wp\/v2\/posts\/912683\/revisions"}],"predecessor-version":[{"id":912685,"href":"https:\/\/bahiaeconomica.com.br\/wp\/wp-json\/wp\/v2\/posts\/912683\/revisions\/912685"}],"wp:featuredmedia":[{"embeddable":true,"href":"https:\/\/bahiaeconomica.com.br\/wp\/wp-json\/wp\/v2\/media\/912684"}],"wp:attachment":[{"href":"https:\/\/bahiaeconomica.com.br\/wp\/wp-json\/wp\/v2\/media?parent=912683"}],"wp:term":[{"taxonomy":"category","embeddable":true,"href":"https:\/\/bahiaeconomica.com.br\/wp\/wp-json\/wp\/v2\/categories?post=912683"},{"taxonomy":"post_tag","embeddable":true,"href":"https:\/\/bahiaeconomica.com.br\/wp\/wp-json\/wp\/v2\/tags?post=912683"}],"curies":[{"name":"wp","href":"https:\/\/api.w.org\/{rel}","templated":true}]}}