{"id":912308,"date":"2025-06-17T13:30:47","date_gmt":"2025-06-17T16:30:47","guid":{"rendered":"https:\/\/bahiaeconomica.com.br\/wp\/?p=912308"},"modified":"2025-06-17T13:19:43","modified_gmt":"2025-06-17T16:19:43","slug":"byd-e-tupi-mobilidade-lancam-servico-inteligente-de-autocarga-para-veiculos-da-marca-em-uma-parceria-inovadora","status":"publish","type":"post","link":"https:\/\/bahiaeconomica.com.br\/wp\/2025\/06\/17\/byd-e-tupi-mobilidade-lancam-servico-inteligente-de-autocarga-para-veiculos-da-marca-em-uma-parceria-inovadora\/","title":{"rendered":"BYD E TUPI MOBILIDADE LAN\u00c7AM SERVI\u00c7O INTELIGENTE DE AUTOCARGA PARA VE\u00cdCULOS DA MARCA EM UMA PARCERIA INOVADORA"},"content":{"rendered":"<p>A BYD do Brasil, l\u00edder global em solu\u00e7\u00f5es de mobilidade el\u00e9trica, anunciou uma nova etapa da mobilidade el\u00e9trica no pa\u00eds durante o Festival Interlagos 2025. Em parceria com a Tupi Mobilidade, a empresa passar\u00e1 a disponibilizar a AutoCarga, funcionalidade que permite que motoristas de carros da BYD possam carregar os seus ve\u00edculos de forma automatizada e inteligente, sem a necessidade de cart\u00f5es ou aplicativos.<\/p>\n<p>Para dar in\u00edcio \u00e0 AutoCarga, o motorista deve:<\/p>\n<ul>\n<li>Conectar o ve\u00edculo a um carregador da BYD;<\/li>\n<li>Carregar regularmente em uma esta\u00e7\u00e3o compat\u00edvel usando o aplicativo BYD Recharge apenas para fazer a valida\u00e7\u00e3o do ve\u00edculo;<\/li>\n<li>O sistema reconhecer\u00e1 as informa\u00e7\u00f5es do chassi do carro e enviar\u00e1 uma notifica\u00e7\u00e3o ao cliente por meio do aplicativo BYD Recharge para permitir que essa conta utilize o AutoCarga na pr\u00f3xima sess\u00e3o de carregamento;<\/li>\n<\/ul>\n<p>Em uma pr\u00f3xima recarga, em uma esta\u00e7\u00e3o compat\u00edvel, o carregamento come\u00e7ar\u00e1 automaticamente ao conectar o carro \u00e0 esta\u00e7\u00e3o, sem a necessidade de abrir qualquer aplicativo.<\/p>\n<p>A novidade estar\u00e1 dispon\u00edvel de forma exclusiva para usu\u00e1rios do BYD Recharge a partir do dia 23 de junho e poder\u00e1 ser feita em qualquer concession\u00e1ria da BYD que possua um eletroposto p\u00fablico e r\u00e1pido da marca em todo o pa\u00eds. No momento, a Bahia conta com seis carregadores r\u00e1pidos online, localizados em Salvador, Lauro de Freitas e Lu\u00eds Eduardo Magalh\u00e3es. \u00c9 o melhor \u00edndice do Nordeste e o terceiro melhor do Brasil.<\/p>\n<p>\u201cA parceria com a BYD e a integra\u00e7\u00e3o do AutoCarga refor\u00e7am nosso compromisso em tornar a mobilidade el\u00e9trica mais simples, inteligente e acess\u00edvel, elevando a experi\u00eancia do motorista com tecnologia nacional e sustent\u00e1vel.\u201d Pedro De Conti, CEO da Tupi Mobilidade.<\/p>\n<p>\u201cN\u00e3o \u00e9 novidade que a BYD est\u00e1 comprometida em proporcionar uma experi\u00eancia cada vez mais tecnol\u00f3gica e eficiente para os motoristas e \u00e9 com grande satisfa\u00e7\u00e3o que anunciamos mais um passo na transforma\u00e7\u00e3o da mobilidade sustent\u00e1vel no Brasil. Iniciativas como a AutoCarga elevam ainda mais a experi\u00eancia dos nossos clientes com ve\u00edculos eletrificados a um novo patamar, e apenas refor\u00e7am a nossa miss\u00e3o com a tecnologia, a sustentabilidade e, acima de tudo, com o consumidor. Queremos simplificar a vida de quem escolheu a mobilidade el\u00e9trica, oferecendo solu\u00e7\u00f5es completas que v\u00e3o al\u00e9m do carro \u2014 e que ajudam a construir um futuro mais limpo, inteligente e conectado\u201d, explica Alexandre Baldy, vice-presidente s\u00eanior da BYD Brasil e Head Comercial e de Marketing da BYD Auto.<\/p>\n<p>Observa\u00e7\u00e3o: No momento, a Bahia conta com seis carregadores r\u00e1pidos online. Eles est\u00e3o localizados em Salvador, Lauro de Freitas e Lu\u00eds Eduardo Magalh\u00e3es. \u00c9 o melhor \u00edndice do Nordeste e o terceiro melhor do Brasil.<\/p>\n<p>Cr\u00e9dito das imagens: Marketing\/BYD Auto do Brasil.<\/p>\n","protected":false},"excerpt":{"rendered":"<p>A BYD do Brasil, l\u00edder global em solu\u00e7\u00f5es de mobilidade el\u00e9trica, anunciou uma nova etapa da mobilidade el\u00e9trica no pa\u00eds durante o Festival Interlagos 2025. Em parceria com a Tupi Mobilidade, a empresa passar\u00e1 a disponibilizar a AutoCarga, funcionalidade que permite que motoristas de carros da BYD possam carregar os seus ve\u00edculos de forma automatizada [&hellip;]<\/p>\n","protected":false},"author":8,"featured_media":912309,"comment_status":"closed","ping_status":"closed","sticky":false,"template":"","format":"standard","meta":[],"categories":[3],"tags":[52,6382,2027],"acf":[],"yoast_head":"<!-- This site is optimized with the Yoast SEO plugin v20.8 - https:\/\/yoast.com\/wordpress\/plugins\/seo\/ -->\n<title>BYD E TUPI MOBILIDADE LAN\u00c7AM SERVI\u00c7O INTELIGENTE DE AUTOCARGA PARA VE\u00cdCULOS DA MARCA EM UMA PARCERIA INOVADORA - Bahia Economica<\/title>\n<meta name=\"description\" content=\"O maior portal de Economia da Bahia ECONOMIA \/ POL\u00cdTICA Bahia Economica\" \/>\n<meta name=\"robots\" content=\"index, follow, max-snippet:-1, max-image-preview:large, max-video-preview:-1\" \/>\n<link rel=\"canonical\" href=\"https:\/\/bahiaeconomica.com.br\/wp\/2025\/06\/17\/byd-e-tupi-mobilidade-lancam-servico-inteligente-de-autocarga-para-veiculos-da-marca-em-uma-parceria-inovadora\/\" \/>\n<meta property=\"og:locale\" content=\"pt_BR\" \/>\n<meta property=\"og:type\" content=\"article\" \/>\n<meta property=\"og:title\" content=\"BYD E TUPI MOBILIDADE LAN\u00c7AM SERVI\u00c7O INTELIGENTE DE AUTOCARGA PARA VE\u00cdCULOS DA MARCA EM UMA PARCERIA INOVADORA - Bahia Economica\" \/>\n<meta property=\"og:description\" content=\"O maior portal de Economia da Bahia ECONOMIA \/ POL\u00cdTICA Bahia Economica\" \/>\n<meta property=\"og:url\" content=\"https:\/\/bahiaeconomica.com.br\/wp\/2025\/06\/17\/byd-e-tupi-mobilidade-lancam-servico-inteligente-de-autocarga-para-veiculos-da-marca-em-uma-parceria-inovadora\/\" \/>\n<meta property=\"og:site_name\" content=\"Bahia Economica\" \/>\n<meta property=\"article:publisher\" content=\"https:\/\/www.facebook.com\/bahiaeconomica\" \/>\n<meta property=\"article:published_time\" content=\"2025-06-17T16:30:47+00:00\" \/>\n<meta property=\"article:modified_time\" content=\"2025-06-17T16:19:43+00:00\" \/>\n<meta property=\"og:image\" content=\"https:\/\/bahiaeconomica.com.br\/wp\/wp-content\/uploads\/2025\/06\/WhatsApp-Image-2025-06-17-at-11.25.27.jpeg\" \/>\n\t<meta property=\"og:image:width\" content=\"1600\" \/>\n\t<meta property=\"og:image:height\" content=\"720\" \/>\n\t<meta property=\"og:image:type\" content=\"image\/jpeg\" \/>\n<meta name=\"author\" content=\"JP\" \/>\n<meta name=\"twitter:card\" content=\"summary_large_image\" \/>\n<meta name=\"twitter:label1\" content=\"Escrito por\" \/>\n\t<meta name=\"twitter:data1\" content=\"JP\" \/>\n\t<meta name=\"twitter:label2\" content=\"Est. tempo de leitura\" \/>\n\t<meta name=\"twitter:data2\" content=\"3 minutos\" \/>\n<script type=\"application\/ld+json\" class=\"yoast-schema-graph\">{\"@context\":\"https:\/\/schema.org\",\"@graph\":[{\"@type\":\"Article\",\"@id\":\"https:\/\/bahiaeconomica.com.br\/wp\/2025\/06\/17\/byd-e-tupi-mobilidade-lancam-servico-inteligente-de-autocarga-para-veiculos-da-marca-em-uma-parceria-inovadora\/#article\",\"isPartOf\":{\"@id\":\"https:\/\/bahiaeconomica.com.br\/wp\/2025\/06\/17\/byd-e-tupi-mobilidade-lancam-servico-inteligente-de-autocarga-para-veiculos-da-marca-em-uma-parceria-inovadora\/\"},\"author\":{\"name\":\"JP\",\"@id\":\"https:\/\/bahiaeconomica.com.br\/wp\/#\/schema\/person\/c86d3a3f8960425a0f9d0e5245991f4e\"},\"headline\":\"BYD E TUPI MOBILIDADE LAN\u00c7AM SERVI\u00c7O INTELIGENTE DE AUTOCARGA PARA VE\u00cdCULOS DA MARCA EM UMA PARCERIA INOVADORA\",\"datePublished\":\"2025-06-17T16:30:47+00:00\",\"dateModified\":\"2025-06-17T16:19:43+00:00\",\"mainEntityOfPage\":{\"@id\":\"https:\/\/bahiaeconomica.com.br\/wp\/2025\/06\/17\/byd-e-tupi-mobilidade-lancam-servico-inteligente-de-autocarga-para-veiculos-da-marca-em-uma-parceria-inovadora\/\"},\"wordCount\":505,\"publisher\":{\"@id\":\"https:\/\/bahiaeconomica.com.br\/wp\/#organization\"},\"keywords\":[\"Brasil\",\"byd\",\"carros\"],\"articleSection\":[\"ECONOMIA \/ POL\u00cdTICA\"],\"inLanguage\":\"pt-BR\"},{\"@type\":\"WebPage\",\"@id\":\"https:\/\/bahiaeconomica.com.br\/wp\/2025\/06\/17\/byd-e-tupi-mobilidade-lancam-servico-inteligente-de-autocarga-para-veiculos-da-marca-em-uma-parceria-inovadora\/\",\"url\":\"https:\/\/bahiaeconomica.com.br\/wp\/2025\/06\/17\/byd-e-tupi-mobilidade-lancam-servico-inteligente-de-autocarga-para-veiculos-da-marca-em-uma-parceria-inovadora\/\",\"name\":\"BYD E TUPI MOBILIDADE LAN\u00c7AM SERVI\u00c7O INTELIGENTE DE AUTOCARGA PARA VE\u00cdCULOS DA MARCA EM UMA PARCERIA INOVADORA - Bahia Economica\",\"isPartOf\":{\"@id\":\"https:\/\/bahiaeconomica.com.br\/wp\/#website\"},\"datePublished\":\"2025-06-17T16:30:47+00:00\",\"dateModified\":\"2025-06-17T16:19:43+00:00\",\"description\":\"O maior portal de Economia da Bahia ECONOMIA \/ POL\u00cdTICA Bahia Economica\",\"breadcrumb\":{\"@id\":\"https:\/\/bahiaeconomica.com.br\/wp\/2025\/06\/17\/byd-e-tupi-mobilidade-lancam-servico-inteligente-de-autocarga-para-veiculos-da-marca-em-uma-parceria-inovadora\/#breadcrumb\"},\"inLanguage\":\"pt-BR\",\"potentialAction\":[{\"@type\":\"ReadAction\",\"target\":[\"https:\/\/bahiaeconomica.com.br\/wp\/2025\/06\/17\/byd-e-tupi-mobilidade-lancam-servico-inteligente-de-autocarga-para-veiculos-da-marca-em-uma-parceria-inovadora\/\"]}]},{\"@type\":\"BreadcrumbList\",\"@id\":\"https:\/\/bahiaeconomica.com.br\/wp\/2025\/06\/17\/byd-e-tupi-mobilidade-lancam-servico-inteligente-de-autocarga-para-veiculos-da-marca-em-uma-parceria-inovadora\/#breadcrumb\",\"itemListElement\":[{\"@type\":\"ListItem\",\"position\":1,\"name\":\"In\u00edcio\",\"item\":\"https:\/\/bahiaeconomica.com.br\/wp\/\"},{\"@type\":\"ListItem\",\"position\":2,\"name\":\"BYD E TUPI MOBILIDADE LAN\u00c7AM SERVI\u00c7O INTELIGENTE DE AUTOCARGA PARA VE\u00cdCULOS DA MARCA EM UMA PARCERIA INOVADORA\"}]},{\"@type\":\"WebSite\",\"@id\":\"https:\/\/bahiaeconomica.com.br\/wp\/#website\",\"url\":\"https:\/\/bahiaeconomica.com.br\/wp\/\",\"name\":\"Bahia Economica\",\"description\":\"O maior portal de Economia da Bahia\",\"publisher\":{\"@id\":\"https:\/\/bahiaeconomica.com.br\/wp\/#organization\"},\"potentialAction\":[{\"@type\":\"SearchAction\",\"target\":{\"@type\":\"EntryPoint\",\"urlTemplate\":\"https:\/\/bahiaeconomica.com.br\/wp\/?s={search_term_string}\"},\"query-input\":\"required name=search_term_string\"}],\"inLanguage\":\"pt-BR\"},{\"@type\":\"Organization\",\"@id\":\"https:\/\/bahiaeconomica.com.br\/wp\/#organization\",\"name\":\"Bahia Econ\u00f4mica\",\"url\":\"https:\/\/bahiaeconomica.com.br\/wp\/\",\"logo\":{\"@type\":\"ImageObject\",\"inLanguage\":\"pt-BR\",\"@id\":\"https:\/\/bahiaeconomica.com.br\/wp\/#\/schema\/logo\/image\/\",\"url\":\"https:\/\/bahiaeconomica.com.br\/wp\/wp-content\/uploads\/2020\/12\/cropped-BE.png\",\"contentUrl\":\"https:\/\/bahiaeconomica.com.br\/wp\/wp-content\/uploads\/2020\/12\/cropped-BE.png\",\"width\":512,\"height\":512,\"caption\":\"Bahia Econ\u00f4mica\"},\"image\":{\"@id\":\"https:\/\/bahiaeconomica.com.br\/wp\/#\/schema\/logo\/image\/\"},\"sameAs\":[\"https:\/\/www.facebook.com\/bahiaeconomica\"]},{\"@type\":\"Person\",\"@id\":\"https:\/\/bahiaeconomica.com.br\/wp\/#\/schema\/person\/c86d3a3f8960425a0f9d0e5245991f4e\",\"name\":\"JP\",\"sameAs\":[\"https:\/\/bahiaeconomica.com.br\/wp\/beta\/\"],\"url\":\"https:\/\/bahiaeconomica.com.br\/wp\/author\/jp\/\"}]}<\/script>\n<!-- \/ Yoast SEO plugin. -->","yoast_head_json":{"title":"BYD E TUPI MOBILIDADE LAN\u00c7AM SERVI\u00c7O INTELIGENTE DE AUTOCARGA PARA VE\u00cdCULOS DA MARCA EM UMA PARCERIA INOVADORA - Bahia Economica","description":"O maior portal de Economia da Bahia ECONOMIA \/ POL\u00cdTICA Bahia Economica","robots":{"index":"index","follow":"follow","max-snippet":"max-snippet:-1","max-image-preview":"max-image-preview:large","max-video-preview":"max-video-preview:-1"},"canonical":"https:\/\/bahiaeconomica.com.br\/wp\/2025\/06\/17\/byd-e-tupi-mobilidade-lancam-servico-inteligente-de-autocarga-para-veiculos-da-marca-em-uma-parceria-inovadora\/","og_locale":"pt_BR","og_type":"article","og_title":"BYD E TUPI MOBILIDADE LAN\u00c7AM SERVI\u00c7O INTELIGENTE DE AUTOCARGA PARA VE\u00cdCULOS DA MARCA EM UMA PARCERIA INOVADORA - Bahia Economica","og_description":"O maior portal de Economia da Bahia ECONOMIA \/ POL\u00cdTICA Bahia Economica","og_url":"https:\/\/bahiaeconomica.com.br\/wp\/2025\/06\/17\/byd-e-tupi-mobilidade-lancam-servico-inteligente-de-autocarga-para-veiculos-da-marca-em-uma-parceria-inovadora\/","og_site_name":"Bahia Economica","article_publisher":"https:\/\/www.facebook.com\/bahiaeconomica","article_published_time":"2025-06-17T16:30:47+00:00","article_modified_time":"2025-06-17T16:19:43+00:00","og_image":[{"width":1600,"height":720,"url":"https:\/\/bahiaeconomica.com.br\/wp\/wp-content\/uploads\/2025\/06\/WhatsApp-Image-2025-06-17-at-11.25.27.jpeg","type":"image\/jpeg"}],"author":"JP","twitter_card":"summary_large_image","twitter_misc":{"Escrito por":"JP","Est. tempo de leitura":"3 minutos"},"schema":{"@context":"https:\/\/schema.org","@graph":[{"@type":"Article","@id":"https:\/\/bahiaeconomica.com.br\/wp\/2025\/06\/17\/byd-e-tupi-mobilidade-lancam-servico-inteligente-de-autocarga-para-veiculos-da-marca-em-uma-parceria-inovadora\/#article","isPartOf":{"@id":"https:\/\/bahiaeconomica.com.br\/wp\/2025\/06\/17\/byd-e-tupi-mobilidade-lancam-servico-inteligente-de-autocarga-para-veiculos-da-marca-em-uma-parceria-inovadora\/"},"author":{"name":"JP","@id":"https:\/\/bahiaeconomica.com.br\/wp\/#\/schema\/person\/c86d3a3f8960425a0f9d0e5245991f4e"},"headline":"BYD E TUPI MOBILIDADE LAN\u00c7AM SERVI\u00c7O INTELIGENTE DE AUTOCARGA PARA VE\u00cdCULOS DA MARCA EM UMA PARCERIA INOVADORA","datePublished":"2025-06-17T16:30:47+00:00","dateModified":"2025-06-17T16:19:43+00:00","mainEntityOfPage":{"@id":"https:\/\/bahiaeconomica.com.br\/wp\/2025\/06\/17\/byd-e-tupi-mobilidade-lancam-servico-inteligente-de-autocarga-para-veiculos-da-marca-em-uma-parceria-inovadora\/"},"wordCount":505,"publisher":{"@id":"https:\/\/bahiaeconomica.com.br\/wp\/#organization"},"keywords":["Brasil","byd","carros"],"articleSection":["ECONOMIA \/ POL\u00cdTICA"],"inLanguage":"pt-BR"},{"@type":"WebPage","@id":"https:\/\/bahiaeconomica.com.br\/wp\/2025\/06\/17\/byd-e-tupi-mobilidade-lancam-servico-inteligente-de-autocarga-para-veiculos-da-marca-em-uma-parceria-inovadora\/","url":"https:\/\/bahiaeconomica.com.br\/wp\/2025\/06\/17\/byd-e-tupi-mobilidade-lancam-servico-inteligente-de-autocarga-para-veiculos-da-marca-em-uma-parceria-inovadora\/","name":"BYD E TUPI MOBILIDADE LAN\u00c7AM SERVI\u00c7O INTELIGENTE DE AUTOCARGA PARA VE\u00cdCULOS DA MARCA EM UMA PARCERIA INOVADORA - Bahia Economica","isPartOf":{"@id":"https:\/\/bahiaeconomica.com.br\/wp\/#website"},"datePublished":"2025-06-17T16:30:47+00:00","dateModified":"2025-06-17T16:19:43+00:00","description":"O maior portal de Economia da Bahia ECONOMIA \/ POL\u00cdTICA Bahia Economica","breadcrumb":{"@id":"https:\/\/bahiaeconomica.com.br\/wp\/2025\/06\/17\/byd-e-tupi-mobilidade-lancam-servico-inteligente-de-autocarga-para-veiculos-da-marca-em-uma-parceria-inovadora\/#breadcrumb"},"inLanguage":"pt-BR","potentialAction":[{"@type":"ReadAction","target":["https:\/\/bahiaeconomica.com.br\/wp\/2025\/06\/17\/byd-e-tupi-mobilidade-lancam-servico-inteligente-de-autocarga-para-veiculos-da-marca-em-uma-parceria-inovadora\/"]}]},{"@type":"BreadcrumbList","@id":"https:\/\/bahiaeconomica.com.br\/wp\/2025\/06\/17\/byd-e-tupi-mobilidade-lancam-servico-inteligente-de-autocarga-para-veiculos-da-marca-em-uma-parceria-inovadora\/#breadcrumb","itemListElement":[{"@type":"ListItem","position":1,"name":"In\u00edcio","item":"https:\/\/bahiaeconomica.com.br\/wp\/"},{"@type":"ListItem","position":2,"name":"BYD E TUPI MOBILIDADE LAN\u00c7AM SERVI\u00c7O INTELIGENTE DE AUTOCARGA PARA VE\u00cdCULOS DA MARCA EM UMA PARCERIA INOVADORA"}]},{"@type":"WebSite","@id":"https:\/\/bahiaeconomica.com.br\/wp\/#website","url":"https:\/\/bahiaeconomica.com.br\/wp\/","name":"Bahia Economica","description":"O maior portal de Economia da Bahia","publisher":{"@id":"https:\/\/bahiaeconomica.com.br\/wp\/#organization"},"potentialAction":[{"@type":"SearchAction","target":{"@type":"EntryPoint","urlTemplate":"https:\/\/bahiaeconomica.com.br\/wp\/?s={search_term_string}"},"query-input":"required name=search_term_string"}],"inLanguage":"pt-BR"},{"@type":"Organization","@id":"https:\/\/bahiaeconomica.com.br\/wp\/#organization","name":"Bahia Econ\u00f4mica","url":"https:\/\/bahiaeconomica.com.br\/wp\/","logo":{"@type":"ImageObject","inLanguage":"pt-BR","@id":"https:\/\/bahiaeconomica.com.br\/wp\/#\/schema\/logo\/image\/","url":"https:\/\/bahiaeconomica.com.br\/wp\/wp-content\/uploads\/2020\/12\/cropped-BE.png","contentUrl":"https:\/\/bahiaeconomica.com.br\/wp\/wp-content\/uploads\/2020\/12\/cropped-BE.png","width":512,"height":512,"caption":"Bahia Econ\u00f4mica"},"image":{"@id":"https:\/\/bahiaeconomica.com.br\/wp\/#\/schema\/logo\/image\/"},"sameAs":["https:\/\/www.facebook.com\/bahiaeconomica"]},{"@type":"Person","@id":"https:\/\/bahiaeconomica.com.br\/wp\/#\/schema\/person\/c86d3a3f8960425a0f9d0e5245991f4e","name":"JP","sameAs":["https:\/\/bahiaeconomica.com.br\/wp\/beta\/"],"url":"https:\/\/bahiaeconomica.com.br\/wp\/author\/jp\/"}]}},"views":24,"_links":{"self":[{"href":"https:\/\/bahiaeconomica.com.br\/wp\/wp-json\/wp\/v2\/posts\/912308"}],"collection":[{"href":"https:\/\/bahiaeconomica.com.br\/wp\/wp-json\/wp\/v2\/posts"}],"about":[{"href":"https:\/\/bahiaeconomica.com.br\/wp\/wp-json\/wp\/v2\/types\/post"}],"author":[{"embeddable":true,"href":"https:\/\/bahiaeconomica.com.br\/wp\/wp-json\/wp\/v2\/users\/8"}],"replies":[{"embeddable":true,"href":"https:\/\/bahiaeconomica.com.br\/wp\/wp-json\/wp\/v2\/comments?post=912308"}],"version-history":[{"count":1,"href":"https:\/\/bahiaeconomica.com.br\/wp\/wp-json\/wp\/v2\/posts\/912308\/revisions"}],"predecessor-version":[{"id":912311,"href":"https:\/\/bahiaeconomica.com.br\/wp\/wp-json\/wp\/v2\/posts\/912308\/revisions\/912311"}],"wp:featuredmedia":[{"embeddable":true,"href":"https:\/\/bahiaeconomica.com.br\/wp\/wp-json\/wp\/v2\/media\/912309"}],"wp:attachment":[{"href":"https:\/\/bahiaeconomica.com.br\/wp\/wp-json\/wp\/v2\/media?parent=912308"}],"wp:term":[{"taxonomy":"category","embeddable":true,"href":"https:\/\/bahiaeconomica.com.br\/wp\/wp-json\/wp\/v2\/categories?post=912308"},{"taxonomy":"post_tag","embeddable":true,"href":"https:\/\/bahiaeconomica.com.br\/wp\/wp-json\/wp\/v2\/tags?post=912308"}],"curies":[{"name":"wp","href":"https:\/\/api.w.org\/{rel}","templated":true}]}}