{"id":912132,"date":"2025-06-16T15:00:32","date_gmt":"2025-06-16T18:00:32","guid":{"rendered":"https:\/\/bahiaeconomica.com.br\/wp\/?p=912132"},"modified":"2025-06-16T22:09:23","modified_gmt":"2025-06-17T01:09:23","slug":"estamos-resgatando-uma-divida-historica-com-o-suburbio-diz-deputado-em-audiencia-sobre-o-vlt","status":"publish","type":"post","link":"https:\/\/bahiaeconomica.com.br\/wp\/2025\/06\/16\/estamos-resgatando-uma-divida-historica-com-o-suburbio-diz-deputado-em-audiencia-sobre-o-vlt\/","title":{"rendered":"\u201cESTAMOS RESGATANDO UMA D\u00cdVIDA HIST\u00d3RICA COM O SUB\u00daRBIO\u201d, DIZ DEPUTADO EM AUDI\u00caNCIA SOBRE O VLT"},"content":{"rendered":"<p>\u201cEstamos resgatando uma d\u00edvida hist\u00f3rica com o Sub\u00farbio\u201d. A declara\u00e7\u00e3o \u00e9 do deputado estadual Robinson Almeida (PT), que conduziu nesta segunda-feira (16), no bairro do Lobato, a primeira audi\u00eancia p\u00fablica da Assembleia Legislativa da Bahia (ALBA) sobre os avan\u00e7os das obras do Ve\u00edculo Leve sobre Trilhos (VLT) de Salvador. O encontro, realizado no audit\u00f3rio do Col\u00e9gio da Pol\u00edcia Militar, marcou o in\u00edcio de uma s\u00e9rie de escutas populares promovidas pela ALBA para discutir o maior projeto de mobilidade urbana atualmente em execu\u00e7\u00e3o no Brasil.<\/p>\n<p>\u201cO VLT \u00e9 uma conquista hist\u00f3rica, n\u00e3o s\u00f3 do Sub\u00farbio, mas de toda Salvador. Estamos resgatando uma d\u00edvida com essa popula\u00e7\u00e3o que h\u00e1 d\u00e9cadas espera por investimentos estruturantes\u201d, declarou Robinson. Segundo ele, o objetivo das audi\u00eancias \u00e9 aproximar a popula\u00e7\u00e3o das informa\u00e7\u00f5es t\u00e9cnicas da obra e garantir que as comunidades possam participar de forma ativa das decis\u00f5es.<\/p>\n<p>Com 37 quil\u00f4metros de extens\u00e3o prevista e investimento de R$ 4,6 bilh\u00f5es, o VLT vai interligar orlas e bairros populares \u00e0 malha urbana central de Salvador. A audi\u00eancia foi marcada por ampla participa\u00e7\u00e3o popular, com moradores, lideran\u00e7as comunit\u00e1rias e representantes de \u00f3rg\u00e3os p\u00fablicos debatendo o projeto. A secret\u00e1ria estadual de Desenvolvimento Urbano, Jusmari Oliveira, destacou o impacto transformador da interven\u00e7\u00e3o.<\/p>\n<p>\u201cO Sub\u00farbio est\u00e1 sendo olhado de uma forma muito especial pelo governo do Estado. Seja para as marisqueiras, seja pelo Mercado S\u00e3o Braz ou pelos programas habitacionais, o VLT \u00e9 a grande cereja do bolo\u201d, disse. J\u00e1 o diretor de obras da Companhia de Transportes do Estado da Bahia (CTB), Eracy Maciel, apresentou dados sobre o andamento da obra. \u201cCerca de 22% do Lote 1 j\u00e1 est\u00e1 conclu\u00eddo, com uma velocidade recorde. Nunca se realizou, em t\u00e3o pouco tempo, assentamento de trilhos e postes em uma obra metroferrovi\u00e1ria no pa\u00eds\u201d, afirmou.<\/p>\n<p>Presidente da CTB, Ana Cl\u00e1udia Nascimento refor\u00e7ou o car\u00e1ter inclusivo da iniciativa. \u201cO Sub\u00farbio vai deixar de ser apenas um nome geogr\u00e1fico para se tornar uma regi\u00e3o verdadeiramente integrada \u00e0 cidade. Vamos construir juntos esse projeto transformador\u201d, pontuou.<\/p>\n<p>O Lote 1, atualmente em execu\u00e7\u00e3o entre a Cal\u00e7ada e a Ilha de S\u00e3o Jo\u00e3o, contar\u00e1 com 18 paradas \u2014 a maioria delas no Sub\u00farbio Ferrovi\u00e1rio \u2014 incluindo pontos como Lobato, Plataforma, Itacaranha, Praia Grande, Periperi e Coutos. Uma das esta\u00e7\u00f5es ser\u00e1 implantada ao lado de uma unidade de beneficiamento das marisqueiras, integrando mobilidade e economia local.<\/p>\n<p>Durante a audi\u00eancia, Robinson tamb\u00e9m destacou que o VLT \u00e9 parte de um plano mais amplo de mobilidade, que inclui o metr\u00f4 e novas integra\u00e7\u00f5es urbanas. \u201cQuando o VLT estiver conclu\u00eddo, Salvador ter\u00e1 cerca de 80 quil\u00f4metros de trilhos. Isso muda a vida das pessoas e corrige desigualdades hist\u00f3ricas\u201d, afirmou.<\/p>\n<p>Outros pontos discutidos inclu\u00edram as obras de macrodrenagem, como as travessias implantadas na Ilha do Pe\u00e7anha e a nova drenagem prevista para a Avenida Suburbana. At\u00e9 agora, R$ 485 milh\u00f5es j\u00e1 foram executados em obras e R$ 21 milh\u00f5es em desapropria\u00e7\u00f5es consensuais. Eracy tamb\u00e9m destacou o impacto social da obra: 60% da for\u00e7a de trabalho \u00e9 formada por moradores do Sub\u00farbio e 95% por baianos. Mulheres representam a maioria dos cargos t\u00e9cnicos e administrativos.<\/p>\n<p>Ao final, moradores e lideran\u00e7as comunit\u00e1rias participaram ativamente com perguntas e sugest\u00f5es. Tamb\u00e9m estiveram presentes o vereador Hamilton Assis (PSOL), o assessor especial da Secretaria de Rela\u00e7\u00f5es Institucionais, Tiago Ferreira, t\u00e9cnicos da CTB e representantes da Secretaria de Desenvolvimento Urbano (Sedur). As pr\u00f3ximas audi\u00eancias p\u00fablicas ainda ter\u00e3o datas definidas pela Comiss\u00e3o de Infraestrutura da ALBA e tamb\u00e9m acontecer\u00e3o em bairros do Sub\u00farbio.<\/p>\n<p>Fotos divulga\u00e7\u00e3o<\/p>\n","protected":false},"excerpt":{"rendered":"<p>\u201cEstamos resgatando uma d\u00edvida hist\u00f3rica com o Sub\u00farbio\u201d. A declara\u00e7\u00e3o \u00e9 do deputado estadual Robinson Almeida (PT), que conduziu nesta segunda-feira (16), no bairro do Lobato, a primeira audi\u00eancia p\u00fablica da Assembleia Legislativa da Bahia (ALBA) sobre os avan\u00e7os das obras do Ve\u00edculo Leve sobre Trilhos (VLT) de Salvador. O encontro, realizado no audit\u00f3rio do [&hellip;]<\/p>\n","protected":false},"author":8,"featured_media":912133,"comment_status":"closed","ping_status":"closed","sticky":false,"template":"","format":"standard","meta":[],"categories":[14601],"tags":[85,100,2315],"acf":[],"yoast_head":"<!-- This site is optimized with the Yoast SEO plugin v20.8 - https:\/\/yoast.com\/wordpress\/plugins\/seo\/ -->\n<title>\u201cESTAMOS RESGATANDO UMA D\u00cdVIDA HIST\u00d3RICA COM O SUB\u00daRBIO\u201d, DIZ DEPUTADO EM AUDI\u00caNCIA SOBRE O VLT - Bahia Economica<\/title>\n<meta name=\"description\" content=\"O maior portal de Economia da Bahia Pol\u00edtica Bahia Economica Estamos resgatando uma d\u00edvida hist\u00f3rica com o Sub\u00farbio\u201d. A declara\u00e7\u00e3o\" \/>\n<meta name=\"robots\" content=\"index, follow, max-snippet:-1, max-image-preview:large, max-video-preview:-1\" \/>\n<link rel=\"canonical\" href=\"https:\/\/bahiaeconomica.com.br\/wp\/2025\/06\/16\/estamos-resgatando-uma-divida-historica-com-o-suburbio-diz-deputado-em-audiencia-sobre-o-vlt\/\" \/>\n<meta property=\"og:locale\" content=\"pt_BR\" \/>\n<meta property=\"og:type\" content=\"article\" \/>\n<meta property=\"og:title\" content=\"\u201cESTAMOS RESGATANDO UMA D\u00cdVIDA HIST\u00d3RICA COM O SUB\u00daRBIO\u201d, DIZ DEPUTADO EM AUDI\u00caNCIA SOBRE O VLT - Bahia Economica\" \/>\n<meta property=\"og:description\" content=\"O maior portal de Economia da Bahia Pol\u00edtica Bahia Economica Estamos resgatando uma d\u00edvida hist\u00f3rica com o Sub\u00farbio\u201d. A declara\u00e7\u00e3o\" \/>\n<meta property=\"og:url\" content=\"https:\/\/bahiaeconomica.com.br\/wp\/2025\/06\/16\/estamos-resgatando-uma-divida-historica-com-o-suburbio-diz-deputado-em-audiencia-sobre-o-vlt\/\" \/>\n<meta property=\"og:site_name\" content=\"Bahia Economica\" \/>\n<meta property=\"article:publisher\" content=\"https:\/\/www.facebook.com\/bahiaeconomica\" \/>\n<meta property=\"article:published_time\" content=\"2025-06-16T18:00:32+00:00\" \/>\n<meta property=\"article:modified_time\" content=\"2025-06-17T01:09:23+00:00\" \/>\n<meta property=\"og:image\" content=\"https:\/\/bahiaeconomica.com.br\/wp\/wp-content\/uploads\/2025\/06\/WhatsApp-Image-2025-06-16-at-17.55.40.jpeg\" \/>\n\t<meta property=\"og:image:width\" content=\"1600\" \/>\n\t<meta property=\"og:image:height\" content=\"1200\" \/>\n\t<meta property=\"og:image:type\" content=\"image\/jpeg\" \/>\n<meta name=\"author\" content=\"JP\" \/>\n<meta name=\"twitter:card\" content=\"summary_large_image\" \/>\n<meta name=\"twitter:label1\" content=\"Escrito por\" \/>\n\t<meta name=\"twitter:data1\" content=\"JP\" \/>\n\t<meta name=\"twitter:label2\" content=\"Est. tempo de leitura\" \/>\n\t<meta name=\"twitter:data2\" content=\"4 minutos\" \/>\n<script type=\"application\/ld+json\" class=\"yoast-schema-graph\">{\"@context\":\"https:\/\/schema.org\",\"@graph\":[{\"@type\":\"Article\",\"@id\":\"https:\/\/bahiaeconomica.com.br\/wp\/2025\/06\/16\/estamos-resgatando-uma-divida-historica-com-o-suburbio-diz-deputado-em-audiencia-sobre-o-vlt\/#article\",\"isPartOf\":{\"@id\":\"https:\/\/bahiaeconomica.com.br\/wp\/2025\/06\/16\/estamos-resgatando-uma-divida-historica-com-o-suburbio-diz-deputado-em-audiencia-sobre-o-vlt\/\"},\"author\":{\"name\":\"JP\",\"@id\":\"https:\/\/bahiaeconomica.com.br\/wp\/#\/schema\/person\/c86d3a3f8960425a0f9d0e5245991f4e\"},\"headline\":\"\u201cESTAMOS RESGATANDO UMA D\u00cdVIDA HIST\u00d3RICA COM O SUB\u00daRBIO\u201d, DIZ DEPUTADO EM AUDI\u00caNCIA SOBRE O VLT\",\"datePublished\":\"2025-06-16T18:00:32+00:00\",\"dateModified\":\"2025-06-17T01:09:23+00:00\",\"mainEntityOfPage\":{\"@id\":\"https:\/\/bahiaeconomica.com.br\/wp\/2025\/06\/16\/estamos-resgatando-uma-divida-historica-com-o-suburbio-diz-deputado-em-audiencia-sobre-o-vlt\/\"},\"wordCount\":657,\"publisher\":{\"@id\":\"https:\/\/bahiaeconomica.com.br\/wp\/#organization\"},\"keywords\":[\"Bahia\",\"Pol\u00edtica\",\"vlt\"],\"articleSection\":[\"Pol\u00edtica\"],\"inLanguage\":\"pt-BR\"},{\"@type\":\"WebPage\",\"@id\":\"https:\/\/bahiaeconomica.com.br\/wp\/2025\/06\/16\/estamos-resgatando-uma-divida-historica-com-o-suburbio-diz-deputado-em-audiencia-sobre-o-vlt\/\",\"url\":\"https:\/\/bahiaeconomica.com.br\/wp\/2025\/06\/16\/estamos-resgatando-uma-divida-historica-com-o-suburbio-diz-deputado-em-audiencia-sobre-o-vlt\/\",\"name\":\"\u201cESTAMOS RESGATANDO UMA D\u00cdVIDA HIST\u00d3RICA COM O SUB\u00daRBIO\u201d, DIZ DEPUTADO EM AUDI\u00caNCIA SOBRE O VLT - Bahia Economica\",\"isPartOf\":{\"@id\":\"https:\/\/bahiaeconomica.com.br\/wp\/#website\"},\"datePublished\":\"2025-06-16T18:00:32+00:00\",\"dateModified\":\"2025-06-17T01:09:23+00:00\",\"description\":\"O maior portal de Economia da Bahia Pol\u00edtica Bahia Economica Estamos resgatando uma d\u00edvida hist\u00f3rica com o Sub\u00farbio\u201d. A declara\u00e7\u00e3o\",\"breadcrumb\":{\"@id\":\"https:\/\/bahiaeconomica.com.br\/wp\/2025\/06\/16\/estamos-resgatando-uma-divida-historica-com-o-suburbio-diz-deputado-em-audiencia-sobre-o-vlt\/#breadcrumb\"},\"inLanguage\":\"pt-BR\",\"potentialAction\":[{\"@type\":\"ReadAction\",\"target\":[\"https:\/\/bahiaeconomica.com.br\/wp\/2025\/06\/16\/estamos-resgatando-uma-divida-historica-com-o-suburbio-diz-deputado-em-audiencia-sobre-o-vlt\/\"]}]},{\"@type\":\"BreadcrumbList\",\"@id\":\"https:\/\/bahiaeconomica.com.br\/wp\/2025\/06\/16\/estamos-resgatando-uma-divida-historica-com-o-suburbio-diz-deputado-em-audiencia-sobre-o-vlt\/#breadcrumb\",\"itemListElement\":[{\"@type\":\"ListItem\",\"position\":1,\"name\":\"In\u00edcio\",\"item\":\"https:\/\/bahiaeconomica.com.br\/wp\/\"},{\"@type\":\"ListItem\",\"position\":2,\"name\":\"\u201cESTAMOS RESGATANDO UMA D\u00cdVIDA HIST\u00d3RICA COM O SUB\u00daRBIO\u201d, DIZ DEPUTADO EM AUDI\u00caNCIA SOBRE O VLT\"}]},{\"@type\":\"WebSite\",\"@id\":\"https:\/\/bahiaeconomica.com.br\/wp\/#website\",\"url\":\"https:\/\/bahiaeconomica.com.br\/wp\/\",\"name\":\"Bahia Economica\",\"description\":\"O maior portal de Economia da Bahia\",\"publisher\":{\"@id\":\"https:\/\/bahiaeconomica.com.br\/wp\/#organization\"},\"potentialAction\":[{\"@type\":\"SearchAction\",\"target\":{\"@type\":\"EntryPoint\",\"urlTemplate\":\"https:\/\/bahiaeconomica.com.br\/wp\/?s={search_term_string}\"},\"query-input\":\"required name=search_term_string\"}],\"inLanguage\":\"pt-BR\"},{\"@type\":\"Organization\",\"@id\":\"https:\/\/bahiaeconomica.com.br\/wp\/#organization\",\"name\":\"Bahia Econ\u00f4mica\",\"url\":\"https:\/\/bahiaeconomica.com.br\/wp\/\",\"logo\":{\"@type\":\"ImageObject\",\"inLanguage\":\"pt-BR\",\"@id\":\"https:\/\/bahiaeconomica.com.br\/wp\/#\/schema\/logo\/image\/\",\"url\":\"https:\/\/bahiaeconomica.com.br\/wp\/wp-content\/uploads\/2020\/12\/cropped-BE.png\",\"contentUrl\":\"https:\/\/bahiaeconomica.com.br\/wp\/wp-content\/uploads\/2020\/12\/cropped-BE.png\",\"width\":512,\"height\":512,\"caption\":\"Bahia Econ\u00f4mica\"},\"image\":{\"@id\":\"https:\/\/bahiaeconomica.com.br\/wp\/#\/schema\/logo\/image\/\"},\"sameAs\":[\"https:\/\/www.facebook.com\/bahiaeconomica\"]},{\"@type\":\"Person\",\"@id\":\"https:\/\/bahiaeconomica.com.br\/wp\/#\/schema\/person\/c86d3a3f8960425a0f9d0e5245991f4e\",\"name\":\"JP\",\"sameAs\":[\"https:\/\/bahiaeconomica.com.br\/wp\/beta\/\"],\"url\":\"https:\/\/bahiaeconomica.com.br\/wp\/author\/jp\/\"}]}<\/script>\n<!-- \/ Yoast SEO plugin. -->","yoast_head_json":{"title":"\u201cESTAMOS RESGATANDO UMA D\u00cdVIDA HIST\u00d3RICA COM O SUB\u00daRBIO\u201d, DIZ DEPUTADO EM AUDI\u00caNCIA SOBRE O VLT - Bahia Economica","description":"O maior portal de Economia da Bahia Pol\u00edtica Bahia Economica Estamos resgatando uma d\u00edvida hist\u00f3rica com o Sub\u00farbio\u201d. A declara\u00e7\u00e3o","robots":{"index":"index","follow":"follow","max-snippet":"max-snippet:-1","max-image-preview":"max-image-preview:large","max-video-preview":"max-video-preview:-1"},"canonical":"https:\/\/bahiaeconomica.com.br\/wp\/2025\/06\/16\/estamos-resgatando-uma-divida-historica-com-o-suburbio-diz-deputado-em-audiencia-sobre-o-vlt\/","og_locale":"pt_BR","og_type":"article","og_title":"\u201cESTAMOS RESGATANDO UMA D\u00cdVIDA HIST\u00d3RICA COM O SUB\u00daRBIO\u201d, DIZ DEPUTADO EM AUDI\u00caNCIA SOBRE O VLT - Bahia Economica","og_description":"O maior portal de Economia da Bahia Pol\u00edtica Bahia Economica Estamos resgatando uma d\u00edvida hist\u00f3rica com o Sub\u00farbio\u201d. A declara\u00e7\u00e3o","og_url":"https:\/\/bahiaeconomica.com.br\/wp\/2025\/06\/16\/estamos-resgatando-uma-divida-historica-com-o-suburbio-diz-deputado-em-audiencia-sobre-o-vlt\/","og_site_name":"Bahia Economica","article_publisher":"https:\/\/www.facebook.com\/bahiaeconomica","article_published_time":"2025-06-16T18:00:32+00:00","article_modified_time":"2025-06-17T01:09:23+00:00","og_image":[{"width":1600,"height":1200,"url":"https:\/\/bahiaeconomica.com.br\/wp\/wp-content\/uploads\/2025\/06\/WhatsApp-Image-2025-06-16-at-17.55.40.jpeg","type":"image\/jpeg"}],"author":"JP","twitter_card":"summary_large_image","twitter_misc":{"Escrito por":"JP","Est. tempo de leitura":"4 minutos"},"schema":{"@context":"https:\/\/schema.org","@graph":[{"@type":"Article","@id":"https:\/\/bahiaeconomica.com.br\/wp\/2025\/06\/16\/estamos-resgatando-uma-divida-historica-com-o-suburbio-diz-deputado-em-audiencia-sobre-o-vlt\/#article","isPartOf":{"@id":"https:\/\/bahiaeconomica.com.br\/wp\/2025\/06\/16\/estamos-resgatando-uma-divida-historica-com-o-suburbio-diz-deputado-em-audiencia-sobre-o-vlt\/"},"author":{"name":"JP","@id":"https:\/\/bahiaeconomica.com.br\/wp\/#\/schema\/person\/c86d3a3f8960425a0f9d0e5245991f4e"},"headline":"\u201cESTAMOS RESGATANDO UMA D\u00cdVIDA HIST\u00d3RICA COM O SUB\u00daRBIO\u201d, DIZ DEPUTADO EM AUDI\u00caNCIA SOBRE O VLT","datePublished":"2025-06-16T18:00:32+00:00","dateModified":"2025-06-17T01:09:23+00:00","mainEntityOfPage":{"@id":"https:\/\/bahiaeconomica.com.br\/wp\/2025\/06\/16\/estamos-resgatando-uma-divida-historica-com-o-suburbio-diz-deputado-em-audiencia-sobre-o-vlt\/"},"wordCount":657,"publisher":{"@id":"https:\/\/bahiaeconomica.com.br\/wp\/#organization"},"keywords":["Bahia","Pol\u00edtica","vlt"],"articleSection":["Pol\u00edtica"],"inLanguage":"pt-BR"},{"@type":"WebPage","@id":"https:\/\/bahiaeconomica.com.br\/wp\/2025\/06\/16\/estamos-resgatando-uma-divida-historica-com-o-suburbio-diz-deputado-em-audiencia-sobre-o-vlt\/","url":"https:\/\/bahiaeconomica.com.br\/wp\/2025\/06\/16\/estamos-resgatando-uma-divida-historica-com-o-suburbio-diz-deputado-em-audiencia-sobre-o-vlt\/","name":"\u201cESTAMOS RESGATANDO UMA D\u00cdVIDA HIST\u00d3RICA COM O SUB\u00daRBIO\u201d, DIZ DEPUTADO EM AUDI\u00caNCIA SOBRE O VLT - Bahia Economica","isPartOf":{"@id":"https:\/\/bahiaeconomica.com.br\/wp\/#website"},"datePublished":"2025-06-16T18:00:32+00:00","dateModified":"2025-06-17T01:09:23+00:00","description":"O maior portal de Economia da Bahia Pol\u00edtica Bahia Economica Estamos resgatando uma d\u00edvida hist\u00f3rica com o Sub\u00farbio\u201d. A declara\u00e7\u00e3o","breadcrumb":{"@id":"https:\/\/bahiaeconomica.com.br\/wp\/2025\/06\/16\/estamos-resgatando-uma-divida-historica-com-o-suburbio-diz-deputado-em-audiencia-sobre-o-vlt\/#breadcrumb"},"inLanguage":"pt-BR","potentialAction":[{"@type":"ReadAction","target":["https:\/\/bahiaeconomica.com.br\/wp\/2025\/06\/16\/estamos-resgatando-uma-divida-historica-com-o-suburbio-diz-deputado-em-audiencia-sobre-o-vlt\/"]}]},{"@type":"BreadcrumbList","@id":"https:\/\/bahiaeconomica.com.br\/wp\/2025\/06\/16\/estamos-resgatando-uma-divida-historica-com-o-suburbio-diz-deputado-em-audiencia-sobre-o-vlt\/#breadcrumb","itemListElement":[{"@type":"ListItem","position":1,"name":"In\u00edcio","item":"https:\/\/bahiaeconomica.com.br\/wp\/"},{"@type":"ListItem","position":2,"name":"\u201cESTAMOS RESGATANDO UMA D\u00cdVIDA HIST\u00d3RICA COM O SUB\u00daRBIO\u201d, DIZ DEPUTADO EM AUDI\u00caNCIA SOBRE O VLT"}]},{"@type":"WebSite","@id":"https:\/\/bahiaeconomica.com.br\/wp\/#website","url":"https:\/\/bahiaeconomica.com.br\/wp\/","name":"Bahia Economica","description":"O maior portal de Economia da Bahia","publisher":{"@id":"https:\/\/bahiaeconomica.com.br\/wp\/#organization"},"potentialAction":[{"@type":"SearchAction","target":{"@type":"EntryPoint","urlTemplate":"https:\/\/bahiaeconomica.com.br\/wp\/?s={search_term_string}"},"query-input":"required name=search_term_string"}],"inLanguage":"pt-BR"},{"@type":"Organization","@id":"https:\/\/bahiaeconomica.com.br\/wp\/#organization","name":"Bahia Econ\u00f4mica","url":"https:\/\/bahiaeconomica.com.br\/wp\/","logo":{"@type":"ImageObject","inLanguage":"pt-BR","@id":"https:\/\/bahiaeconomica.com.br\/wp\/#\/schema\/logo\/image\/","url":"https:\/\/bahiaeconomica.com.br\/wp\/wp-content\/uploads\/2020\/12\/cropped-BE.png","contentUrl":"https:\/\/bahiaeconomica.com.br\/wp\/wp-content\/uploads\/2020\/12\/cropped-BE.png","width":512,"height":512,"caption":"Bahia Econ\u00f4mica"},"image":{"@id":"https:\/\/bahiaeconomica.com.br\/wp\/#\/schema\/logo\/image\/"},"sameAs":["https:\/\/www.facebook.com\/bahiaeconomica"]},{"@type":"Person","@id":"https:\/\/bahiaeconomica.com.br\/wp\/#\/schema\/person\/c86d3a3f8960425a0f9d0e5245991f4e","name":"JP","sameAs":["https:\/\/bahiaeconomica.com.br\/wp\/beta\/"],"url":"https:\/\/bahiaeconomica.com.br\/wp\/author\/jp\/"}]}},"views":3,"_links":{"self":[{"href":"https:\/\/bahiaeconomica.com.br\/wp\/wp-json\/wp\/v2\/posts\/912132"}],"collection":[{"href":"https:\/\/bahiaeconomica.com.br\/wp\/wp-json\/wp\/v2\/posts"}],"about":[{"href":"https:\/\/bahiaeconomica.com.br\/wp\/wp-json\/wp\/v2\/types\/post"}],"author":[{"embeddable":true,"href":"https:\/\/bahiaeconomica.com.br\/wp\/wp-json\/wp\/v2\/users\/8"}],"replies":[{"embeddable":true,"href":"https:\/\/bahiaeconomica.com.br\/wp\/wp-json\/wp\/v2\/comments?post=912132"}],"version-history":[{"count":1,"href":"https:\/\/bahiaeconomica.com.br\/wp\/wp-json\/wp\/v2\/posts\/912132\/revisions"}],"predecessor-version":[{"id":912134,"href":"https:\/\/bahiaeconomica.com.br\/wp\/wp-json\/wp\/v2\/posts\/912132\/revisions\/912134"}],"wp:featuredmedia":[{"embeddable":true,"href":"https:\/\/bahiaeconomica.com.br\/wp\/wp-json\/wp\/v2\/media\/912133"}],"wp:attachment":[{"href":"https:\/\/bahiaeconomica.com.br\/wp\/wp-json\/wp\/v2\/media?parent=912132"}],"wp:term":[{"taxonomy":"category","embeddable":true,"href":"https:\/\/bahiaeconomica.com.br\/wp\/wp-json\/wp\/v2\/categories?post=912132"},{"taxonomy":"post_tag","embeddable":true,"href":"https:\/\/bahiaeconomica.com.br\/wp\/wp-json\/wp\/v2\/tags?post=912132"}],"curies":[{"name":"wp","href":"https:\/\/api.w.org\/{rel}","templated":true}]}}