{"id":911780,"date":"2025-06-16T08:00:40","date_gmt":"2025-06-16T11:00:40","guid":{"rendered":"https:\/\/bahiaeconomica.com.br\/wp\/?p=911780"},"modified":"2025-06-16T08:27:52","modified_gmt":"2025-06-16T11:27:52","slug":"pix-automatico-entra-em-operacao-nesta-segunda-feira","status":"publish","type":"post","link":"https:\/\/bahiaeconomica.com.br\/wp\/2025\/06\/16\/pix-automatico-entra-em-operacao-nesta-segunda-feira\/","title":{"rendered":"PIX AUTOM\u00c1TICO ENTRA EM OPERA\u00c7\u00c3O NESTA SEGUNDA-FEIRA"},"content":{"rendered":"<p>O Pix Autom\u00e1tico estar\u00e1 dispon\u00edvel para todos os clientes banc\u00e1rios a partir desta segunda-feira (16), oferecendo uma nova alternativa para pagamentos recorrentes, como contas de servi\u00e7os, mensalidades e assinaturas. A funcionalidade permite autorizar apenas uma vez o d\u00e9bito peri\u00f3dico, substituindo boletos e d\u00e9bito autom\u00e1tico tradicionais, com mais agilidade e seguran\u00e7a.<\/p>\n<p>Empresas de qualquer setor poder\u00e3o disponibilizar o Pix Autom\u00e1tico como op\u00e7\u00e3o de cobran\u00e7a. Para utilizar o servi\u00e7o, o cliente deve autorizar previamente os pagamentos e definir par\u00e2metros, como valor m\u00e1ximo por transa\u00e7\u00e3o e uso de cr\u00e9dito. Isso garante maior controle e personaliza\u00e7\u00e3o nas opera\u00e7\u00f5es financeiras do dia a dia.<\/p>\n<p>Antes de cada pagamento, o banco recebe a solicita\u00e7\u00e3o da empresa e agenda a opera\u00e7\u00e3o. O cliente \u00e9 notificado e pode revisar as informa\u00e7\u00f5es pelo aplicativo, garantindo transpar\u00eancia. No vencimento, o valor \u00e9 debitado conforme os crit\u00e9rios estabelecidos na autoriza\u00e7\u00e3o, sem necessidade de nova confirma\u00e7\u00e3o.<\/p>\n<p>O Banco Central destaca que o Pix Autom\u00e1tico segue os mesmos padr\u00f5es de seguran\u00e7a do Pix tradicional, com foco na prote\u00e7\u00e3o das transa\u00e7\u00f5es. A iniciativa visa modernizar a gest\u00e3o de pagamentos no Brasil, tornando o processo mais eficiente, confi\u00e1vel e acess\u00edvel para consumidores e empresas.<\/p>\n<p>Foto: Bruno Peres\/Ag\u00eancia Brasil<\/p>\n","protected":false},"excerpt":{"rendered":"<p>O Pix Autom\u00e1tico estar\u00e1 dispon\u00edvel para todos os clientes banc\u00e1rios a partir desta segunda-feira (16), oferecendo uma nova alternativa para pagamentos recorrentes, como contas de servi\u00e7os, mensalidades e assinaturas. A funcionalidade permite autorizar apenas uma vez o d\u00e9bito peri\u00f3dico, substituindo boletos e d\u00e9bito autom\u00e1tico tradicionais, com mais agilidade e seguran\u00e7a. Empresas de qualquer setor poder\u00e3o [&hellip;]<\/p>\n","protected":false},"author":8,"featured_media":911781,"comment_status":"closed","ping_status":"closed","sticky":false,"template":"","format":"standard","meta":[],"categories":[3],"tags":[52,213,1323],"acf":[],"yoast_head":"<!-- This site is optimized with the Yoast SEO plugin v20.8 - https:\/\/yoast.com\/wordpress\/plugins\/seo\/ -->\n<title>PIX AUTOM\u00c1TICO ENTRA EM OPERA\u00c7\u00c3O NESTA SEGUNDA-FEIRA - Bahia Economica<\/title>\n<meta name=\"description\" content=\"O maior portal de Economia da Bahia ECONOMIA \/ POL\u00cdTICA Bahia Economica O Banco Central destaca que o Pix Autom\u00e1tico segue os mesmos\" \/>\n<meta name=\"robots\" content=\"index, follow, max-snippet:-1, max-image-preview:large, max-video-preview:-1\" \/>\n<link rel=\"canonical\" href=\"https:\/\/bahiaeconomica.com.br\/wp\/2025\/06\/16\/pix-automatico-entra-em-operacao-nesta-segunda-feira\/\" \/>\n<meta property=\"og:locale\" content=\"pt_BR\" \/>\n<meta property=\"og:type\" content=\"article\" \/>\n<meta property=\"og:title\" content=\"PIX AUTOM\u00c1TICO ENTRA EM OPERA\u00c7\u00c3O NESTA SEGUNDA-FEIRA - Bahia Economica\" \/>\n<meta property=\"og:description\" content=\"O maior portal de Economia da Bahia ECONOMIA \/ POL\u00cdTICA Bahia Economica O Banco Central destaca que o Pix Autom\u00e1tico segue os mesmos\" \/>\n<meta property=\"og:url\" content=\"https:\/\/bahiaeconomica.com.br\/wp\/2025\/06\/16\/pix-automatico-entra-em-operacao-nesta-segunda-feira\/\" \/>\n<meta property=\"og:site_name\" content=\"Bahia Economica\" \/>\n<meta property=\"article:publisher\" content=\"https:\/\/www.facebook.com\/bahiaeconomica\" \/>\n<meta property=\"article:published_time\" content=\"2025-06-16T11:00:40+00:00\" \/>\n<meta property=\"article:modified_time\" content=\"2025-06-16T11:27:52+00:00\" \/>\n<meta property=\"og:image\" content=\"https:\/\/bahiaeconomica.com.br\/wp\/wp-content\/uploads\/2025\/06\/166193pix-automatico-entra-em-operacao-nesta-segunda-feira-3.jpg\" \/>\n\t<meta property=\"og:image:width\" content=\"1600\" \/>\n\t<meta property=\"og:image:height\" content=\"752\" \/>\n\t<meta property=\"og:image:type\" content=\"image\/jpeg\" \/>\n<meta name=\"author\" content=\"JP\" \/>\n<meta name=\"twitter:card\" content=\"summary_large_image\" \/>\n<meta name=\"twitter:label1\" content=\"Escrito por\" \/>\n\t<meta name=\"twitter:data1\" content=\"JP\" \/>\n\t<meta name=\"twitter:label2\" content=\"Est. tempo de leitura\" \/>\n\t<meta name=\"twitter:data2\" content=\"2 minutos\" \/>\n<script type=\"application\/ld+json\" class=\"yoast-schema-graph\">{\"@context\":\"https:\/\/schema.org\",\"@graph\":[{\"@type\":\"Article\",\"@id\":\"https:\/\/bahiaeconomica.com.br\/wp\/2025\/06\/16\/pix-automatico-entra-em-operacao-nesta-segunda-feira\/#article\",\"isPartOf\":{\"@id\":\"https:\/\/bahiaeconomica.com.br\/wp\/2025\/06\/16\/pix-automatico-entra-em-operacao-nesta-segunda-feira\/\"},\"author\":{\"name\":\"JP\",\"@id\":\"https:\/\/bahiaeconomica.com.br\/wp\/#\/schema\/person\/c86d3a3f8960425a0f9d0e5245991f4e\"},\"headline\":\"PIX AUTOM\u00c1TICO ENTRA EM OPERA\u00c7\u00c3O NESTA SEGUNDA-FEIRA\",\"datePublished\":\"2025-06-16T11:00:40+00:00\",\"dateModified\":\"2025-06-16T11:27:52+00:00\",\"mainEntityOfPage\":{\"@id\":\"https:\/\/bahiaeconomica.com.br\/wp\/2025\/06\/16\/pix-automatico-entra-em-operacao-nesta-segunda-feira\/\"},\"wordCount\":236,\"publisher\":{\"@id\":\"https:\/\/bahiaeconomica.com.br\/wp\/#organization\"},\"keywords\":[\"Brasil\",\"Economia\",\"Pix\"],\"articleSection\":[\"ECONOMIA \/ POL\u00cdTICA\"],\"inLanguage\":\"pt-BR\"},{\"@type\":\"WebPage\",\"@id\":\"https:\/\/bahiaeconomica.com.br\/wp\/2025\/06\/16\/pix-automatico-entra-em-operacao-nesta-segunda-feira\/\",\"url\":\"https:\/\/bahiaeconomica.com.br\/wp\/2025\/06\/16\/pix-automatico-entra-em-operacao-nesta-segunda-feira\/\",\"name\":\"PIX AUTOM\u00c1TICO ENTRA EM OPERA\u00c7\u00c3O NESTA SEGUNDA-FEIRA - Bahia Economica\",\"isPartOf\":{\"@id\":\"https:\/\/bahiaeconomica.com.br\/wp\/#website\"},\"datePublished\":\"2025-06-16T11:00:40+00:00\",\"dateModified\":\"2025-06-16T11:27:52+00:00\",\"description\":\"O maior portal de Economia da Bahia ECONOMIA \/ POL\u00cdTICA Bahia Economica O Banco Central destaca que o Pix Autom\u00e1tico segue os mesmos\",\"breadcrumb\":{\"@id\":\"https:\/\/bahiaeconomica.com.br\/wp\/2025\/06\/16\/pix-automatico-entra-em-operacao-nesta-segunda-feira\/#breadcrumb\"},\"inLanguage\":\"pt-BR\",\"potentialAction\":[{\"@type\":\"ReadAction\",\"target\":[\"https:\/\/bahiaeconomica.com.br\/wp\/2025\/06\/16\/pix-automatico-entra-em-operacao-nesta-segunda-feira\/\"]}]},{\"@type\":\"BreadcrumbList\",\"@id\":\"https:\/\/bahiaeconomica.com.br\/wp\/2025\/06\/16\/pix-automatico-entra-em-operacao-nesta-segunda-feira\/#breadcrumb\",\"itemListElement\":[{\"@type\":\"ListItem\",\"position\":1,\"name\":\"In\u00edcio\",\"item\":\"https:\/\/bahiaeconomica.com.br\/wp\/\"},{\"@type\":\"ListItem\",\"position\":2,\"name\":\"PIX AUTOM\u00c1TICO ENTRA EM OPERA\u00c7\u00c3O NESTA SEGUNDA-FEIRA\"}]},{\"@type\":\"WebSite\",\"@id\":\"https:\/\/bahiaeconomica.com.br\/wp\/#website\",\"url\":\"https:\/\/bahiaeconomica.com.br\/wp\/\",\"name\":\"Bahia Economica\",\"description\":\"O maior portal de Economia da Bahia\",\"publisher\":{\"@id\":\"https:\/\/bahiaeconomica.com.br\/wp\/#organization\"},\"potentialAction\":[{\"@type\":\"SearchAction\",\"target\":{\"@type\":\"EntryPoint\",\"urlTemplate\":\"https:\/\/bahiaeconomica.com.br\/wp\/?s={search_term_string}\"},\"query-input\":\"required name=search_term_string\"}],\"inLanguage\":\"pt-BR\"},{\"@type\":\"Organization\",\"@id\":\"https:\/\/bahiaeconomica.com.br\/wp\/#organization\",\"name\":\"Bahia Econ\u00f4mica\",\"url\":\"https:\/\/bahiaeconomica.com.br\/wp\/\",\"logo\":{\"@type\":\"ImageObject\",\"inLanguage\":\"pt-BR\",\"@id\":\"https:\/\/bahiaeconomica.com.br\/wp\/#\/schema\/logo\/image\/\",\"url\":\"https:\/\/bahiaeconomica.com.br\/wp\/wp-content\/uploads\/2020\/12\/cropped-BE.png\",\"contentUrl\":\"https:\/\/bahiaeconomica.com.br\/wp\/wp-content\/uploads\/2020\/12\/cropped-BE.png\",\"width\":512,\"height\":512,\"caption\":\"Bahia Econ\u00f4mica\"},\"image\":{\"@id\":\"https:\/\/bahiaeconomica.com.br\/wp\/#\/schema\/logo\/image\/\"},\"sameAs\":[\"https:\/\/www.facebook.com\/bahiaeconomica\"]},{\"@type\":\"Person\",\"@id\":\"https:\/\/bahiaeconomica.com.br\/wp\/#\/schema\/person\/c86d3a3f8960425a0f9d0e5245991f4e\",\"name\":\"JP\",\"sameAs\":[\"https:\/\/bahiaeconomica.com.br\/wp\/beta\/\"],\"url\":\"https:\/\/bahiaeconomica.com.br\/wp\/author\/jp\/\"}]}<\/script>\n<!-- \/ Yoast SEO plugin. -->","yoast_head_json":{"title":"PIX AUTOM\u00c1TICO ENTRA EM OPERA\u00c7\u00c3O NESTA SEGUNDA-FEIRA - Bahia Economica","description":"O maior portal de Economia da Bahia ECONOMIA \/ POL\u00cdTICA Bahia Economica O Banco Central destaca que o Pix Autom\u00e1tico segue os mesmos","robots":{"index":"index","follow":"follow","max-snippet":"max-snippet:-1","max-image-preview":"max-image-preview:large","max-video-preview":"max-video-preview:-1"},"canonical":"https:\/\/bahiaeconomica.com.br\/wp\/2025\/06\/16\/pix-automatico-entra-em-operacao-nesta-segunda-feira\/","og_locale":"pt_BR","og_type":"article","og_title":"PIX AUTOM\u00c1TICO ENTRA EM OPERA\u00c7\u00c3O NESTA SEGUNDA-FEIRA - Bahia Economica","og_description":"O maior portal de Economia da Bahia ECONOMIA \/ POL\u00cdTICA Bahia Economica O Banco Central destaca que o Pix Autom\u00e1tico segue os mesmos","og_url":"https:\/\/bahiaeconomica.com.br\/wp\/2025\/06\/16\/pix-automatico-entra-em-operacao-nesta-segunda-feira\/","og_site_name":"Bahia Economica","article_publisher":"https:\/\/www.facebook.com\/bahiaeconomica","article_published_time":"2025-06-16T11:00:40+00:00","article_modified_time":"2025-06-16T11:27:52+00:00","og_image":[{"width":1600,"height":752,"url":"https:\/\/bahiaeconomica.com.br\/wp\/wp-content\/uploads\/2025\/06\/166193pix-automatico-entra-em-operacao-nesta-segunda-feira-3.jpg","type":"image\/jpeg"}],"author":"JP","twitter_card":"summary_large_image","twitter_misc":{"Escrito por":"JP","Est. tempo de leitura":"2 minutos"},"schema":{"@context":"https:\/\/schema.org","@graph":[{"@type":"Article","@id":"https:\/\/bahiaeconomica.com.br\/wp\/2025\/06\/16\/pix-automatico-entra-em-operacao-nesta-segunda-feira\/#article","isPartOf":{"@id":"https:\/\/bahiaeconomica.com.br\/wp\/2025\/06\/16\/pix-automatico-entra-em-operacao-nesta-segunda-feira\/"},"author":{"name":"JP","@id":"https:\/\/bahiaeconomica.com.br\/wp\/#\/schema\/person\/c86d3a3f8960425a0f9d0e5245991f4e"},"headline":"PIX AUTOM\u00c1TICO ENTRA EM OPERA\u00c7\u00c3O NESTA SEGUNDA-FEIRA","datePublished":"2025-06-16T11:00:40+00:00","dateModified":"2025-06-16T11:27:52+00:00","mainEntityOfPage":{"@id":"https:\/\/bahiaeconomica.com.br\/wp\/2025\/06\/16\/pix-automatico-entra-em-operacao-nesta-segunda-feira\/"},"wordCount":236,"publisher":{"@id":"https:\/\/bahiaeconomica.com.br\/wp\/#organization"},"keywords":["Brasil","Economia","Pix"],"articleSection":["ECONOMIA \/ POL\u00cdTICA"],"inLanguage":"pt-BR"},{"@type":"WebPage","@id":"https:\/\/bahiaeconomica.com.br\/wp\/2025\/06\/16\/pix-automatico-entra-em-operacao-nesta-segunda-feira\/","url":"https:\/\/bahiaeconomica.com.br\/wp\/2025\/06\/16\/pix-automatico-entra-em-operacao-nesta-segunda-feira\/","name":"PIX AUTOM\u00c1TICO ENTRA EM OPERA\u00c7\u00c3O NESTA SEGUNDA-FEIRA - Bahia Economica","isPartOf":{"@id":"https:\/\/bahiaeconomica.com.br\/wp\/#website"},"datePublished":"2025-06-16T11:00:40+00:00","dateModified":"2025-06-16T11:27:52+00:00","description":"O maior portal de Economia da Bahia ECONOMIA \/ POL\u00cdTICA Bahia Economica O Banco Central destaca que o Pix Autom\u00e1tico segue os mesmos","breadcrumb":{"@id":"https:\/\/bahiaeconomica.com.br\/wp\/2025\/06\/16\/pix-automatico-entra-em-operacao-nesta-segunda-feira\/#breadcrumb"},"inLanguage":"pt-BR","potentialAction":[{"@type":"ReadAction","target":["https:\/\/bahiaeconomica.com.br\/wp\/2025\/06\/16\/pix-automatico-entra-em-operacao-nesta-segunda-feira\/"]}]},{"@type":"BreadcrumbList","@id":"https:\/\/bahiaeconomica.com.br\/wp\/2025\/06\/16\/pix-automatico-entra-em-operacao-nesta-segunda-feira\/#breadcrumb","itemListElement":[{"@type":"ListItem","position":1,"name":"In\u00edcio","item":"https:\/\/bahiaeconomica.com.br\/wp\/"},{"@type":"ListItem","position":2,"name":"PIX AUTOM\u00c1TICO ENTRA EM OPERA\u00c7\u00c3O NESTA SEGUNDA-FEIRA"}]},{"@type":"WebSite","@id":"https:\/\/bahiaeconomica.com.br\/wp\/#website","url":"https:\/\/bahiaeconomica.com.br\/wp\/","name":"Bahia Economica","description":"O maior portal de Economia da Bahia","publisher":{"@id":"https:\/\/bahiaeconomica.com.br\/wp\/#organization"},"potentialAction":[{"@type":"SearchAction","target":{"@type":"EntryPoint","urlTemplate":"https:\/\/bahiaeconomica.com.br\/wp\/?s={search_term_string}"},"query-input":"required name=search_term_string"}],"inLanguage":"pt-BR"},{"@type":"Organization","@id":"https:\/\/bahiaeconomica.com.br\/wp\/#organization","name":"Bahia Econ\u00f4mica","url":"https:\/\/bahiaeconomica.com.br\/wp\/","logo":{"@type":"ImageObject","inLanguage":"pt-BR","@id":"https:\/\/bahiaeconomica.com.br\/wp\/#\/schema\/logo\/image\/","url":"https:\/\/bahiaeconomica.com.br\/wp\/wp-content\/uploads\/2020\/12\/cropped-BE.png","contentUrl":"https:\/\/bahiaeconomica.com.br\/wp\/wp-content\/uploads\/2020\/12\/cropped-BE.png","width":512,"height":512,"caption":"Bahia Econ\u00f4mica"},"image":{"@id":"https:\/\/bahiaeconomica.com.br\/wp\/#\/schema\/logo\/image\/"},"sameAs":["https:\/\/www.facebook.com\/bahiaeconomica"]},{"@type":"Person","@id":"https:\/\/bahiaeconomica.com.br\/wp\/#\/schema\/person\/c86d3a3f8960425a0f9d0e5245991f4e","name":"JP","sameAs":["https:\/\/bahiaeconomica.com.br\/wp\/beta\/"],"url":"https:\/\/bahiaeconomica.com.br\/wp\/author\/jp\/"}]}},"views":6,"_links":{"self":[{"href":"https:\/\/bahiaeconomica.com.br\/wp\/wp-json\/wp\/v2\/posts\/911780"}],"collection":[{"href":"https:\/\/bahiaeconomica.com.br\/wp\/wp-json\/wp\/v2\/posts"}],"about":[{"href":"https:\/\/bahiaeconomica.com.br\/wp\/wp-json\/wp\/v2\/types\/post"}],"author":[{"embeddable":true,"href":"https:\/\/bahiaeconomica.com.br\/wp\/wp-json\/wp\/v2\/users\/8"}],"replies":[{"embeddable":true,"href":"https:\/\/bahiaeconomica.com.br\/wp\/wp-json\/wp\/v2\/comments?post=911780"}],"version-history":[{"count":1,"href":"https:\/\/bahiaeconomica.com.br\/wp\/wp-json\/wp\/v2\/posts\/911780\/revisions"}],"predecessor-version":[{"id":911782,"href":"https:\/\/bahiaeconomica.com.br\/wp\/wp-json\/wp\/v2\/posts\/911780\/revisions\/911782"}],"wp:featuredmedia":[{"embeddable":true,"href":"https:\/\/bahiaeconomica.com.br\/wp\/wp-json\/wp\/v2\/media\/911781"}],"wp:attachment":[{"href":"https:\/\/bahiaeconomica.com.br\/wp\/wp-json\/wp\/v2\/media?parent=911780"}],"wp:term":[{"taxonomy":"category","embeddable":true,"href":"https:\/\/bahiaeconomica.com.br\/wp\/wp-json\/wp\/v2\/categories?post=911780"},{"taxonomy":"post_tag","embeddable":true,"href":"https:\/\/bahiaeconomica.com.br\/wp\/wp-json\/wp\/v2\/tags?post=911780"}],"curies":[{"name":"wp","href":"https:\/\/api.w.org\/{rel}","templated":true}]}}