{"id":910445,"date":"2025-06-10T16:57:15","date_gmt":"2025-06-10T19:57:15","guid":{"rendered":"https:\/\/bahiaeconomica.com.br\/wp\/?p=910445"},"modified":"2025-06-10T16:57:42","modified_gmt":"2025-06-10T19:57:42","slug":"malucos-bolsonaro-critica-apoiadores-no-ato-8-de-janeiro-que-pediram-intervencao-militar","status":"publish","type":"post","link":"https:\/\/bahiaeconomica.com.br\/wp\/2025\/06\/10\/malucos-bolsonaro-critica-apoiadores-no-ato-8-de-janeiro-que-pediram-intervencao-militar\/","title":{"rendered":"\u2018MALUCOS\u2019: BOLSONARO CRITICA APOIADORES NO ATO 8 DE JANEIRO QUE PEDIRAM INTERVEN\u00c7\u00c3O MILITAR"},"content":{"rendered":"<p>Nesta ter\u00e7a-feira (10) o ex-presidente Jair Bolsonaro (PL) negou, ter incentivado qualquer movimenta\u00e7\u00e3o antidemocr\u00e1tica em 8 janeiro de 2023, e afirmou que, mesmo sem aval dele, existem \u201cmalucos\u201d que pedem por um novo AI-5, uma interven\u00e7\u00e3o militar no pa\u00eds.<\/p>\n<p>&#8220;Tem os malucos que ficam com essa ideia de AI-5, de interven\u00e7\u00e3o militar das For\u00e7as Armadas&#8230; que os chefes das For\u00e7as Armadas jamais iam embarcar nessa s\u00f3 porque o pessoal estava pedindo ali&#8221;, afirmou o ex-presidente<\/p>\n<p>Ex-presidente deu a declara\u00e7\u00e3o durante interrogat\u00f3rio na Primeira Turma do Supremo Tribunal Federal (STF). Ele foi o sexto r\u00e9u a prestar depoimento no processo penal sobre tentativa de golpe de Estado.<\/p>\n<p><strong>Invas\u00f5es de 8 de janeiro<\/strong><\/p>\n<p>No decorrer do interrogat\u00f3rio nesta ter\u00e7a, Bolsonaro foi questionado sobre as manifesta\u00e7\u00f5es conta o resultado das elei\u00e7\u00f5es,\u00a0e frisou que fez um v\u00eddeo pedindo a desobstru\u00e7\u00e3o das vias:\u00a0&#8220;Se eu almejasse um caos no Brasil, era s\u00f3 ficar quieto&#8221;.<\/p>\n<p data-mrf-recirculation=\"Mat\u00e9ria - Links no Texto\">&#8220;N\u00f3s repudiamos tudo isso a\u00ed. Com todo respeito, doutor Paulo Gonet, n\u00e3o procede que eu colaborei com o 8 de janeiro. N\u00e3o tem nada meu ali, estimulando aquela baderna que n\u00f3s repudiamos&#8221;, disse.<\/p>\n<p>Informou que, antes de viajar para os Estados Unidos, fez uma live em que afirmou que n\u00e3o queria confronto. Declarou que n\u00e3o estimulou que ningu\u00e9m fizesse nada ilegal, e que esteve recluso no Alvorada.<\/p>\n<p data-track-category=\"Link no Texto\" data-track-links=\"\" data-mrf-recirculation=\"Mat\u00e9ria - Links no Texto\">Durante manifesta\u00e7\u00f5es a favor do ex-presidente ap\u00f3s o resultado negativo das urnas,\u00a0brasileiros foram \u00e0s ruas com faixas pedindo por interven\u00e7\u00e3o militar com Bolsonaro \u00e0 frente do governo.<\/p>\n<section>Foto: Reprodu\u00e7\u00e3o\/ Tv Justi\u00e7a<\/section>\n<footer>\n<div class=\"more\"><\/div>\n<\/footer>\n","protected":false},"excerpt":{"rendered":"<p>Nesta ter\u00e7a-feira (10) o ex-presidente Jair Bolsonaro (PL) negou, ter incentivado qualquer movimenta\u00e7\u00e3o antidemocr\u00e1tica em 8 janeiro de 2023, e afirmou que, mesmo sem aval dele, existem \u201cmalucos\u201d que pedem por um novo AI-5, uma interven\u00e7\u00e3o militar no pa\u00eds. &#8220;Tem os malucos que ficam com essa ideia de AI-5, de interven\u00e7\u00e3o militar das For\u00e7as Armadas&#8230; [&hellip;]<\/p>\n","protected":false},"author":24,"featured_media":910434,"comment_status":"closed","ping_status":"closed","sticky":false,"template":"","format":"standard","meta":[],"categories":[14601],"tags":[39599,95,39600],"acf":[],"yoast_head":"<!-- This site is optimized with the Yoast SEO plugin v20.8 - https:\/\/yoast.com\/wordpress\/plugins\/seo\/ -->\n<title>\u2018MALUCOS\u2019: BOLSONARO CRITICA APOIADORES NO ATO 8 DE JANEIRO QUE PEDIRAM INTERVEN\u00c7\u00c3O MILITAR - Bahia Economica Nesta ter\u00e7a-feira (10) o ex-presidente Jair Bolsonaro (PL)<\/title>\n<meta name=\"description\" content=\"O maior portal de Economia da Bahia Pol\u00edtica Bahia Economica Nesta ter\u00e7a-feira (10) o ex-presidente Jair Bolsonaro (PL)\" \/>\n<meta name=\"robots\" content=\"index, follow, max-snippet:-1, max-image-preview:large, max-video-preview:-1\" \/>\n<link rel=\"canonical\" href=\"https:\/\/bahiaeconomica.com.br\/wp\/2025\/06\/10\/malucos-bolsonaro-critica-apoiadores-no-ato-8-de-janeiro-que-pediram-intervencao-militar\/\" \/>\n<meta property=\"og:locale\" content=\"pt_BR\" \/>\n<meta property=\"og:type\" content=\"article\" \/>\n<meta property=\"og:title\" content=\"\u2018MALUCOS\u2019: BOLSONARO CRITICA APOIADORES NO ATO 8 DE JANEIRO QUE PEDIRAM INTERVEN\u00c7\u00c3O MILITAR - Bahia Economica Nesta ter\u00e7a-feira (10) o ex-presidente Jair Bolsonaro (PL)\" \/>\n<meta property=\"og:description\" content=\"O maior portal de Economia da Bahia Pol\u00edtica Bahia Economica Nesta ter\u00e7a-feira (10) o ex-presidente Jair Bolsonaro (PL)\" \/>\n<meta property=\"og:url\" content=\"https:\/\/bahiaeconomica.com.br\/wp\/2025\/06\/10\/malucos-bolsonaro-critica-apoiadores-no-ato-8-de-janeiro-que-pediram-intervencao-militar\/\" \/>\n<meta property=\"og:site_name\" content=\"Bahia Economica\" \/>\n<meta property=\"article:publisher\" content=\"https:\/\/www.facebook.com\/bahiaeconomica\" \/>\n<meta property=\"article:published_time\" content=\"2025-06-10T19:57:15+00:00\" \/>\n<meta property=\"article:modified_time\" content=\"2025-06-10T19:57:42+00:00\" \/>\n<meta property=\"og:image\" content=\"https:\/\/bahiaeconomica.com.br\/wp\/wp-content\/uploads\/2025\/06\/IMAGEM_NOTICIA_9-11-e1749583105514.webp\" \/>\n\t<meta property=\"og:image:width\" content=\"1023\" \/>\n\t<meta property=\"og:image:height\" content=\"630\" \/>\n\t<meta property=\"og:image:type\" content=\"image\/webp\" \/>\n<meta name=\"author\" content=\"VICTOR OLIVEIRA\" \/>\n<meta name=\"twitter:card\" content=\"summary_large_image\" \/>\n<meta name=\"twitter:label1\" content=\"Escrito por\" \/>\n\t<meta name=\"twitter:data1\" content=\"VICTOR OLIVEIRA\" \/>\n\t<meta name=\"twitter:label2\" content=\"Est. tempo de leitura\" \/>\n\t<meta name=\"twitter:data2\" content=\"2 minutos\" \/>\n<script type=\"application\/ld+json\" class=\"yoast-schema-graph\">{\"@context\":\"https:\/\/schema.org\",\"@graph\":[{\"@type\":\"Article\",\"@id\":\"https:\/\/bahiaeconomica.com.br\/wp\/2025\/06\/10\/malucos-bolsonaro-critica-apoiadores-no-ato-8-de-janeiro-que-pediram-intervencao-militar\/#article\",\"isPartOf\":{\"@id\":\"https:\/\/bahiaeconomica.com.br\/wp\/2025\/06\/10\/malucos-bolsonaro-critica-apoiadores-no-ato-8-de-janeiro-que-pediram-intervencao-militar\/\"},\"author\":{\"name\":\"VICTOR OLIVEIRA\",\"@id\":\"https:\/\/bahiaeconomica.com.br\/wp\/#\/schema\/person\/a17956d0e1112b626f403fb06b8129a9\"},\"headline\":\"\u2018MALUCOS\u2019: BOLSONARO CRITICA APOIADORES NO ATO 8 DE JANEIRO QUE PEDIRAM INTERVEN\u00c7\u00c3O MILITAR\",\"datePublished\":\"2025-06-10T19:57:15+00:00\",\"dateModified\":\"2025-06-10T19:57:42+00:00\",\"mainEntityOfPage\":{\"@id\":\"https:\/\/bahiaeconomica.com.br\/wp\/2025\/06\/10\/malucos-bolsonaro-critica-apoiadores-no-ato-8-de-janeiro-que-pediram-intervencao-militar\/\"},\"wordCount\":286,\"publisher\":{\"@id\":\"https:\/\/bahiaeconomica.com.br\/wp\/#organization\"},\"keywords\":[\"atos 8 janeiro\",\"Bolsonaro\",\"interven\u00e7\u00e3o militar\"],\"articleSection\":[\"Pol\u00edtica\"],\"inLanguage\":\"pt-BR\"},{\"@type\":\"WebPage\",\"@id\":\"https:\/\/bahiaeconomica.com.br\/wp\/2025\/06\/10\/malucos-bolsonaro-critica-apoiadores-no-ato-8-de-janeiro-que-pediram-intervencao-militar\/\",\"url\":\"https:\/\/bahiaeconomica.com.br\/wp\/2025\/06\/10\/malucos-bolsonaro-critica-apoiadores-no-ato-8-de-janeiro-que-pediram-intervencao-militar\/\",\"name\":\"\u2018MALUCOS\u2019: BOLSONARO CRITICA APOIADORES NO ATO 8 DE JANEIRO QUE PEDIRAM INTERVEN\u00c7\u00c3O MILITAR - Bahia Economica Nesta ter\u00e7a-feira (10) o ex-presidente Jair Bolsonaro (PL)\",\"isPartOf\":{\"@id\":\"https:\/\/bahiaeconomica.com.br\/wp\/#website\"},\"datePublished\":\"2025-06-10T19:57:15+00:00\",\"dateModified\":\"2025-06-10T19:57:42+00:00\",\"description\":\"O maior portal de Economia da Bahia Pol\u00edtica Bahia Economica Nesta ter\u00e7a-feira (10) o ex-presidente Jair Bolsonaro (PL)\",\"breadcrumb\":{\"@id\":\"https:\/\/bahiaeconomica.com.br\/wp\/2025\/06\/10\/malucos-bolsonaro-critica-apoiadores-no-ato-8-de-janeiro-que-pediram-intervencao-militar\/#breadcrumb\"},\"inLanguage\":\"pt-BR\",\"potentialAction\":[{\"@type\":\"ReadAction\",\"target\":[\"https:\/\/bahiaeconomica.com.br\/wp\/2025\/06\/10\/malucos-bolsonaro-critica-apoiadores-no-ato-8-de-janeiro-que-pediram-intervencao-militar\/\"]}]},{\"@type\":\"BreadcrumbList\",\"@id\":\"https:\/\/bahiaeconomica.com.br\/wp\/2025\/06\/10\/malucos-bolsonaro-critica-apoiadores-no-ato-8-de-janeiro-que-pediram-intervencao-militar\/#breadcrumb\",\"itemListElement\":[{\"@type\":\"ListItem\",\"position\":1,\"name\":\"In\u00edcio\",\"item\":\"https:\/\/bahiaeconomica.com.br\/wp\/\"},{\"@type\":\"ListItem\",\"position\":2,\"name\":\"\u2018MALUCOS\u2019: BOLSONARO CRITICA APOIADORES NO ATO 8 DE JANEIRO QUE PEDIRAM INTERVEN\u00c7\u00c3O MILITAR\"}]},{\"@type\":\"WebSite\",\"@id\":\"https:\/\/bahiaeconomica.com.br\/wp\/#website\",\"url\":\"https:\/\/bahiaeconomica.com.br\/wp\/\",\"name\":\"Bahia Economica\",\"description\":\"O maior portal de Economia da Bahia\",\"publisher\":{\"@id\":\"https:\/\/bahiaeconomica.com.br\/wp\/#organization\"},\"potentialAction\":[{\"@type\":\"SearchAction\",\"target\":{\"@type\":\"EntryPoint\",\"urlTemplate\":\"https:\/\/bahiaeconomica.com.br\/wp\/?s={search_term_string}\"},\"query-input\":\"required name=search_term_string\"}],\"inLanguage\":\"pt-BR\"},{\"@type\":\"Organization\",\"@id\":\"https:\/\/bahiaeconomica.com.br\/wp\/#organization\",\"name\":\"Bahia Econ\u00f4mica\",\"url\":\"https:\/\/bahiaeconomica.com.br\/wp\/\",\"logo\":{\"@type\":\"ImageObject\",\"inLanguage\":\"pt-BR\",\"@id\":\"https:\/\/bahiaeconomica.com.br\/wp\/#\/schema\/logo\/image\/\",\"url\":\"https:\/\/bahiaeconomica.com.br\/wp\/wp-content\/uploads\/2020\/12\/cropped-BE.png\",\"contentUrl\":\"https:\/\/bahiaeconomica.com.br\/wp\/wp-content\/uploads\/2020\/12\/cropped-BE.png\",\"width\":512,\"height\":512,\"caption\":\"Bahia Econ\u00f4mica\"},\"image\":{\"@id\":\"https:\/\/bahiaeconomica.com.br\/wp\/#\/schema\/logo\/image\/\"},\"sameAs\":[\"https:\/\/www.facebook.com\/bahiaeconomica\"]},{\"@type\":\"Person\",\"@id\":\"https:\/\/bahiaeconomica.com.br\/wp\/#\/schema\/person\/a17956d0e1112b626f403fb06b8129a9\",\"name\":\"VICTOR OLIVEIRA\",\"sameAs\":[\"http:\/\/www.bahiaeconomica.com.br\"],\"url\":\"https:\/\/bahiaeconomica.com.br\/wp\/author\/victor-oliveira\/\"}]}<\/script>\n<!-- \/ Yoast SEO plugin. -->","yoast_head_json":{"title":"\u2018MALUCOS\u2019: BOLSONARO CRITICA APOIADORES NO ATO 8 DE JANEIRO QUE PEDIRAM INTERVEN\u00c7\u00c3O MILITAR - Bahia Economica Nesta ter\u00e7a-feira (10) o ex-presidente Jair Bolsonaro (PL)","description":"O maior portal de Economia da Bahia Pol\u00edtica Bahia Economica Nesta ter\u00e7a-feira (10) o ex-presidente Jair Bolsonaro (PL)","robots":{"index":"index","follow":"follow","max-snippet":"max-snippet:-1","max-image-preview":"max-image-preview:large","max-video-preview":"max-video-preview:-1"},"canonical":"https:\/\/bahiaeconomica.com.br\/wp\/2025\/06\/10\/malucos-bolsonaro-critica-apoiadores-no-ato-8-de-janeiro-que-pediram-intervencao-militar\/","og_locale":"pt_BR","og_type":"article","og_title":"\u2018MALUCOS\u2019: BOLSONARO CRITICA APOIADORES NO ATO 8 DE JANEIRO QUE PEDIRAM INTERVEN\u00c7\u00c3O MILITAR - Bahia Economica Nesta ter\u00e7a-feira (10) o ex-presidente Jair Bolsonaro (PL)","og_description":"O maior portal de Economia da Bahia Pol\u00edtica Bahia Economica Nesta ter\u00e7a-feira (10) o ex-presidente Jair Bolsonaro (PL)","og_url":"https:\/\/bahiaeconomica.com.br\/wp\/2025\/06\/10\/malucos-bolsonaro-critica-apoiadores-no-ato-8-de-janeiro-que-pediram-intervencao-militar\/","og_site_name":"Bahia Economica","article_publisher":"https:\/\/www.facebook.com\/bahiaeconomica","article_published_time":"2025-06-10T19:57:15+00:00","article_modified_time":"2025-06-10T19:57:42+00:00","og_image":[{"width":1023,"height":630,"url":"https:\/\/bahiaeconomica.com.br\/wp\/wp-content\/uploads\/2025\/06\/IMAGEM_NOTICIA_9-11-e1749583105514.webp","type":"image\/webp"}],"author":"VICTOR OLIVEIRA","twitter_card":"summary_large_image","twitter_misc":{"Escrito por":"VICTOR OLIVEIRA","Est. tempo de leitura":"2 minutos"},"schema":{"@context":"https:\/\/schema.org","@graph":[{"@type":"Article","@id":"https:\/\/bahiaeconomica.com.br\/wp\/2025\/06\/10\/malucos-bolsonaro-critica-apoiadores-no-ato-8-de-janeiro-que-pediram-intervencao-militar\/#article","isPartOf":{"@id":"https:\/\/bahiaeconomica.com.br\/wp\/2025\/06\/10\/malucos-bolsonaro-critica-apoiadores-no-ato-8-de-janeiro-que-pediram-intervencao-militar\/"},"author":{"name":"VICTOR OLIVEIRA","@id":"https:\/\/bahiaeconomica.com.br\/wp\/#\/schema\/person\/a17956d0e1112b626f403fb06b8129a9"},"headline":"\u2018MALUCOS\u2019: BOLSONARO CRITICA APOIADORES NO ATO 8 DE JANEIRO QUE PEDIRAM INTERVEN\u00c7\u00c3O MILITAR","datePublished":"2025-06-10T19:57:15+00:00","dateModified":"2025-06-10T19:57:42+00:00","mainEntityOfPage":{"@id":"https:\/\/bahiaeconomica.com.br\/wp\/2025\/06\/10\/malucos-bolsonaro-critica-apoiadores-no-ato-8-de-janeiro-que-pediram-intervencao-militar\/"},"wordCount":286,"publisher":{"@id":"https:\/\/bahiaeconomica.com.br\/wp\/#organization"},"keywords":["atos 8 janeiro","Bolsonaro","interven\u00e7\u00e3o militar"],"articleSection":["Pol\u00edtica"],"inLanguage":"pt-BR"},{"@type":"WebPage","@id":"https:\/\/bahiaeconomica.com.br\/wp\/2025\/06\/10\/malucos-bolsonaro-critica-apoiadores-no-ato-8-de-janeiro-que-pediram-intervencao-militar\/","url":"https:\/\/bahiaeconomica.com.br\/wp\/2025\/06\/10\/malucos-bolsonaro-critica-apoiadores-no-ato-8-de-janeiro-que-pediram-intervencao-militar\/","name":"\u2018MALUCOS\u2019: BOLSONARO CRITICA APOIADORES NO ATO 8 DE JANEIRO QUE PEDIRAM INTERVEN\u00c7\u00c3O MILITAR - Bahia Economica Nesta ter\u00e7a-feira (10) o ex-presidente Jair Bolsonaro (PL)","isPartOf":{"@id":"https:\/\/bahiaeconomica.com.br\/wp\/#website"},"datePublished":"2025-06-10T19:57:15+00:00","dateModified":"2025-06-10T19:57:42+00:00","description":"O maior portal de Economia da Bahia Pol\u00edtica Bahia Economica Nesta ter\u00e7a-feira (10) o ex-presidente Jair Bolsonaro (PL)","breadcrumb":{"@id":"https:\/\/bahiaeconomica.com.br\/wp\/2025\/06\/10\/malucos-bolsonaro-critica-apoiadores-no-ato-8-de-janeiro-que-pediram-intervencao-militar\/#breadcrumb"},"inLanguage":"pt-BR","potentialAction":[{"@type":"ReadAction","target":["https:\/\/bahiaeconomica.com.br\/wp\/2025\/06\/10\/malucos-bolsonaro-critica-apoiadores-no-ato-8-de-janeiro-que-pediram-intervencao-militar\/"]}]},{"@type":"BreadcrumbList","@id":"https:\/\/bahiaeconomica.com.br\/wp\/2025\/06\/10\/malucos-bolsonaro-critica-apoiadores-no-ato-8-de-janeiro-que-pediram-intervencao-militar\/#breadcrumb","itemListElement":[{"@type":"ListItem","position":1,"name":"In\u00edcio","item":"https:\/\/bahiaeconomica.com.br\/wp\/"},{"@type":"ListItem","position":2,"name":"\u2018MALUCOS\u2019: BOLSONARO CRITICA APOIADORES NO ATO 8 DE JANEIRO QUE PEDIRAM INTERVEN\u00c7\u00c3O MILITAR"}]},{"@type":"WebSite","@id":"https:\/\/bahiaeconomica.com.br\/wp\/#website","url":"https:\/\/bahiaeconomica.com.br\/wp\/","name":"Bahia Economica","description":"O maior portal de Economia da Bahia","publisher":{"@id":"https:\/\/bahiaeconomica.com.br\/wp\/#organization"},"potentialAction":[{"@type":"SearchAction","target":{"@type":"EntryPoint","urlTemplate":"https:\/\/bahiaeconomica.com.br\/wp\/?s={search_term_string}"},"query-input":"required name=search_term_string"}],"inLanguage":"pt-BR"},{"@type":"Organization","@id":"https:\/\/bahiaeconomica.com.br\/wp\/#organization","name":"Bahia Econ\u00f4mica","url":"https:\/\/bahiaeconomica.com.br\/wp\/","logo":{"@type":"ImageObject","inLanguage":"pt-BR","@id":"https:\/\/bahiaeconomica.com.br\/wp\/#\/schema\/logo\/image\/","url":"https:\/\/bahiaeconomica.com.br\/wp\/wp-content\/uploads\/2020\/12\/cropped-BE.png","contentUrl":"https:\/\/bahiaeconomica.com.br\/wp\/wp-content\/uploads\/2020\/12\/cropped-BE.png","width":512,"height":512,"caption":"Bahia Econ\u00f4mica"},"image":{"@id":"https:\/\/bahiaeconomica.com.br\/wp\/#\/schema\/logo\/image\/"},"sameAs":["https:\/\/www.facebook.com\/bahiaeconomica"]},{"@type":"Person","@id":"https:\/\/bahiaeconomica.com.br\/wp\/#\/schema\/person\/a17956d0e1112b626f403fb06b8129a9","name":"VICTOR OLIVEIRA","sameAs":["http:\/\/www.bahiaeconomica.com.br"],"url":"https:\/\/bahiaeconomica.com.br\/wp\/author\/victor-oliveira\/"}]}},"views":9,"_links":{"self":[{"href":"https:\/\/bahiaeconomica.com.br\/wp\/wp-json\/wp\/v2\/posts\/910445"}],"collection":[{"href":"https:\/\/bahiaeconomica.com.br\/wp\/wp-json\/wp\/v2\/posts"}],"about":[{"href":"https:\/\/bahiaeconomica.com.br\/wp\/wp-json\/wp\/v2\/types\/post"}],"author":[{"embeddable":true,"href":"https:\/\/bahiaeconomica.com.br\/wp\/wp-json\/wp\/v2\/users\/24"}],"replies":[{"embeddable":true,"href":"https:\/\/bahiaeconomica.com.br\/wp\/wp-json\/wp\/v2\/comments?post=910445"}],"version-history":[{"count":2,"href":"https:\/\/bahiaeconomica.com.br\/wp\/wp-json\/wp\/v2\/posts\/910445\/revisions"}],"predecessor-version":[{"id":910450,"href":"https:\/\/bahiaeconomica.com.br\/wp\/wp-json\/wp\/v2\/posts\/910445\/revisions\/910450"}],"wp:featuredmedia":[{"embeddable":true,"href":"https:\/\/bahiaeconomica.com.br\/wp\/wp-json\/wp\/v2\/media\/910434"}],"wp:attachment":[{"href":"https:\/\/bahiaeconomica.com.br\/wp\/wp-json\/wp\/v2\/media?parent=910445"}],"wp:term":[{"taxonomy":"category","embeddable":true,"href":"https:\/\/bahiaeconomica.com.br\/wp\/wp-json\/wp\/v2\/categories?post=910445"},{"taxonomy":"post_tag","embeddable":true,"href":"https:\/\/bahiaeconomica.com.br\/wp\/wp-json\/wp\/v2\/tags?post=910445"}],"curies":[{"name":"wp","href":"https:\/\/api.w.org\/{rel}","templated":true}]}}