{"id":910283,"date":"2025-06-10T11:29:29","date_gmt":"2025-06-10T14:29:29","guid":{"rendered":"https:\/\/bahiaeconomica.com.br\/wp\/?p=910283"},"modified":"2025-06-10T11:29:29","modified_gmt":"2025-06-10T14:29:29","slug":"deputado-recomenda-prudencia-aos-motoristas-que-irao-transitar-nas-rodovias-neste-sao-joao","status":"publish","type":"post","link":"https:\/\/bahiaeconomica.com.br\/wp\/2025\/06\/10\/deputado-recomenda-prudencia-aos-motoristas-que-irao-transitar-nas-rodovias-neste-sao-joao\/","title":{"rendered":"DEPUTADO RECOMENDA PRUD\u00caNCIA AOS MOTORISTAS QUE IR\u00c3O TRANSITAR NAS RODOVIAS NESTE S\u00c3O JO\u00c3O"},"content":{"rendered":"<p>Pelo terceiro ano consecutivo, o deputado municipalista Hassan (PP) lan\u00e7a campanha de conscientiza\u00e7\u00e3o dos motoristas usu\u00e1rios das rodovias baianas, especialmente as BRs 116, 324 e 101,\u00a0 alertando-os para os perigos nestas rodovias, principalmente nos per\u00edodos de festejos como no Carnaval, S\u00e3o Jo\u00e3o e S\u00e3o Pedro. \u201cGra\u00e7as a Deus nos livramos da ViaBahia, mas a pior concession\u00e1ria do Pa\u00eds deixou essas autopistas em p\u00e9ssimo estado de conserva\u00e7\u00e3o. O Departamento Nacional de Infraestrutura de Transportes (Dnit) assumiu a administra\u00e7\u00e3o das BRs na Bahia e est\u00e1 realizando reparos emergenciais, mas n\u00e3o sabemos se at\u00e9 o in\u00edcio dos festejos do S\u00e3o Jo\u00e3o os reparos ter\u00e3o sido conclu\u00eddos\u201d, explicou o parlamentar, recomendando cautela e muita paci\u00eancia aos motoristas.<\/p>\n<p>Para o per\u00edodo dos festejos juninos, que neste ano conta antes com o feriado prolongado de Corpus Christi, o parlamentar ressaltou que vai utilizar as redes sociais, os meios de comunica\u00e7\u00e3o, e placas de outdoor nas BRs 324 e 116 para alertar os usu\u00e1rios da import\u00e2ncia da prud\u00eancia e aten\u00e7\u00e3o nas rodovias, cobrando tamb\u00e9m do Dnit o apoio e o aux\u00edlio ao motorista que tiver alguma intercorr\u00eancia no percurso.<\/p>\n<p>Preocupado com os perigos aos quais os usu\u00e1rios das rodovias est\u00e3o expostos, e ressaltando que infelizmente estas autopistas ainda continuam com condi\u00e7\u00f5es prec\u00e1rias, o deputado Hassan encaminhou of\u00edcios ao ministro dos Transportes, Renan Filho, ao diretor-geral da ANTT, Guilherme Theo Sampaio e ao diretor-geral do Dnit, Fabr\u00edcio de Oliveira Galv\u00e3o, solicitando a realiza\u00e7\u00e3o de uma \u2018Opera\u00e7\u00e3o Festejos Juninos\u2019, visando garantir a seguran\u00e7a dos usu\u00e1rios no per\u00edodo do S\u00e3o Jo\u00e3o e do S\u00e3o Pedro. \u201cComo acontece todos os anos, o fluxo de ve\u00edculos aumenta consideravelmente nos per\u00edodos de festas, ampliando o n\u00famero de acidentes, alguns infelizmente com v\u00edtimas fatais\u201d, recorda.<\/p>\n<p>A expectativa da Pol\u00edcia Rodovi\u00e1ria Federal (PRF) \u00e9 de que o fluxo de ve\u00edculos no per\u00edodo de 18 e 25 de junho aumente em at\u00e9 400%, passando de em m\u00e9dia 25 mil carros por dia para quase 100 mil. O deputado Hassan sugeriu ao governador Jer\u00f4nimo Rodrigues a abertura das cabines dos ped\u00e1gios da BR-324 durante o S\u00e3o Jo\u00e3o, mas o Dnit, a PRF e a Secret\u00e1ria de Infraestrutura da Bahia (Seinfra), decidiram em conjunto que as cabines continuar\u00e3o fechadas, e os motoristas continuar\u00e3o utilizando apenas duas faixas laterais, onde funcionavam as antigas cabines de cobran\u00e7a autom\u00e1tica.<\/p>\n<p>De acordo com a PRF, uma das mais constantes causas de acidentes em\u00a0 \u00e9pocas como essa, \u00e9 a imprud\u00eancia de motoristas, principalmente daqueles que n\u00e3o est\u00e3o habituados a circular em autopistas, sendo preciso dirigir defensivamente e observar as normas de tr\u00e2nsito. O deputado destaca que \u201c\u00e1lcool n\u00e3o combina com dire\u00e7\u00e3o\u201d, e chama a aten\u00e7\u00e3o dos motoristas para respeitar os limites de velocidade, evitar ultrapassagens perigosas, n\u00e3o esquecer de colocar o cinto de seguran\u00e7a e n\u00e3o usar o celular enquanto dirige.<\/p>\n<p>No ano passado, conforme dados da Pol\u00edcia PRF, no per\u00edodo junino cerca de 300 mil ve\u00edculos transitaram nas BRs 324 e 116 entre os dias 20 a 25 de junho, per\u00edodo em que foram registrados 77 acidentes, dos quais 25 graves, 92 feridos e 14 \u00f3bitos. Para o deputado, \u00e9 fundamental garantir suporte adequado ao longo das BR-324 e BR-116, considerando que os motoristas est\u00e3o sem assist\u00eancia b\u00e1sica durante suas viagens.<\/p>\n<p>Foto \u2013 Euro Am\u00e2ncio<\/p>\n","protected":false},"excerpt":{"rendered":"<p>Pelo terceiro ano consecutivo, o deputado municipalista Hassan (PP) lan\u00e7a campanha de conscientiza\u00e7\u00e3o dos motoristas usu\u00e1rios das rodovias baianas, especialmente as BRs 116, 324 e 101,\u00a0 alertando-os para os perigos nestas rodovias, principalmente nos per\u00edodos de festejos como no Carnaval, S\u00e3o Jo\u00e3o e S\u00e3o Pedro. \u201cGra\u00e7as a Deus nos livramos da ViaBahia, mas a pior [&hellip;]<\/p>\n","protected":false},"author":8,"featured_media":910284,"comment_status":"closed","ping_status":"closed","sticky":false,"template":"","format":"standard","meta":[],"categories":[14601],"tags":[52,826,16492],"acf":[],"yoast_head":"<!-- This site is optimized with the Yoast SEO plugin v20.8 - https:\/\/yoast.com\/wordpress\/plugins\/seo\/ -->\n<title>DEPUTADO RECOMENDA PRUD\u00caNCIA AOS MOTORISTAS QUE IR\u00c3O TRANSITAR NAS RODOVIAS NESTE S\u00c3O JO\u00c3O - Bahia Economica<\/title>\n<meta name=\"description\" content=\"O maior portal de Economia da Bahia Pol\u00edtica Bahia Economica De acordo com a PRF, uma das mais constantes causas de acidentes\" \/>\n<meta name=\"robots\" content=\"index, follow, max-snippet:-1, max-image-preview:large, max-video-preview:-1\" \/>\n<link rel=\"canonical\" href=\"https:\/\/bahiaeconomica.com.br\/wp\/2025\/06\/10\/deputado-recomenda-prudencia-aos-motoristas-que-irao-transitar-nas-rodovias-neste-sao-joao\/\" \/>\n<meta property=\"og:locale\" content=\"pt_BR\" \/>\n<meta property=\"og:type\" content=\"article\" \/>\n<meta property=\"og:title\" content=\"DEPUTADO RECOMENDA PRUD\u00caNCIA AOS MOTORISTAS QUE IR\u00c3O TRANSITAR NAS RODOVIAS NESTE S\u00c3O JO\u00c3O - Bahia Economica\" \/>\n<meta property=\"og:description\" content=\"O maior portal de Economia da Bahia Pol\u00edtica Bahia Economica De acordo com a PRF, uma das mais constantes causas de acidentes\" \/>\n<meta property=\"og:url\" content=\"https:\/\/bahiaeconomica.com.br\/wp\/2025\/06\/10\/deputado-recomenda-prudencia-aos-motoristas-que-irao-transitar-nas-rodovias-neste-sao-joao\/\" \/>\n<meta property=\"og:site_name\" content=\"Bahia Economica\" \/>\n<meta property=\"article:publisher\" content=\"https:\/\/www.facebook.com\/bahiaeconomica\" \/>\n<meta property=\"article:published_time\" content=\"2025-06-10T14:29:29+00:00\" \/>\n<meta property=\"og:image\" content=\"https:\/\/bahiaeconomica.com.br\/wp\/wp-content\/uploads\/2025\/06\/WhatsApp-Image-2025-06-10-at-10.57.55.jpeg\" \/>\n\t<meta property=\"og:image:width\" content=\"1600\" \/>\n\t<meta property=\"og:image:height\" content=\"1200\" \/>\n\t<meta property=\"og:image:type\" content=\"image\/jpeg\" \/>\n<meta name=\"author\" content=\"JP\" \/>\n<meta name=\"twitter:card\" content=\"summary_large_image\" \/>\n<meta name=\"twitter:label1\" content=\"Escrito por\" \/>\n\t<meta name=\"twitter:data1\" content=\"JP\" \/>\n\t<meta name=\"twitter:label2\" content=\"Est. tempo de leitura\" \/>\n\t<meta name=\"twitter:data2\" content=\"3 minutos\" \/>\n<script type=\"application\/ld+json\" class=\"yoast-schema-graph\">{\"@context\":\"https:\/\/schema.org\",\"@graph\":[{\"@type\":\"Article\",\"@id\":\"https:\/\/bahiaeconomica.com.br\/wp\/2025\/06\/10\/deputado-recomenda-prudencia-aos-motoristas-que-irao-transitar-nas-rodovias-neste-sao-joao\/#article\",\"isPartOf\":{\"@id\":\"https:\/\/bahiaeconomica.com.br\/wp\/2025\/06\/10\/deputado-recomenda-prudencia-aos-motoristas-que-irao-transitar-nas-rodovias-neste-sao-joao\/\"},\"author\":{\"name\":\"JP\",\"@id\":\"https:\/\/bahiaeconomica.com.br\/wp\/#\/schema\/person\/c86d3a3f8960425a0f9d0e5245991f4e\"},\"headline\":\"DEPUTADO RECOMENDA PRUD\u00caNCIA AOS MOTORISTAS QUE IR\u00c3O TRANSITAR NAS RODOVIAS NESTE S\u00c3O JO\u00c3O\",\"datePublished\":\"2025-06-10T14:29:29+00:00\",\"dateModified\":\"2025-06-10T14:29:29+00:00\",\"mainEntityOfPage\":{\"@id\":\"https:\/\/bahiaeconomica.com.br\/wp\/2025\/06\/10\/deputado-recomenda-prudencia-aos-motoristas-que-irao-transitar-nas-rodovias-neste-sao-joao\/\"},\"wordCount\":607,\"publisher\":{\"@id\":\"https:\/\/bahiaeconomica.com.br\/wp\/#organization\"},\"keywords\":[\"Brasil\",\"deputado\",\"hassam\"],\"articleSection\":[\"Pol\u00edtica\"],\"inLanguage\":\"pt-BR\"},{\"@type\":\"WebPage\",\"@id\":\"https:\/\/bahiaeconomica.com.br\/wp\/2025\/06\/10\/deputado-recomenda-prudencia-aos-motoristas-que-irao-transitar-nas-rodovias-neste-sao-joao\/\",\"url\":\"https:\/\/bahiaeconomica.com.br\/wp\/2025\/06\/10\/deputado-recomenda-prudencia-aos-motoristas-que-irao-transitar-nas-rodovias-neste-sao-joao\/\",\"name\":\"DEPUTADO RECOMENDA PRUD\u00caNCIA AOS MOTORISTAS QUE IR\u00c3O TRANSITAR NAS RODOVIAS NESTE S\u00c3O JO\u00c3O - Bahia Economica\",\"isPartOf\":{\"@id\":\"https:\/\/bahiaeconomica.com.br\/wp\/#website\"},\"datePublished\":\"2025-06-10T14:29:29+00:00\",\"dateModified\":\"2025-06-10T14:29:29+00:00\",\"description\":\"O maior portal de Economia da Bahia Pol\u00edtica Bahia Economica De acordo com a PRF, uma das mais constantes causas de acidentes\",\"breadcrumb\":{\"@id\":\"https:\/\/bahiaeconomica.com.br\/wp\/2025\/06\/10\/deputado-recomenda-prudencia-aos-motoristas-que-irao-transitar-nas-rodovias-neste-sao-joao\/#breadcrumb\"},\"inLanguage\":\"pt-BR\",\"potentialAction\":[{\"@type\":\"ReadAction\",\"target\":[\"https:\/\/bahiaeconomica.com.br\/wp\/2025\/06\/10\/deputado-recomenda-prudencia-aos-motoristas-que-irao-transitar-nas-rodovias-neste-sao-joao\/\"]}]},{\"@type\":\"BreadcrumbList\",\"@id\":\"https:\/\/bahiaeconomica.com.br\/wp\/2025\/06\/10\/deputado-recomenda-prudencia-aos-motoristas-que-irao-transitar-nas-rodovias-neste-sao-joao\/#breadcrumb\",\"itemListElement\":[{\"@type\":\"ListItem\",\"position\":1,\"name\":\"In\u00edcio\",\"item\":\"https:\/\/bahiaeconomica.com.br\/wp\/\"},{\"@type\":\"ListItem\",\"position\":2,\"name\":\"DEPUTADO RECOMENDA PRUD\u00caNCIA AOS MOTORISTAS QUE IR\u00c3O TRANSITAR NAS RODOVIAS NESTE S\u00c3O JO\u00c3O\"}]},{\"@type\":\"WebSite\",\"@id\":\"https:\/\/bahiaeconomica.com.br\/wp\/#website\",\"url\":\"https:\/\/bahiaeconomica.com.br\/wp\/\",\"name\":\"Bahia Economica\",\"description\":\"O maior portal de Economia da Bahia\",\"publisher\":{\"@id\":\"https:\/\/bahiaeconomica.com.br\/wp\/#organization\"},\"potentialAction\":[{\"@type\":\"SearchAction\",\"target\":{\"@type\":\"EntryPoint\",\"urlTemplate\":\"https:\/\/bahiaeconomica.com.br\/wp\/?s={search_term_string}\"},\"query-input\":\"required name=search_term_string\"}],\"inLanguage\":\"pt-BR\"},{\"@type\":\"Organization\",\"@id\":\"https:\/\/bahiaeconomica.com.br\/wp\/#organization\",\"name\":\"Bahia Econ\u00f4mica\",\"url\":\"https:\/\/bahiaeconomica.com.br\/wp\/\",\"logo\":{\"@type\":\"ImageObject\",\"inLanguage\":\"pt-BR\",\"@id\":\"https:\/\/bahiaeconomica.com.br\/wp\/#\/schema\/logo\/image\/\",\"url\":\"https:\/\/bahiaeconomica.com.br\/wp\/wp-content\/uploads\/2020\/12\/cropped-BE.png\",\"contentUrl\":\"https:\/\/bahiaeconomica.com.br\/wp\/wp-content\/uploads\/2020\/12\/cropped-BE.png\",\"width\":512,\"height\":512,\"caption\":\"Bahia Econ\u00f4mica\"},\"image\":{\"@id\":\"https:\/\/bahiaeconomica.com.br\/wp\/#\/schema\/logo\/image\/\"},\"sameAs\":[\"https:\/\/www.facebook.com\/bahiaeconomica\"]},{\"@type\":\"Person\",\"@id\":\"https:\/\/bahiaeconomica.com.br\/wp\/#\/schema\/person\/c86d3a3f8960425a0f9d0e5245991f4e\",\"name\":\"JP\",\"sameAs\":[\"https:\/\/bahiaeconomica.com.br\/wp\/beta\/\"],\"url\":\"https:\/\/bahiaeconomica.com.br\/wp\/author\/jp\/\"}]}<\/script>\n<!-- \/ Yoast SEO plugin. -->","yoast_head_json":{"title":"DEPUTADO RECOMENDA PRUD\u00caNCIA AOS MOTORISTAS QUE IR\u00c3O TRANSITAR NAS RODOVIAS NESTE S\u00c3O JO\u00c3O - Bahia Economica","description":"O maior portal de Economia da Bahia Pol\u00edtica Bahia Economica De acordo com a PRF, uma das mais constantes causas de acidentes","robots":{"index":"index","follow":"follow","max-snippet":"max-snippet:-1","max-image-preview":"max-image-preview:large","max-video-preview":"max-video-preview:-1"},"canonical":"https:\/\/bahiaeconomica.com.br\/wp\/2025\/06\/10\/deputado-recomenda-prudencia-aos-motoristas-que-irao-transitar-nas-rodovias-neste-sao-joao\/","og_locale":"pt_BR","og_type":"article","og_title":"DEPUTADO RECOMENDA PRUD\u00caNCIA AOS MOTORISTAS QUE IR\u00c3O TRANSITAR NAS RODOVIAS NESTE S\u00c3O JO\u00c3O - Bahia Economica","og_description":"O maior portal de Economia da Bahia Pol\u00edtica Bahia Economica De acordo com a PRF, uma das mais constantes causas de acidentes","og_url":"https:\/\/bahiaeconomica.com.br\/wp\/2025\/06\/10\/deputado-recomenda-prudencia-aos-motoristas-que-irao-transitar-nas-rodovias-neste-sao-joao\/","og_site_name":"Bahia Economica","article_publisher":"https:\/\/www.facebook.com\/bahiaeconomica","article_published_time":"2025-06-10T14:29:29+00:00","og_image":[{"width":1600,"height":1200,"url":"https:\/\/bahiaeconomica.com.br\/wp\/wp-content\/uploads\/2025\/06\/WhatsApp-Image-2025-06-10-at-10.57.55.jpeg","type":"image\/jpeg"}],"author":"JP","twitter_card":"summary_large_image","twitter_misc":{"Escrito por":"JP","Est. tempo de leitura":"3 minutos"},"schema":{"@context":"https:\/\/schema.org","@graph":[{"@type":"Article","@id":"https:\/\/bahiaeconomica.com.br\/wp\/2025\/06\/10\/deputado-recomenda-prudencia-aos-motoristas-que-irao-transitar-nas-rodovias-neste-sao-joao\/#article","isPartOf":{"@id":"https:\/\/bahiaeconomica.com.br\/wp\/2025\/06\/10\/deputado-recomenda-prudencia-aos-motoristas-que-irao-transitar-nas-rodovias-neste-sao-joao\/"},"author":{"name":"JP","@id":"https:\/\/bahiaeconomica.com.br\/wp\/#\/schema\/person\/c86d3a3f8960425a0f9d0e5245991f4e"},"headline":"DEPUTADO RECOMENDA PRUD\u00caNCIA AOS MOTORISTAS QUE IR\u00c3O TRANSITAR NAS RODOVIAS NESTE S\u00c3O JO\u00c3O","datePublished":"2025-06-10T14:29:29+00:00","dateModified":"2025-06-10T14:29:29+00:00","mainEntityOfPage":{"@id":"https:\/\/bahiaeconomica.com.br\/wp\/2025\/06\/10\/deputado-recomenda-prudencia-aos-motoristas-que-irao-transitar-nas-rodovias-neste-sao-joao\/"},"wordCount":607,"publisher":{"@id":"https:\/\/bahiaeconomica.com.br\/wp\/#organization"},"keywords":["Brasil","deputado","hassam"],"articleSection":["Pol\u00edtica"],"inLanguage":"pt-BR"},{"@type":"WebPage","@id":"https:\/\/bahiaeconomica.com.br\/wp\/2025\/06\/10\/deputado-recomenda-prudencia-aos-motoristas-que-irao-transitar-nas-rodovias-neste-sao-joao\/","url":"https:\/\/bahiaeconomica.com.br\/wp\/2025\/06\/10\/deputado-recomenda-prudencia-aos-motoristas-que-irao-transitar-nas-rodovias-neste-sao-joao\/","name":"DEPUTADO RECOMENDA PRUD\u00caNCIA AOS MOTORISTAS QUE IR\u00c3O TRANSITAR NAS RODOVIAS NESTE S\u00c3O JO\u00c3O - Bahia Economica","isPartOf":{"@id":"https:\/\/bahiaeconomica.com.br\/wp\/#website"},"datePublished":"2025-06-10T14:29:29+00:00","dateModified":"2025-06-10T14:29:29+00:00","description":"O maior portal de Economia da Bahia Pol\u00edtica Bahia Economica De acordo com a PRF, uma das mais constantes causas de acidentes","breadcrumb":{"@id":"https:\/\/bahiaeconomica.com.br\/wp\/2025\/06\/10\/deputado-recomenda-prudencia-aos-motoristas-que-irao-transitar-nas-rodovias-neste-sao-joao\/#breadcrumb"},"inLanguage":"pt-BR","potentialAction":[{"@type":"ReadAction","target":["https:\/\/bahiaeconomica.com.br\/wp\/2025\/06\/10\/deputado-recomenda-prudencia-aos-motoristas-que-irao-transitar-nas-rodovias-neste-sao-joao\/"]}]},{"@type":"BreadcrumbList","@id":"https:\/\/bahiaeconomica.com.br\/wp\/2025\/06\/10\/deputado-recomenda-prudencia-aos-motoristas-que-irao-transitar-nas-rodovias-neste-sao-joao\/#breadcrumb","itemListElement":[{"@type":"ListItem","position":1,"name":"In\u00edcio","item":"https:\/\/bahiaeconomica.com.br\/wp\/"},{"@type":"ListItem","position":2,"name":"DEPUTADO RECOMENDA PRUD\u00caNCIA AOS MOTORISTAS QUE IR\u00c3O TRANSITAR NAS RODOVIAS NESTE S\u00c3O JO\u00c3O"}]},{"@type":"WebSite","@id":"https:\/\/bahiaeconomica.com.br\/wp\/#website","url":"https:\/\/bahiaeconomica.com.br\/wp\/","name":"Bahia Economica","description":"O maior portal de Economia da Bahia","publisher":{"@id":"https:\/\/bahiaeconomica.com.br\/wp\/#organization"},"potentialAction":[{"@type":"SearchAction","target":{"@type":"EntryPoint","urlTemplate":"https:\/\/bahiaeconomica.com.br\/wp\/?s={search_term_string}"},"query-input":"required name=search_term_string"}],"inLanguage":"pt-BR"},{"@type":"Organization","@id":"https:\/\/bahiaeconomica.com.br\/wp\/#organization","name":"Bahia Econ\u00f4mica","url":"https:\/\/bahiaeconomica.com.br\/wp\/","logo":{"@type":"ImageObject","inLanguage":"pt-BR","@id":"https:\/\/bahiaeconomica.com.br\/wp\/#\/schema\/logo\/image\/","url":"https:\/\/bahiaeconomica.com.br\/wp\/wp-content\/uploads\/2020\/12\/cropped-BE.png","contentUrl":"https:\/\/bahiaeconomica.com.br\/wp\/wp-content\/uploads\/2020\/12\/cropped-BE.png","width":512,"height":512,"caption":"Bahia Econ\u00f4mica"},"image":{"@id":"https:\/\/bahiaeconomica.com.br\/wp\/#\/schema\/logo\/image\/"},"sameAs":["https:\/\/www.facebook.com\/bahiaeconomica"]},{"@type":"Person","@id":"https:\/\/bahiaeconomica.com.br\/wp\/#\/schema\/person\/c86d3a3f8960425a0f9d0e5245991f4e","name":"JP","sameAs":["https:\/\/bahiaeconomica.com.br\/wp\/beta\/"],"url":"https:\/\/bahiaeconomica.com.br\/wp\/author\/jp\/"}]}},"views":8,"_links":{"self":[{"href":"https:\/\/bahiaeconomica.com.br\/wp\/wp-json\/wp\/v2\/posts\/910283"}],"collection":[{"href":"https:\/\/bahiaeconomica.com.br\/wp\/wp-json\/wp\/v2\/posts"}],"about":[{"href":"https:\/\/bahiaeconomica.com.br\/wp\/wp-json\/wp\/v2\/types\/post"}],"author":[{"embeddable":true,"href":"https:\/\/bahiaeconomica.com.br\/wp\/wp-json\/wp\/v2\/users\/8"}],"replies":[{"embeddable":true,"href":"https:\/\/bahiaeconomica.com.br\/wp\/wp-json\/wp\/v2\/comments?post=910283"}],"version-history":[{"count":1,"href":"https:\/\/bahiaeconomica.com.br\/wp\/wp-json\/wp\/v2\/posts\/910283\/revisions"}],"predecessor-version":[{"id":910285,"href":"https:\/\/bahiaeconomica.com.br\/wp\/wp-json\/wp\/v2\/posts\/910283\/revisions\/910285"}],"wp:featuredmedia":[{"embeddable":true,"href":"https:\/\/bahiaeconomica.com.br\/wp\/wp-json\/wp\/v2\/media\/910284"}],"wp:attachment":[{"href":"https:\/\/bahiaeconomica.com.br\/wp\/wp-json\/wp\/v2\/media?parent=910283"}],"wp:term":[{"taxonomy":"category","embeddable":true,"href":"https:\/\/bahiaeconomica.com.br\/wp\/wp-json\/wp\/v2\/categories?post=910283"},{"taxonomy":"post_tag","embeddable":true,"href":"https:\/\/bahiaeconomica.com.br\/wp\/wp-json\/wp\/v2\/tags?post=910283"}],"curies":[{"name":"wp","href":"https:\/\/api.w.org\/{rel}","templated":true}]}}