{"id":910060,"date":"2025-06-09T17:04:18","date_gmt":"2025-06-09T20:04:18","guid":{"rendered":"https:\/\/bahiaeconomica.com.br\/wp\/?p=910060"},"modified":"2025-06-09T17:04:18","modified_gmt":"2025-06-09T20:04:18","slug":"santo-antonio-alem-do-carmo-celebra-santo-antonio-com-festa-e-fe","status":"publish","type":"post","link":"https:\/\/bahiaeconomica.com.br\/wp\/2025\/06\/09\/santo-antonio-alem-do-carmo-celebra-santo-antonio-com-festa-e-fe\/","title":{"rendered":"SANTO ANT\u00d4NIO AL\u00c9M DO CARMO CELEBRA SANTO ANT\u00d4NIO COM FESTA E F\u00c9"},"content":{"rendered":"<p>At\u00e9 13 de junho, o bairro do Santo Ant\u00f4nio Al\u00e9m do Carmo se enche de f\u00e9, cultura e alegria para celebrar Santo Ant\u00f4nio. A tradicional festa, que j\u00e1 \u00e9 marca registrada da cidade, tem uma programa\u00e7\u00e3o intensa e gratuita, reunindo manifesta\u00e7\u00f5es art\u00edsticas, religiosas e populares que encantam moradores e visitantes.<\/p>\n<p>Durante cinco dias, o Coreto do Largo de Santo Ant\u00f4nio se transforma em um verdadeiro arrai\u00e1. Das 17h \u00e0 meia-noite, o som inconfund\u00edvel do\u00a0forr\u00f3 p\u00e9 de serra\u00a0embala o p\u00fablico com atra\u00e7\u00f5es musicais que celebram a for\u00e7a da cultura nordestina. Passam pelo palco nomes como Banda Sextando (09\/06), Welington Pacheco (10\/06), Daniel Frota (11\/06), Trio Buru\u00e1 (12\/06) e Banda Z\u00e9 de Tonha (13\/06). Tudo isso acompanhado de comidas t\u00edpicas, barracas tem\u00e1ticas, artesanato e muita anima\u00e7\u00e3o.<\/p>\n<p>Al\u00e9m da festa no coreto, diversas atividades culturais se espalham pelo bairro. O\u00a0Orat\u00f3rio\u00a0montado no Largo do Santo Ant\u00f4nio convida \u00e0 contempla\u00e7\u00e3o, enquanto uma\u00a0exposi\u00e7\u00e3o a\u00e9rea\u00a0com obras do coletivo carioca Tabuleta, sob curadoria da artista pl\u00e1stica Bianca Branco, ocupa os postes da Ladeira do Boqueir\u00e3o e do Largo com arte e f\u00e9.<\/p>\n<p>Outra atra\u00e7\u00e3o imperd\u00edvel \u00e9 a Mostra Coletiva\u00a0&#8220;ANT\u00d4NIOS \u2013 11\u00aa Edi\u00e7\u00e3o&#8221;, que pode ser visitada no M.E. Ateli\u00ea da Fotografia, tamb\u00e9m na Ladeira do Boqueir\u00e3o. E, nas janelas das casas, a mostra &#8220;Esperando na Janela&#8221; rememora a tradi\u00e7\u00e3o de colocar imagens de Santo Ant\u00f4nio \u00e0 vista durante a trezena, refor\u00e7ando a presen\u00e7a do sagrado no cotidiano.<\/p>\n<p>No dia 10, \u00e0s 19h, acontece a vernissage da exposi\u00e7\u00e3o\u00a0&#8220;TR\u00caS HOMENS DE F\u00c9: Ant\u00f4nio, Jo\u00e3o e Pedro&#8221;, no Espa\u00e7o UNO, novo centro cultural inaugurado no Pelourinho. Com curadoria cuidadosa, a mostra re\u00fane 17 artistas de Salvador em um di\u00e1logo visual sobre as figuras mais emblem\u00e1ticas das festas juninas. A exposi\u00e7\u00e3o segue aberta \u00e0 visita\u00e7\u00e3o de 11 a 30 de junho, das 13h \u00e0s 19h, de segunda a s\u00e1bado.<\/p>\n<p>O artista Rodrigo Guedes tamb\u00e9m abre as portas de sua casa para a emocionante &#8220;Devo\u00e7\u00e3o Popular a Santo Ant\u00f4nio&#8221;. Localizado na Rua Direita do Santo Ant\u00f4nio, n\u00ba 559, o orat\u00f3rio gigante j\u00e1 est\u00e1 aberto \u00e0 visita\u00e7\u00e3o e se torna palco do Tr\u00edduo de Santo Ant\u00f4nio:<\/p>\n<p>\u00b7\u00a0\u00a0\u00a0\u00a0\u00a0\u00a0\u00a0\u00a0\u00a0<strong>11\/06 \u2013 18h30<\/strong>: Coral do Mosteiro de S\u00e3o Bento (60 anos) e prociss\u00e3o no largo<\/p>\n<p>\u00b7\u00a0\u00a0\u00a0\u00a0\u00a0\u00a0\u00a0\u00a0\u00a0<strong>12\/06 \u2013 19h30<\/strong>: 2\u00aa noite do tr\u00edduo<\/p>\n<p>\u00b7\u00a0\u00a0\u00a0\u00a0\u00a0\u00a0\u00a0\u00a0\u00a0<strong>13\/06 \u2013 Visita\u00e7\u00e3o pela manh\u00e3 e encerramento \u00e0s 19h30<\/strong><\/p>\n<p>A programa\u00e7\u00e3o religiosa tem seu \u00e1pice com as celebra\u00e7\u00f5es da\u00a0Eleva\u00e7\u00e3o da Igreja a Santu\u00e1rio Arquidiocesano. De 10 a 12 de junho, o noven\u00e1rio re\u00fane fi\u00e9is \u00e0s 19h com b\u00ean\u00e7\u00e3os tem\u00e1ticas e arrecada\u00e7\u00f5es solid\u00e1rias. No dia\u00a013 de junho, data dedicada a Santo Ant\u00f4nio, a festa come\u00e7a cedo:<\/p>\n<p>\u00b7\u00a0\u00a0\u00a0\u00a0\u00a0\u00a0\u00a0\u00a0\u00a0<strong>05h30<\/strong>\u00a0\u2013 Alvorada<\/p>\n<p>\u00b7\u00a0\u00a0\u00a0\u00a0\u00a0\u00a0\u00a0\u00a0\u00a0<strong>06h \u00e0s 12h<\/strong>\u00a0\u2013 Missas paroquiais<\/p>\n<p>\u00b7\u00a0\u00a0\u00a0\u00a0\u00a0\u00a0\u00a0\u00a0\u00a0<strong>16h30<\/strong>\u00a0\u2013 Missa Festiva com Dom Jo\u00e3o Carlos Petrini<\/p>\n<p>\u00b7\u00a0\u00a0\u00a0\u00a0\u00a0\u00a0\u00a0\u00a0\u00a0<strong>18h<\/strong>\u00a0\u2013 Prociss\u00e3o pelos bairros<\/p>\n<p>\u00b7\u00a0\u00a0\u00a0\u00a0\u00a0\u00a0\u00a0\u00a0\u00a0<strong>19h<\/strong>\u00a0\u2013 Trezena Campal com b\u00ean\u00e7\u00e3o do p\u00e3o e prega\u00e7\u00e3o do Pe. Jailson Jesus dos Santos<\/p>\n<p>Com o tema\u00a0&#8220;Casa do Primeiro Padroeiro: morada da esperan\u00e7a&#8221;, a festa refor\u00e7a a import\u00e2ncia de Santo Ant\u00f4nio como s\u00edmbolo de f\u00e9, cuidado e esperan\u00e7a para o povo nordestino.<\/p>\n<p>Mais que uma homenagem religiosa, a celebra\u00e7\u00e3o no Santo Ant\u00f4nio Al\u00e9m do Carmo \u00e9 um retrato vivo da diversidade cultural da Bahia \u2013 onde tradi\u00e7\u00e3o, arte e devo\u00e7\u00e3o caminham juntas, de portas abertas para o mundo.<\/p>\n<p>As celebra\u00e7\u00f5es em torno de Santo Ant\u00f4nio t\u00eam realiza\u00e7\u00e3o da Par\u00f3quia do Santo Ant\u00f4nio Al\u00e9m do Carmo, da\u00a0SOLE Produ\u00e7\u00f5es, com apoio da\u00a0ACHE (Associa\u00e7\u00e3o dos Empreendedores do Centro Hist\u00f3rico)\u00a0e da\u00a0Prefeitura\u00a0de Salvador, atrav\u00e9s da Secretaria de Cultura e Turismo.<\/p>\n<p>Foto:\u00a0 Divulga\u00e7\u00e3o<\/p>\n","protected":false},"excerpt":{"rendered":"<p>At\u00e9 13 de junho, o bairro do Santo Ant\u00f4nio Al\u00e9m do Carmo se enche de f\u00e9, cultura e alegria para celebrar Santo Ant\u00f4nio. A tradicional festa, que j\u00e1 \u00e9 marca registrada da cidade, tem uma programa\u00e7\u00e3o intensa e gratuita, reunindo manifesta\u00e7\u00f5es art\u00edsticas, religiosas e populares que encantam moradores e visitantes. Durante cinco dias, o Coreto [&hellip;]<\/p>\n","protected":false},"author":24,"featured_media":910061,"comment_status":"closed","ping_status":"closed","sticky":false,"template":"","format":"standard","meta":[],"categories":[689],"tags":[18403,21505,5133],"acf":[],"yoast_head":"<!-- This site is optimized with the Yoast SEO plugin v20.8 - https:\/\/yoast.com\/wordpress\/plugins\/seo\/ -->\n<title>SANTO ANT\u00d4NIO AL\u00c9M DO CARMO CELEBRA SANTO ANT\u00d4NIO COM FESTA E F\u00c9 - Bahia Economica At\u00e9 13 de junho, o bairro do Santo Ant\u00f4nio Al\u00e9m do Carmo se enche de f\u00e9<\/title>\n<meta name=\"description\" content=\"O maior portal de Economia da Bahia CULTURA E ARTE Bahia Economica At\u00e9 13 de junho, o bairro do Santo Ant\u00f4nio Al\u00e9m do Carmo se enche de f\u00e9\" \/>\n<meta name=\"robots\" content=\"index, follow, max-snippet:-1, max-image-preview:large, max-video-preview:-1\" \/>\n<link rel=\"canonical\" href=\"https:\/\/bahiaeconomica.com.br\/wp\/2025\/06\/09\/santo-antonio-alem-do-carmo-celebra-santo-antonio-com-festa-e-fe\/\" \/>\n<meta property=\"og:locale\" content=\"pt_BR\" \/>\n<meta property=\"og:type\" content=\"article\" \/>\n<meta property=\"og:title\" content=\"SANTO ANT\u00d4NIO AL\u00c9M DO CARMO CELEBRA SANTO ANT\u00d4NIO COM FESTA E F\u00c9 - Bahia Economica At\u00e9 13 de junho, o bairro do Santo Ant\u00f4nio Al\u00e9m do Carmo se enche de f\u00e9\" \/>\n<meta property=\"og:description\" content=\"O maior portal de Economia da Bahia CULTURA E ARTE Bahia Economica At\u00e9 13 de junho, o bairro do Santo Ant\u00f4nio Al\u00e9m do Carmo se enche de f\u00e9\" \/>\n<meta property=\"og:url\" content=\"https:\/\/bahiaeconomica.com.br\/wp\/2025\/06\/09\/santo-antonio-alem-do-carmo-celebra-santo-antonio-com-festa-e-fe\/\" \/>\n<meta property=\"og:site_name\" content=\"Bahia Economica\" \/>\n<meta property=\"article:publisher\" content=\"https:\/\/www.facebook.com\/bahiaeconomica\" \/>\n<meta property=\"article:published_time\" content=\"2025-06-09T20:04:18+00:00\" \/>\n<meta property=\"og:image\" content=\"https:\/\/bahiaeconomica.com.br\/wp\/wp-content\/uploads\/2025\/06\/MARIO-EDSON-scaled.jpg\" \/>\n\t<meta property=\"og:image:width\" content=\"2560\" \/>\n\t<meta property=\"og:image:height\" content=\"2560\" \/>\n\t<meta property=\"og:image:type\" content=\"image\/jpeg\" \/>\n<meta name=\"author\" content=\"VICTOR OLIVEIRA\" \/>\n<meta name=\"twitter:card\" content=\"summary_large_image\" \/>\n<meta name=\"twitter:label1\" content=\"Escrito por\" \/>\n\t<meta name=\"twitter:data1\" content=\"VICTOR OLIVEIRA\" \/>\n\t<meta name=\"twitter:label2\" content=\"Est. tempo de leitura\" \/>\n\t<meta name=\"twitter:data2\" content=\"4 minutos\" \/>\n<script type=\"application\/ld+json\" class=\"yoast-schema-graph\">{\"@context\":\"https:\/\/schema.org\",\"@graph\":[{\"@type\":\"Article\",\"@id\":\"https:\/\/bahiaeconomica.com.br\/wp\/2025\/06\/09\/santo-antonio-alem-do-carmo-celebra-santo-antonio-com-festa-e-fe\/#article\",\"isPartOf\":{\"@id\":\"https:\/\/bahiaeconomica.com.br\/wp\/2025\/06\/09\/santo-antonio-alem-do-carmo-celebra-santo-antonio-com-festa-e-fe\/\"},\"author\":{\"name\":\"VICTOR OLIVEIRA\",\"@id\":\"https:\/\/bahiaeconomica.com.br\/wp\/#\/schema\/person\/a17956d0e1112b626f403fb06b8129a9\"},\"headline\":\"SANTO ANT\u00d4NIO AL\u00c9M DO CARMO CELEBRA SANTO ANT\u00d4NIO COM FESTA E F\u00c9\",\"datePublished\":\"2025-06-09T20:04:18+00:00\",\"dateModified\":\"2025-06-09T20:04:18+00:00\",\"mainEntityOfPage\":{\"@id\":\"https:\/\/bahiaeconomica.com.br\/wp\/2025\/06\/09\/santo-antonio-alem-do-carmo-celebra-santo-antonio-com-festa-e-fe\/\"},\"wordCount\":653,\"publisher\":{\"@id\":\"https:\/\/bahiaeconomica.com.br\/wp\/#organization\"},\"keywords\":[\"celebra\u00e7\u00e3o\",\"f\u00e9\",\"santo ant\u00f4nio\"],\"articleSection\":[\"CULTURA E ARTE\"],\"inLanguage\":\"pt-BR\"},{\"@type\":\"WebPage\",\"@id\":\"https:\/\/bahiaeconomica.com.br\/wp\/2025\/06\/09\/santo-antonio-alem-do-carmo-celebra-santo-antonio-com-festa-e-fe\/\",\"url\":\"https:\/\/bahiaeconomica.com.br\/wp\/2025\/06\/09\/santo-antonio-alem-do-carmo-celebra-santo-antonio-com-festa-e-fe\/\",\"name\":\"SANTO ANT\u00d4NIO AL\u00c9M DO CARMO CELEBRA SANTO ANT\u00d4NIO COM FESTA E F\u00c9 - Bahia Economica At\u00e9 13 de junho, o bairro do Santo Ant\u00f4nio Al\u00e9m do Carmo se enche de f\u00e9\",\"isPartOf\":{\"@id\":\"https:\/\/bahiaeconomica.com.br\/wp\/#website\"},\"datePublished\":\"2025-06-09T20:04:18+00:00\",\"dateModified\":\"2025-06-09T20:04:18+00:00\",\"description\":\"O maior portal de Economia da Bahia CULTURA E ARTE Bahia Economica At\u00e9 13 de junho, o bairro do Santo Ant\u00f4nio Al\u00e9m do Carmo se enche de f\u00e9\",\"breadcrumb\":{\"@id\":\"https:\/\/bahiaeconomica.com.br\/wp\/2025\/06\/09\/santo-antonio-alem-do-carmo-celebra-santo-antonio-com-festa-e-fe\/#breadcrumb\"},\"inLanguage\":\"pt-BR\",\"potentialAction\":[{\"@type\":\"ReadAction\",\"target\":[\"https:\/\/bahiaeconomica.com.br\/wp\/2025\/06\/09\/santo-antonio-alem-do-carmo-celebra-santo-antonio-com-festa-e-fe\/\"]}]},{\"@type\":\"BreadcrumbList\",\"@id\":\"https:\/\/bahiaeconomica.com.br\/wp\/2025\/06\/09\/santo-antonio-alem-do-carmo-celebra-santo-antonio-com-festa-e-fe\/#breadcrumb\",\"itemListElement\":[{\"@type\":\"ListItem\",\"position\":1,\"name\":\"In\u00edcio\",\"item\":\"https:\/\/bahiaeconomica.com.br\/wp\/\"},{\"@type\":\"ListItem\",\"position\":2,\"name\":\"SANTO ANT\u00d4NIO AL\u00c9M DO CARMO CELEBRA SANTO ANT\u00d4NIO COM FESTA E F\u00c9\"}]},{\"@type\":\"WebSite\",\"@id\":\"https:\/\/bahiaeconomica.com.br\/wp\/#website\",\"url\":\"https:\/\/bahiaeconomica.com.br\/wp\/\",\"name\":\"Bahia Economica\",\"description\":\"O maior portal de Economia da Bahia\",\"publisher\":{\"@id\":\"https:\/\/bahiaeconomica.com.br\/wp\/#organization\"},\"potentialAction\":[{\"@type\":\"SearchAction\",\"target\":{\"@type\":\"EntryPoint\",\"urlTemplate\":\"https:\/\/bahiaeconomica.com.br\/wp\/?s={search_term_string}\"},\"query-input\":\"required name=search_term_string\"}],\"inLanguage\":\"pt-BR\"},{\"@type\":\"Organization\",\"@id\":\"https:\/\/bahiaeconomica.com.br\/wp\/#organization\",\"name\":\"Bahia Econ\u00f4mica\",\"url\":\"https:\/\/bahiaeconomica.com.br\/wp\/\",\"logo\":{\"@type\":\"ImageObject\",\"inLanguage\":\"pt-BR\",\"@id\":\"https:\/\/bahiaeconomica.com.br\/wp\/#\/schema\/logo\/image\/\",\"url\":\"https:\/\/bahiaeconomica.com.br\/wp\/wp-content\/uploads\/2020\/12\/cropped-BE.png\",\"contentUrl\":\"https:\/\/bahiaeconomica.com.br\/wp\/wp-content\/uploads\/2020\/12\/cropped-BE.png\",\"width\":512,\"height\":512,\"caption\":\"Bahia Econ\u00f4mica\"},\"image\":{\"@id\":\"https:\/\/bahiaeconomica.com.br\/wp\/#\/schema\/logo\/image\/\"},\"sameAs\":[\"https:\/\/www.facebook.com\/bahiaeconomica\"]},{\"@type\":\"Person\",\"@id\":\"https:\/\/bahiaeconomica.com.br\/wp\/#\/schema\/person\/a17956d0e1112b626f403fb06b8129a9\",\"name\":\"VICTOR OLIVEIRA\",\"sameAs\":[\"http:\/\/www.bahiaeconomica.com.br\"],\"url\":\"https:\/\/bahiaeconomica.com.br\/wp\/author\/victor-oliveira\/\"}]}<\/script>\n<!-- \/ Yoast SEO plugin. -->","yoast_head_json":{"title":"SANTO ANT\u00d4NIO AL\u00c9M DO CARMO CELEBRA SANTO ANT\u00d4NIO COM FESTA E F\u00c9 - Bahia Economica At\u00e9 13 de junho, o bairro do Santo Ant\u00f4nio Al\u00e9m do Carmo se enche de f\u00e9","description":"O maior portal de Economia da Bahia CULTURA E ARTE Bahia Economica At\u00e9 13 de junho, o bairro do Santo Ant\u00f4nio Al\u00e9m do Carmo se enche de f\u00e9","robots":{"index":"index","follow":"follow","max-snippet":"max-snippet:-1","max-image-preview":"max-image-preview:large","max-video-preview":"max-video-preview:-1"},"canonical":"https:\/\/bahiaeconomica.com.br\/wp\/2025\/06\/09\/santo-antonio-alem-do-carmo-celebra-santo-antonio-com-festa-e-fe\/","og_locale":"pt_BR","og_type":"article","og_title":"SANTO ANT\u00d4NIO AL\u00c9M DO CARMO CELEBRA SANTO ANT\u00d4NIO COM FESTA E F\u00c9 - Bahia Economica At\u00e9 13 de junho, o bairro do Santo Ant\u00f4nio Al\u00e9m do Carmo se enche de f\u00e9","og_description":"O maior portal de Economia da Bahia CULTURA E ARTE Bahia Economica At\u00e9 13 de junho, o bairro do Santo Ant\u00f4nio Al\u00e9m do Carmo se enche de f\u00e9","og_url":"https:\/\/bahiaeconomica.com.br\/wp\/2025\/06\/09\/santo-antonio-alem-do-carmo-celebra-santo-antonio-com-festa-e-fe\/","og_site_name":"Bahia Economica","article_publisher":"https:\/\/www.facebook.com\/bahiaeconomica","article_published_time":"2025-06-09T20:04:18+00:00","og_image":[{"width":2560,"height":2560,"url":"https:\/\/bahiaeconomica.com.br\/wp\/wp-content\/uploads\/2025\/06\/MARIO-EDSON-scaled.jpg","type":"image\/jpeg"}],"author":"VICTOR OLIVEIRA","twitter_card":"summary_large_image","twitter_misc":{"Escrito por":"VICTOR OLIVEIRA","Est. tempo de leitura":"4 minutos"},"schema":{"@context":"https:\/\/schema.org","@graph":[{"@type":"Article","@id":"https:\/\/bahiaeconomica.com.br\/wp\/2025\/06\/09\/santo-antonio-alem-do-carmo-celebra-santo-antonio-com-festa-e-fe\/#article","isPartOf":{"@id":"https:\/\/bahiaeconomica.com.br\/wp\/2025\/06\/09\/santo-antonio-alem-do-carmo-celebra-santo-antonio-com-festa-e-fe\/"},"author":{"name":"VICTOR OLIVEIRA","@id":"https:\/\/bahiaeconomica.com.br\/wp\/#\/schema\/person\/a17956d0e1112b626f403fb06b8129a9"},"headline":"SANTO ANT\u00d4NIO AL\u00c9M DO CARMO CELEBRA SANTO ANT\u00d4NIO COM FESTA E F\u00c9","datePublished":"2025-06-09T20:04:18+00:00","dateModified":"2025-06-09T20:04:18+00:00","mainEntityOfPage":{"@id":"https:\/\/bahiaeconomica.com.br\/wp\/2025\/06\/09\/santo-antonio-alem-do-carmo-celebra-santo-antonio-com-festa-e-fe\/"},"wordCount":653,"publisher":{"@id":"https:\/\/bahiaeconomica.com.br\/wp\/#organization"},"keywords":["celebra\u00e7\u00e3o","f\u00e9","santo ant\u00f4nio"],"articleSection":["CULTURA E ARTE"],"inLanguage":"pt-BR"},{"@type":"WebPage","@id":"https:\/\/bahiaeconomica.com.br\/wp\/2025\/06\/09\/santo-antonio-alem-do-carmo-celebra-santo-antonio-com-festa-e-fe\/","url":"https:\/\/bahiaeconomica.com.br\/wp\/2025\/06\/09\/santo-antonio-alem-do-carmo-celebra-santo-antonio-com-festa-e-fe\/","name":"SANTO ANT\u00d4NIO AL\u00c9M DO CARMO CELEBRA SANTO ANT\u00d4NIO COM FESTA E F\u00c9 - Bahia Economica At\u00e9 13 de junho, o bairro do Santo Ant\u00f4nio Al\u00e9m do Carmo se enche de f\u00e9","isPartOf":{"@id":"https:\/\/bahiaeconomica.com.br\/wp\/#website"},"datePublished":"2025-06-09T20:04:18+00:00","dateModified":"2025-06-09T20:04:18+00:00","description":"O maior portal de Economia da Bahia CULTURA E ARTE Bahia Economica At\u00e9 13 de junho, o bairro do Santo Ant\u00f4nio Al\u00e9m do Carmo se enche de f\u00e9","breadcrumb":{"@id":"https:\/\/bahiaeconomica.com.br\/wp\/2025\/06\/09\/santo-antonio-alem-do-carmo-celebra-santo-antonio-com-festa-e-fe\/#breadcrumb"},"inLanguage":"pt-BR","potentialAction":[{"@type":"ReadAction","target":["https:\/\/bahiaeconomica.com.br\/wp\/2025\/06\/09\/santo-antonio-alem-do-carmo-celebra-santo-antonio-com-festa-e-fe\/"]}]},{"@type":"BreadcrumbList","@id":"https:\/\/bahiaeconomica.com.br\/wp\/2025\/06\/09\/santo-antonio-alem-do-carmo-celebra-santo-antonio-com-festa-e-fe\/#breadcrumb","itemListElement":[{"@type":"ListItem","position":1,"name":"In\u00edcio","item":"https:\/\/bahiaeconomica.com.br\/wp\/"},{"@type":"ListItem","position":2,"name":"SANTO ANT\u00d4NIO AL\u00c9M DO CARMO CELEBRA SANTO ANT\u00d4NIO COM FESTA E F\u00c9"}]},{"@type":"WebSite","@id":"https:\/\/bahiaeconomica.com.br\/wp\/#website","url":"https:\/\/bahiaeconomica.com.br\/wp\/","name":"Bahia Economica","description":"O maior portal de Economia da Bahia","publisher":{"@id":"https:\/\/bahiaeconomica.com.br\/wp\/#organization"},"potentialAction":[{"@type":"SearchAction","target":{"@type":"EntryPoint","urlTemplate":"https:\/\/bahiaeconomica.com.br\/wp\/?s={search_term_string}"},"query-input":"required name=search_term_string"}],"inLanguage":"pt-BR"},{"@type":"Organization","@id":"https:\/\/bahiaeconomica.com.br\/wp\/#organization","name":"Bahia Econ\u00f4mica","url":"https:\/\/bahiaeconomica.com.br\/wp\/","logo":{"@type":"ImageObject","inLanguage":"pt-BR","@id":"https:\/\/bahiaeconomica.com.br\/wp\/#\/schema\/logo\/image\/","url":"https:\/\/bahiaeconomica.com.br\/wp\/wp-content\/uploads\/2020\/12\/cropped-BE.png","contentUrl":"https:\/\/bahiaeconomica.com.br\/wp\/wp-content\/uploads\/2020\/12\/cropped-BE.png","width":512,"height":512,"caption":"Bahia Econ\u00f4mica"},"image":{"@id":"https:\/\/bahiaeconomica.com.br\/wp\/#\/schema\/logo\/image\/"},"sameAs":["https:\/\/www.facebook.com\/bahiaeconomica"]},{"@type":"Person","@id":"https:\/\/bahiaeconomica.com.br\/wp\/#\/schema\/person\/a17956d0e1112b626f403fb06b8129a9","name":"VICTOR OLIVEIRA","sameAs":["http:\/\/www.bahiaeconomica.com.br"],"url":"https:\/\/bahiaeconomica.com.br\/wp\/author\/victor-oliveira\/"}]}},"views":55,"_links":{"self":[{"href":"https:\/\/bahiaeconomica.com.br\/wp\/wp-json\/wp\/v2\/posts\/910060"}],"collection":[{"href":"https:\/\/bahiaeconomica.com.br\/wp\/wp-json\/wp\/v2\/posts"}],"about":[{"href":"https:\/\/bahiaeconomica.com.br\/wp\/wp-json\/wp\/v2\/types\/post"}],"author":[{"embeddable":true,"href":"https:\/\/bahiaeconomica.com.br\/wp\/wp-json\/wp\/v2\/users\/24"}],"replies":[{"embeddable":true,"href":"https:\/\/bahiaeconomica.com.br\/wp\/wp-json\/wp\/v2\/comments?post=910060"}],"version-history":[{"count":1,"href":"https:\/\/bahiaeconomica.com.br\/wp\/wp-json\/wp\/v2\/posts\/910060\/revisions"}],"predecessor-version":[{"id":910062,"href":"https:\/\/bahiaeconomica.com.br\/wp\/wp-json\/wp\/v2\/posts\/910060\/revisions\/910062"}],"wp:featuredmedia":[{"embeddable":true,"href":"https:\/\/bahiaeconomica.com.br\/wp\/wp-json\/wp\/v2\/media\/910061"}],"wp:attachment":[{"href":"https:\/\/bahiaeconomica.com.br\/wp\/wp-json\/wp\/v2\/media?parent=910060"}],"wp:term":[{"taxonomy":"category","embeddable":true,"href":"https:\/\/bahiaeconomica.com.br\/wp\/wp-json\/wp\/v2\/categories?post=910060"},{"taxonomy":"post_tag","embeddable":true,"href":"https:\/\/bahiaeconomica.com.br\/wp\/wp-json\/wp\/v2\/tags?post=910060"}],"curies":[{"name":"wp","href":"https:\/\/api.w.org\/{rel}","templated":true}]}}