{"id":909891,"date":"2025-06-09T09:35:14","date_gmt":"2025-06-09T12:35:14","guid":{"rendered":"https:\/\/bahiaeconomica.com.br\/wp\/?p=909891"},"modified":"2025-06-09T09:35:14","modified_gmt":"2025-06-09T12:35:14","slug":"atraves-de-emendas-de-luciano-araujo-sao-entregues-ambulancia-e-carretas-pipa-em-nova-fatima","status":"publish","type":"post","link":"https:\/\/bahiaeconomica.com.br\/wp\/2025\/06\/09\/atraves-de-emendas-de-luciano-araujo-sao-entregues-ambulancia-e-carretas-pipa-em-nova-fatima\/","title":{"rendered":"ATRAV\u00c9S DE EMENDAS DE LUCIANO ARAUJO, S\u00c3O ENTREGUES AMBUL\u00c2NCIA E CARRETAS-PIPA EM NOVA F\u00c1TIMA"},"content":{"rendered":"<p>Na cidade de Nova F\u00e1tima, localizada a aproximadamente 225 quil\u00f4metros de Salvador, foram entregues \u00e0 popula\u00e7\u00e3o equipamentos para o munic\u00edpio. Fruto de emendas parlamentares do deputado estadual e presidente do Solidariedade na Bahia, Luciano Araujo, foram entregues uma ambul\u00e2ncia e duas carretas pipa. O ato ocorreu no \u00faltimo dia 6. Luciano Araujo esteve presente na cidade para acompanhar de perto a entrega dos equipamentos.&#8221;Com essa a\u00e7\u00e3o, reafirmamos nosso compromisso com a popula\u00e7\u00e3o local&#8221;, disse.<\/p>\n<p>\u201cContinuaremos trabalhando por Nova F\u00e1tima e pelos munic\u00edpios baianos, destinando emendas e com outras a\u00e7\u00f5es parlamentares, atuando com responsabilidade para elevar a qualidade de vida da nossa gente. Esta \u00e9 mais uma vit\u00f3ria para a popula\u00e7\u00e3o de Nova F\u00e1tima\u201d, destacou o deputado. Al\u00e9m dos recursos destinados por Luciano Araujo, o prefeito Assis Porto (Solidariedade) tamb\u00e9m realizou a entrega de um \u00f4nibus escolar, duas motos e dois ve\u00edculos.<\/p>\n<p>Na mesma ocasi\u00e3o, foi inaugurado um complexo policial da Pol\u00edcia Civil e Militar. A solenidade contou com a presen\u00e7a do subsecret\u00e1rio estadual de Seguran\u00e7a P\u00fablica, Atrav\u00e9s de emendas de Luciano Araujo, s\u00e3o entregues ambul\u00e2ncia e carretas-pipa em Nova F\u00e1tima. Na cidade de Nova F\u00e1tima, localizada a aproximadamente 225 quil\u00f4metros de Salvador, foram entregues \u00e0 popula\u00e7\u00e3o equipamentos para o munic\u00edpio. Fruto de emendas parlamentares do deputado estadual e presidente do Solidariedade na Bahia, Luciano Araujo, foram entregues uma ambul\u00e2ncia e duas carretas pipa. O ato ocorreu no \u00faltimo dia 6.<\/p>\n<p>Luciano Araujo esteve presente na cidade para acompanhar de perto a entrega dos equipamentos.&#8221;Com essa a\u00e7\u00e3o, reafirmamos nosso compromisso com a popula\u00e7\u00e3o local&#8221;, disse. \u201cContinuaremos trabalhando por Nova F\u00e1tima e pelos munic\u00edpios baianos, destinando emendas e com outras a\u00e7\u00f5es parlamentares, atuando com responsabilidade para elevar a qualidade de vida da nossa gente. Esta \u00e9 mais uma vit\u00f3ria para a popula\u00e7\u00e3o de Nova F\u00e1tima\u201d, destacou o deputado.<\/p>\n<p>Al\u00e9m dos recursos destinados por Luciano Araujo, o prefeito Assis Porto (Solidariedade) tamb\u00e9m realizou a entrega de um \u00f4nibus escolar, duas motos e dois ve\u00edculos Fiat Mobi, ampliando ainda mais a estrutura de mobilidade e apoio log\u00edstico da cidade. Na mesma ocasi\u00e3o, foi inaugurado um complexo policial da Pol\u00edcia Civil e Militar, refor\u00e7ando a seguran\u00e7a p\u00fablica do munic\u00edpio. A solenidade contou com a presen\u00e7a do subsecret\u00e1rio de Seguran\u00e7a P\u00fablica, Marcel Ahringsmann de Oliveira, que destacou a import\u00e2ncia da nova estrutura para o policiamento da regi\u00e3o.<\/p>\n<p>Cr\u00e9dito da foto-Murilo Oliveira<\/p>\n","protected":false},"excerpt":{"rendered":"<p>Na cidade de Nova F\u00e1tima, localizada a aproximadamente 225 quil\u00f4metros de Salvador, foram entregues \u00e0 popula\u00e7\u00e3o equipamentos para o munic\u00edpio. Fruto de emendas parlamentares do deputado estadual e presidente do Solidariedade na Bahia, Luciano Araujo, foram entregues uma ambul\u00e2ncia e duas carretas pipa. O ato ocorreu no \u00faltimo dia 6. Luciano Araujo esteve presente na [&hellip;]<\/p>\n","protected":false},"author":8,"featured_media":909892,"comment_status":"closed","ping_status":"closed","sticky":false,"template":"","format":"standard","meta":[],"categories":[14601],"tags":[85,858,100],"acf":[],"yoast_head":"<!-- This site is optimized with the Yoast SEO plugin v20.8 - https:\/\/yoast.com\/wordpress\/plugins\/seo\/ -->\n<title>ATRAV\u00c9S DE EMENDAS DE LUCIANO ARAUJO, S\u00c3O ENTREGUES AMBUL\u00c2NCIA E CARRETAS-PIPA EM NOVA F\u00c1TIMA - Bahia Economica<\/title>\n<meta name=\"description\" content=\"O maior portal de Economia da Bahia Pol\u00edtica Bahia Economica Al\u00e9m dos recursos destinados por Luciano Araujo, o prefeito Assis Porto\" \/>\n<meta name=\"robots\" content=\"index, follow, max-snippet:-1, max-image-preview:large, max-video-preview:-1\" \/>\n<link rel=\"canonical\" href=\"https:\/\/bahiaeconomica.com.br\/wp\/2025\/06\/09\/atraves-de-emendas-de-luciano-araujo-sao-entregues-ambulancia-e-carretas-pipa-em-nova-fatima\/\" \/>\n<meta property=\"og:locale\" content=\"pt_BR\" \/>\n<meta property=\"og:type\" content=\"article\" \/>\n<meta property=\"og:title\" content=\"ATRAV\u00c9S DE EMENDAS DE LUCIANO ARAUJO, S\u00c3O ENTREGUES AMBUL\u00c2NCIA E CARRETAS-PIPA EM NOVA F\u00c1TIMA - Bahia Economica\" \/>\n<meta property=\"og:description\" content=\"O maior portal de Economia da Bahia Pol\u00edtica Bahia Economica Al\u00e9m dos recursos destinados por Luciano Araujo, o prefeito Assis Porto\" \/>\n<meta property=\"og:url\" content=\"https:\/\/bahiaeconomica.com.br\/wp\/2025\/06\/09\/atraves-de-emendas-de-luciano-araujo-sao-entregues-ambulancia-e-carretas-pipa-em-nova-fatima\/\" \/>\n<meta property=\"og:site_name\" content=\"Bahia Economica\" \/>\n<meta property=\"article:publisher\" content=\"https:\/\/www.facebook.com\/bahiaeconomica\" \/>\n<meta property=\"article:published_time\" content=\"2025-06-09T12:35:14+00:00\" \/>\n<meta property=\"og:image\" content=\"https:\/\/bahiaeconomica.com.br\/wp\/wp-content\/uploads\/2025\/06\/WhatsApp-Image-2025-06-09-at-09.31.58.jpeg\" \/>\n\t<meta property=\"og:image:width\" content=\"1280\" \/>\n\t<meta property=\"og:image:height\" content=\"1023\" \/>\n\t<meta property=\"og:image:type\" content=\"image\/jpeg\" \/>\n<meta name=\"author\" content=\"JP\" \/>\n<meta name=\"twitter:card\" content=\"summary_large_image\" \/>\n<meta name=\"twitter:label1\" content=\"Escrito por\" \/>\n\t<meta name=\"twitter:data1\" content=\"JP\" \/>\n\t<meta name=\"twitter:label2\" content=\"Est. tempo de leitura\" \/>\n\t<meta name=\"twitter:data2\" content=\"3 minutos\" \/>\n<script type=\"application\/ld+json\" class=\"yoast-schema-graph\">{\"@context\":\"https:\/\/schema.org\",\"@graph\":[{\"@type\":\"Article\",\"@id\":\"https:\/\/bahiaeconomica.com.br\/wp\/2025\/06\/09\/atraves-de-emendas-de-luciano-araujo-sao-entregues-ambulancia-e-carretas-pipa-em-nova-fatima\/#article\",\"isPartOf\":{\"@id\":\"https:\/\/bahiaeconomica.com.br\/wp\/2025\/06\/09\/atraves-de-emendas-de-luciano-araujo-sao-entregues-ambulancia-e-carretas-pipa-em-nova-fatima\/\"},\"author\":{\"name\":\"JP\",\"@id\":\"https:\/\/bahiaeconomica.com.br\/wp\/#\/schema\/person\/c86d3a3f8960425a0f9d0e5245991f4e\"},\"headline\":\"ATRAV\u00c9S DE EMENDAS DE LUCIANO ARAUJO, S\u00c3O ENTREGUES AMBUL\u00c2NCIA E CARRETAS-PIPA EM NOVA F\u00c1TIMA\",\"datePublished\":\"2025-06-09T12:35:14+00:00\",\"dateModified\":\"2025-06-09T12:35:14+00:00\",\"mainEntityOfPage\":{\"@id\":\"https:\/\/bahiaeconomica.com.br\/wp\/2025\/06\/09\/atraves-de-emendas-de-luciano-araujo-sao-entregues-ambulancia-e-carretas-pipa-em-nova-fatima\/\"},\"wordCount\":453,\"publisher\":{\"@id\":\"https:\/\/bahiaeconomica.com.br\/wp\/#organization\"},\"keywords\":[\"Bahia\",\"municipio\",\"Pol\u00edtica\"],\"articleSection\":[\"Pol\u00edtica\"],\"inLanguage\":\"pt-BR\"},{\"@type\":\"WebPage\",\"@id\":\"https:\/\/bahiaeconomica.com.br\/wp\/2025\/06\/09\/atraves-de-emendas-de-luciano-araujo-sao-entregues-ambulancia-e-carretas-pipa-em-nova-fatima\/\",\"url\":\"https:\/\/bahiaeconomica.com.br\/wp\/2025\/06\/09\/atraves-de-emendas-de-luciano-araujo-sao-entregues-ambulancia-e-carretas-pipa-em-nova-fatima\/\",\"name\":\"ATRAV\u00c9S DE EMENDAS DE LUCIANO ARAUJO, S\u00c3O ENTREGUES AMBUL\u00c2NCIA E CARRETAS-PIPA EM NOVA F\u00c1TIMA - Bahia Economica\",\"isPartOf\":{\"@id\":\"https:\/\/bahiaeconomica.com.br\/wp\/#website\"},\"datePublished\":\"2025-06-09T12:35:14+00:00\",\"dateModified\":\"2025-06-09T12:35:14+00:00\",\"description\":\"O maior portal de Economia da Bahia Pol\u00edtica Bahia Economica Al\u00e9m dos recursos destinados por Luciano Araujo, o prefeito Assis Porto\",\"breadcrumb\":{\"@id\":\"https:\/\/bahiaeconomica.com.br\/wp\/2025\/06\/09\/atraves-de-emendas-de-luciano-araujo-sao-entregues-ambulancia-e-carretas-pipa-em-nova-fatima\/#breadcrumb\"},\"inLanguage\":\"pt-BR\",\"potentialAction\":[{\"@type\":\"ReadAction\",\"target\":[\"https:\/\/bahiaeconomica.com.br\/wp\/2025\/06\/09\/atraves-de-emendas-de-luciano-araujo-sao-entregues-ambulancia-e-carretas-pipa-em-nova-fatima\/\"]}]},{\"@type\":\"BreadcrumbList\",\"@id\":\"https:\/\/bahiaeconomica.com.br\/wp\/2025\/06\/09\/atraves-de-emendas-de-luciano-araujo-sao-entregues-ambulancia-e-carretas-pipa-em-nova-fatima\/#breadcrumb\",\"itemListElement\":[{\"@type\":\"ListItem\",\"position\":1,\"name\":\"In\u00edcio\",\"item\":\"https:\/\/bahiaeconomica.com.br\/wp\/\"},{\"@type\":\"ListItem\",\"position\":2,\"name\":\"ATRAV\u00c9S DE EMENDAS DE LUCIANO ARAUJO, S\u00c3O ENTREGUES AMBUL\u00c2NCIA E CARRETAS-PIPA EM NOVA F\u00c1TIMA\"}]},{\"@type\":\"WebSite\",\"@id\":\"https:\/\/bahiaeconomica.com.br\/wp\/#website\",\"url\":\"https:\/\/bahiaeconomica.com.br\/wp\/\",\"name\":\"Bahia Economica\",\"description\":\"O maior portal de Economia da Bahia\",\"publisher\":{\"@id\":\"https:\/\/bahiaeconomica.com.br\/wp\/#organization\"},\"potentialAction\":[{\"@type\":\"SearchAction\",\"target\":{\"@type\":\"EntryPoint\",\"urlTemplate\":\"https:\/\/bahiaeconomica.com.br\/wp\/?s={search_term_string}\"},\"query-input\":\"required name=search_term_string\"}],\"inLanguage\":\"pt-BR\"},{\"@type\":\"Organization\",\"@id\":\"https:\/\/bahiaeconomica.com.br\/wp\/#organization\",\"name\":\"Bahia Econ\u00f4mica\",\"url\":\"https:\/\/bahiaeconomica.com.br\/wp\/\",\"logo\":{\"@type\":\"ImageObject\",\"inLanguage\":\"pt-BR\",\"@id\":\"https:\/\/bahiaeconomica.com.br\/wp\/#\/schema\/logo\/image\/\",\"url\":\"https:\/\/bahiaeconomica.com.br\/wp\/wp-content\/uploads\/2020\/12\/cropped-BE.png\",\"contentUrl\":\"https:\/\/bahiaeconomica.com.br\/wp\/wp-content\/uploads\/2020\/12\/cropped-BE.png\",\"width\":512,\"height\":512,\"caption\":\"Bahia Econ\u00f4mica\"},\"image\":{\"@id\":\"https:\/\/bahiaeconomica.com.br\/wp\/#\/schema\/logo\/image\/\"},\"sameAs\":[\"https:\/\/www.facebook.com\/bahiaeconomica\"]},{\"@type\":\"Person\",\"@id\":\"https:\/\/bahiaeconomica.com.br\/wp\/#\/schema\/person\/c86d3a3f8960425a0f9d0e5245991f4e\",\"name\":\"JP\",\"sameAs\":[\"https:\/\/bahiaeconomica.com.br\/wp\/beta\/\"],\"url\":\"https:\/\/bahiaeconomica.com.br\/wp\/author\/jp\/\"}]}<\/script>\n<!-- \/ Yoast SEO plugin. -->","yoast_head_json":{"title":"ATRAV\u00c9S DE EMENDAS DE LUCIANO ARAUJO, S\u00c3O ENTREGUES AMBUL\u00c2NCIA E CARRETAS-PIPA EM NOVA F\u00c1TIMA - Bahia Economica","description":"O maior portal de Economia da Bahia Pol\u00edtica Bahia Economica Al\u00e9m dos recursos destinados por Luciano Araujo, o prefeito Assis Porto","robots":{"index":"index","follow":"follow","max-snippet":"max-snippet:-1","max-image-preview":"max-image-preview:large","max-video-preview":"max-video-preview:-1"},"canonical":"https:\/\/bahiaeconomica.com.br\/wp\/2025\/06\/09\/atraves-de-emendas-de-luciano-araujo-sao-entregues-ambulancia-e-carretas-pipa-em-nova-fatima\/","og_locale":"pt_BR","og_type":"article","og_title":"ATRAV\u00c9S DE EMENDAS DE LUCIANO ARAUJO, S\u00c3O ENTREGUES AMBUL\u00c2NCIA E CARRETAS-PIPA EM NOVA F\u00c1TIMA - Bahia Economica","og_description":"O maior portal de Economia da Bahia Pol\u00edtica Bahia Economica Al\u00e9m dos recursos destinados por Luciano Araujo, o prefeito Assis Porto","og_url":"https:\/\/bahiaeconomica.com.br\/wp\/2025\/06\/09\/atraves-de-emendas-de-luciano-araujo-sao-entregues-ambulancia-e-carretas-pipa-em-nova-fatima\/","og_site_name":"Bahia Economica","article_publisher":"https:\/\/www.facebook.com\/bahiaeconomica","article_published_time":"2025-06-09T12:35:14+00:00","og_image":[{"width":1280,"height":1023,"url":"https:\/\/bahiaeconomica.com.br\/wp\/wp-content\/uploads\/2025\/06\/WhatsApp-Image-2025-06-09-at-09.31.58.jpeg","type":"image\/jpeg"}],"author":"JP","twitter_card":"summary_large_image","twitter_misc":{"Escrito por":"JP","Est. tempo de leitura":"3 minutos"},"schema":{"@context":"https:\/\/schema.org","@graph":[{"@type":"Article","@id":"https:\/\/bahiaeconomica.com.br\/wp\/2025\/06\/09\/atraves-de-emendas-de-luciano-araujo-sao-entregues-ambulancia-e-carretas-pipa-em-nova-fatima\/#article","isPartOf":{"@id":"https:\/\/bahiaeconomica.com.br\/wp\/2025\/06\/09\/atraves-de-emendas-de-luciano-araujo-sao-entregues-ambulancia-e-carretas-pipa-em-nova-fatima\/"},"author":{"name":"JP","@id":"https:\/\/bahiaeconomica.com.br\/wp\/#\/schema\/person\/c86d3a3f8960425a0f9d0e5245991f4e"},"headline":"ATRAV\u00c9S DE EMENDAS DE LUCIANO ARAUJO, S\u00c3O ENTREGUES AMBUL\u00c2NCIA E CARRETAS-PIPA EM NOVA F\u00c1TIMA","datePublished":"2025-06-09T12:35:14+00:00","dateModified":"2025-06-09T12:35:14+00:00","mainEntityOfPage":{"@id":"https:\/\/bahiaeconomica.com.br\/wp\/2025\/06\/09\/atraves-de-emendas-de-luciano-araujo-sao-entregues-ambulancia-e-carretas-pipa-em-nova-fatima\/"},"wordCount":453,"publisher":{"@id":"https:\/\/bahiaeconomica.com.br\/wp\/#organization"},"keywords":["Bahia","municipio","Pol\u00edtica"],"articleSection":["Pol\u00edtica"],"inLanguage":"pt-BR"},{"@type":"WebPage","@id":"https:\/\/bahiaeconomica.com.br\/wp\/2025\/06\/09\/atraves-de-emendas-de-luciano-araujo-sao-entregues-ambulancia-e-carretas-pipa-em-nova-fatima\/","url":"https:\/\/bahiaeconomica.com.br\/wp\/2025\/06\/09\/atraves-de-emendas-de-luciano-araujo-sao-entregues-ambulancia-e-carretas-pipa-em-nova-fatima\/","name":"ATRAV\u00c9S DE EMENDAS DE LUCIANO ARAUJO, S\u00c3O ENTREGUES AMBUL\u00c2NCIA E CARRETAS-PIPA EM NOVA F\u00c1TIMA - Bahia Economica","isPartOf":{"@id":"https:\/\/bahiaeconomica.com.br\/wp\/#website"},"datePublished":"2025-06-09T12:35:14+00:00","dateModified":"2025-06-09T12:35:14+00:00","description":"O maior portal de Economia da Bahia Pol\u00edtica Bahia Economica Al\u00e9m dos recursos destinados por Luciano Araujo, o prefeito Assis Porto","breadcrumb":{"@id":"https:\/\/bahiaeconomica.com.br\/wp\/2025\/06\/09\/atraves-de-emendas-de-luciano-araujo-sao-entregues-ambulancia-e-carretas-pipa-em-nova-fatima\/#breadcrumb"},"inLanguage":"pt-BR","potentialAction":[{"@type":"ReadAction","target":["https:\/\/bahiaeconomica.com.br\/wp\/2025\/06\/09\/atraves-de-emendas-de-luciano-araujo-sao-entregues-ambulancia-e-carretas-pipa-em-nova-fatima\/"]}]},{"@type":"BreadcrumbList","@id":"https:\/\/bahiaeconomica.com.br\/wp\/2025\/06\/09\/atraves-de-emendas-de-luciano-araujo-sao-entregues-ambulancia-e-carretas-pipa-em-nova-fatima\/#breadcrumb","itemListElement":[{"@type":"ListItem","position":1,"name":"In\u00edcio","item":"https:\/\/bahiaeconomica.com.br\/wp\/"},{"@type":"ListItem","position":2,"name":"ATRAV\u00c9S DE EMENDAS DE LUCIANO ARAUJO, S\u00c3O ENTREGUES AMBUL\u00c2NCIA E CARRETAS-PIPA EM NOVA F\u00c1TIMA"}]},{"@type":"WebSite","@id":"https:\/\/bahiaeconomica.com.br\/wp\/#website","url":"https:\/\/bahiaeconomica.com.br\/wp\/","name":"Bahia Economica","description":"O maior portal de Economia da Bahia","publisher":{"@id":"https:\/\/bahiaeconomica.com.br\/wp\/#organization"},"potentialAction":[{"@type":"SearchAction","target":{"@type":"EntryPoint","urlTemplate":"https:\/\/bahiaeconomica.com.br\/wp\/?s={search_term_string}"},"query-input":"required name=search_term_string"}],"inLanguage":"pt-BR"},{"@type":"Organization","@id":"https:\/\/bahiaeconomica.com.br\/wp\/#organization","name":"Bahia Econ\u00f4mica","url":"https:\/\/bahiaeconomica.com.br\/wp\/","logo":{"@type":"ImageObject","inLanguage":"pt-BR","@id":"https:\/\/bahiaeconomica.com.br\/wp\/#\/schema\/logo\/image\/","url":"https:\/\/bahiaeconomica.com.br\/wp\/wp-content\/uploads\/2020\/12\/cropped-BE.png","contentUrl":"https:\/\/bahiaeconomica.com.br\/wp\/wp-content\/uploads\/2020\/12\/cropped-BE.png","width":512,"height":512,"caption":"Bahia Econ\u00f4mica"},"image":{"@id":"https:\/\/bahiaeconomica.com.br\/wp\/#\/schema\/logo\/image\/"},"sameAs":["https:\/\/www.facebook.com\/bahiaeconomica"]},{"@type":"Person","@id":"https:\/\/bahiaeconomica.com.br\/wp\/#\/schema\/person\/c86d3a3f8960425a0f9d0e5245991f4e","name":"JP","sameAs":["https:\/\/bahiaeconomica.com.br\/wp\/beta\/"],"url":"https:\/\/bahiaeconomica.com.br\/wp\/author\/jp\/"}]}},"views":30,"_links":{"self":[{"href":"https:\/\/bahiaeconomica.com.br\/wp\/wp-json\/wp\/v2\/posts\/909891"}],"collection":[{"href":"https:\/\/bahiaeconomica.com.br\/wp\/wp-json\/wp\/v2\/posts"}],"about":[{"href":"https:\/\/bahiaeconomica.com.br\/wp\/wp-json\/wp\/v2\/types\/post"}],"author":[{"embeddable":true,"href":"https:\/\/bahiaeconomica.com.br\/wp\/wp-json\/wp\/v2\/users\/8"}],"replies":[{"embeddable":true,"href":"https:\/\/bahiaeconomica.com.br\/wp\/wp-json\/wp\/v2\/comments?post=909891"}],"version-history":[{"count":1,"href":"https:\/\/bahiaeconomica.com.br\/wp\/wp-json\/wp\/v2\/posts\/909891\/revisions"}],"predecessor-version":[{"id":909893,"href":"https:\/\/bahiaeconomica.com.br\/wp\/wp-json\/wp\/v2\/posts\/909891\/revisions\/909893"}],"wp:featuredmedia":[{"embeddable":true,"href":"https:\/\/bahiaeconomica.com.br\/wp\/wp-json\/wp\/v2\/media\/909892"}],"wp:attachment":[{"href":"https:\/\/bahiaeconomica.com.br\/wp\/wp-json\/wp\/v2\/media?parent=909891"}],"wp:term":[{"taxonomy":"category","embeddable":true,"href":"https:\/\/bahiaeconomica.com.br\/wp\/wp-json\/wp\/v2\/categories?post=909891"},{"taxonomy":"post_tag","embeddable":true,"href":"https:\/\/bahiaeconomica.com.br\/wp\/wp-json\/wp\/v2\/tags?post=909891"}],"curies":[{"name":"wp","href":"https:\/\/api.w.org\/{rel}","templated":true}]}}