{"id":909230,"date":"2025-06-05T18:52:31","date_gmt":"2025-06-05T21:52:31","guid":{"rendered":"https:\/\/bahiaeconomica.com.br\/wp\/?p=909230"},"modified":"2025-06-05T18:52:31","modified_gmt":"2025-06-05T21:52:31","slug":"bolsonaro-diz-a-pf-que-encaminhou-r-2-milhoes-a-eduardo-nos-eua","status":"publish","type":"post","link":"https:\/\/bahiaeconomica.com.br\/wp\/2025\/06\/05\/bolsonaro-diz-a-pf-que-encaminhou-r-2-milhoes-a-eduardo-nos-eua\/","title":{"rendered":"BOLSONARO DIZ \u00c0 PF QUE ENCAMINHOU R$ 2 MILH\u00d5ES A EDUARDO NOS EUA"},"content":{"rendered":"<p>Nesta quinta-feira (5) ap\u00f3s presta depoimento \u00e0 Policia Federal (PF), o ex-presidente Jair Bolsonaro (PL), disse ter enviado R$2 milh\u00f5es ao filho, o deputado federal licenciado Eduardo Bolsonaro (PL-SP) que est\u00e1 nos Estados Unidos.<\/p>\n<p>&#8220;Eu botei dois milh\u00f5es na conta dele. L\u00e1 fora tudo \u00e9 mais caro, eu tenho dois netos e ele t\u00e1 l\u00e1 fora, eu n\u00e3o quero que ele passe por dificuldades&#8221;, disse.<\/p>\n<p>Bolsonaro ressaltou ainda que o dinheiro enviado ao filho era \u201clegal\u201d . &#8220;Botei dinheiro na m\u00e3o dele, bastante at\u00e9, e ele est\u00e1 levando a vida dele. Dinheiro limpo, legal, Pix&#8221;, destacou.<\/p>\n<p>Ex-chefe do estado foi ouvido pela PF nesta tarde, no \u00e2mbito do inqu\u00e9rito que investiga a atua\u00e7\u00e3o de Eduardo nos Estados Unidos<\/p>\n<p>O inqu\u00e9rito foi aberto pelo Supremo Tribunal Federal (STF) e est\u00e1 sob relatoria do ministro Alexandre de Moraes. A conduta do deputado licenciado contra autoridades brasileiras \u00e9 investigada.<\/p>\n<p>De acordo com a\u00a0 Procuradoria-Geral da Rep\u00fablica (PGR), Bolsonaro revelou em entrevistas que estaria ajudando o filho financeiramente no exterior.<\/p>\n<p>Foto: Reprodu\u00e7\u00e3o<\/p>\n","protected":false},"excerpt":{"rendered":"<p>Nesta quinta-feira (5) ap\u00f3s presta depoimento \u00e0 Policia Federal (PF), o ex-presidente Jair Bolsonaro (PL), disse ter enviado R$2 milh\u00f5es ao filho, o deputado federal licenciado Eduardo Bolsonaro (PL-SP) que est\u00e1 nos Estados Unidos. &#8220;Eu botei dois milh\u00f5es na conta dele. L\u00e1 fora tudo \u00e9 mais caro, eu tenho dois netos e ele t\u00e1 l\u00e1 [&hellip;]<\/p>\n","protected":false},"author":24,"featured_media":908821,"comment_status":"closed","ping_status":"closed","sticky":false,"template":"","format":"standard","meta":[],"categories":[14601],"tags":[95,340,2378],"acf":[],"yoast_head":"<!-- This site is optimized with the Yoast SEO plugin v20.8 - https:\/\/yoast.com\/wordpress\/plugins\/seo\/ -->\n<title>BOLSONARO DIZ \u00c0 PF QUE ENCAMINHOU R$ 2 MILH\u00d5ES A EDUARDO NOS EUA - Bahia Economica Nesta quinta-feira (5) ap\u00f3s presta depoimento \u00e0 Policia Federal (PF), o ex- presidente Jair Bolsonaro (PL)<\/title>\n<meta name=\"description\" content=\"O maior portal de Economia da Bahia Pol\u00edtica Bahia Economica Nesta quinta-feira (5) ap\u00f3s presta depoimento \u00e0 Policia Federal (PF), o ex- presidente Jair Bolsonaro (PL)\" \/>\n<meta name=\"robots\" content=\"index, follow, max-snippet:-1, max-image-preview:large, max-video-preview:-1\" \/>\n<link rel=\"canonical\" href=\"https:\/\/bahiaeconomica.com.br\/wp\/2025\/06\/05\/bolsonaro-diz-a-pf-que-encaminhou-r-2-milhoes-a-eduardo-nos-eua\/\" \/>\n<meta property=\"og:locale\" content=\"pt_BR\" \/>\n<meta property=\"og:type\" content=\"article\" \/>\n<meta property=\"og:title\" content=\"BOLSONARO DIZ \u00c0 PF QUE ENCAMINHOU R$ 2 MILH\u00d5ES A EDUARDO NOS EUA - Bahia Economica Nesta quinta-feira (5) ap\u00f3s presta depoimento \u00e0 Policia Federal (PF), o ex- presidente Jair Bolsonaro (PL)\" \/>\n<meta property=\"og:description\" content=\"O maior portal de Economia da Bahia Pol\u00edtica Bahia Economica Nesta quinta-feira (5) ap\u00f3s presta depoimento \u00e0 Policia Federal (PF), o ex- presidente Jair Bolsonaro (PL)\" \/>\n<meta property=\"og:url\" content=\"https:\/\/bahiaeconomica.com.br\/wp\/2025\/06\/05\/bolsonaro-diz-a-pf-que-encaminhou-r-2-milhoes-a-eduardo-nos-eua\/\" \/>\n<meta property=\"og:site_name\" content=\"Bahia Economica\" \/>\n<meta property=\"article:publisher\" content=\"https:\/\/www.facebook.com\/bahiaeconomica\" \/>\n<meta property=\"article:published_time\" content=\"2025-06-05T21:52:31+00:00\" \/>\n<meta property=\"og:image\" content=\"https:\/\/bahiaeconomica.com.br\/wp\/wp-content\/uploads\/2025\/06\/55281mario-kertesz-entrevista-jair-bolsonaro-hoje-3.jpg\" \/>\n\t<meta property=\"og:image:width\" content=\"1600\" \/>\n\t<meta property=\"og:image:height\" content=\"752\" \/>\n\t<meta property=\"og:image:type\" content=\"image\/jpeg\" \/>\n<meta name=\"author\" content=\"VICTOR OLIVEIRA\" \/>\n<meta name=\"twitter:card\" content=\"summary_large_image\" \/>\n<meta name=\"twitter:label1\" content=\"Escrito por\" \/>\n\t<meta name=\"twitter:data1\" content=\"VICTOR OLIVEIRA\" \/>\n\t<meta name=\"twitter:label2\" content=\"Est. tempo de leitura\" \/>\n\t<meta name=\"twitter:data2\" content=\"1 minuto\" \/>\n<script type=\"application\/ld+json\" class=\"yoast-schema-graph\">{\"@context\":\"https:\/\/schema.org\",\"@graph\":[{\"@type\":\"Article\",\"@id\":\"https:\/\/bahiaeconomica.com.br\/wp\/2025\/06\/05\/bolsonaro-diz-a-pf-que-encaminhou-r-2-milhoes-a-eduardo-nos-eua\/#article\",\"isPartOf\":{\"@id\":\"https:\/\/bahiaeconomica.com.br\/wp\/2025\/06\/05\/bolsonaro-diz-a-pf-que-encaminhou-r-2-milhoes-a-eduardo-nos-eua\/\"},\"author\":{\"name\":\"VICTOR OLIVEIRA\",\"@id\":\"https:\/\/bahiaeconomica.com.br\/wp\/#\/schema\/person\/a17956d0e1112b626f403fb06b8129a9\"},\"headline\":\"BOLSONARO DIZ \u00c0 PF QUE ENCAMINHOU R$ 2 MILH\u00d5ES A EDUARDO NOS EUA\",\"datePublished\":\"2025-06-05T21:52:31+00:00\",\"dateModified\":\"2025-06-05T21:52:31+00:00\",\"mainEntityOfPage\":{\"@id\":\"https:\/\/bahiaeconomica.com.br\/wp\/2025\/06\/05\/bolsonaro-diz-a-pf-que-encaminhou-r-2-milhoes-a-eduardo-nos-eua\/\"},\"wordCount\":185,\"publisher\":{\"@id\":\"https:\/\/bahiaeconomica.com.br\/wp\/#organization\"},\"keywords\":[\"Bolsonaro\",\"dinheiro\",\"filho\"],\"articleSection\":[\"Pol\u00edtica\"],\"inLanguage\":\"pt-BR\"},{\"@type\":\"WebPage\",\"@id\":\"https:\/\/bahiaeconomica.com.br\/wp\/2025\/06\/05\/bolsonaro-diz-a-pf-que-encaminhou-r-2-milhoes-a-eduardo-nos-eua\/\",\"url\":\"https:\/\/bahiaeconomica.com.br\/wp\/2025\/06\/05\/bolsonaro-diz-a-pf-que-encaminhou-r-2-milhoes-a-eduardo-nos-eua\/\",\"name\":\"BOLSONARO DIZ \u00c0 PF QUE ENCAMINHOU R$ 2 MILH\u00d5ES A EDUARDO NOS EUA - Bahia Economica Nesta quinta-feira (5) ap\u00f3s presta depoimento \u00e0 Policia Federal (PF), o ex- presidente Jair Bolsonaro (PL)\",\"isPartOf\":{\"@id\":\"https:\/\/bahiaeconomica.com.br\/wp\/#website\"},\"datePublished\":\"2025-06-05T21:52:31+00:00\",\"dateModified\":\"2025-06-05T21:52:31+00:00\",\"description\":\"O maior portal de Economia da Bahia Pol\u00edtica Bahia Economica Nesta quinta-feira (5) ap\u00f3s presta depoimento \u00e0 Policia Federal (PF), o ex- presidente Jair Bolsonaro (PL)\",\"breadcrumb\":{\"@id\":\"https:\/\/bahiaeconomica.com.br\/wp\/2025\/06\/05\/bolsonaro-diz-a-pf-que-encaminhou-r-2-milhoes-a-eduardo-nos-eua\/#breadcrumb\"},\"inLanguage\":\"pt-BR\",\"potentialAction\":[{\"@type\":\"ReadAction\",\"target\":[\"https:\/\/bahiaeconomica.com.br\/wp\/2025\/06\/05\/bolsonaro-diz-a-pf-que-encaminhou-r-2-milhoes-a-eduardo-nos-eua\/\"]}]},{\"@type\":\"BreadcrumbList\",\"@id\":\"https:\/\/bahiaeconomica.com.br\/wp\/2025\/06\/05\/bolsonaro-diz-a-pf-que-encaminhou-r-2-milhoes-a-eduardo-nos-eua\/#breadcrumb\",\"itemListElement\":[{\"@type\":\"ListItem\",\"position\":1,\"name\":\"In\u00edcio\",\"item\":\"https:\/\/bahiaeconomica.com.br\/wp\/\"},{\"@type\":\"ListItem\",\"position\":2,\"name\":\"BOLSONARO DIZ \u00c0 PF QUE ENCAMINHOU R$ 2 MILH\u00d5ES A EDUARDO NOS EUA\"}]},{\"@type\":\"WebSite\",\"@id\":\"https:\/\/bahiaeconomica.com.br\/wp\/#website\",\"url\":\"https:\/\/bahiaeconomica.com.br\/wp\/\",\"name\":\"Bahia Economica\",\"description\":\"O maior portal de Economia da Bahia\",\"publisher\":{\"@id\":\"https:\/\/bahiaeconomica.com.br\/wp\/#organization\"},\"potentialAction\":[{\"@type\":\"SearchAction\",\"target\":{\"@type\":\"EntryPoint\",\"urlTemplate\":\"https:\/\/bahiaeconomica.com.br\/wp\/?s={search_term_string}\"},\"query-input\":\"required name=search_term_string\"}],\"inLanguage\":\"pt-BR\"},{\"@type\":\"Organization\",\"@id\":\"https:\/\/bahiaeconomica.com.br\/wp\/#organization\",\"name\":\"Bahia Econ\u00f4mica\",\"url\":\"https:\/\/bahiaeconomica.com.br\/wp\/\",\"logo\":{\"@type\":\"ImageObject\",\"inLanguage\":\"pt-BR\",\"@id\":\"https:\/\/bahiaeconomica.com.br\/wp\/#\/schema\/logo\/image\/\",\"url\":\"https:\/\/bahiaeconomica.com.br\/wp\/wp-content\/uploads\/2020\/12\/cropped-BE.png\",\"contentUrl\":\"https:\/\/bahiaeconomica.com.br\/wp\/wp-content\/uploads\/2020\/12\/cropped-BE.png\",\"width\":512,\"height\":512,\"caption\":\"Bahia Econ\u00f4mica\"},\"image\":{\"@id\":\"https:\/\/bahiaeconomica.com.br\/wp\/#\/schema\/logo\/image\/\"},\"sameAs\":[\"https:\/\/www.facebook.com\/bahiaeconomica\"]},{\"@type\":\"Person\",\"@id\":\"https:\/\/bahiaeconomica.com.br\/wp\/#\/schema\/person\/a17956d0e1112b626f403fb06b8129a9\",\"name\":\"VICTOR OLIVEIRA\",\"sameAs\":[\"http:\/\/www.bahiaeconomica.com.br\"],\"url\":\"https:\/\/bahiaeconomica.com.br\/wp\/author\/victor-oliveira\/\"}]}<\/script>\n<!-- \/ Yoast SEO plugin. -->","yoast_head_json":{"title":"BOLSONARO DIZ \u00c0 PF QUE ENCAMINHOU R$ 2 MILH\u00d5ES A EDUARDO NOS EUA - Bahia Economica Nesta quinta-feira (5) ap\u00f3s presta depoimento \u00e0 Policia Federal (PF), o ex- presidente Jair Bolsonaro (PL)","description":"O maior portal de Economia da Bahia Pol\u00edtica Bahia Economica Nesta quinta-feira (5) ap\u00f3s presta depoimento \u00e0 Policia Federal (PF), o ex- presidente Jair Bolsonaro (PL)","robots":{"index":"index","follow":"follow","max-snippet":"max-snippet:-1","max-image-preview":"max-image-preview:large","max-video-preview":"max-video-preview:-1"},"canonical":"https:\/\/bahiaeconomica.com.br\/wp\/2025\/06\/05\/bolsonaro-diz-a-pf-que-encaminhou-r-2-milhoes-a-eduardo-nos-eua\/","og_locale":"pt_BR","og_type":"article","og_title":"BOLSONARO DIZ \u00c0 PF QUE ENCAMINHOU R$ 2 MILH\u00d5ES A EDUARDO NOS EUA - Bahia Economica Nesta quinta-feira (5) ap\u00f3s presta depoimento \u00e0 Policia Federal (PF), o ex- presidente Jair Bolsonaro (PL)","og_description":"O maior portal de Economia da Bahia Pol\u00edtica Bahia Economica Nesta quinta-feira (5) ap\u00f3s presta depoimento \u00e0 Policia Federal (PF), o ex- presidente Jair Bolsonaro (PL)","og_url":"https:\/\/bahiaeconomica.com.br\/wp\/2025\/06\/05\/bolsonaro-diz-a-pf-que-encaminhou-r-2-milhoes-a-eduardo-nos-eua\/","og_site_name":"Bahia Economica","article_publisher":"https:\/\/www.facebook.com\/bahiaeconomica","article_published_time":"2025-06-05T21:52:31+00:00","og_image":[{"width":1600,"height":752,"url":"https:\/\/bahiaeconomica.com.br\/wp\/wp-content\/uploads\/2025\/06\/55281mario-kertesz-entrevista-jair-bolsonaro-hoje-3.jpg","type":"image\/jpeg"}],"author":"VICTOR OLIVEIRA","twitter_card":"summary_large_image","twitter_misc":{"Escrito por":"VICTOR OLIVEIRA","Est. tempo de leitura":"1 minuto"},"schema":{"@context":"https:\/\/schema.org","@graph":[{"@type":"Article","@id":"https:\/\/bahiaeconomica.com.br\/wp\/2025\/06\/05\/bolsonaro-diz-a-pf-que-encaminhou-r-2-milhoes-a-eduardo-nos-eua\/#article","isPartOf":{"@id":"https:\/\/bahiaeconomica.com.br\/wp\/2025\/06\/05\/bolsonaro-diz-a-pf-que-encaminhou-r-2-milhoes-a-eduardo-nos-eua\/"},"author":{"name":"VICTOR OLIVEIRA","@id":"https:\/\/bahiaeconomica.com.br\/wp\/#\/schema\/person\/a17956d0e1112b626f403fb06b8129a9"},"headline":"BOLSONARO DIZ \u00c0 PF QUE ENCAMINHOU R$ 2 MILH\u00d5ES A EDUARDO NOS EUA","datePublished":"2025-06-05T21:52:31+00:00","dateModified":"2025-06-05T21:52:31+00:00","mainEntityOfPage":{"@id":"https:\/\/bahiaeconomica.com.br\/wp\/2025\/06\/05\/bolsonaro-diz-a-pf-que-encaminhou-r-2-milhoes-a-eduardo-nos-eua\/"},"wordCount":185,"publisher":{"@id":"https:\/\/bahiaeconomica.com.br\/wp\/#organization"},"keywords":["Bolsonaro","dinheiro","filho"],"articleSection":["Pol\u00edtica"],"inLanguage":"pt-BR"},{"@type":"WebPage","@id":"https:\/\/bahiaeconomica.com.br\/wp\/2025\/06\/05\/bolsonaro-diz-a-pf-que-encaminhou-r-2-milhoes-a-eduardo-nos-eua\/","url":"https:\/\/bahiaeconomica.com.br\/wp\/2025\/06\/05\/bolsonaro-diz-a-pf-que-encaminhou-r-2-milhoes-a-eduardo-nos-eua\/","name":"BOLSONARO DIZ \u00c0 PF QUE ENCAMINHOU R$ 2 MILH\u00d5ES A EDUARDO NOS EUA - Bahia Economica Nesta quinta-feira (5) ap\u00f3s presta depoimento \u00e0 Policia Federal (PF), o ex- presidente Jair Bolsonaro (PL)","isPartOf":{"@id":"https:\/\/bahiaeconomica.com.br\/wp\/#website"},"datePublished":"2025-06-05T21:52:31+00:00","dateModified":"2025-06-05T21:52:31+00:00","description":"O maior portal de Economia da Bahia Pol\u00edtica Bahia Economica Nesta quinta-feira (5) ap\u00f3s presta depoimento \u00e0 Policia Federal (PF), o ex- presidente Jair Bolsonaro (PL)","breadcrumb":{"@id":"https:\/\/bahiaeconomica.com.br\/wp\/2025\/06\/05\/bolsonaro-diz-a-pf-que-encaminhou-r-2-milhoes-a-eduardo-nos-eua\/#breadcrumb"},"inLanguage":"pt-BR","potentialAction":[{"@type":"ReadAction","target":["https:\/\/bahiaeconomica.com.br\/wp\/2025\/06\/05\/bolsonaro-diz-a-pf-que-encaminhou-r-2-milhoes-a-eduardo-nos-eua\/"]}]},{"@type":"BreadcrumbList","@id":"https:\/\/bahiaeconomica.com.br\/wp\/2025\/06\/05\/bolsonaro-diz-a-pf-que-encaminhou-r-2-milhoes-a-eduardo-nos-eua\/#breadcrumb","itemListElement":[{"@type":"ListItem","position":1,"name":"In\u00edcio","item":"https:\/\/bahiaeconomica.com.br\/wp\/"},{"@type":"ListItem","position":2,"name":"BOLSONARO DIZ \u00c0 PF QUE ENCAMINHOU R$ 2 MILH\u00d5ES A EDUARDO NOS EUA"}]},{"@type":"WebSite","@id":"https:\/\/bahiaeconomica.com.br\/wp\/#website","url":"https:\/\/bahiaeconomica.com.br\/wp\/","name":"Bahia Economica","description":"O maior portal de Economia da Bahia","publisher":{"@id":"https:\/\/bahiaeconomica.com.br\/wp\/#organization"},"potentialAction":[{"@type":"SearchAction","target":{"@type":"EntryPoint","urlTemplate":"https:\/\/bahiaeconomica.com.br\/wp\/?s={search_term_string}"},"query-input":"required name=search_term_string"}],"inLanguage":"pt-BR"},{"@type":"Organization","@id":"https:\/\/bahiaeconomica.com.br\/wp\/#organization","name":"Bahia Econ\u00f4mica","url":"https:\/\/bahiaeconomica.com.br\/wp\/","logo":{"@type":"ImageObject","inLanguage":"pt-BR","@id":"https:\/\/bahiaeconomica.com.br\/wp\/#\/schema\/logo\/image\/","url":"https:\/\/bahiaeconomica.com.br\/wp\/wp-content\/uploads\/2020\/12\/cropped-BE.png","contentUrl":"https:\/\/bahiaeconomica.com.br\/wp\/wp-content\/uploads\/2020\/12\/cropped-BE.png","width":512,"height":512,"caption":"Bahia Econ\u00f4mica"},"image":{"@id":"https:\/\/bahiaeconomica.com.br\/wp\/#\/schema\/logo\/image\/"},"sameAs":["https:\/\/www.facebook.com\/bahiaeconomica"]},{"@type":"Person","@id":"https:\/\/bahiaeconomica.com.br\/wp\/#\/schema\/person\/a17956d0e1112b626f403fb06b8129a9","name":"VICTOR OLIVEIRA","sameAs":["http:\/\/www.bahiaeconomica.com.br"],"url":"https:\/\/bahiaeconomica.com.br\/wp\/author\/victor-oliveira\/"}]}},"views":15,"_links":{"self":[{"href":"https:\/\/bahiaeconomica.com.br\/wp\/wp-json\/wp\/v2\/posts\/909230"}],"collection":[{"href":"https:\/\/bahiaeconomica.com.br\/wp\/wp-json\/wp\/v2\/posts"}],"about":[{"href":"https:\/\/bahiaeconomica.com.br\/wp\/wp-json\/wp\/v2\/types\/post"}],"author":[{"embeddable":true,"href":"https:\/\/bahiaeconomica.com.br\/wp\/wp-json\/wp\/v2\/users\/24"}],"replies":[{"embeddable":true,"href":"https:\/\/bahiaeconomica.com.br\/wp\/wp-json\/wp\/v2\/comments?post=909230"}],"version-history":[{"count":1,"href":"https:\/\/bahiaeconomica.com.br\/wp\/wp-json\/wp\/v2\/posts\/909230\/revisions"}],"predecessor-version":[{"id":909244,"href":"https:\/\/bahiaeconomica.com.br\/wp\/wp-json\/wp\/v2\/posts\/909230\/revisions\/909244"}],"wp:featuredmedia":[{"embeddable":true,"href":"https:\/\/bahiaeconomica.com.br\/wp\/wp-json\/wp\/v2\/media\/908821"}],"wp:attachment":[{"href":"https:\/\/bahiaeconomica.com.br\/wp\/wp-json\/wp\/v2\/media?parent=909230"}],"wp:term":[{"taxonomy":"category","embeddable":true,"href":"https:\/\/bahiaeconomica.com.br\/wp\/wp-json\/wp\/v2\/categories?post=909230"},{"taxonomy":"post_tag","embeddable":true,"href":"https:\/\/bahiaeconomica.com.br\/wp\/wp-json\/wp\/v2\/tags?post=909230"}],"curies":[{"name":"wp","href":"https:\/\/api.w.org\/{rel}","templated":true}]}}