{"id":909175,"date":"2025-06-05T18:43:30","date_gmt":"2025-06-05T21:43:30","guid":{"rendered":"https:\/\/bahiaeconomica.com.br\/wp\/?p=909175"},"modified":"2025-06-05T17:15:41","modified_gmt":"2025-06-05T20:15:41","slug":"projeto-suspende-decreto-do-governo-sobre-alimentacao-saudavel-nas-escolas","status":"publish","type":"post","link":"https:\/\/bahiaeconomica.com.br\/wp\/2025\/06\/05\/projeto-suspende-decreto-do-governo-sobre-alimentacao-saudavel-nas-escolas\/","title":{"rendered":"PROJETO SUSPENDE DECRETO DO GOVERNO SOBRE ALIMENTA\u00c7\u00c3O SAUD\u00c1VEL NAS ESCOLAS"},"content":{"rendered":"<p>O Projeto de Decreto Legislativo (PDL) 18\/24, em an\u00e1lise na C\u00e2mara dos Deputados, suspende o decreto do governo que estabelece diretrizes para a alimenta\u00e7\u00e3o saud\u00e1vel nas escolas. A suspens\u00e3o \u00e9 pedida pela deputada Roberta Roma (PL-BA), que aponta uma s\u00e9rie de problemas na norma.<\/p>\n<p>A parlamentar avalia que o Decreto 11.821\/23 adota conceitos cientificamente contest\u00e1veis e \u201cvilaniza\u201d a ind\u00fastria de alimentos e bebidas, com graves consequ\u00eancias econ\u00f4micas e para a seguran\u00e7a alimentar.<\/p>\n<p>Grau de processamento<br \/>\nA deputada critica em especial o uso da nova classifica\u00e7\u00e3o, que organiza os alimentos em grupos, de acordo com o seu grau de processamento. O decreto limita a exposi\u00e7\u00e3o e a venda de alimentos ultraprocessados no ambiente escolar, como biscoitos recheados e refrigerantes.<\/p>\n<p>Segundo Roberta, a classifica\u00e7\u00e3o contraria entendimento de representantes das \u00e1reas de pesquisa e ci\u00eancia de alimentos, segundo os quais \u00e9 equivocado classificar a qualidade de um produto industrializado pelo seu grau de processamento.<\/p>\n<p>\u201cAfinal, n\u00e3o existe alimento bom ou ruim, mas, sim, dieta desequilibrada&#8221;, afirma a deputada. Segundo ela, &#8220;o n\u00edvel de processamento a que os alimentos e bebidas s\u00e3o submetidos n\u00e3o determina o conte\u00fado nutricional do produto final\u201d.<\/p>\n<p>Fonte: Ag\u00eancia C\u00e2mara de Not\u00edcias<br \/>\nFoto: Kayo Magalh\u00e3es\/C\u00e2mara dos Deputados<\/p>\n","protected":false},"excerpt":{"rendered":"<p>O Projeto de Decreto Legislativo (PDL) 18\/24, em an\u00e1lise na C\u00e2mara dos Deputados, suspende o decreto do governo que estabelece diretrizes para a alimenta\u00e7\u00e3o saud\u00e1vel nas escolas. A suspens\u00e3o \u00e9 pedida pela deputada Roberta Roma (PL-BA), que aponta uma s\u00e9rie de problemas na norma. A parlamentar avalia que o Decreto 11.821\/23 adota conceitos cientificamente contest\u00e1veis [&hellip;]<\/p>\n","protected":false},"author":16,"featured_media":909179,"comment_status":"closed","ping_status":"closed","sticky":false,"template":"","format":"standard","meta":[],"categories":[14601,21],"tags":[567,1367],"acf":[],"yoast_head":"<!-- This site is optimized with the Yoast SEO plugin v20.8 - https:\/\/yoast.com\/wordpress\/plugins\/seo\/ -->\n<title>PROJETO SUSPENDE DECRETO DO GOVERNO SOBRE ALIMENTA\u00c7\u00c3O SAUD\u00c1VEL NAS ESCOLAS - Bahia Economica<\/title>\n<meta name=\"description\" content=\"O maior portal de Economia da Bahia Pol\u00edtica, Sa\u00fade \/ Educa\u00e7\u00e3o Bahia Economica\" \/>\n<meta name=\"robots\" content=\"index, follow, max-snippet:-1, max-image-preview:large, max-video-preview:-1\" \/>\n<link rel=\"canonical\" href=\"https:\/\/bahiaeconomica.com.br\/wp\/2025\/06\/05\/projeto-suspende-decreto-do-governo-sobre-alimentacao-saudavel-nas-escolas\/\" \/>\n<meta property=\"og:locale\" content=\"pt_BR\" \/>\n<meta property=\"og:type\" content=\"article\" \/>\n<meta property=\"og:title\" content=\"PROJETO SUSPENDE DECRETO DO GOVERNO SOBRE ALIMENTA\u00c7\u00c3O SAUD\u00c1VEL NAS ESCOLAS - Bahia Economica\" \/>\n<meta property=\"og:description\" content=\"O maior portal de Economia da Bahia Pol\u00edtica, Sa\u00fade \/ Educa\u00e7\u00e3o Bahia Economica\" \/>\n<meta property=\"og:url\" content=\"https:\/\/bahiaeconomica.com.br\/wp\/2025\/06\/05\/projeto-suspende-decreto-do-governo-sobre-alimentacao-saudavel-nas-escolas\/\" \/>\n<meta property=\"og:site_name\" content=\"Bahia Economica\" \/>\n<meta property=\"article:publisher\" content=\"https:\/\/www.facebook.com\/bahiaeconomica\" \/>\n<meta property=\"article:published_time\" content=\"2025-06-05T21:43:30+00:00\" \/>\n<meta property=\"article:modified_time\" content=\"2025-06-05T20:15:41+00:00\" \/>\n<meta property=\"og:image\" content=\"https:\/\/bahiaeconomica.com.br\/wp\/wp-content\/uploads\/2025\/06\/img20250527180604349-768x473-1.jpg\" \/>\n\t<meta property=\"og:image:width\" content=\"768\" \/>\n\t<meta property=\"og:image:height\" content=\"473\" \/>\n\t<meta property=\"og:image:type\" content=\"image\/jpeg\" \/>\n<meta name=\"author\" content=\"LUIZA NASCIMENTO\" \/>\n<meta name=\"twitter:card\" content=\"summary_large_image\" \/>\n<meta name=\"twitter:label1\" content=\"Escrito por\" \/>\n\t<meta name=\"twitter:data1\" content=\"LUIZA NASCIMENTO\" \/>\n\t<meta name=\"twitter:label2\" content=\"Est. tempo de leitura\" \/>\n\t<meta name=\"twitter:data2\" content=\"2 minutos\" \/>\n<script type=\"application\/ld+json\" class=\"yoast-schema-graph\">{\"@context\":\"https:\/\/schema.org\",\"@graph\":[{\"@type\":\"Article\",\"@id\":\"https:\/\/bahiaeconomica.com.br\/wp\/2025\/06\/05\/projeto-suspende-decreto-do-governo-sobre-alimentacao-saudavel-nas-escolas\/#article\",\"isPartOf\":{\"@id\":\"https:\/\/bahiaeconomica.com.br\/wp\/2025\/06\/05\/projeto-suspende-decreto-do-governo-sobre-alimentacao-saudavel-nas-escolas\/\"},\"author\":{\"name\":\"LUIZA NASCIMENTO\",\"@id\":\"https:\/\/bahiaeconomica.com.br\/wp\/#\/schema\/person\/18273ac0fe04bfd4e7b101bf17d40152\"},\"headline\":\"PROJETO SUSPENDE DECRETO DO GOVERNO SOBRE ALIMENTA\u00c7\u00c3O SAUD\u00c1VEL NAS ESCOLAS\",\"datePublished\":\"2025-06-05T21:43:30+00:00\",\"dateModified\":\"2025-06-05T20:15:41+00:00\",\"mainEntityOfPage\":{\"@id\":\"https:\/\/bahiaeconomica.com.br\/wp\/2025\/06\/05\/projeto-suspende-decreto-do-governo-sobre-alimentacao-saudavel-nas-escolas\/\"},\"wordCount\":231,\"publisher\":{\"@id\":\"https:\/\/bahiaeconomica.com.br\/wp\/#organization\"},\"keywords\":[\"Educa\u00e7\u00e3o\",\"escolas\"],\"articleSection\":[\"Pol\u00edtica\",\"Sa\u00fade \/ Educa\u00e7\u00e3o\"],\"inLanguage\":\"pt-BR\"},{\"@type\":\"WebPage\",\"@id\":\"https:\/\/bahiaeconomica.com.br\/wp\/2025\/06\/05\/projeto-suspende-decreto-do-governo-sobre-alimentacao-saudavel-nas-escolas\/\",\"url\":\"https:\/\/bahiaeconomica.com.br\/wp\/2025\/06\/05\/projeto-suspende-decreto-do-governo-sobre-alimentacao-saudavel-nas-escolas\/\",\"name\":\"PROJETO SUSPENDE DECRETO DO GOVERNO SOBRE ALIMENTA\u00c7\u00c3O SAUD\u00c1VEL NAS ESCOLAS - Bahia Economica\",\"isPartOf\":{\"@id\":\"https:\/\/bahiaeconomica.com.br\/wp\/#website\"},\"datePublished\":\"2025-06-05T21:43:30+00:00\",\"dateModified\":\"2025-06-05T20:15:41+00:00\",\"description\":\"O maior portal de Economia da Bahia Pol\u00edtica, Sa\u00fade \/ Educa\u00e7\u00e3o Bahia Economica\",\"breadcrumb\":{\"@id\":\"https:\/\/bahiaeconomica.com.br\/wp\/2025\/06\/05\/projeto-suspende-decreto-do-governo-sobre-alimentacao-saudavel-nas-escolas\/#breadcrumb\"},\"inLanguage\":\"pt-BR\",\"potentialAction\":[{\"@type\":\"ReadAction\",\"target\":[\"https:\/\/bahiaeconomica.com.br\/wp\/2025\/06\/05\/projeto-suspende-decreto-do-governo-sobre-alimentacao-saudavel-nas-escolas\/\"]}]},{\"@type\":\"BreadcrumbList\",\"@id\":\"https:\/\/bahiaeconomica.com.br\/wp\/2025\/06\/05\/projeto-suspende-decreto-do-governo-sobre-alimentacao-saudavel-nas-escolas\/#breadcrumb\",\"itemListElement\":[{\"@type\":\"ListItem\",\"position\":1,\"name\":\"In\u00edcio\",\"item\":\"https:\/\/bahiaeconomica.com.br\/wp\/\"},{\"@type\":\"ListItem\",\"position\":2,\"name\":\"PROJETO SUSPENDE DECRETO DO GOVERNO SOBRE ALIMENTA\u00c7\u00c3O SAUD\u00c1VEL NAS ESCOLAS\"}]},{\"@type\":\"WebSite\",\"@id\":\"https:\/\/bahiaeconomica.com.br\/wp\/#website\",\"url\":\"https:\/\/bahiaeconomica.com.br\/wp\/\",\"name\":\"Bahia Economica\",\"description\":\"O maior portal de Economia da Bahia\",\"publisher\":{\"@id\":\"https:\/\/bahiaeconomica.com.br\/wp\/#organization\"},\"potentialAction\":[{\"@type\":\"SearchAction\",\"target\":{\"@type\":\"EntryPoint\",\"urlTemplate\":\"https:\/\/bahiaeconomica.com.br\/wp\/?s={search_term_string}\"},\"query-input\":\"required name=search_term_string\"}],\"inLanguage\":\"pt-BR\"},{\"@type\":\"Organization\",\"@id\":\"https:\/\/bahiaeconomica.com.br\/wp\/#organization\",\"name\":\"Bahia Econ\u00f4mica\",\"url\":\"https:\/\/bahiaeconomica.com.br\/wp\/\",\"logo\":{\"@type\":\"ImageObject\",\"inLanguage\":\"pt-BR\",\"@id\":\"https:\/\/bahiaeconomica.com.br\/wp\/#\/schema\/logo\/image\/\",\"url\":\"https:\/\/bahiaeconomica.com.br\/wp\/wp-content\/uploads\/2020\/12\/cropped-BE.png\",\"contentUrl\":\"https:\/\/bahiaeconomica.com.br\/wp\/wp-content\/uploads\/2020\/12\/cropped-BE.png\",\"width\":512,\"height\":512,\"caption\":\"Bahia Econ\u00f4mica\"},\"image\":{\"@id\":\"https:\/\/bahiaeconomica.com.br\/wp\/#\/schema\/logo\/image\/\"},\"sameAs\":[\"https:\/\/www.facebook.com\/bahiaeconomica\"]},{\"@type\":\"Person\",\"@id\":\"https:\/\/bahiaeconomica.com.br\/wp\/#\/schema\/person\/18273ac0fe04bfd4e7b101bf17d40152\",\"name\":\"LUIZA NASCIMENTO\",\"sameAs\":[\"http:\/\/www.bahiaeconomica.com.br\"],\"url\":\"https:\/\/bahiaeconomica.com.br\/wp\/author\/luiza-nascimento\/\"}]}<\/script>\n<!-- \/ Yoast SEO plugin. -->","yoast_head_json":{"title":"PROJETO SUSPENDE DECRETO DO GOVERNO SOBRE ALIMENTA\u00c7\u00c3O SAUD\u00c1VEL NAS ESCOLAS - Bahia Economica","description":"O maior portal de Economia da Bahia Pol\u00edtica, Sa\u00fade \/ Educa\u00e7\u00e3o Bahia Economica","robots":{"index":"index","follow":"follow","max-snippet":"max-snippet:-1","max-image-preview":"max-image-preview:large","max-video-preview":"max-video-preview:-1"},"canonical":"https:\/\/bahiaeconomica.com.br\/wp\/2025\/06\/05\/projeto-suspende-decreto-do-governo-sobre-alimentacao-saudavel-nas-escolas\/","og_locale":"pt_BR","og_type":"article","og_title":"PROJETO SUSPENDE DECRETO DO GOVERNO SOBRE ALIMENTA\u00c7\u00c3O SAUD\u00c1VEL NAS ESCOLAS - Bahia Economica","og_description":"O maior portal de Economia da Bahia Pol\u00edtica, Sa\u00fade \/ Educa\u00e7\u00e3o Bahia Economica","og_url":"https:\/\/bahiaeconomica.com.br\/wp\/2025\/06\/05\/projeto-suspende-decreto-do-governo-sobre-alimentacao-saudavel-nas-escolas\/","og_site_name":"Bahia Economica","article_publisher":"https:\/\/www.facebook.com\/bahiaeconomica","article_published_time":"2025-06-05T21:43:30+00:00","article_modified_time":"2025-06-05T20:15:41+00:00","og_image":[{"width":768,"height":473,"url":"https:\/\/bahiaeconomica.com.br\/wp\/wp-content\/uploads\/2025\/06\/img20250527180604349-768x473-1.jpg","type":"image\/jpeg"}],"author":"LUIZA NASCIMENTO","twitter_card":"summary_large_image","twitter_misc":{"Escrito por":"LUIZA NASCIMENTO","Est. tempo de leitura":"2 minutos"},"schema":{"@context":"https:\/\/schema.org","@graph":[{"@type":"Article","@id":"https:\/\/bahiaeconomica.com.br\/wp\/2025\/06\/05\/projeto-suspende-decreto-do-governo-sobre-alimentacao-saudavel-nas-escolas\/#article","isPartOf":{"@id":"https:\/\/bahiaeconomica.com.br\/wp\/2025\/06\/05\/projeto-suspende-decreto-do-governo-sobre-alimentacao-saudavel-nas-escolas\/"},"author":{"name":"LUIZA NASCIMENTO","@id":"https:\/\/bahiaeconomica.com.br\/wp\/#\/schema\/person\/18273ac0fe04bfd4e7b101bf17d40152"},"headline":"PROJETO SUSPENDE DECRETO DO GOVERNO SOBRE ALIMENTA\u00c7\u00c3O SAUD\u00c1VEL NAS ESCOLAS","datePublished":"2025-06-05T21:43:30+00:00","dateModified":"2025-06-05T20:15:41+00:00","mainEntityOfPage":{"@id":"https:\/\/bahiaeconomica.com.br\/wp\/2025\/06\/05\/projeto-suspende-decreto-do-governo-sobre-alimentacao-saudavel-nas-escolas\/"},"wordCount":231,"publisher":{"@id":"https:\/\/bahiaeconomica.com.br\/wp\/#organization"},"keywords":["Educa\u00e7\u00e3o","escolas"],"articleSection":["Pol\u00edtica","Sa\u00fade \/ Educa\u00e7\u00e3o"],"inLanguage":"pt-BR"},{"@type":"WebPage","@id":"https:\/\/bahiaeconomica.com.br\/wp\/2025\/06\/05\/projeto-suspende-decreto-do-governo-sobre-alimentacao-saudavel-nas-escolas\/","url":"https:\/\/bahiaeconomica.com.br\/wp\/2025\/06\/05\/projeto-suspende-decreto-do-governo-sobre-alimentacao-saudavel-nas-escolas\/","name":"PROJETO SUSPENDE DECRETO DO GOVERNO SOBRE ALIMENTA\u00c7\u00c3O SAUD\u00c1VEL NAS ESCOLAS - Bahia Economica","isPartOf":{"@id":"https:\/\/bahiaeconomica.com.br\/wp\/#website"},"datePublished":"2025-06-05T21:43:30+00:00","dateModified":"2025-06-05T20:15:41+00:00","description":"O maior portal de Economia da Bahia Pol\u00edtica, Sa\u00fade \/ Educa\u00e7\u00e3o Bahia Economica","breadcrumb":{"@id":"https:\/\/bahiaeconomica.com.br\/wp\/2025\/06\/05\/projeto-suspende-decreto-do-governo-sobre-alimentacao-saudavel-nas-escolas\/#breadcrumb"},"inLanguage":"pt-BR","potentialAction":[{"@type":"ReadAction","target":["https:\/\/bahiaeconomica.com.br\/wp\/2025\/06\/05\/projeto-suspende-decreto-do-governo-sobre-alimentacao-saudavel-nas-escolas\/"]}]},{"@type":"BreadcrumbList","@id":"https:\/\/bahiaeconomica.com.br\/wp\/2025\/06\/05\/projeto-suspende-decreto-do-governo-sobre-alimentacao-saudavel-nas-escolas\/#breadcrumb","itemListElement":[{"@type":"ListItem","position":1,"name":"In\u00edcio","item":"https:\/\/bahiaeconomica.com.br\/wp\/"},{"@type":"ListItem","position":2,"name":"PROJETO SUSPENDE DECRETO DO GOVERNO SOBRE ALIMENTA\u00c7\u00c3O SAUD\u00c1VEL NAS ESCOLAS"}]},{"@type":"WebSite","@id":"https:\/\/bahiaeconomica.com.br\/wp\/#website","url":"https:\/\/bahiaeconomica.com.br\/wp\/","name":"Bahia Economica","description":"O maior portal de Economia da Bahia","publisher":{"@id":"https:\/\/bahiaeconomica.com.br\/wp\/#organization"},"potentialAction":[{"@type":"SearchAction","target":{"@type":"EntryPoint","urlTemplate":"https:\/\/bahiaeconomica.com.br\/wp\/?s={search_term_string}"},"query-input":"required name=search_term_string"}],"inLanguage":"pt-BR"},{"@type":"Organization","@id":"https:\/\/bahiaeconomica.com.br\/wp\/#organization","name":"Bahia Econ\u00f4mica","url":"https:\/\/bahiaeconomica.com.br\/wp\/","logo":{"@type":"ImageObject","inLanguage":"pt-BR","@id":"https:\/\/bahiaeconomica.com.br\/wp\/#\/schema\/logo\/image\/","url":"https:\/\/bahiaeconomica.com.br\/wp\/wp-content\/uploads\/2020\/12\/cropped-BE.png","contentUrl":"https:\/\/bahiaeconomica.com.br\/wp\/wp-content\/uploads\/2020\/12\/cropped-BE.png","width":512,"height":512,"caption":"Bahia Econ\u00f4mica"},"image":{"@id":"https:\/\/bahiaeconomica.com.br\/wp\/#\/schema\/logo\/image\/"},"sameAs":["https:\/\/www.facebook.com\/bahiaeconomica"]},{"@type":"Person","@id":"https:\/\/bahiaeconomica.com.br\/wp\/#\/schema\/person\/18273ac0fe04bfd4e7b101bf17d40152","name":"LUIZA NASCIMENTO","sameAs":["http:\/\/www.bahiaeconomica.com.br"],"url":"https:\/\/bahiaeconomica.com.br\/wp\/author\/luiza-nascimento\/"}]}},"views":24,"_links":{"self":[{"href":"https:\/\/bahiaeconomica.com.br\/wp\/wp-json\/wp\/v2\/posts\/909175"}],"collection":[{"href":"https:\/\/bahiaeconomica.com.br\/wp\/wp-json\/wp\/v2\/posts"}],"about":[{"href":"https:\/\/bahiaeconomica.com.br\/wp\/wp-json\/wp\/v2\/types\/post"}],"author":[{"embeddable":true,"href":"https:\/\/bahiaeconomica.com.br\/wp\/wp-json\/wp\/v2\/users\/16"}],"replies":[{"embeddable":true,"href":"https:\/\/bahiaeconomica.com.br\/wp\/wp-json\/wp\/v2\/comments?post=909175"}],"version-history":[{"count":1,"href":"https:\/\/bahiaeconomica.com.br\/wp\/wp-json\/wp\/v2\/posts\/909175\/revisions"}],"predecessor-version":[{"id":909186,"href":"https:\/\/bahiaeconomica.com.br\/wp\/wp-json\/wp\/v2\/posts\/909175\/revisions\/909186"}],"wp:featuredmedia":[{"embeddable":true,"href":"https:\/\/bahiaeconomica.com.br\/wp\/wp-json\/wp\/v2\/media\/909179"}],"wp:attachment":[{"href":"https:\/\/bahiaeconomica.com.br\/wp\/wp-json\/wp\/v2\/media?parent=909175"}],"wp:term":[{"taxonomy":"category","embeddable":true,"href":"https:\/\/bahiaeconomica.com.br\/wp\/wp-json\/wp\/v2\/categories?post=909175"},{"taxonomy":"post_tag","embeddable":true,"href":"https:\/\/bahiaeconomica.com.br\/wp\/wp-json\/wp\/v2\/tags?post=909175"}],"curies":[{"name":"wp","href":"https:\/\/api.w.org\/{rel}","templated":true}]}}