{"id":909140,"date":"2025-06-05T16:21:29","date_gmt":"2025-06-05T19:21:29","guid":{"rendered":"https:\/\/bahiaeconomica.com.br\/wp\/?p=909140"},"modified":"2025-06-05T16:21:29","modified_gmt":"2025-06-05T19:21:29","slug":"e-triste-saber-que-o-mundo-se-cala-diante-de-um-genocidio-em-gaza-diz-lula","status":"publish","type":"post","link":"https:\/\/bahiaeconomica.com.br\/wp\/2025\/06\/05\/e-triste-saber-que-o-mundo-se-cala-diante-de-um-genocidio-em-gaza-diz-lula\/","title":{"rendered":"&#8216;\u00c9 TRISTE SABER QUE O MUNDO SE CALA DIANTE DE UM GENOC\u00cdDIO EM GAZA&#8217;, DIZ LULA"},"content":{"rendered":"<p>Em entrevista coletiva no Pal\u00e1cio do Eliseu, sede do governo franc\u00eas, o presidente Luiz In\u00e1cio Lula da Silva voltou a condenar as a\u00e7\u00f5es do ex\u00e9rcito e do governo israelense na Faixa de Gaza e pediu que as pot\u00eancias internacionais respeitem as recomenda\u00e7\u00f5es da ONU e exijam o fim do conflito. Lula classificou o quadro como &#8220;massacre&#8221; de civis inocentes.<\/p>\n<p>&#8220;\u00c9 um massacre por parte de um ex\u00e9rcito altamente preparado contra mulheres e crian\u00e7as. \u00c9 contra isso que a humanidade tem que se indignar&#8221;, disse ele. ao responder a pergunta, na tarde desta quinta (5) &#8211; final da manh\u00e3, pelo hor\u00e1rio de Bras\u00edlia -, ao lado do presidente franc\u00eas, Emmanuel Macron, com quem havia conclu\u00eddo parte da agenda da visita de Estado.<\/p>\n<p>A mesma ONU que criou o Estado de Israel tem que ter autoridade para proteger a \u00e1rea demarcada em 1967&#8243;, continuou, fazendo refer\u00eancia \u00e0s fronteiras estabelecidas e que t\u00eam sido continuamente desrespeitadas por Israel, ao longo do tempo. &#8220;\u00c9 o m\u00ednimo do bom-senso que a gente pode exigir como humanista&#8221;, disse ainda.<\/p>\n<p>Antes dele, o presidente franc\u00eas havia dito, em resposta \u00e0 mesma pergunta, que a Fran\u00e7a, a Uni\u00e3o Europeia e o Reino Unido est\u00e3o empenhados em fechar um acordo s\u00f3lido para garantir um cessar-fogo em Gaza. Macron disse que mais n\u00e3o poderia dizer para n\u00e3o prejudicar os termos da proposta que ser\u00e1 apresentada nos pr\u00f3ximos dias.<\/p>\n<p>Lula destacou tamb\u00e9m que a recente morte de duas crian\u00e7as palestinas por soldados israelenses n\u00e3o provocou a mesma indigna\u00e7\u00e3o na m\u00eddia que a morte de dois israelenses nos Estados Unidos. Lula condenou os dois crimes. Ele afirmou que o cessar-fogo definitivo seria a garantia &#8220;ao direito de viver&#8221; dos palestinos.<\/p>\n<p>\u00c9 importante que as pot\u00eancias mundiais deem logo um basta nisso. Estamos vendo um genoc\u00eddio na nossa cara todo o santo dia. \u00c9 triste saber que o mundo se cala diante de um genoc\u00eddio&#8221;, completou.<\/p>\n<p>Lula criticou, mais uma vez, a fraqueza pol\u00edtica da ONU, que tem suas resolu\u00e7\u00f5es desrespeitadas, e reivindicou novamente a reforma do Conselho de Seguran\u00e7a da entidade, com a inclus\u00e3o de outros pa\u00edses com direito a voto em resolu\u00e7\u00f5es sobre conflitos.<\/p>\n<p>Foto: Ricardo Stuckert\/PR<\/p>\n","protected":false},"excerpt":{"rendered":"<p>Em entrevista coletiva no Pal\u00e1cio do Eliseu, sede do governo franc\u00eas, o presidente Luiz In\u00e1cio Lula da Silva voltou a condenar as a\u00e7\u00f5es do ex\u00e9rcito e do governo israelense na Faixa de Gaza e pediu que as pot\u00eancias internacionais respeitem as recomenda\u00e7\u00f5es da ONU e exijam o fim do conflito. Lula classificou o quadro como [&hellip;]<\/p>\n","protected":false},"author":24,"featured_media":909142,"comment_status":"closed","ping_status":"closed","sticky":false,"template":"","format":"standard","meta":[],"categories":[14601],"tags":[21524,3782,182],"acf":[],"yoast_head":"<!-- This site is optimized with the Yoast SEO plugin v20.8 - https:\/\/yoast.com\/wordpress\/plugins\/seo\/ -->\n<title>&#039;\u00c9 TRISTE SABER QUE O MUNDO SE CALA DIANTE DE UM GENOC\u00cdDIO EM GAZA&#039;, DIZ LULA - Bahia Economica Em entrevista coletiva no Pal\u00e1cio do Eliseu, sede do governo franc\u00eas, o presidente Luiz In\u00e1cio Lula da Silva voltou a condenar as a\u00e7\u00f5es do ex\u00e9rcito e do governo israelense na Faixa de Gaza<\/title>\n<meta name=\"description\" content=\"O maior portal de Economia da Bahia Pol\u00edtica Bahia Economica Em entrevista coletiva no Pal\u00e1cio do Eliseu, sede do governo franc\u00eas, o presidente Luiz In\u00e1cio Lula da Silva voltou a condenar as a\u00e7\u00f5es do ex\u00e9rcito e do governo israelense na Faixa de Gaza\" \/>\n<meta name=\"robots\" content=\"index, follow, max-snippet:-1, max-image-preview:large, max-video-preview:-1\" \/>\n<link rel=\"canonical\" href=\"https:\/\/bahiaeconomica.com.br\/wp\/2025\/06\/05\/e-triste-saber-que-o-mundo-se-cala-diante-de-um-genocidio-em-gaza-diz-lula\/\" \/>\n<meta property=\"og:locale\" content=\"pt_BR\" \/>\n<meta property=\"og:type\" content=\"article\" \/>\n<meta property=\"og:title\" content=\"&#039;\u00c9 TRISTE SABER QUE O MUNDO SE CALA DIANTE DE UM GENOC\u00cdDIO EM GAZA&#039;, DIZ LULA - Bahia Economica Em entrevista coletiva no Pal\u00e1cio do Eliseu, sede do governo franc\u00eas, o presidente Luiz In\u00e1cio Lula da Silva voltou a condenar as a\u00e7\u00f5es do ex\u00e9rcito e do governo israelense na Faixa de Gaza\" \/>\n<meta property=\"og:description\" content=\"O maior portal de Economia da Bahia Pol\u00edtica Bahia Economica Em entrevista coletiva no Pal\u00e1cio do Eliseu, sede do governo franc\u00eas, o presidente Luiz In\u00e1cio Lula da Silva voltou a condenar as a\u00e7\u00f5es do ex\u00e9rcito e do governo israelense na Faixa de Gaza\" \/>\n<meta property=\"og:url\" content=\"https:\/\/bahiaeconomica.com.br\/wp\/2025\/06\/05\/e-triste-saber-que-o-mundo-se-cala-diante-de-um-genocidio-em-gaza-diz-lula\/\" \/>\n<meta property=\"og:site_name\" content=\"Bahia Economica\" \/>\n<meta property=\"article:publisher\" content=\"https:\/\/www.facebook.com\/bahiaeconomica\" \/>\n<meta property=\"article:published_time\" content=\"2025-06-05T19:21:29+00:00\" \/>\n<meta property=\"og:image\" content=\"https:\/\/bahiaeconomica.com.br\/wp\/wp-content\/uploads\/2025\/06\/73073306-e0a6-4d8a-9673-81ec73e5f708.jpeg\" \/>\n\t<meta property=\"og:image:width\" content=\"768\" \/>\n\t<meta property=\"og:image:height\" content=\"511\" \/>\n\t<meta property=\"og:image:type\" content=\"image\/jpeg\" \/>\n<meta name=\"author\" content=\"VICTOR OLIVEIRA\" \/>\n<meta name=\"twitter:card\" content=\"summary_large_image\" \/>\n<meta name=\"twitter:label1\" content=\"Escrito por\" \/>\n\t<meta name=\"twitter:data1\" content=\"VICTOR OLIVEIRA\" \/>\n\t<meta name=\"twitter:label2\" content=\"Est. tempo de leitura\" \/>\n\t<meta name=\"twitter:data2\" content=\"2 minutos\" \/>\n<script type=\"application\/ld+json\" class=\"yoast-schema-graph\">{\"@context\":\"https:\/\/schema.org\",\"@graph\":[{\"@type\":\"Article\",\"@id\":\"https:\/\/bahiaeconomica.com.br\/wp\/2025\/06\/05\/e-triste-saber-que-o-mundo-se-cala-diante-de-um-genocidio-em-gaza-diz-lula\/#article\",\"isPartOf\":{\"@id\":\"https:\/\/bahiaeconomica.com.br\/wp\/2025\/06\/05\/e-triste-saber-que-o-mundo-se-cala-diante-de-um-genocidio-em-gaza-diz-lula\/\"},\"author\":{\"name\":\"VICTOR OLIVEIRA\",\"@id\":\"https:\/\/bahiaeconomica.com.br\/wp\/#\/schema\/person\/a17956d0e1112b626f403fb06b8129a9\"},\"headline\":\"&#8216;\u00c9 TRISTE SABER QUE O MUNDO SE CALA DIANTE DE UM GENOC\u00cdDIO EM GAZA&#8217;, DIZ LULA\",\"datePublished\":\"2025-06-05T19:21:29+00:00\",\"dateModified\":\"2025-06-05T19:21:29+00:00\",\"mainEntityOfPage\":{\"@id\":\"https:\/\/bahiaeconomica.com.br\/wp\/2025\/06\/05\/e-triste-saber-que-o-mundo-se-cala-diante-de-um-genocidio-em-gaza-diz-lula\/\"},\"wordCount\":403,\"publisher\":{\"@id\":\"https:\/\/bahiaeconomica.com.br\/wp\/#organization\"},\"keywords\":[\"gaza\",\"guerra\",\"Lula\"],\"articleSection\":[\"Pol\u00edtica\"],\"inLanguage\":\"pt-BR\"},{\"@type\":\"WebPage\",\"@id\":\"https:\/\/bahiaeconomica.com.br\/wp\/2025\/06\/05\/e-triste-saber-que-o-mundo-se-cala-diante-de-um-genocidio-em-gaza-diz-lula\/\",\"url\":\"https:\/\/bahiaeconomica.com.br\/wp\/2025\/06\/05\/e-triste-saber-que-o-mundo-se-cala-diante-de-um-genocidio-em-gaza-diz-lula\/\",\"name\":\"'\u00c9 TRISTE SABER QUE O MUNDO SE CALA DIANTE DE UM GENOC\u00cdDIO EM GAZA', DIZ LULA - Bahia Economica Em entrevista coletiva no Pal\u00e1cio do Eliseu, sede do governo franc\u00eas, o presidente Luiz In\u00e1cio Lula da Silva voltou a condenar as a\u00e7\u00f5es do ex\u00e9rcito e do governo israelense na Faixa de Gaza\",\"isPartOf\":{\"@id\":\"https:\/\/bahiaeconomica.com.br\/wp\/#website\"},\"datePublished\":\"2025-06-05T19:21:29+00:00\",\"dateModified\":\"2025-06-05T19:21:29+00:00\",\"description\":\"O maior portal de Economia da Bahia Pol\u00edtica Bahia Economica Em entrevista coletiva no Pal\u00e1cio do Eliseu, sede do governo franc\u00eas, o presidente Luiz In\u00e1cio Lula da Silva voltou a condenar as a\u00e7\u00f5es do ex\u00e9rcito e do governo israelense na Faixa de Gaza\",\"breadcrumb\":{\"@id\":\"https:\/\/bahiaeconomica.com.br\/wp\/2025\/06\/05\/e-triste-saber-que-o-mundo-se-cala-diante-de-um-genocidio-em-gaza-diz-lula\/#breadcrumb\"},\"inLanguage\":\"pt-BR\",\"potentialAction\":[{\"@type\":\"ReadAction\",\"target\":[\"https:\/\/bahiaeconomica.com.br\/wp\/2025\/06\/05\/e-triste-saber-que-o-mundo-se-cala-diante-de-um-genocidio-em-gaza-diz-lula\/\"]}]},{\"@type\":\"BreadcrumbList\",\"@id\":\"https:\/\/bahiaeconomica.com.br\/wp\/2025\/06\/05\/e-triste-saber-que-o-mundo-se-cala-diante-de-um-genocidio-em-gaza-diz-lula\/#breadcrumb\",\"itemListElement\":[{\"@type\":\"ListItem\",\"position\":1,\"name\":\"In\u00edcio\",\"item\":\"https:\/\/bahiaeconomica.com.br\/wp\/\"},{\"@type\":\"ListItem\",\"position\":2,\"name\":\"&#8216;\u00c9 TRISTE SABER QUE O MUNDO SE CALA DIANTE DE UM GENOC\u00cdDIO EM GAZA&#8217;, DIZ LULA\"}]},{\"@type\":\"WebSite\",\"@id\":\"https:\/\/bahiaeconomica.com.br\/wp\/#website\",\"url\":\"https:\/\/bahiaeconomica.com.br\/wp\/\",\"name\":\"Bahia Economica\",\"description\":\"O maior portal de Economia da Bahia\",\"publisher\":{\"@id\":\"https:\/\/bahiaeconomica.com.br\/wp\/#organization\"},\"potentialAction\":[{\"@type\":\"SearchAction\",\"target\":{\"@type\":\"EntryPoint\",\"urlTemplate\":\"https:\/\/bahiaeconomica.com.br\/wp\/?s={search_term_string}\"},\"query-input\":\"required name=search_term_string\"}],\"inLanguage\":\"pt-BR\"},{\"@type\":\"Organization\",\"@id\":\"https:\/\/bahiaeconomica.com.br\/wp\/#organization\",\"name\":\"Bahia Econ\u00f4mica\",\"url\":\"https:\/\/bahiaeconomica.com.br\/wp\/\",\"logo\":{\"@type\":\"ImageObject\",\"inLanguage\":\"pt-BR\",\"@id\":\"https:\/\/bahiaeconomica.com.br\/wp\/#\/schema\/logo\/image\/\",\"url\":\"https:\/\/bahiaeconomica.com.br\/wp\/wp-content\/uploads\/2020\/12\/cropped-BE.png\",\"contentUrl\":\"https:\/\/bahiaeconomica.com.br\/wp\/wp-content\/uploads\/2020\/12\/cropped-BE.png\",\"width\":512,\"height\":512,\"caption\":\"Bahia Econ\u00f4mica\"},\"image\":{\"@id\":\"https:\/\/bahiaeconomica.com.br\/wp\/#\/schema\/logo\/image\/\"},\"sameAs\":[\"https:\/\/www.facebook.com\/bahiaeconomica\"]},{\"@type\":\"Person\",\"@id\":\"https:\/\/bahiaeconomica.com.br\/wp\/#\/schema\/person\/a17956d0e1112b626f403fb06b8129a9\",\"name\":\"VICTOR OLIVEIRA\",\"sameAs\":[\"http:\/\/www.bahiaeconomica.com.br\"],\"url\":\"https:\/\/bahiaeconomica.com.br\/wp\/author\/victor-oliveira\/\"}]}<\/script>\n<!-- \/ Yoast SEO plugin. -->","yoast_head_json":{"title":"'\u00c9 TRISTE SABER QUE O MUNDO SE CALA DIANTE DE UM GENOC\u00cdDIO EM GAZA', DIZ LULA - Bahia Economica Em entrevista coletiva no Pal\u00e1cio do Eliseu, sede do governo franc\u00eas, o presidente Luiz In\u00e1cio Lula da Silva voltou a condenar as a\u00e7\u00f5es do ex\u00e9rcito e do governo israelense na Faixa de Gaza","description":"O maior portal de Economia da Bahia Pol\u00edtica Bahia Economica Em entrevista coletiva no Pal\u00e1cio do Eliseu, sede do governo franc\u00eas, o presidente Luiz In\u00e1cio Lula da Silva voltou a condenar as a\u00e7\u00f5es do ex\u00e9rcito e do governo israelense na Faixa de Gaza","robots":{"index":"index","follow":"follow","max-snippet":"max-snippet:-1","max-image-preview":"max-image-preview:large","max-video-preview":"max-video-preview:-1"},"canonical":"https:\/\/bahiaeconomica.com.br\/wp\/2025\/06\/05\/e-triste-saber-que-o-mundo-se-cala-diante-de-um-genocidio-em-gaza-diz-lula\/","og_locale":"pt_BR","og_type":"article","og_title":"'\u00c9 TRISTE SABER QUE O MUNDO SE CALA DIANTE DE UM GENOC\u00cdDIO EM GAZA', DIZ LULA - Bahia Economica Em entrevista coletiva no Pal\u00e1cio do Eliseu, sede do governo franc\u00eas, o presidente Luiz In\u00e1cio Lula da Silva voltou a condenar as a\u00e7\u00f5es do ex\u00e9rcito e do governo israelense na Faixa de Gaza","og_description":"O maior portal de Economia da Bahia Pol\u00edtica Bahia Economica Em entrevista coletiva no Pal\u00e1cio do Eliseu, sede do governo franc\u00eas, o presidente Luiz In\u00e1cio Lula da Silva voltou a condenar as a\u00e7\u00f5es do ex\u00e9rcito e do governo israelense na Faixa de Gaza","og_url":"https:\/\/bahiaeconomica.com.br\/wp\/2025\/06\/05\/e-triste-saber-que-o-mundo-se-cala-diante-de-um-genocidio-em-gaza-diz-lula\/","og_site_name":"Bahia Economica","article_publisher":"https:\/\/www.facebook.com\/bahiaeconomica","article_published_time":"2025-06-05T19:21:29+00:00","og_image":[{"width":768,"height":511,"url":"https:\/\/bahiaeconomica.com.br\/wp\/wp-content\/uploads\/2025\/06\/73073306-e0a6-4d8a-9673-81ec73e5f708.jpeg","type":"image\/jpeg"}],"author":"VICTOR OLIVEIRA","twitter_card":"summary_large_image","twitter_misc":{"Escrito por":"VICTOR OLIVEIRA","Est. tempo de leitura":"2 minutos"},"schema":{"@context":"https:\/\/schema.org","@graph":[{"@type":"Article","@id":"https:\/\/bahiaeconomica.com.br\/wp\/2025\/06\/05\/e-triste-saber-que-o-mundo-se-cala-diante-de-um-genocidio-em-gaza-diz-lula\/#article","isPartOf":{"@id":"https:\/\/bahiaeconomica.com.br\/wp\/2025\/06\/05\/e-triste-saber-que-o-mundo-se-cala-diante-de-um-genocidio-em-gaza-diz-lula\/"},"author":{"name":"VICTOR OLIVEIRA","@id":"https:\/\/bahiaeconomica.com.br\/wp\/#\/schema\/person\/a17956d0e1112b626f403fb06b8129a9"},"headline":"&#8216;\u00c9 TRISTE SABER QUE O MUNDO SE CALA DIANTE DE UM GENOC\u00cdDIO EM GAZA&#8217;, DIZ LULA","datePublished":"2025-06-05T19:21:29+00:00","dateModified":"2025-06-05T19:21:29+00:00","mainEntityOfPage":{"@id":"https:\/\/bahiaeconomica.com.br\/wp\/2025\/06\/05\/e-triste-saber-que-o-mundo-se-cala-diante-de-um-genocidio-em-gaza-diz-lula\/"},"wordCount":403,"publisher":{"@id":"https:\/\/bahiaeconomica.com.br\/wp\/#organization"},"keywords":["gaza","guerra","Lula"],"articleSection":["Pol\u00edtica"],"inLanguage":"pt-BR"},{"@type":"WebPage","@id":"https:\/\/bahiaeconomica.com.br\/wp\/2025\/06\/05\/e-triste-saber-que-o-mundo-se-cala-diante-de-um-genocidio-em-gaza-diz-lula\/","url":"https:\/\/bahiaeconomica.com.br\/wp\/2025\/06\/05\/e-triste-saber-que-o-mundo-se-cala-diante-de-um-genocidio-em-gaza-diz-lula\/","name":"'\u00c9 TRISTE SABER QUE O MUNDO SE CALA DIANTE DE UM GENOC\u00cdDIO EM GAZA', DIZ LULA - Bahia Economica Em entrevista coletiva no Pal\u00e1cio do Eliseu, sede do governo franc\u00eas, o presidente Luiz In\u00e1cio Lula da Silva voltou a condenar as a\u00e7\u00f5es do ex\u00e9rcito e do governo israelense na Faixa de Gaza","isPartOf":{"@id":"https:\/\/bahiaeconomica.com.br\/wp\/#website"},"datePublished":"2025-06-05T19:21:29+00:00","dateModified":"2025-06-05T19:21:29+00:00","description":"O maior portal de Economia da Bahia Pol\u00edtica Bahia Economica Em entrevista coletiva no Pal\u00e1cio do Eliseu, sede do governo franc\u00eas, o presidente Luiz In\u00e1cio Lula da Silva voltou a condenar as a\u00e7\u00f5es do ex\u00e9rcito e do governo israelense na Faixa de Gaza","breadcrumb":{"@id":"https:\/\/bahiaeconomica.com.br\/wp\/2025\/06\/05\/e-triste-saber-que-o-mundo-se-cala-diante-de-um-genocidio-em-gaza-diz-lula\/#breadcrumb"},"inLanguage":"pt-BR","potentialAction":[{"@type":"ReadAction","target":["https:\/\/bahiaeconomica.com.br\/wp\/2025\/06\/05\/e-triste-saber-que-o-mundo-se-cala-diante-de-um-genocidio-em-gaza-diz-lula\/"]}]},{"@type":"BreadcrumbList","@id":"https:\/\/bahiaeconomica.com.br\/wp\/2025\/06\/05\/e-triste-saber-que-o-mundo-se-cala-diante-de-um-genocidio-em-gaza-diz-lula\/#breadcrumb","itemListElement":[{"@type":"ListItem","position":1,"name":"In\u00edcio","item":"https:\/\/bahiaeconomica.com.br\/wp\/"},{"@type":"ListItem","position":2,"name":"&#8216;\u00c9 TRISTE SABER QUE O MUNDO SE CALA DIANTE DE UM GENOC\u00cdDIO EM GAZA&#8217;, DIZ LULA"}]},{"@type":"WebSite","@id":"https:\/\/bahiaeconomica.com.br\/wp\/#website","url":"https:\/\/bahiaeconomica.com.br\/wp\/","name":"Bahia Economica","description":"O maior portal de Economia da Bahia","publisher":{"@id":"https:\/\/bahiaeconomica.com.br\/wp\/#organization"},"potentialAction":[{"@type":"SearchAction","target":{"@type":"EntryPoint","urlTemplate":"https:\/\/bahiaeconomica.com.br\/wp\/?s={search_term_string}"},"query-input":"required name=search_term_string"}],"inLanguage":"pt-BR"},{"@type":"Organization","@id":"https:\/\/bahiaeconomica.com.br\/wp\/#organization","name":"Bahia Econ\u00f4mica","url":"https:\/\/bahiaeconomica.com.br\/wp\/","logo":{"@type":"ImageObject","inLanguage":"pt-BR","@id":"https:\/\/bahiaeconomica.com.br\/wp\/#\/schema\/logo\/image\/","url":"https:\/\/bahiaeconomica.com.br\/wp\/wp-content\/uploads\/2020\/12\/cropped-BE.png","contentUrl":"https:\/\/bahiaeconomica.com.br\/wp\/wp-content\/uploads\/2020\/12\/cropped-BE.png","width":512,"height":512,"caption":"Bahia Econ\u00f4mica"},"image":{"@id":"https:\/\/bahiaeconomica.com.br\/wp\/#\/schema\/logo\/image\/"},"sameAs":["https:\/\/www.facebook.com\/bahiaeconomica"]},{"@type":"Person","@id":"https:\/\/bahiaeconomica.com.br\/wp\/#\/schema\/person\/a17956d0e1112b626f403fb06b8129a9","name":"VICTOR OLIVEIRA","sameAs":["http:\/\/www.bahiaeconomica.com.br"],"url":"https:\/\/bahiaeconomica.com.br\/wp\/author\/victor-oliveira\/"}]}},"views":4,"_links":{"self":[{"href":"https:\/\/bahiaeconomica.com.br\/wp\/wp-json\/wp\/v2\/posts\/909140"}],"collection":[{"href":"https:\/\/bahiaeconomica.com.br\/wp\/wp-json\/wp\/v2\/posts"}],"about":[{"href":"https:\/\/bahiaeconomica.com.br\/wp\/wp-json\/wp\/v2\/types\/post"}],"author":[{"embeddable":true,"href":"https:\/\/bahiaeconomica.com.br\/wp\/wp-json\/wp\/v2\/users\/24"}],"replies":[{"embeddable":true,"href":"https:\/\/bahiaeconomica.com.br\/wp\/wp-json\/wp\/v2\/comments?post=909140"}],"version-history":[{"count":1,"href":"https:\/\/bahiaeconomica.com.br\/wp\/wp-json\/wp\/v2\/posts\/909140\/revisions"}],"predecessor-version":[{"id":909143,"href":"https:\/\/bahiaeconomica.com.br\/wp\/wp-json\/wp\/v2\/posts\/909140\/revisions\/909143"}],"wp:featuredmedia":[{"embeddable":true,"href":"https:\/\/bahiaeconomica.com.br\/wp\/wp-json\/wp\/v2\/media\/909142"}],"wp:attachment":[{"href":"https:\/\/bahiaeconomica.com.br\/wp\/wp-json\/wp\/v2\/media?parent=909140"}],"wp:term":[{"taxonomy":"category","embeddable":true,"href":"https:\/\/bahiaeconomica.com.br\/wp\/wp-json\/wp\/v2\/categories?post=909140"},{"taxonomy":"post_tag","embeddable":true,"href":"https:\/\/bahiaeconomica.com.br\/wp\/wp-json\/wp\/v2\/tags?post=909140"}],"curies":[{"name":"wp","href":"https:\/\/api.w.org\/{rel}","templated":true}]}}