{"id":909098,"date":"2025-06-05T15:46:36","date_gmt":"2025-06-05T18:46:36","guid":{"rendered":"https:\/\/bahiaeconomica.com.br\/wp\/?p=909098"},"modified":"2025-06-05T15:53:53","modified_gmt":"2025-06-05T18:53:53","slug":"tre-ba-atualiza-carta-de-servicos-ao-usuario-confira","status":"publish","type":"post","link":"https:\/\/bahiaeconomica.com.br\/wp\/2025\/06\/05\/tre-ba-atualiza-carta-de-servicos-ao-usuario-confira\/","title":{"rendered":"TRE-BA ATUALIZA CARTA DE SERVI\u00c7OS AO USU\u00c1RIO; CONFIRA"},"content":{"rendered":"<p>O Tribunal Regional Eleitoral da Bahia (TRE-BA) atualizou sua Carta de Servi\u00e7os ao Usu\u00e1rio, documento que re\u00fane informa\u00e7\u00f5es sobre os servi\u00e7os oferecidos pela Justi\u00e7a Eleitoral no estado. A publica\u00e7\u00e3o detalha as formas de acesso aos servi\u00e7os e padr\u00f5es de qualidade do atendimento ao p\u00fablico. Conforme estabelece o art. 22 da Resolu\u00e7\u00e3o TRE-BA n\u00ba 36\/2018, a Carta deve ser revisada, obrigatoriamente, em anos n\u00e3o eleitorais.<\/p>\n<p>De acordo com o presidente do TRE-BA, desembargador Abelardo Paulo da Matta Neto, a Carta de Servi\u00e7os contribui para a &#8220;eleva\u00e7\u00e3o cont\u00ednua dos padr\u00f5es de transpar\u00eancia, qualidade, presteza e seguran\u00e7a das atividades prestadas, ampliando o n\u00edvel de confian\u00e7a que a sociedade deposita no Tribunal&#8221;.<\/p>\n<p>Na introdu\u00e7\u00e3o da Carta, o leitor encontra informa\u00e7\u00f5es sobre a composi\u00e7\u00e3o da Corte Eleitoral, as unidades administrativas, os compromissos do Tribunal com o cidad\u00e3o, a identidade organizacional (miss\u00e3o, vis\u00e3o, valores e atributos de valor), al\u00e9m dos canais e unidades de atendimento ao p\u00fablico.<\/p>\n","protected":false},"excerpt":{"rendered":"<p>O Tribunal Regional Eleitoral da Bahia (TRE-BA) atualizou sua Carta de Servi\u00e7os ao Usu\u00e1rio, documento que re\u00fane informa\u00e7\u00f5es sobre os servi\u00e7os oferecidos pela Justi\u00e7a Eleitoral no estado. A publica\u00e7\u00e3o detalha as formas de acesso aos servi\u00e7os e padr\u00f5es de qualidade do atendimento ao p\u00fablico. Conforme estabelece o art. 22 da Resolu\u00e7\u00e3o TRE-BA n\u00ba 36\/2018, a [&hellip;]<\/p>\n","protected":false},"author":22,"featured_media":486095,"comment_status":"closed","ping_status":"closed","sticky":false,"template":"","format":"standard","meta":[],"categories":[692],"tags":[39509,7306,14872],"acf":[],"yoast_head":"<!-- This site is optimized with the Yoast SEO plugin v20.8 - https:\/\/yoast.com\/wordpress\/plugins\/seo\/ -->\n<title>TRE-BA ATUALIZA CARTA DE SERVI\u00c7OS AO USU\u00c1RIO; CONFIRA - Bahia Economica<\/title>\n<meta name=\"description\" content=\"O maior portal de Economia da Bahia Justi\u00e7a Bahia Economica\" \/>\n<meta name=\"robots\" content=\"index, follow, max-snippet:-1, max-image-preview:large, max-video-preview:-1\" \/>\n<link rel=\"canonical\" href=\"https:\/\/bahiaeconomica.com.br\/wp\/2025\/06\/05\/tre-ba-atualiza-carta-de-servicos-ao-usuario-confira\/\" \/>\n<meta property=\"og:locale\" content=\"pt_BR\" \/>\n<meta property=\"og:type\" content=\"article\" \/>\n<meta property=\"og:title\" content=\"TRE-BA ATUALIZA CARTA DE SERVI\u00c7OS AO USU\u00c1RIO; CONFIRA - Bahia Economica\" \/>\n<meta property=\"og:description\" content=\"O maior portal de Economia da Bahia Justi\u00e7a Bahia Economica\" \/>\n<meta property=\"og:url\" content=\"https:\/\/bahiaeconomica.com.br\/wp\/2025\/06\/05\/tre-ba-atualiza-carta-de-servicos-ao-usuario-confira\/\" \/>\n<meta property=\"og:site_name\" content=\"Bahia Economica\" \/>\n<meta property=\"article:publisher\" content=\"https:\/\/www.facebook.com\/bahiaeconomica\" \/>\n<meta property=\"article:published_time\" content=\"2025-06-05T18:46:36+00:00\" \/>\n<meta property=\"article:modified_time\" content=\"2025-06-05T18:53:53+00:00\" \/>\n<meta property=\"og:image\" content=\"https:\/\/bahiaeconomica.com.br\/wp\/wp-content\/uploads\/2020\/08\/tre-ba-1.jpg\" \/>\n\t<meta property=\"og:image:width\" content=\"360\" \/>\n\t<meta property=\"og:image:height\" content=\"220\" \/>\n\t<meta property=\"og:image:type\" content=\"image\/jpeg\" \/>\n<meta name=\"author\" content=\"Matheus Souza\" \/>\n<meta name=\"twitter:card\" content=\"summary_large_image\" \/>\n<meta name=\"twitter:label1\" content=\"Escrito por\" \/>\n\t<meta name=\"twitter:data1\" content=\"Matheus Souza\" \/>\n\t<meta name=\"twitter:label2\" content=\"Est. tempo de leitura\" \/>\n\t<meta name=\"twitter:data2\" content=\"1 minuto\" \/>\n<script type=\"application\/ld+json\" class=\"yoast-schema-graph\">{\"@context\":\"https:\/\/schema.org\",\"@graph\":[{\"@type\":\"Article\",\"@id\":\"https:\/\/bahiaeconomica.com.br\/wp\/2025\/06\/05\/tre-ba-atualiza-carta-de-servicos-ao-usuario-confira\/#article\",\"isPartOf\":{\"@id\":\"https:\/\/bahiaeconomica.com.br\/wp\/2025\/06\/05\/tre-ba-atualiza-carta-de-servicos-ao-usuario-confira\/\"},\"author\":{\"name\":\"Matheus Souza\",\"@id\":\"https:\/\/bahiaeconomica.com.br\/wp\/#\/schema\/person\/3304d50cfd32353c7d08c39066638997\"},\"headline\":\"TRE-BA ATUALIZA CARTA DE SERVI\u00c7OS AO USU\u00c1RIO; CONFIRA\",\"datePublished\":\"2025-06-05T18:46:36+00:00\",\"dateModified\":\"2025-06-05T18:53:53+00:00\",\"mainEntityOfPage\":{\"@id\":\"https:\/\/bahiaeconomica.com.br\/wp\/2025\/06\/05\/tre-ba-atualiza-carta-de-servicos-ao-usuario-confira\/\"},\"wordCount\":187,\"publisher\":{\"@id\":\"https:\/\/bahiaeconomica.com.br\/wp\/#organization\"},\"keywords\":[\"carta de servi\u00e7os\",\"TRE-BA\",\"usu\u00e1rio\"],\"articleSection\":[\"Justi\u00e7a\"],\"inLanguage\":\"pt-BR\"},{\"@type\":\"WebPage\",\"@id\":\"https:\/\/bahiaeconomica.com.br\/wp\/2025\/06\/05\/tre-ba-atualiza-carta-de-servicos-ao-usuario-confira\/\",\"url\":\"https:\/\/bahiaeconomica.com.br\/wp\/2025\/06\/05\/tre-ba-atualiza-carta-de-servicos-ao-usuario-confira\/\",\"name\":\"TRE-BA ATUALIZA CARTA DE SERVI\u00c7OS AO USU\u00c1RIO; CONFIRA - Bahia Economica\",\"isPartOf\":{\"@id\":\"https:\/\/bahiaeconomica.com.br\/wp\/#website\"},\"datePublished\":\"2025-06-05T18:46:36+00:00\",\"dateModified\":\"2025-06-05T18:53:53+00:00\",\"description\":\"O maior portal de Economia da Bahia Justi\u00e7a Bahia Economica\",\"breadcrumb\":{\"@id\":\"https:\/\/bahiaeconomica.com.br\/wp\/2025\/06\/05\/tre-ba-atualiza-carta-de-servicos-ao-usuario-confira\/#breadcrumb\"},\"inLanguage\":\"pt-BR\",\"potentialAction\":[{\"@type\":\"ReadAction\",\"target\":[\"https:\/\/bahiaeconomica.com.br\/wp\/2025\/06\/05\/tre-ba-atualiza-carta-de-servicos-ao-usuario-confira\/\"]}]},{\"@type\":\"BreadcrumbList\",\"@id\":\"https:\/\/bahiaeconomica.com.br\/wp\/2025\/06\/05\/tre-ba-atualiza-carta-de-servicos-ao-usuario-confira\/#breadcrumb\",\"itemListElement\":[{\"@type\":\"ListItem\",\"position\":1,\"name\":\"In\u00edcio\",\"item\":\"https:\/\/bahiaeconomica.com.br\/wp\/\"},{\"@type\":\"ListItem\",\"position\":2,\"name\":\"TRE-BA ATUALIZA CARTA DE SERVI\u00c7OS AO USU\u00c1RIO; CONFIRA\"}]},{\"@type\":\"WebSite\",\"@id\":\"https:\/\/bahiaeconomica.com.br\/wp\/#website\",\"url\":\"https:\/\/bahiaeconomica.com.br\/wp\/\",\"name\":\"Bahia Economica\",\"description\":\"O maior portal de Economia da Bahia\",\"publisher\":{\"@id\":\"https:\/\/bahiaeconomica.com.br\/wp\/#organization\"},\"potentialAction\":[{\"@type\":\"SearchAction\",\"target\":{\"@type\":\"EntryPoint\",\"urlTemplate\":\"https:\/\/bahiaeconomica.com.br\/wp\/?s={search_term_string}\"},\"query-input\":\"required name=search_term_string\"}],\"inLanguage\":\"pt-BR\"},{\"@type\":\"Organization\",\"@id\":\"https:\/\/bahiaeconomica.com.br\/wp\/#organization\",\"name\":\"Bahia Econ\u00f4mica\",\"url\":\"https:\/\/bahiaeconomica.com.br\/wp\/\",\"logo\":{\"@type\":\"ImageObject\",\"inLanguage\":\"pt-BR\",\"@id\":\"https:\/\/bahiaeconomica.com.br\/wp\/#\/schema\/logo\/image\/\",\"url\":\"https:\/\/bahiaeconomica.com.br\/wp\/wp-content\/uploads\/2020\/12\/cropped-BE.png\",\"contentUrl\":\"https:\/\/bahiaeconomica.com.br\/wp\/wp-content\/uploads\/2020\/12\/cropped-BE.png\",\"width\":512,\"height\":512,\"caption\":\"Bahia Econ\u00f4mica\"},\"image\":{\"@id\":\"https:\/\/bahiaeconomica.com.br\/wp\/#\/schema\/logo\/image\/\"},\"sameAs\":[\"https:\/\/www.facebook.com\/bahiaeconomica\"]},{\"@type\":\"Person\",\"@id\":\"https:\/\/bahiaeconomica.com.br\/wp\/#\/schema\/person\/3304d50cfd32353c7d08c39066638997\",\"name\":\"Matheus Souza\",\"sameAs\":[\"http:\/\/www.bahiaeconomica.com.br\"],\"url\":\"https:\/\/bahiaeconomica.com.br\/wp\/author\/matheus-souza\/\"}]}<\/script>\n<!-- \/ Yoast SEO plugin. -->","yoast_head_json":{"title":"TRE-BA ATUALIZA CARTA DE SERVI\u00c7OS AO USU\u00c1RIO; CONFIRA - Bahia Economica","description":"O maior portal de Economia da Bahia Justi\u00e7a Bahia Economica","robots":{"index":"index","follow":"follow","max-snippet":"max-snippet:-1","max-image-preview":"max-image-preview:large","max-video-preview":"max-video-preview:-1"},"canonical":"https:\/\/bahiaeconomica.com.br\/wp\/2025\/06\/05\/tre-ba-atualiza-carta-de-servicos-ao-usuario-confira\/","og_locale":"pt_BR","og_type":"article","og_title":"TRE-BA ATUALIZA CARTA DE SERVI\u00c7OS AO USU\u00c1RIO; CONFIRA - Bahia Economica","og_description":"O maior portal de Economia da Bahia Justi\u00e7a Bahia Economica","og_url":"https:\/\/bahiaeconomica.com.br\/wp\/2025\/06\/05\/tre-ba-atualiza-carta-de-servicos-ao-usuario-confira\/","og_site_name":"Bahia Economica","article_publisher":"https:\/\/www.facebook.com\/bahiaeconomica","article_published_time":"2025-06-05T18:46:36+00:00","article_modified_time":"2025-06-05T18:53:53+00:00","og_image":[{"width":360,"height":220,"url":"https:\/\/bahiaeconomica.com.br\/wp\/wp-content\/uploads\/2020\/08\/tre-ba-1.jpg","type":"image\/jpeg"}],"author":"Matheus Souza","twitter_card":"summary_large_image","twitter_misc":{"Escrito por":"Matheus Souza","Est. tempo de leitura":"1 minuto"},"schema":{"@context":"https:\/\/schema.org","@graph":[{"@type":"Article","@id":"https:\/\/bahiaeconomica.com.br\/wp\/2025\/06\/05\/tre-ba-atualiza-carta-de-servicos-ao-usuario-confira\/#article","isPartOf":{"@id":"https:\/\/bahiaeconomica.com.br\/wp\/2025\/06\/05\/tre-ba-atualiza-carta-de-servicos-ao-usuario-confira\/"},"author":{"name":"Matheus Souza","@id":"https:\/\/bahiaeconomica.com.br\/wp\/#\/schema\/person\/3304d50cfd32353c7d08c39066638997"},"headline":"TRE-BA ATUALIZA CARTA DE SERVI\u00c7OS AO USU\u00c1RIO; CONFIRA","datePublished":"2025-06-05T18:46:36+00:00","dateModified":"2025-06-05T18:53:53+00:00","mainEntityOfPage":{"@id":"https:\/\/bahiaeconomica.com.br\/wp\/2025\/06\/05\/tre-ba-atualiza-carta-de-servicos-ao-usuario-confira\/"},"wordCount":187,"publisher":{"@id":"https:\/\/bahiaeconomica.com.br\/wp\/#organization"},"keywords":["carta de servi\u00e7os","TRE-BA","usu\u00e1rio"],"articleSection":["Justi\u00e7a"],"inLanguage":"pt-BR"},{"@type":"WebPage","@id":"https:\/\/bahiaeconomica.com.br\/wp\/2025\/06\/05\/tre-ba-atualiza-carta-de-servicos-ao-usuario-confira\/","url":"https:\/\/bahiaeconomica.com.br\/wp\/2025\/06\/05\/tre-ba-atualiza-carta-de-servicos-ao-usuario-confira\/","name":"TRE-BA ATUALIZA CARTA DE SERVI\u00c7OS AO USU\u00c1RIO; CONFIRA - Bahia Economica","isPartOf":{"@id":"https:\/\/bahiaeconomica.com.br\/wp\/#website"},"datePublished":"2025-06-05T18:46:36+00:00","dateModified":"2025-06-05T18:53:53+00:00","description":"O maior portal de Economia da Bahia Justi\u00e7a Bahia Economica","breadcrumb":{"@id":"https:\/\/bahiaeconomica.com.br\/wp\/2025\/06\/05\/tre-ba-atualiza-carta-de-servicos-ao-usuario-confira\/#breadcrumb"},"inLanguage":"pt-BR","potentialAction":[{"@type":"ReadAction","target":["https:\/\/bahiaeconomica.com.br\/wp\/2025\/06\/05\/tre-ba-atualiza-carta-de-servicos-ao-usuario-confira\/"]}]},{"@type":"BreadcrumbList","@id":"https:\/\/bahiaeconomica.com.br\/wp\/2025\/06\/05\/tre-ba-atualiza-carta-de-servicos-ao-usuario-confira\/#breadcrumb","itemListElement":[{"@type":"ListItem","position":1,"name":"In\u00edcio","item":"https:\/\/bahiaeconomica.com.br\/wp\/"},{"@type":"ListItem","position":2,"name":"TRE-BA ATUALIZA CARTA DE SERVI\u00c7OS AO USU\u00c1RIO; CONFIRA"}]},{"@type":"WebSite","@id":"https:\/\/bahiaeconomica.com.br\/wp\/#website","url":"https:\/\/bahiaeconomica.com.br\/wp\/","name":"Bahia Economica","description":"O maior portal de Economia da Bahia","publisher":{"@id":"https:\/\/bahiaeconomica.com.br\/wp\/#organization"},"potentialAction":[{"@type":"SearchAction","target":{"@type":"EntryPoint","urlTemplate":"https:\/\/bahiaeconomica.com.br\/wp\/?s={search_term_string}"},"query-input":"required name=search_term_string"}],"inLanguage":"pt-BR"},{"@type":"Organization","@id":"https:\/\/bahiaeconomica.com.br\/wp\/#organization","name":"Bahia Econ\u00f4mica","url":"https:\/\/bahiaeconomica.com.br\/wp\/","logo":{"@type":"ImageObject","inLanguage":"pt-BR","@id":"https:\/\/bahiaeconomica.com.br\/wp\/#\/schema\/logo\/image\/","url":"https:\/\/bahiaeconomica.com.br\/wp\/wp-content\/uploads\/2020\/12\/cropped-BE.png","contentUrl":"https:\/\/bahiaeconomica.com.br\/wp\/wp-content\/uploads\/2020\/12\/cropped-BE.png","width":512,"height":512,"caption":"Bahia Econ\u00f4mica"},"image":{"@id":"https:\/\/bahiaeconomica.com.br\/wp\/#\/schema\/logo\/image\/"},"sameAs":["https:\/\/www.facebook.com\/bahiaeconomica"]},{"@type":"Person","@id":"https:\/\/bahiaeconomica.com.br\/wp\/#\/schema\/person\/3304d50cfd32353c7d08c39066638997","name":"Matheus Souza","sameAs":["http:\/\/www.bahiaeconomica.com.br"],"url":"https:\/\/bahiaeconomica.com.br\/wp\/author\/matheus-souza\/"}]}},"views":11,"_links":{"self":[{"href":"https:\/\/bahiaeconomica.com.br\/wp\/wp-json\/wp\/v2\/posts\/909098"}],"collection":[{"href":"https:\/\/bahiaeconomica.com.br\/wp\/wp-json\/wp\/v2\/posts"}],"about":[{"href":"https:\/\/bahiaeconomica.com.br\/wp\/wp-json\/wp\/v2\/types\/post"}],"author":[{"embeddable":true,"href":"https:\/\/bahiaeconomica.com.br\/wp\/wp-json\/wp\/v2\/users\/22"}],"replies":[{"embeddable":true,"href":"https:\/\/bahiaeconomica.com.br\/wp\/wp-json\/wp\/v2\/comments?post=909098"}],"version-history":[{"count":2,"href":"https:\/\/bahiaeconomica.com.br\/wp\/wp-json\/wp\/v2\/posts\/909098\/revisions"}],"predecessor-version":[{"id":909116,"href":"https:\/\/bahiaeconomica.com.br\/wp\/wp-json\/wp\/v2\/posts\/909098\/revisions\/909116"}],"wp:featuredmedia":[{"embeddable":true,"href":"https:\/\/bahiaeconomica.com.br\/wp\/wp-json\/wp\/v2\/media\/486095"}],"wp:attachment":[{"href":"https:\/\/bahiaeconomica.com.br\/wp\/wp-json\/wp\/v2\/media?parent=909098"}],"wp:term":[{"taxonomy":"category","embeddable":true,"href":"https:\/\/bahiaeconomica.com.br\/wp\/wp-json\/wp\/v2\/categories?post=909098"},{"taxonomy":"post_tag","embeddable":true,"href":"https:\/\/bahiaeconomica.com.br\/wp\/wp-json\/wp\/v2\/tags?post=909098"}],"curies":[{"name":"wp","href":"https:\/\/api.w.org\/{rel}","templated":true}]}}