{"id":908718,"date":"2025-06-03T07:18:38","date_gmt":"2025-06-03T10:18:38","guid":{"rendered":"https:\/\/bahiaeconomica.com.br\/wp\/?p=908718"},"modified":"2025-06-06T07:36:10","modified_gmt":"2025-06-06T10:36:10","slug":"simm-oferece-281-vagas-para-esta-quinta-feira-5","status":"publish","type":"post","link":"https:\/\/bahiaeconomica.com.br\/wp\/2025\/06\/03\/simm-oferece-281-vagas-para-esta-quinta-feira-5\/","title":{"rendered":"SIMM OFERECE 281 VAGAS PARA ESTA QUINTA-FEIRA (5)"},"content":{"rendered":"<p>O Servi\u00e7o Municipal de Intermedia\u00e7\u00e3o de M\u00e3o de Obra (Simm) oferece 281 vagas de emprego e est\u00e1gio em Salvador para esta quinta-feira (5). Os candidatos dever\u00e3o acessar o site http:\/\/salvadordigital.salvador.ba.gov.br para agendar o atendimento, a partir das 17h30.<\/p>\n<p>Em caso de defici\u00eancia visual, os candidatos devem entrar em contato pelo n\u00famero (71) 3202-2005 para fazer o agendamento. O atendimento est\u00e1 sendo realizado de forma h\u00edbrida, ou seja, de forma presencial e remota, via WhatsApp \u2013 a escolha \u00e9 no momento do agendamento.<\/p>\n<p>No caso das vagas que exigem experi\u00eancia, o tempo de servi\u00e7o deve ser comprovado em carteira de trabalho.<\/p>\n<p><strong>VAGAS:<\/strong><\/p>\n<p><strong>Operador de loja (regime intermitente)<\/strong><\/p>\n<p>Requisitos: Ensino m\u00e9dio completo, sem experi\u00eancia, disponibilidade de hor\u00e1rio. Conforme a Nova Lei Trabalhista, a forma de contrata\u00e7\u00e3o ser\u00e1 por Regime Intermitente.<\/p>\n<p>Sal\u00e1rio: a combinar + benef\u00edcios<\/p>\n<p>Vagas: 15<\/p>\n<p><strong>Operador de telemarketing ativo<\/strong><\/p>\n<p>Requisitos: Ensino m\u00e9dio completo, sem experi\u00eancia, conhecimento em inform\u00e1tica e boa dic\u00e7\u00e3o.<\/p>\n<p>Sal\u00e1rio: a combinar + benef\u00edcios<\/p>\n<p>Vagas: 4<\/p>\n<p><strong>Operador de loja (regime intermitente)<\/strong><\/p>\n<p>Requisitos: Ensino m\u00e9dio completo, sem experi\u00eancia, disponibilidade de hor\u00e1rio.<\/p>\n<p>Conforme a Nova Lei Trabalhista, a contrata\u00e7\u00e3o ser\u00e1 por regime intermitente.<\/p>\n<p>Sal\u00e1rio: a combinar + benef\u00edcios<\/p>\n<p>Vagas: 15<\/p>\n<p><strong>Teleoperador (vaga de est\u00e1gio)<\/strong><\/p>\n<p>Requisitos: Ensino superior incompleto em Marketing (cursando entre o 1\u00ba e o 5\u00ba semestre), sem experi\u00eancia.<\/p>\n<p>Sal\u00e1rio: a combinar + benef\u00edcios<\/p>\n<p>Vagas: 2<\/p>\n<p><strong>Atendente de telemarketing<\/strong><\/p>\n<p>Requisitos: Ensino m\u00e9dio completo, sem experi\u00eancia, conhecimento de inform\u00e1tica, possuir computador ou notebook para treinamento online, disponibilidade de hor\u00e1rio (manh\u00e3, tarde ou noite), desej\u00e1vel habilidade com vendas.<\/p>\n<p>Sal\u00e1rio: a combinar + benef\u00edcios<\/p>\n<p>Vagas: 45<\/p>\n<p><strong>Operador de telemarketing ativo e receptivo<\/strong><\/p>\n<p>Requisitos: Ensino m\u00e9dio completo, sem experi\u00eancia, boa dic\u00e7\u00e3o, conhecimento de inform\u00e1tica em n\u00edvel intermedi\u00e1rio<\/p>\n<p>Sal\u00e1rio: a combinar + benef\u00edcios<\/p>\n<p>Vagas: 110<\/p>\n<p><strong>Pintor de ve\u00edculos<\/strong><\/p>\n<p>Requisitos: Ensino fundamental completo, seis meses de experi\u00eancia<\/p>\n<p>Sal\u00e1rio: a combinar + benef\u00edcios<\/p>\n<p>Vagas: 1<\/p>\n<p><strong>Conferente de mercadorias<\/strong><\/p>\n<p>Requisitos: Ensino m\u00e9dio completo, seis meses de experi\u00eancia, desej\u00e1vel conhecimento em material de limpeza e equipamentos.<\/p>\n<p>Sal\u00e1rio: R$2.335,00 + benef\u00edcios<\/p>\n<p>Vagas: 1<\/p>\n<p><strong>Pedreiro<\/strong><\/p>\n<p>Requisitos: Ensino fundamental completo, seis meses de experi\u00eancia.<\/p>\n<p>Sal\u00e1rio: a combinar + benef\u00edcios<\/p>\n<p>Vagas: 3<\/p>\n<p><strong>Auxiliar de limpeza pesada<\/strong><\/p>\n<p>Requisitos: Ensino m\u00e9dio completo, seis meses de experi\u00eancia, desej\u00e1vel experi\u00eancia em hospital e disponibilidade para carregar peso.<\/p>\n<p>Sal\u00e1rio: R$1.540,00 + benef\u00edcios<\/p>\n<p>Vagas: 4<\/p>\n<p><strong>Assistente jur\u00eddico<\/strong><\/p>\n<p>Requisitos: Ensino m\u00e9dio completo, seis meses de experi\u00eancia, imprescind\u00edvel conhecimento em licita\u00e7\u00e3o.<\/p>\n<p>Sal\u00e1rio: R$2.279,78 + benef\u00edcios<\/p>\n<p>Vagas: 1<\/p>\n<p><strong>Assistente de contas m\u00e9dicas<\/strong><\/p>\n<p>Requisitos: Ensino superior incompleto em Administra\u00e7\u00e3o (cursando a partir do 3\u00ba semestre \u00e0 noite), seis meses de experi\u00eancia, conhecimento em Pacote Office.<\/p>\n<p>Sal\u00e1rio: R$1.728,98 + benef\u00edcios<\/p>\n<p>Vagas: 1<\/p>\n<p><strong>Caixa de restaurante<\/strong><\/p>\n<p>Requisitos: Ensino m\u00e9dio completo, seis meses de experi\u00eancia, disponibilidade de hor\u00e1rio. Vaga zoneada para: Pernambu\u00e9s, Nordeste de Amaralina, Rio Vermelho, Vale das Pedrinhas, Boca do Rio, Patamares, Bairro da Paz, Pitua\u00e7u e Mussurunga<\/p>\n<p>Sal\u00e1rio: a combinar + benef\u00edcios<\/p>\n<p>Vagas: 3<\/p>\n<p><strong>Gar\u00e7om<\/strong><\/p>\n<p>Requisitos: Ensino m\u00e9dio completo, seis meses de experi\u00eancia, disponibilidade de hor\u00e1rio.<\/p>\n<p>Vaga zoneada para: Pernambu\u00e9s, Nordeste de Amaralina, Rio Vermelho, Vale das Pedrinhas, Boca do Rio, Patamares, Bairro da Paz, Pitua\u00e7u e Mussurunga.<\/p>\n<p>Sal\u00e1rio: a combinar + benef\u00edcios<\/p>\n<p>Vagas: 3<\/p>\n<p><strong>Ajudante de cozinha<\/strong><\/p>\n<p>Requisitos: Ensino m\u00e9dio completo, seis meses de experi\u00eancia, disponibilidade de hor\u00e1rio e para carregar peso. Vaga zoneada para: Pernambu\u00e9s, Nordeste de Amaralina, Rio Vermelho, Vale das Pedrinhas, Boca do Rio, Patamares, Bairro da Paz, Pitua\u00e7u e Mussurunga.<\/p>\n<p>Sal\u00e1rio: a combinar + benef\u00edcios<\/p>\n<p>Vagas: 3<\/p>\n<p><strong>T\u00e9cnico de enfermagem (Unidade de Terapia Intensiva \u2013 vaga tempor\u00e1ria)<\/strong><\/p>\n<p>Requisitos: Ensino m\u00e9dio completo, seis meses de experi\u00eancia, Coren ativo, imprescind\u00edvel ter atuado em UTI.<\/p>\n<p>Sal\u00e1rio: R$3.297,32 + benef\u00edcios<\/p>\n<p>Vagas: 1<\/p>\n<p><strong>Auxiliar de lavanderia<\/strong><\/p>\n<p>Requisitos: Ensino fundamental completo, seis meses de experi\u00eancia.<\/p>\n<p>Sal\u00e1rio: a combinar + benef\u00edcios<\/p>\n<p>Vagas: 1<\/p>\n<p><strong>Eletricista (regime intermitente)<\/strong><\/p>\n<p>Requisitos: Ensino fundamental completo, seis meses de experi\u00eancia, curso na \u00e1rea, disponibilidade para viajar.<\/p>\n<p>Sal\u00e1rio: R$2.455,70 + benef\u00edcios<\/p>\n<p>Vagas: 2<\/p>\n<p><strong>Encanador (regime intermitente)<\/strong><\/p>\n<p>Requisitos: Ensino fundamental completo, seis meses de experi\u00eancia, disponibilidade para viajar.<\/p>\n<p>Sal\u00e1rio: 2.455,70 + benef\u00edcios<\/p>\n<p>Vagas: 2<\/p>\n<p><strong>Ajudante de pedreiro (regime intermitente)<\/strong><\/p>\n<p>Requisitos: Ensino fundamental completo, seis meses de experi\u00eancia, disponibilidade para viajar.<\/p>\n<p>Sal\u00e1rio: R$1.620,00 + benef\u00edcios<\/p>\n<p>Vagas: 5<\/p>\n<p><strong>Pedreiro (regime intermitente)<\/strong><\/p>\n<p>Requisitos: Ensino fundamental completo, seis meses de experi\u00eancia, disponibilidade para viajar.<\/p>\n<p>Sal\u00e1rio: R$2.455,70 + benef\u00edcios<\/p>\n<p>Vagas: 2<\/p>\n<p><strong>Pintor de obras (regime intermitente)<\/strong><\/p>\n<p>Requisitos: Ensino fundamental completo, seis meses de experi\u00eancia, disponibilidade para viajar.<\/p>\n<p>Sal\u00e1rio: a combinar + benef\u00edcios<\/p>\n<p>Vagas: 2<\/p>\n<p><strong>Mec\u00e2nico de ve\u00edculo a diesel<\/strong><\/p>\n<p>Requisitos: Ensino m\u00e9dio completo, seis meses de experi\u00eancia, imprescind\u00edvel ter experi\u00eancia com ve\u00edculos Mercedes Benz e manuten\u00e7\u00e3o el\u00e9trica.<\/p>\n<p>Sal\u00e1rio: R$2.372,03 + benef\u00edcios<\/p>\n<p>Vagas: 1<\/p>\n<p><strong>Gar\u00e7om<\/strong><\/p>\n<p>Requisitos: Ensino m\u00e9dio completo, seis meses de experi\u00eancia.<\/p>\n<p>Sal\u00e1rio: a combinar + benef\u00edcios<\/p>\n<p>Vagas: 1<\/p>\n<p><strong>Auxiliar de mec\u00e2nico de autom\u00f3veis<\/strong><\/p>\n<p>Requisitos: Ensino fundamental completo, seis meses de experi\u00eancia.<\/p>\n<p>Sal\u00e1rio: R$1.700,00 + benef\u00edcios<\/p>\n<p>Vagas: 2<\/p>\n<p><strong>Motorista de \u00f4nibus (regime intermitente)<\/strong><\/p>\n<p>Requisitos: Ensino m\u00e9dio completo, seis meses de experi\u00eancia, CNH D, experi\u00eancia com empresas de fretamento, curso de condutor de passageiro atualizado. Contrata\u00e7\u00e3o conforme a Nova Lei Trabalhista, em regime intermitente.<\/p>\n<p>Sal\u00e1rio: a combinar + benef\u00edcios<\/p>\n<p>Vagas: 6<\/p>\n<p><strong>Auxiliar de limpeza pesada (vaga tempor\u00e1ria)<\/strong><\/p>\n<p>Requisitos: Ensino fundamental completo, tr\u00eas meses de experi\u00eancia, disponibilidade para carregar peso e trabalhar na regi\u00e3o do Costa Azul.<\/p>\n<p>Sal\u00e1rio: R$1.530,00 + benef\u00edcios<\/p>\n<p>Vagas: 1<\/p>\n<p><strong>Consultor de vendas (regime MEI)<\/strong><\/p>\n<p>Requisitos: Ensino m\u00e9dio completo, seis meses de experi\u00eancia com vendas. Contrata\u00e7\u00e3o conforme a Nova Lei Trabalhista, via MEI (Microempreendedor Individual).<\/p>\n<p>Sal\u00e1rio: R$2.000,00 + comiss\u00e3o<\/p>\n<p>Vagas: 1<\/p>\n<p><strong>Auxiliar de Recursos Humanos<\/strong><\/p>\n<p>Requisitos: Ensino m\u00e9dio completo, seis meses de experi\u00eancia, imprescind\u00edvel ter experi\u00eancia com departamento pessoal (folha de pagamento, ponto eletr\u00f4nico, admiss\u00e3o, rescis\u00e3o, f\u00e9rias, INSS, FGTS e E-Social) e rotinas. administrativas.<\/p>\n<p>Sal\u00e1rio: R$1.781,30 + transporte<\/p>\n<p>Vagas: 1<\/p>\n<p><strong>Mec\u00e2nico de manuten\u00e7\u00e3o de \u00f4nibus<\/strong><\/p>\n<p>Requisitos: Ensino m\u00e9dio completo, seis meses de experi\u00eancia, possuir CNH D.<\/p>\n<p>Sal\u00e1rio: R$2.250,00 + benef\u00edcios<\/p>\n<p>Vagas: 1<\/p>\n<p><strong>Agente de portaria<\/strong><\/p>\n<p>Requisitos: Ensino m\u00e9dio completo, seis meses de experi\u00eancia, conhecimento em inform\u00e1tica.<\/p>\n<p>Sal\u00e1rio: a combinar + benef\u00edcios<\/p>\n<p>Vagas: 10<\/p>\n<p><strong>Auxiliar de cr\u00e9dito<\/strong><\/p>\n<p>Requisitos: Ensino m\u00e9dio completo, seis meses de experi\u00eancia, conhecimento do Pacote Office.<\/p>\n<p>Sal\u00e1rio: R$1.581,00 + benef\u00edcios<\/p>\n<p>Vagas: 5<\/p>\n<p><strong>Auxiliar de limpeza<\/strong><\/p>\n<p>Requisitos: Ensino m\u00e9dio completo, seis meses de experi\u00eancia, vaga zoneada para as regi\u00f5es de Cama\u00e7ari, Sim\u00f5es Filho e Dias D&#8217;\u00c1vila.<\/p>\n<p>Sal\u00e1rio: a combinar + benef\u00edcios<\/p>\n<p>Vagas: 1<\/p>\n<p><strong>Dedetizador<\/strong><\/p>\n<p>Requisitos: Ensino fundamental completo, seis meses de experi\u00eancia.<\/p>\n<p>Sal\u00e1rio: a combinar + benef\u00edcios<\/p>\n<p>Vagas: 1<\/p>\n<p><strong>Barman<\/strong><\/p>\n<p>Requisitos: Ensino fundamental completo, tr\u00eas meses de experi\u00eancia, disponibilidade para trabalhar \u00e0 noite, vaga zoneada para moradores de Jaguaribe, Bairro da Paz, Itapu\u00e3 e regi\u00e3o.<\/p>\n<p>Sal\u00e1rio: a combinar + benef\u00edcios<\/p>\n<p>Vagas: 1<\/p>\n<p><strong>Copeiro (vaga exclusiva para pessoas com defici\u00eancia)<\/strong><\/p>\n<p>Requisitos: Ensino m\u00e9dio completo, sem experi\u00eancia. Curso na \u00e1rea.<\/p>\n<p>Sal\u00e1rio: a combinar + benef\u00edcios<\/p>\n<p>Vagas: 3<\/p>\n<p><strong>Auxiliar de limpeza (vaga exclusiva para pessoas com defici\u00eancia)<\/strong><\/p>\n<p>Requisitos: Ensino m\u00e9dio completo, sem experi\u00eancia.<\/p>\n<p>Sal\u00e1rio: a combinar + benef\u00edcios<\/p>\n<p>Vagas: 3<\/p>\n<p><strong>Maqueiro (vaga exclusiva para pessoas com defici\u00eancia)<\/strong><\/p>\n<p>Requisitos: Ensino m\u00e9dio completo, sem experi\u00eancia.<\/p>\n<p>Sal\u00e1rio: a combinar + benef\u00edcios<\/p>\n<p>Vagas: 3<\/p>\n<p><strong>Auxiliar administrativo (vaga exclusiva para pessoas com defici\u00eancia)<\/strong><\/p>\n<p>Requisitos: Ensino m\u00e9dio completo, sem experi\u00eancia.<\/p>\n<p>Sal\u00e1rio: a combinar + benef\u00edcios<\/p>\n<p>Vagas: 3<\/p>\n<p><strong>Auxiliar de limpeza (vaga exclusiva para pessoas com defici\u00eancia)<\/strong><\/p>\n<p>Requisitos: Ensino m\u00e9dio completo, seis meses de experi\u00eancia.<\/p>\n<p>Sal\u00e1rio: a combinar + benef\u00edcios<\/p>\n<p>Vagas: 1<\/p>\n<p><strong>Orientador de tr\u00e1fego (vaga exclusiva para pessoas com defici\u00eancia)<\/strong><\/p>\n<p>Requisitos: Ensino m\u00e9dio completo, seis meses de experi\u00eancia.<\/p>\n<p>Sal\u00e1rio: a combinar + benef\u00edcios<\/p>\n<p>Vagas: 1<\/p>\n<p><strong>Auxiliar administrativo (vaga exclusiva para pessoas com defici\u00eancia)<\/strong><\/p>\n<p>Requisitos: Ensino m\u00e9dio completo, seis meses de experi\u00eancia.<\/p>\n<p>Sal\u00e1rio: a combinar + benef\u00edcios<\/p>\n<p>Vagas: 1<\/p>\n<p><strong>Auxiliar de manuten\u00e7\u00e3o predial (vaga exclusiva para pessoas com defici\u00eancia)<\/strong><\/p>\n<p>Requisitos: Ensino m\u00e9dio completo, seis meses de experi\u00eancia.<\/p>\n<p>Sal\u00e1rio: a combinar + benef\u00edcios<\/p>\n<p>Vagas: 2<\/p>\n<p><strong>Assistente administrativo (vaga exclusiva para pessoas com defici\u00eancia)<\/strong><\/p>\n<p>Requisitos: Ensino m\u00e9dio completo, seis meses de experi\u00eancia.<\/p>\n<p>Sal\u00e1rio: R$1.600,00 + benef\u00edcios<\/p>\n<p>Vagas: 1<\/p>\n<p><strong>Auxiliar de limpeza (vaga exclusiva para pessoas com defici\u00eancia)<\/strong><\/p>\n<p>Requisitos: Ensino fundamental completo, seis meses de experi\u00eancia.<\/p>\n<p>Sal\u00e1rio: R$1.518,00 + benef\u00edcios<\/p>\n<p>Vagas: 1<\/p>\n<p><strong>Estoquista (vaga exclusiva para pessoas com defici\u00eancia)<\/strong><\/p>\n<p>Requisitos: Ensino m\u00e9dio completo, seis meses de experi\u00eancia.<\/p>\n<p>Sal\u00e1rio: R$1.664,00 + benef\u00edcios<\/p>\n<p>Vagas: 1<\/p>\n<p><strong>Auxiliar de engenharia civil (vaga exclusiva para pessoas com defici\u00eancia)<\/strong><\/p>\n<p>Requisitos: Ensino superior incompleto em Engenharia Civil (cursando a partir do 3\u00ba semestre \u00e0 noite), seis meses de experi\u00eancia, conhecimento em Pacote Office.<\/p>\n<p>Sal\u00e1rio: R$1.518,00 + benef\u00edcios<\/p>\n<p>Vagas: 1<\/p>\n<p><strong>Auxiliar de limpeza (vaga exclusiva para pessoas com defici\u00eancia)<\/strong><\/p>\n<p>Requisitos: Ensino fundamental completo, seis meses de experi\u00eancia.<\/p>\n<p>Sal\u00e1rio: R$1.518,00 + benef\u00edcios<\/p>\n<p>Vagas: 2<\/p>\n","protected":false},"excerpt":{"rendered":"<p>O Servi\u00e7o Municipal de Intermedia\u00e7\u00e3o de M\u00e3o de Obra (Simm) oferece 281 vagas de emprego e est\u00e1gio em Salvador para esta quinta-feira (5). Os candidatos dever\u00e3o acessar o site http:\/\/salvadordigital.salvador.ba.gov.br para agendar o atendimento, a partir das 17h30. Em caso de defici\u00eancia visual, os candidatos devem entrar em contato pelo n\u00famero (71) 3202-2005 para fazer [&hellip;]<\/p>\n","protected":false},"author":24,"featured_media":848355,"comment_status":"closed","ping_status":"closed","sticky":false,"template":"","format":"standard","meta":[],"categories":[8],"tags":[174,1174,1013],"acf":[],"yoast_head":"<!-- This site is optimized with the Yoast SEO plugin v20.8 - https:\/\/yoast.com\/wordpress\/plugins\/seo\/ -->\n<title>SIMM OFERECE 281 VAGAS PARA ESTA QUINTA-FEIRA (5) - Bahia Economica O Servi\u00e7o Municipal de Intermedia\u00e7\u00e3o de M\u00e3o de Obra (Simm) oferece 281 vagas de emprego e est\u00e1gio em Salvador<\/title>\n<meta name=\"description\" content=\"O maior portal de Economia da Bahia EMPREGOS \/ CONCURSOS Bahia Economica O Servi\u00e7o Municipal de Intermedia\u00e7\u00e3o de M\u00e3o de Obra (Simm) oferece 281 vagas de emprego e est\u00e1gio em Salvador\" \/>\n<meta name=\"robots\" content=\"index, follow, max-snippet:-1, max-image-preview:large, max-video-preview:-1\" \/>\n<link rel=\"canonical\" href=\"https:\/\/bahiaeconomica.com.br\/wp\/2025\/06\/03\/simm-oferece-281-vagas-para-esta-quinta-feira-5\/\" \/>\n<meta property=\"og:locale\" content=\"pt_BR\" \/>\n<meta property=\"og:type\" content=\"article\" \/>\n<meta property=\"og:title\" content=\"SIMM OFERECE 281 VAGAS PARA ESTA QUINTA-FEIRA (5) - Bahia Economica O Servi\u00e7o Municipal de Intermedia\u00e7\u00e3o de M\u00e3o de Obra (Simm) oferece 281 vagas de emprego e est\u00e1gio em Salvador\" \/>\n<meta property=\"og:description\" content=\"O maior portal de Economia da Bahia EMPREGOS \/ CONCURSOS Bahia Economica O Servi\u00e7o Municipal de Intermedia\u00e7\u00e3o de M\u00e3o de Obra (Simm) oferece 281 vagas de emprego e est\u00e1gio em Salvador\" \/>\n<meta property=\"og:url\" content=\"https:\/\/bahiaeconomica.com.br\/wp\/2025\/06\/03\/simm-oferece-281-vagas-para-esta-quinta-feira-5\/\" \/>\n<meta property=\"og:site_name\" content=\"Bahia Economica\" \/>\n<meta property=\"article:publisher\" content=\"https:\/\/www.facebook.com\/bahiaeconomica\" \/>\n<meta property=\"article:published_time\" content=\"2025-06-03T10:18:38+00:00\" \/>\n<meta property=\"article:modified_time\" content=\"2025-06-06T10:36:10+00:00\" \/>\n<meta property=\"og:image\" content=\"https:\/\/bahiaeconomica.com.br\/wp\/wp-content\/uploads\/2024\/09\/Confira-as-mais-de-230-vagas-oferecidas-pelo-Simm-0128913800202409300616-ScaleDownProportional.webp\" \/>\n\t<meta property=\"og:image:width\" content=\"984\" \/>\n\t<meta property=\"og:image:height\" content=\"657\" \/>\n\t<meta property=\"og:image:type\" content=\"image\/webp\" \/>\n<meta name=\"author\" content=\"VICTOR OLIVEIRA\" \/>\n<meta name=\"twitter:card\" content=\"summary_large_image\" \/>\n<meta name=\"twitter:label1\" content=\"Escrito por\" \/>\n\t<meta name=\"twitter:data1\" content=\"VICTOR OLIVEIRA\" \/>\n\t<meta name=\"twitter:label2\" content=\"Est. tempo de leitura\" \/>\n\t<meta name=\"twitter:data2\" content=\"8 minutos\" \/>\n<script type=\"application\/ld+json\" class=\"yoast-schema-graph\">{\"@context\":\"https:\/\/schema.org\",\"@graph\":[{\"@type\":\"Article\",\"@id\":\"https:\/\/bahiaeconomica.com.br\/wp\/2025\/06\/03\/simm-oferece-281-vagas-para-esta-quinta-feira-5\/#article\",\"isPartOf\":{\"@id\":\"https:\/\/bahiaeconomica.com.br\/wp\/2025\/06\/03\/simm-oferece-281-vagas-para-esta-quinta-feira-5\/\"},\"author\":{\"name\":\"VICTOR OLIVEIRA\",\"@id\":\"https:\/\/bahiaeconomica.com.br\/wp\/#\/schema\/person\/a17956d0e1112b626f403fb06b8129a9\"},\"headline\":\"SIMM OFERECE 281 VAGAS PARA ESTA QUINTA-FEIRA (5)\",\"datePublished\":\"2025-06-03T10:18:38+00:00\",\"dateModified\":\"2025-06-06T10:36:10+00:00\",\"mainEntityOfPage\":{\"@id\":\"https:\/\/bahiaeconomica.com.br\/wp\/2025\/06\/03\/simm-oferece-281-vagas-para-esta-quinta-feira-5\/\"},\"wordCount\":1535,\"publisher\":{\"@id\":\"https:\/\/bahiaeconomica.com.br\/wp\/#organization\"},\"keywords\":[\"emprego\",\"simm\",\"vagas\"],\"articleSection\":[\"EMPREGOS \/ CONCURSOS\"],\"inLanguage\":\"pt-BR\"},{\"@type\":\"WebPage\",\"@id\":\"https:\/\/bahiaeconomica.com.br\/wp\/2025\/06\/03\/simm-oferece-281-vagas-para-esta-quinta-feira-5\/\",\"url\":\"https:\/\/bahiaeconomica.com.br\/wp\/2025\/06\/03\/simm-oferece-281-vagas-para-esta-quinta-feira-5\/\",\"name\":\"SIMM OFERECE 281 VAGAS PARA ESTA QUINTA-FEIRA (5) - Bahia Economica O Servi\u00e7o Municipal de Intermedia\u00e7\u00e3o de M\u00e3o de Obra (Simm) oferece 281 vagas de emprego e est\u00e1gio em Salvador\",\"isPartOf\":{\"@id\":\"https:\/\/bahiaeconomica.com.br\/wp\/#website\"},\"datePublished\":\"2025-06-03T10:18:38+00:00\",\"dateModified\":\"2025-06-06T10:36:10+00:00\",\"description\":\"O maior portal de Economia da Bahia EMPREGOS \/ CONCURSOS Bahia Economica O Servi\u00e7o Municipal de Intermedia\u00e7\u00e3o de M\u00e3o de Obra (Simm) oferece 281 vagas de emprego e est\u00e1gio em Salvador\",\"breadcrumb\":{\"@id\":\"https:\/\/bahiaeconomica.com.br\/wp\/2025\/06\/03\/simm-oferece-281-vagas-para-esta-quinta-feira-5\/#breadcrumb\"},\"inLanguage\":\"pt-BR\",\"potentialAction\":[{\"@type\":\"ReadAction\",\"target\":[\"https:\/\/bahiaeconomica.com.br\/wp\/2025\/06\/03\/simm-oferece-281-vagas-para-esta-quinta-feira-5\/\"]}]},{\"@type\":\"BreadcrumbList\",\"@id\":\"https:\/\/bahiaeconomica.com.br\/wp\/2025\/06\/03\/simm-oferece-281-vagas-para-esta-quinta-feira-5\/#breadcrumb\",\"itemListElement\":[{\"@type\":\"ListItem\",\"position\":1,\"name\":\"In\u00edcio\",\"item\":\"https:\/\/bahiaeconomica.com.br\/wp\/\"},{\"@type\":\"ListItem\",\"position\":2,\"name\":\"SIMM OFERECE 281 VAGAS PARA ESTA QUINTA-FEIRA (5)\"}]},{\"@type\":\"WebSite\",\"@id\":\"https:\/\/bahiaeconomica.com.br\/wp\/#website\",\"url\":\"https:\/\/bahiaeconomica.com.br\/wp\/\",\"name\":\"Bahia Economica\",\"description\":\"O maior portal de Economia da Bahia\",\"publisher\":{\"@id\":\"https:\/\/bahiaeconomica.com.br\/wp\/#organization\"},\"potentialAction\":[{\"@type\":\"SearchAction\",\"target\":{\"@type\":\"EntryPoint\",\"urlTemplate\":\"https:\/\/bahiaeconomica.com.br\/wp\/?s={search_term_string}\"},\"query-input\":\"required name=search_term_string\"}],\"inLanguage\":\"pt-BR\"},{\"@type\":\"Organization\",\"@id\":\"https:\/\/bahiaeconomica.com.br\/wp\/#organization\",\"name\":\"Bahia Econ\u00f4mica\",\"url\":\"https:\/\/bahiaeconomica.com.br\/wp\/\",\"logo\":{\"@type\":\"ImageObject\",\"inLanguage\":\"pt-BR\",\"@id\":\"https:\/\/bahiaeconomica.com.br\/wp\/#\/schema\/logo\/image\/\",\"url\":\"https:\/\/bahiaeconomica.com.br\/wp\/wp-content\/uploads\/2020\/12\/cropped-BE.png\",\"contentUrl\":\"https:\/\/bahiaeconomica.com.br\/wp\/wp-content\/uploads\/2020\/12\/cropped-BE.png\",\"width\":512,\"height\":512,\"caption\":\"Bahia Econ\u00f4mica\"},\"image\":{\"@id\":\"https:\/\/bahiaeconomica.com.br\/wp\/#\/schema\/logo\/image\/\"},\"sameAs\":[\"https:\/\/www.facebook.com\/bahiaeconomica\"]},{\"@type\":\"Person\",\"@id\":\"https:\/\/bahiaeconomica.com.br\/wp\/#\/schema\/person\/a17956d0e1112b626f403fb06b8129a9\",\"name\":\"VICTOR OLIVEIRA\",\"sameAs\":[\"http:\/\/www.bahiaeconomica.com.br\"],\"url\":\"https:\/\/bahiaeconomica.com.br\/wp\/author\/victor-oliveira\/\"}]}<\/script>\n<!-- \/ Yoast SEO plugin. -->","yoast_head_json":{"title":"SIMM OFERECE 281 VAGAS PARA ESTA QUINTA-FEIRA (5) - Bahia Economica O Servi\u00e7o Municipal de Intermedia\u00e7\u00e3o de M\u00e3o de Obra (Simm) oferece 281 vagas de emprego e est\u00e1gio em Salvador","description":"O maior portal de Economia da Bahia EMPREGOS \/ CONCURSOS Bahia Economica O Servi\u00e7o Municipal de Intermedia\u00e7\u00e3o de M\u00e3o de Obra (Simm) oferece 281 vagas de emprego e est\u00e1gio em Salvador","robots":{"index":"index","follow":"follow","max-snippet":"max-snippet:-1","max-image-preview":"max-image-preview:large","max-video-preview":"max-video-preview:-1"},"canonical":"https:\/\/bahiaeconomica.com.br\/wp\/2025\/06\/03\/simm-oferece-281-vagas-para-esta-quinta-feira-5\/","og_locale":"pt_BR","og_type":"article","og_title":"SIMM OFERECE 281 VAGAS PARA ESTA QUINTA-FEIRA (5) - Bahia Economica O Servi\u00e7o Municipal de Intermedia\u00e7\u00e3o de M\u00e3o de Obra (Simm) oferece 281 vagas de emprego e est\u00e1gio em Salvador","og_description":"O maior portal de Economia da Bahia EMPREGOS \/ CONCURSOS Bahia Economica O Servi\u00e7o Municipal de Intermedia\u00e7\u00e3o de M\u00e3o de Obra (Simm) oferece 281 vagas de emprego e est\u00e1gio em Salvador","og_url":"https:\/\/bahiaeconomica.com.br\/wp\/2025\/06\/03\/simm-oferece-281-vagas-para-esta-quinta-feira-5\/","og_site_name":"Bahia Economica","article_publisher":"https:\/\/www.facebook.com\/bahiaeconomica","article_published_time":"2025-06-03T10:18:38+00:00","article_modified_time":"2025-06-06T10:36:10+00:00","og_image":[{"width":984,"height":657,"url":"https:\/\/bahiaeconomica.com.br\/wp\/wp-content\/uploads\/2024\/09\/Confira-as-mais-de-230-vagas-oferecidas-pelo-Simm-0128913800202409300616-ScaleDownProportional.webp","type":"image\/webp"}],"author":"VICTOR OLIVEIRA","twitter_card":"summary_large_image","twitter_misc":{"Escrito por":"VICTOR OLIVEIRA","Est. tempo de leitura":"8 minutos"},"schema":{"@context":"https:\/\/schema.org","@graph":[{"@type":"Article","@id":"https:\/\/bahiaeconomica.com.br\/wp\/2025\/06\/03\/simm-oferece-281-vagas-para-esta-quinta-feira-5\/#article","isPartOf":{"@id":"https:\/\/bahiaeconomica.com.br\/wp\/2025\/06\/03\/simm-oferece-281-vagas-para-esta-quinta-feira-5\/"},"author":{"name":"VICTOR OLIVEIRA","@id":"https:\/\/bahiaeconomica.com.br\/wp\/#\/schema\/person\/a17956d0e1112b626f403fb06b8129a9"},"headline":"SIMM OFERECE 281 VAGAS PARA ESTA QUINTA-FEIRA (5)","datePublished":"2025-06-03T10:18:38+00:00","dateModified":"2025-06-06T10:36:10+00:00","mainEntityOfPage":{"@id":"https:\/\/bahiaeconomica.com.br\/wp\/2025\/06\/03\/simm-oferece-281-vagas-para-esta-quinta-feira-5\/"},"wordCount":1535,"publisher":{"@id":"https:\/\/bahiaeconomica.com.br\/wp\/#organization"},"keywords":["emprego","simm","vagas"],"articleSection":["EMPREGOS \/ CONCURSOS"],"inLanguage":"pt-BR"},{"@type":"WebPage","@id":"https:\/\/bahiaeconomica.com.br\/wp\/2025\/06\/03\/simm-oferece-281-vagas-para-esta-quinta-feira-5\/","url":"https:\/\/bahiaeconomica.com.br\/wp\/2025\/06\/03\/simm-oferece-281-vagas-para-esta-quinta-feira-5\/","name":"SIMM OFERECE 281 VAGAS PARA ESTA QUINTA-FEIRA (5) - Bahia Economica O Servi\u00e7o Municipal de Intermedia\u00e7\u00e3o de M\u00e3o de Obra (Simm) oferece 281 vagas de emprego e est\u00e1gio em Salvador","isPartOf":{"@id":"https:\/\/bahiaeconomica.com.br\/wp\/#website"},"datePublished":"2025-06-03T10:18:38+00:00","dateModified":"2025-06-06T10:36:10+00:00","description":"O maior portal de Economia da Bahia EMPREGOS \/ CONCURSOS Bahia Economica O Servi\u00e7o Municipal de Intermedia\u00e7\u00e3o de M\u00e3o de Obra (Simm) oferece 281 vagas de emprego e est\u00e1gio em Salvador","breadcrumb":{"@id":"https:\/\/bahiaeconomica.com.br\/wp\/2025\/06\/03\/simm-oferece-281-vagas-para-esta-quinta-feira-5\/#breadcrumb"},"inLanguage":"pt-BR","potentialAction":[{"@type":"ReadAction","target":["https:\/\/bahiaeconomica.com.br\/wp\/2025\/06\/03\/simm-oferece-281-vagas-para-esta-quinta-feira-5\/"]}]},{"@type":"BreadcrumbList","@id":"https:\/\/bahiaeconomica.com.br\/wp\/2025\/06\/03\/simm-oferece-281-vagas-para-esta-quinta-feira-5\/#breadcrumb","itemListElement":[{"@type":"ListItem","position":1,"name":"In\u00edcio","item":"https:\/\/bahiaeconomica.com.br\/wp\/"},{"@type":"ListItem","position":2,"name":"SIMM OFERECE 281 VAGAS PARA ESTA QUINTA-FEIRA (5)"}]},{"@type":"WebSite","@id":"https:\/\/bahiaeconomica.com.br\/wp\/#website","url":"https:\/\/bahiaeconomica.com.br\/wp\/","name":"Bahia Economica","description":"O maior portal de Economia da Bahia","publisher":{"@id":"https:\/\/bahiaeconomica.com.br\/wp\/#organization"},"potentialAction":[{"@type":"SearchAction","target":{"@type":"EntryPoint","urlTemplate":"https:\/\/bahiaeconomica.com.br\/wp\/?s={search_term_string}"},"query-input":"required name=search_term_string"}],"inLanguage":"pt-BR"},{"@type":"Organization","@id":"https:\/\/bahiaeconomica.com.br\/wp\/#organization","name":"Bahia Econ\u00f4mica","url":"https:\/\/bahiaeconomica.com.br\/wp\/","logo":{"@type":"ImageObject","inLanguage":"pt-BR","@id":"https:\/\/bahiaeconomica.com.br\/wp\/#\/schema\/logo\/image\/","url":"https:\/\/bahiaeconomica.com.br\/wp\/wp-content\/uploads\/2020\/12\/cropped-BE.png","contentUrl":"https:\/\/bahiaeconomica.com.br\/wp\/wp-content\/uploads\/2020\/12\/cropped-BE.png","width":512,"height":512,"caption":"Bahia Econ\u00f4mica"},"image":{"@id":"https:\/\/bahiaeconomica.com.br\/wp\/#\/schema\/logo\/image\/"},"sameAs":["https:\/\/www.facebook.com\/bahiaeconomica"]},{"@type":"Person","@id":"https:\/\/bahiaeconomica.com.br\/wp\/#\/schema\/person\/a17956d0e1112b626f403fb06b8129a9","name":"VICTOR OLIVEIRA","sameAs":["http:\/\/www.bahiaeconomica.com.br"],"url":"https:\/\/bahiaeconomica.com.br\/wp\/author\/victor-oliveira\/"}]}},"views":861,"_links":{"self":[{"href":"https:\/\/bahiaeconomica.com.br\/wp\/wp-json\/wp\/v2\/posts\/908718"}],"collection":[{"href":"https:\/\/bahiaeconomica.com.br\/wp\/wp-json\/wp\/v2\/posts"}],"about":[{"href":"https:\/\/bahiaeconomica.com.br\/wp\/wp-json\/wp\/v2\/types\/post"}],"author":[{"embeddable":true,"href":"https:\/\/bahiaeconomica.com.br\/wp\/wp-json\/wp\/v2\/users\/24"}],"replies":[{"embeddable":true,"href":"https:\/\/bahiaeconomica.com.br\/wp\/wp-json\/wp\/v2\/comments?post=908718"}],"version-history":[{"count":1,"href":"https:\/\/bahiaeconomica.com.br\/wp\/wp-json\/wp\/v2\/posts\/908718\/revisions"}],"predecessor-version":[{"id":908720,"href":"https:\/\/bahiaeconomica.com.br\/wp\/wp-json\/wp\/v2\/posts\/908718\/revisions\/908720"}],"wp:featuredmedia":[{"embeddable":true,"href":"https:\/\/bahiaeconomica.com.br\/wp\/wp-json\/wp\/v2\/media\/848355"}],"wp:attachment":[{"href":"https:\/\/bahiaeconomica.com.br\/wp\/wp-json\/wp\/v2\/media?parent=908718"}],"wp:term":[{"taxonomy":"category","embeddable":true,"href":"https:\/\/bahiaeconomica.com.br\/wp\/wp-json\/wp\/v2\/categories?post=908718"},{"taxonomy":"post_tag","embeddable":true,"href":"https:\/\/bahiaeconomica.com.br\/wp\/wp-json\/wp\/v2\/tags?post=908718"}],"curies":[{"name":"wp","href":"https:\/\/api.w.org\/{rel}","templated":true}]}}