{"id":908397,"date":"2025-06-03T19:12:17","date_gmt":"2025-06-03T22:12:17","guid":{"rendered":"https:\/\/bahiaeconomica.com.br\/wp\/?p=908397"},"modified":"2025-06-03T19:12:17","modified_gmt":"2025-06-03T22:12:17","slug":"producao-de-oleo-e-gas-do-pre-sal-bate-recorde-em-abril-2","status":"publish","type":"post","link":"https:\/\/bahiaeconomica.com.br\/wp\/2025\/06\/03\/producao-de-oleo-e-gas-do-pre-sal-bate-recorde-em-abril-2\/","title":{"rendered":"PRODU\u00c7\u00c3O DE \u00d3LEO E G\u00c1S DO PR\u00c9-SAL BATE RECORDE EM ABRIL"},"content":{"rendered":"<p>A produ\u00e7\u00e3o nacional de petr\u00f3leo e g\u00e1s natural atingiu, em abril deste ano, um volume recorde de 3,734 milh\u00f5es de barris de \u00f3leo equivalente por dia (boe\/d) de petr\u00f3leo e g\u00e1s natural.<\/p>\n<p>Segundo a Ag\u00eancia Nacional do Petr\u00f3leo, G\u00e1s Natural e Biocombust\u00edveis (ANP), o volume \u00e9 0,5% maior que o registrado em mar\u00e7o e 18,3% superior ao observado em abril de 2024.<\/p>\n<p>Considerando-se apenas o petr\u00f3leo, a produ\u00e7\u00e3o di\u00e1ria chegou a 2,895 milh\u00f5es de barris em abril deste ano, ou seja, 0,4% acima de mar\u00e7o deste ano e 16,4% a mais que em abril de 2024. J\u00e1 a produ\u00e7\u00e3o de g\u00e1s natural chegou a 133,33 milh\u00f5es de metros c\u00fabicos por dia (m\u00b3\/d), superior em 0,8% ao m\u00eas anterior e em 25,6% ao mesmo per\u00edodo do ano passado.<\/p>\n<p>N\u00fameros<br \/>\nA produ\u00e7\u00e3o total de petr\u00f3leo e g\u00e1s do Brasil, considerando-se campos do pr\u00e9-sal, p\u00f3s-sal e em terra, chegou a 4,689 milh\u00f5es de barris de \u00f3leo equivalente por dia. Ou seja, a produ\u00e7\u00e3o do pr\u00e9-sal representou 79,6% do total da produ\u00e7\u00e3o nacional destes hidrocarbonetos.<\/p>\n<p>A produ\u00e7\u00e3o total de petr\u00f3leo chegou 3,632 milh\u00f5es de barris por dia, um aumento de 0,3% na compara\u00e7\u00e3o com o m\u00eas anterior (mar\u00e7o) e de 13,7% em rela\u00e7\u00e3o ao mesmo m\u00eas de 2024. A m\u00e9dia di\u00e1ria de g\u00e1s natural em todos os campos do pa\u00eds chegou a 168,01 milh\u00f5es de m\u00b3\/d, altas de 1,5% ante mar\u00e7o e de 22,9% em rela\u00e7\u00e3o a abril de 2024.<\/p>\n<p>O aproveitamento de g\u00e1s natural foi de 97,1%. Do total extra\u00eddo do subsolo, 4,98 milh\u00f5es de m\u00b3\/d foram queimados sem ser aproveitados, 13,6% a menos que em mar\u00e7o deste ano. Na compara\u00e7\u00e3o com abril do ano passado, no entanto, houve aumento de 25,5%.<\/p>\n<p>Em abril deste ano, os campos operados pela Petrobras &#8211; sozinha ou em cons\u00f3rcio com outras empresas &#8211; foram respons\u00e1veis por 89,76% do total produzido. O campo de Tupi, no pr\u00e9-sal da Bacia de Santos, foi o maior produtor do pa\u00eds, com m\u00e9dia di\u00e1ria de 783,91 mil barris de petr\u00f3leo (21,6% do total) e 39,81 milh\u00f5es de m\u00b3\/d de g\u00e1s natural (23,2% do total).<\/p>\n<p>Fonte: Ag\u00eancia Brasil<\/p>\n<p>Foto: T\u00e2nia R\u00eago\/Ag\u00eancia Brasil<\/p>\n","protected":false},"excerpt":{"rendered":"<p>A produ\u00e7\u00e3o nacional de petr\u00f3leo e g\u00e1s natural atingiu, em abril deste ano, um volume recorde de 3,734 milh\u00f5es de barris de \u00f3leo equivalente por dia (boe\/d) de petr\u00f3leo e g\u00e1s natural. Segundo a Ag\u00eancia Nacional do Petr\u00f3leo, G\u00e1s Natural e Biocombust\u00edveis (ANP), o volume \u00e9 0,5% maior que o registrado em mar\u00e7o e 18,3% [&hellip;]<\/p>\n","protected":false},"author":24,"featured_media":908398,"comment_status":"closed","ping_status":"closed","sticky":false,"template":"","format":"standard","meta":[],"categories":[3],"tags":[2398,710,1241],"acf":[],"yoast_head":"<!-- This site is optimized with the Yoast SEO plugin v20.8 - https:\/\/yoast.com\/wordpress\/plugins\/seo\/ -->\n<title>PRODU\u00c7\u00c3O DE \u00d3LEO E G\u00c1S DO PR\u00c9-SAL BATE RECORDE EM ABRIL - Bahia Economica A produ\u00e7\u00e3o nacional de petr\u00f3leo e g\u00e1s natural atingiu, em abril deste ano, um volume recorde de 3,734 milh\u00f5es de barris de \u00f3leo equivalente por dia (boe\/d) de petr\u00f3leo e g\u00e1s natural.<\/title>\n<meta name=\"description\" content=\"O maior portal de Economia da Bahia ECONOMIA \/ POL\u00cdTICA Bahia Economica A produ\u00e7\u00e3o nacional de petr\u00f3leo e g\u00e1s natural atingiu, em abril deste ano, um volume recorde de 3,734 milh\u00f5es de barris de \u00f3leo equivalente por dia (boe\/d) de petr\u00f3leo e g\u00e1s natural.\" \/>\n<meta name=\"robots\" content=\"index, follow, max-snippet:-1, max-image-preview:large, max-video-preview:-1\" \/>\n<link rel=\"canonical\" href=\"https:\/\/bahiaeconomica.com.br\/wp\/2025\/06\/03\/producao-de-oleo-e-gas-do-pre-sal-bate-recorde-em-abril-2\/\" \/>\n<meta property=\"og:locale\" content=\"pt_BR\" \/>\n<meta property=\"og:type\" content=\"article\" \/>\n<meta property=\"og:title\" content=\"PRODU\u00c7\u00c3O DE \u00d3LEO E G\u00c1S DO PR\u00c9-SAL BATE RECORDE EM ABRIL - Bahia Economica A produ\u00e7\u00e3o nacional de petr\u00f3leo e g\u00e1s natural atingiu, em abril deste ano, um volume recorde de 3,734 milh\u00f5es de barris de \u00f3leo equivalente por dia (boe\/d) de petr\u00f3leo e g\u00e1s natural.\" \/>\n<meta property=\"og:description\" content=\"O maior portal de Economia da Bahia ECONOMIA \/ POL\u00cdTICA Bahia Economica A produ\u00e7\u00e3o nacional de petr\u00f3leo e g\u00e1s natural atingiu, em abril deste ano, um volume recorde de 3,734 milh\u00f5es de barris de \u00f3leo equivalente por dia (boe\/d) de petr\u00f3leo e g\u00e1s natural.\" \/>\n<meta property=\"og:url\" content=\"https:\/\/bahiaeconomica.com.br\/wp\/2025\/06\/03\/producao-de-oleo-e-gas-do-pre-sal-bate-recorde-em-abril-2\/\" \/>\n<meta property=\"og:site_name\" content=\"Bahia Economica\" \/>\n<meta property=\"article:publisher\" content=\"https:\/\/www.facebook.com\/bahiaeconomica\" \/>\n<meta property=\"article:published_time\" content=\"2025-06-03T22:12:17+00:00\" \/>\n<meta property=\"og:image\" content=\"https:\/\/bahiaeconomica.com.br\/wp\/wp-content\/uploads\/2025\/06\/53220205329_3158d05eb1_o-1.webp\" \/>\n\t<meta property=\"og:image:width\" content=\"1170\" \/>\n\t<meta property=\"og:image:height\" content=\"700\" \/>\n\t<meta property=\"og:image:type\" content=\"image\/webp\" \/>\n<meta name=\"author\" content=\"VICTOR OLIVEIRA\" \/>\n<meta name=\"twitter:card\" content=\"summary_large_image\" \/>\n<meta name=\"twitter:label1\" content=\"Escrito por\" \/>\n\t<meta name=\"twitter:data1\" content=\"VICTOR OLIVEIRA\" \/>\n\t<meta name=\"twitter:label2\" content=\"Est. tempo de leitura\" \/>\n\t<meta name=\"twitter:data2\" content=\"2 minutos\" \/>\n<script type=\"application\/ld+json\" class=\"yoast-schema-graph\">{\"@context\":\"https:\/\/schema.org\",\"@graph\":[{\"@type\":\"Article\",\"@id\":\"https:\/\/bahiaeconomica.com.br\/wp\/2025\/06\/03\/producao-de-oleo-e-gas-do-pre-sal-bate-recorde-em-abril-2\/#article\",\"isPartOf\":{\"@id\":\"https:\/\/bahiaeconomica.com.br\/wp\/2025\/06\/03\/producao-de-oleo-e-gas-do-pre-sal-bate-recorde-em-abril-2\/\"},\"author\":{\"name\":\"VICTOR OLIVEIRA\",\"@id\":\"https:\/\/bahiaeconomica.com.br\/wp\/#\/schema\/person\/a17956d0e1112b626f403fb06b8129a9\"},\"headline\":\"PRODU\u00c7\u00c3O DE \u00d3LEO E G\u00c1S DO PR\u00c9-SAL BATE RECORDE EM ABRIL\",\"datePublished\":\"2025-06-03T22:12:17+00:00\",\"dateModified\":\"2025-06-03T22:12:17+00:00\",\"mainEntityOfPage\":{\"@id\":\"https:\/\/bahiaeconomica.com.br\/wp\/2025\/06\/03\/producao-de-oleo-e-gas-do-pre-sal-bate-recorde-em-abril-2\/\"},\"wordCount\":404,\"publisher\":{\"@id\":\"https:\/\/bahiaeconomica.com.br\/wp\/#organization\"},\"keywords\":[\"pre-sal\",\"produ\u00e7\u00e3o\",\"recorde\"],\"articleSection\":[\"ECONOMIA \/ POL\u00cdTICA\"],\"inLanguage\":\"pt-BR\"},{\"@type\":\"WebPage\",\"@id\":\"https:\/\/bahiaeconomica.com.br\/wp\/2025\/06\/03\/producao-de-oleo-e-gas-do-pre-sal-bate-recorde-em-abril-2\/\",\"url\":\"https:\/\/bahiaeconomica.com.br\/wp\/2025\/06\/03\/producao-de-oleo-e-gas-do-pre-sal-bate-recorde-em-abril-2\/\",\"name\":\"PRODU\u00c7\u00c3O DE \u00d3LEO E G\u00c1S DO PR\u00c9-SAL BATE RECORDE EM ABRIL - Bahia Economica A produ\u00e7\u00e3o nacional de petr\u00f3leo e g\u00e1s natural atingiu, em abril deste ano, um volume recorde de 3,734 milh\u00f5es de barris de \u00f3leo equivalente por dia (boe\/d) de petr\u00f3leo e g\u00e1s natural.\",\"isPartOf\":{\"@id\":\"https:\/\/bahiaeconomica.com.br\/wp\/#website\"},\"datePublished\":\"2025-06-03T22:12:17+00:00\",\"dateModified\":\"2025-06-03T22:12:17+00:00\",\"description\":\"O maior portal de Economia da Bahia ECONOMIA \/ POL\u00cdTICA Bahia Economica A produ\u00e7\u00e3o nacional de petr\u00f3leo e g\u00e1s natural atingiu, em abril deste ano, um volume recorde de 3,734 milh\u00f5es de barris de \u00f3leo equivalente por dia (boe\/d) de petr\u00f3leo e g\u00e1s natural.\",\"breadcrumb\":{\"@id\":\"https:\/\/bahiaeconomica.com.br\/wp\/2025\/06\/03\/producao-de-oleo-e-gas-do-pre-sal-bate-recorde-em-abril-2\/#breadcrumb\"},\"inLanguage\":\"pt-BR\",\"potentialAction\":[{\"@type\":\"ReadAction\",\"target\":[\"https:\/\/bahiaeconomica.com.br\/wp\/2025\/06\/03\/producao-de-oleo-e-gas-do-pre-sal-bate-recorde-em-abril-2\/\"]}]},{\"@type\":\"BreadcrumbList\",\"@id\":\"https:\/\/bahiaeconomica.com.br\/wp\/2025\/06\/03\/producao-de-oleo-e-gas-do-pre-sal-bate-recorde-em-abril-2\/#breadcrumb\",\"itemListElement\":[{\"@type\":\"ListItem\",\"position\":1,\"name\":\"In\u00edcio\",\"item\":\"https:\/\/bahiaeconomica.com.br\/wp\/\"},{\"@type\":\"ListItem\",\"position\":2,\"name\":\"PRODU\u00c7\u00c3O DE \u00d3LEO E G\u00c1S DO PR\u00c9-SAL BATE RECORDE EM ABRIL\"}]},{\"@type\":\"WebSite\",\"@id\":\"https:\/\/bahiaeconomica.com.br\/wp\/#website\",\"url\":\"https:\/\/bahiaeconomica.com.br\/wp\/\",\"name\":\"Bahia Economica\",\"description\":\"O maior portal de Economia da Bahia\",\"publisher\":{\"@id\":\"https:\/\/bahiaeconomica.com.br\/wp\/#organization\"},\"potentialAction\":[{\"@type\":\"SearchAction\",\"target\":{\"@type\":\"EntryPoint\",\"urlTemplate\":\"https:\/\/bahiaeconomica.com.br\/wp\/?s={search_term_string}\"},\"query-input\":\"required name=search_term_string\"}],\"inLanguage\":\"pt-BR\"},{\"@type\":\"Organization\",\"@id\":\"https:\/\/bahiaeconomica.com.br\/wp\/#organization\",\"name\":\"Bahia Econ\u00f4mica\",\"url\":\"https:\/\/bahiaeconomica.com.br\/wp\/\",\"logo\":{\"@type\":\"ImageObject\",\"inLanguage\":\"pt-BR\",\"@id\":\"https:\/\/bahiaeconomica.com.br\/wp\/#\/schema\/logo\/image\/\",\"url\":\"https:\/\/bahiaeconomica.com.br\/wp\/wp-content\/uploads\/2020\/12\/cropped-BE.png\",\"contentUrl\":\"https:\/\/bahiaeconomica.com.br\/wp\/wp-content\/uploads\/2020\/12\/cropped-BE.png\",\"width\":512,\"height\":512,\"caption\":\"Bahia Econ\u00f4mica\"},\"image\":{\"@id\":\"https:\/\/bahiaeconomica.com.br\/wp\/#\/schema\/logo\/image\/\"},\"sameAs\":[\"https:\/\/www.facebook.com\/bahiaeconomica\"]},{\"@type\":\"Person\",\"@id\":\"https:\/\/bahiaeconomica.com.br\/wp\/#\/schema\/person\/a17956d0e1112b626f403fb06b8129a9\",\"name\":\"VICTOR OLIVEIRA\",\"sameAs\":[\"http:\/\/www.bahiaeconomica.com.br\"],\"url\":\"https:\/\/bahiaeconomica.com.br\/wp\/author\/victor-oliveira\/\"}]}<\/script>\n<!-- \/ Yoast SEO plugin. -->","yoast_head_json":{"title":"PRODU\u00c7\u00c3O DE \u00d3LEO E G\u00c1S DO PR\u00c9-SAL BATE RECORDE EM ABRIL - Bahia Economica A produ\u00e7\u00e3o nacional de petr\u00f3leo e g\u00e1s natural atingiu, em abril deste ano, um volume recorde de 3,734 milh\u00f5es de barris de \u00f3leo equivalente por dia (boe\/d) de petr\u00f3leo e g\u00e1s natural.","description":"O maior portal de Economia da Bahia ECONOMIA \/ POL\u00cdTICA Bahia Economica A produ\u00e7\u00e3o nacional de petr\u00f3leo e g\u00e1s natural atingiu, em abril deste ano, um volume recorde de 3,734 milh\u00f5es de barris de \u00f3leo equivalente por dia (boe\/d) de petr\u00f3leo e g\u00e1s natural.","robots":{"index":"index","follow":"follow","max-snippet":"max-snippet:-1","max-image-preview":"max-image-preview:large","max-video-preview":"max-video-preview:-1"},"canonical":"https:\/\/bahiaeconomica.com.br\/wp\/2025\/06\/03\/producao-de-oleo-e-gas-do-pre-sal-bate-recorde-em-abril-2\/","og_locale":"pt_BR","og_type":"article","og_title":"PRODU\u00c7\u00c3O DE \u00d3LEO E G\u00c1S DO PR\u00c9-SAL BATE RECORDE EM ABRIL - Bahia Economica A produ\u00e7\u00e3o nacional de petr\u00f3leo e g\u00e1s natural atingiu, em abril deste ano, um volume recorde de 3,734 milh\u00f5es de barris de \u00f3leo equivalente por dia (boe\/d) de petr\u00f3leo e g\u00e1s natural.","og_description":"O maior portal de Economia da Bahia ECONOMIA \/ POL\u00cdTICA Bahia Economica A produ\u00e7\u00e3o nacional de petr\u00f3leo e g\u00e1s natural atingiu, em abril deste ano, um volume recorde de 3,734 milh\u00f5es de barris de \u00f3leo equivalente por dia (boe\/d) de petr\u00f3leo e g\u00e1s natural.","og_url":"https:\/\/bahiaeconomica.com.br\/wp\/2025\/06\/03\/producao-de-oleo-e-gas-do-pre-sal-bate-recorde-em-abril-2\/","og_site_name":"Bahia Economica","article_publisher":"https:\/\/www.facebook.com\/bahiaeconomica","article_published_time":"2025-06-03T22:12:17+00:00","og_image":[{"width":1170,"height":700,"url":"https:\/\/bahiaeconomica.com.br\/wp\/wp-content\/uploads\/2025\/06\/53220205329_3158d05eb1_o-1.webp","type":"image\/webp"}],"author":"VICTOR OLIVEIRA","twitter_card":"summary_large_image","twitter_misc":{"Escrito por":"VICTOR OLIVEIRA","Est. tempo de leitura":"2 minutos"},"schema":{"@context":"https:\/\/schema.org","@graph":[{"@type":"Article","@id":"https:\/\/bahiaeconomica.com.br\/wp\/2025\/06\/03\/producao-de-oleo-e-gas-do-pre-sal-bate-recorde-em-abril-2\/#article","isPartOf":{"@id":"https:\/\/bahiaeconomica.com.br\/wp\/2025\/06\/03\/producao-de-oleo-e-gas-do-pre-sal-bate-recorde-em-abril-2\/"},"author":{"name":"VICTOR OLIVEIRA","@id":"https:\/\/bahiaeconomica.com.br\/wp\/#\/schema\/person\/a17956d0e1112b626f403fb06b8129a9"},"headline":"PRODU\u00c7\u00c3O DE \u00d3LEO E G\u00c1S DO PR\u00c9-SAL BATE RECORDE EM ABRIL","datePublished":"2025-06-03T22:12:17+00:00","dateModified":"2025-06-03T22:12:17+00:00","mainEntityOfPage":{"@id":"https:\/\/bahiaeconomica.com.br\/wp\/2025\/06\/03\/producao-de-oleo-e-gas-do-pre-sal-bate-recorde-em-abril-2\/"},"wordCount":404,"publisher":{"@id":"https:\/\/bahiaeconomica.com.br\/wp\/#organization"},"keywords":["pre-sal","produ\u00e7\u00e3o","recorde"],"articleSection":["ECONOMIA \/ POL\u00cdTICA"],"inLanguage":"pt-BR"},{"@type":"WebPage","@id":"https:\/\/bahiaeconomica.com.br\/wp\/2025\/06\/03\/producao-de-oleo-e-gas-do-pre-sal-bate-recorde-em-abril-2\/","url":"https:\/\/bahiaeconomica.com.br\/wp\/2025\/06\/03\/producao-de-oleo-e-gas-do-pre-sal-bate-recorde-em-abril-2\/","name":"PRODU\u00c7\u00c3O DE \u00d3LEO E G\u00c1S DO PR\u00c9-SAL BATE RECORDE EM ABRIL - Bahia Economica A produ\u00e7\u00e3o nacional de petr\u00f3leo e g\u00e1s natural atingiu, em abril deste ano, um volume recorde de 3,734 milh\u00f5es de barris de \u00f3leo equivalente por dia (boe\/d) de petr\u00f3leo e g\u00e1s natural.","isPartOf":{"@id":"https:\/\/bahiaeconomica.com.br\/wp\/#website"},"datePublished":"2025-06-03T22:12:17+00:00","dateModified":"2025-06-03T22:12:17+00:00","description":"O maior portal de Economia da Bahia ECONOMIA \/ POL\u00cdTICA Bahia Economica A produ\u00e7\u00e3o nacional de petr\u00f3leo e g\u00e1s natural atingiu, em abril deste ano, um volume recorde de 3,734 milh\u00f5es de barris de \u00f3leo equivalente por dia (boe\/d) de petr\u00f3leo e g\u00e1s natural.","breadcrumb":{"@id":"https:\/\/bahiaeconomica.com.br\/wp\/2025\/06\/03\/producao-de-oleo-e-gas-do-pre-sal-bate-recorde-em-abril-2\/#breadcrumb"},"inLanguage":"pt-BR","potentialAction":[{"@type":"ReadAction","target":["https:\/\/bahiaeconomica.com.br\/wp\/2025\/06\/03\/producao-de-oleo-e-gas-do-pre-sal-bate-recorde-em-abril-2\/"]}]},{"@type":"BreadcrumbList","@id":"https:\/\/bahiaeconomica.com.br\/wp\/2025\/06\/03\/producao-de-oleo-e-gas-do-pre-sal-bate-recorde-em-abril-2\/#breadcrumb","itemListElement":[{"@type":"ListItem","position":1,"name":"In\u00edcio","item":"https:\/\/bahiaeconomica.com.br\/wp\/"},{"@type":"ListItem","position":2,"name":"PRODU\u00c7\u00c3O DE \u00d3LEO E G\u00c1S DO PR\u00c9-SAL BATE RECORDE EM ABRIL"}]},{"@type":"WebSite","@id":"https:\/\/bahiaeconomica.com.br\/wp\/#website","url":"https:\/\/bahiaeconomica.com.br\/wp\/","name":"Bahia Economica","description":"O maior portal de Economia da Bahia","publisher":{"@id":"https:\/\/bahiaeconomica.com.br\/wp\/#organization"},"potentialAction":[{"@type":"SearchAction","target":{"@type":"EntryPoint","urlTemplate":"https:\/\/bahiaeconomica.com.br\/wp\/?s={search_term_string}"},"query-input":"required name=search_term_string"}],"inLanguage":"pt-BR"},{"@type":"Organization","@id":"https:\/\/bahiaeconomica.com.br\/wp\/#organization","name":"Bahia Econ\u00f4mica","url":"https:\/\/bahiaeconomica.com.br\/wp\/","logo":{"@type":"ImageObject","inLanguage":"pt-BR","@id":"https:\/\/bahiaeconomica.com.br\/wp\/#\/schema\/logo\/image\/","url":"https:\/\/bahiaeconomica.com.br\/wp\/wp-content\/uploads\/2020\/12\/cropped-BE.png","contentUrl":"https:\/\/bahiaeconomica.com.br\/wp\/wp-content\/uploads\/2020\/12\/cropped-BE.png","width":512,"height":512,"caption":"Bahia Econ\u00f4mica"},"image":{"@id":"https:\/\/bahiaeconomica.com.br\/wp\/#\/schema\/logo\/image\/"},"sameAs":["https:\/\/www.facebook.com\/bahiaeconomica"]},{"@type":"Person","@id":"https:\/\/bahiaeconomica.com.br\/wp\/#\/schema\/person\/a17956d0e1112b626f403fb06b8129a9","name":"VICTOR OLIVEIRA","sameAs":["http:\/\/www.bahiaeconomica.com.br"],"url":"https:\/\/bahiaeconomica.com.br\/wp\/author\/victor-oliveira\/"}]}},"views":5,"_links":{"self":[{"href":"https:\/\/bahiaeconomica.com.br\/wp\/wp-json\/wp\/v2\/posts\/908397"}],"collection":[{"href":"https:\/\/bahiaeconomica.com.br\/wp\/wp-json\/wp\/v2\/posts"}],"about":[{"href":"https:\/\/bahiaeconomica.com.br\/wp\/wp-json\/wp\/v2\/types\/post"}],"author":[{"embeddable":true,"href":"https:\/\/bahiaeconomica.com.br\/wp\/wp-json\/wp\/v2\/users\/24"}],"replies":[{"embeddable":true,"href":"https:\/\/bahiaeconomica.com.br\/wp\/wp-json\/wp\/v2\/comments?post=908397"}],"version-history":[{"count":1,"href":"https:\/\/bahiaeconomica.com.br\/wp\/wp-json\/wp\/v2\/posts\/908397\/revisions"}],"predecessor-version":[{"id":908399,"href":"https:\/\/bahiaeconomica.com.br\/wp\/wp-json\/wp\/v2\/posts\/908397\/revisions\/908399"}],"wp:featuredmedia":[{"embeddable":true,"href":"https:\/\/bahiaeconomica.com.br\/wp\/wp-json\/wp\/v2\/media\/908398"}],"wp:attachment":[{"href":"https:\/\/bahiaeconomica.com.br\/wp\/wp-json\/wp\/v2\/media?parent=908397"}],"wp:term":[{"taxonomy":"category","embeddable":true,"href":"https:\/\/bahiaeconomica.com.br\/wp\/wp-json\/wp\/v2\/categories?post=908397"},{"taxonomy":"post_tag","embeddable":true,"href":"https:\/\/bahiaeconomica.com.br\/wp\/wp-json\/wp\/v2\/tags?post=908397"}],"curies":[{"name":"wp","href":"https:\/\/api.w.org\/{rel}","templated":true}]}}