{"id":907903,"date":"2025-06-02T15:49:57","date_gmt":"2025-06-02T18:49:57","guid":{"rendered":"https:\/\/bahiaeconomica.com.br\/wp\/?p=907903"},"modified":"2025-06-02T15:49:57","modified_gmt":"2025-06-02T18:49:57","slug":"mpba-e-prefeitura-lancam-campanha-de-combate-a-poluicao-sonora-em-salvador","status":"publish","type":"post","link":"https:\/\/bahiaeconomica.com.br\/wp\/2025\/06\/02\/mpba-e-prefeitura-lancam-campanha-de-combate-a-poluicao-sonora-em-salvador\/","title":{"rendered":"MPBA E PREFEITURA LAN\u00c7AM CAMPANHA DE COMBATE \u00c0 POLUI\u00c7\u00c3O SONORA EM SALVADOR"},"content":{"rendered":"<p class=\"rtejustify\">O Minist\u00e9rio P\u00fablico do Estado da Bahia (MPBA) e a Prefeitura de Salvador lan\u00e7aram uma campanha conjunta de conscientiza\u00e7\u00e3o, que visa o combate \u00e0 polui\u00e7\u00e3o sonora na cidade. Quem circula pela capital baiana tem visto, desde o \u00faltimo s\u00e1bado (31), outdoors e outras pe\u00e7as publicit\u00e1rias destacando os efeitos nocivos do som exageradamente alto para a popula\u00e7\u00e3o. Ele pode causar estresse e dor de cabe\u00e7a, principalmente em pessoas idosas, beb\u00eas, crian\u00e7as e adultos autistas, al\u00e9m de assustar animais.<\/p>\n<p class=\"rtejustify\">Segundo a Secretaria Municipal de Desenvolvimento Urbano (Sedur), at\u00e9 25 de maio deste ano, j\u00e1 foram registradas 10.688 den\u00fancias de polui\u00e7\u00e3o sonora e 360 equipamentos foram apreendidos na cidade. Em 2024, foram cerca de 23 mil den\u00fancias \u2013 m\u00e9dia de 63 reclama\u00e7\u00f5es por dia \u2013 e 594 aparelhos recolhidos.<\/p>\n<p class=\"rtejustify\">A gerente de fiscaliza\u00e7\u00e3o sonora da Sedur, M\u00e1rcia Cardim, explica que ve\u00edculos automotores s\u00e3o os mais denunciados. Em seguida, aparecem estabelecimentos comerciais e resid\u00eancias. H\u00e1 casos de polui\u00e7\u00e3o sonora em frente a hospitais, o que \u00e9 proibido por lei, e situa\u00e7\u00f5es em que os pr\u00f3prios familiares denunciam o desrespeito.<\/p>\n<p class=\"rtejustify\">\u201cN\u00e3o \u00e9 s\u00f3 incomodo, \u00e9 uma quest\u00e3o de sa\u00fade p\u00fablica. A polui\u00e7\u00e3o sonora \u00e9 todo ru\u00eddo que gera desconforto e que interfere na comunica\u00e7\u00e3o. O poder p\u00fablico vem fazendo o seu papel fiscalizando e \u00e9 importante tamb\u00e9m que o cidad\u00e3o se conscientize sobre a necessidade de respeitar o espa\u00e7o do outro, promovendo assim um ambiente mais harmonioso\u201d, explica a gerente de fiscaliza\u00e7\u00e3o.<\/p>\n<p class=\"rtejustify\">A promotora Hort\u00eansia Gomes Pinho, da Promotoria de Justi\u00e7a do Meio Ambiente e Habita\u00e7\u00e3o e Urbanismo do MPBA, explica que a polui\u00e7\u00e3o sonora lidera a lista de reclama\u00e7\u00f5es na Promotoria e registra que \u00e9 preciso ter mais empatia pelo pr\u00f3ximo. \u201cSabemos que esse \u00e9 um tema delicado, porque a economia da cidade \u00e9 voltada para eventos musicais, e n\u00e3o estamos falando que n\u00e3o pode ter eventos dessa natureza. O que estamos buscando \u00e9 garantir paz e lazer coexistindo harmonicamente. Tem a ver com solidariedade e respeito\u201d, afirmou Hort\u00eansia Pinho.<\/p>\n<p class=\"rtejustify\">A campanha \u00e9 veiculada em outdoor, em cinco mega pain\u00e9is, e-truck, bike door, pain\u00e9is de led, circuito digital da Lapa, nas ruas e nos elevadores residenciais e comerciais. A diretora de Publicidade da Prefeitura de Salvador, Lilia Lopes, destacou a import\u00e2ncia da a\u00e7\u00e3o: \u201cEm parceria com o Minist\u00e9rio P\u00fablico, a Prefeitura lan\u00e7a essa campanha com o objetivo de mostrar como o barulho afeta a vida das pessoas e como cada um pode contribuir para o bom conv\u00edvio. Entendemos que a educa\u00e7\u00e3o \u00e9 o caminho para transformar comportamentos&#8221;.<\/p>\n<p class=\"rtejustify\"><strong>Palestras<\/strong><\/p>\n<p class=\"rtejustify\">No m\u00eas que o planeta celebra o Dia do Meio Ambiente, 5 de junho, o MP e a Prefeitura v\u00e3o realizar a\u00e7\u00f5es para ampliar o debate e conscientiza\u00e7\u00e3o a polui\u00e7\u00e3o sonora e suas consequ\u00eancias. &#8220;A polui\u00e7\u00e3o sonora \u00e9 um problema de sa\u00fade e ordem p\u00fablica, mas tamb\u00e9m ambiental. O excesso de ru\u00eddo pode causar danos \u00e0 sa\u00fade humana, ao meio ambiente e ao patrim\u00f4nio hist\u00f3rico da cidade&#8221;, explica a promotora. Entre as iniciativas est\u00e3o um semin\u00e1rio aberto ao p\u00fablico, na sede do MPBA, e uma exposi\u00e7\u00e3o de equipamentos sonoros apreendidos durante as opera\u00e7\u00f5es. Datas a confirmar.<\/p>\n<p class=\"rtejustify\"><strong>Fiscaliza\u00e7\u00e3o<\/strong><\/p>\n<p class=\"rtejustify\">Todos os finais de semana acontece a Opera\u00e7\u00e3o S\u00edlere, uma a\u00e7\u00e3o integrada entre a Sedur, pol\u00edcias Militar e Civil e a Superintend\u00eancia de Tr\u00e2nsito de Salvador (Transalvador), que tem como objetivo intensificar a fiscaliza\u00e7\u00e3o no combate \u00e0 polui\u00e7\u00e3o sonora na capital.<\/p>\n<p class=\"rtejustify\"><strong>Como denunciar<\/strong><\/p>\n<p class=\"rtejustify\">Polui\u00e7\u00e3o sonora \u00e9 crime e pode resultar em multa e pris\u00e3o de um a quatro anos. Para o cidad\u00e3o ou estabelecimento que for flagrado infringindo a lei, a multa varia de R$1.211,73 a R$201.788,90 e os equipamentos sonoros poder\u00e3o ser apreendidos. Den\u00fancias podem ser feitas por meio do Disque Salvador 156 ou nos canais de atendimento do Minist\u00e9rio P\u00fablico da Bahia: telefone 127 e\u00a0<a href=\"http:\/\/www.atendimento.mpba.mp.br\/\">www.atendimento.mpba.mp.br<\/a><\/p>\n<p>Foto: Reprodu\u00e7\u00e3o<\/p>\n","protected":false},"excerpt":{"rendered":"<p>O Minist\u00e9rio P\u00fablico do Estado da Bahia (MPBA) e a Prefeitura de Salvador lan\u00e7aram uma campanha conjunta de conscientiza\u00e7\u00e3o, que visa o combate \u00e0 polui\u00e7\u00e3o sonora na cidade. Quem circula pela capital baiana tem visto, desde o \u00faltimo s\u00e1bado (31), outdoors e outras pe\u00e7as publicit\u00e1rias destacando os efeitos nocivos do som exageradamente alto para a [&hellip;]<\/p>\n","protected":false},"author":24,"featured_media":580605,"comment_status":"closed","ping_status":"closed","sticky":false,"template":"","format":"standard","meta":[],"categories":[5],"tags":[7044,5423,75],"acf":[],"yoast_head":"<!-- This site is optimized with the Yoast SEO plugin v20.8 - https:\/\/yoast.com\/wordpress\/plugins\/seo\/ -->\n<title>MPBA E PREFEITURA LAN\u00c7AM CAMPANHA DE COMBATE \u00c0 POLUI\u00c7\u00c3O SONORA EM SALVADOR - Bahia Economica O Minist\u00e9rio P\u00fablico do Estado da Bahia (MPBA) e a Prefeitura de Salvador lan\u00e7aram uma campanha conjunta de conscientiza\u00e7\u00e3o, que visa o combate \u00e0 polui\u00e7\u00e3o sonora na cidade.<\/title>\n<meta name=\"description\" content=\"O maior portal de Economia da Bahia MUNIC\u00cdPIOS Bahia Economica O Minist\u00e9rio P\u00fablico do Estado da Bahia (MPBA) e a Prefeitura de Salvador lan\u00e7aram uma campanha conjunta de conscientiza\u00e7\u00e3o, que visa o combate \u00e0 polui\u00e7\u00e3o sonora na cidade.\" \/>\n<meta name=\"robots\" content=\"index, follow, max-snippet:-1, max-image-preview:large, max-video-preview:-1\" \/>\n<link rel=\"canonical\" href=\"https:\/\/bahiaeconomica.com.br\/wp\/2025\/06\/02\/mpba-e-prefeitura-lancam-campanha-de-combate-a-poluicao-sonora-em-salvador\/\" \/>\n<meta property=\"og:locale\" content=\"pt_BR\" \/>\n<meta property=\"og:type\" content=\"article\" \/>\n<meta property=\"og:title\" content=\"MPBA E PREFEITURA LAN\u00c7AM CAMPANHA DE COMBATE \u00c0 POLUI\u00c7\u00c3O SONORA EM SALVADOR - Bahia Economica O Minist\u00e9rio P\u00fablico do Estado da Bahia (MPBA) e a Prefeitura de Salvador lan\u00e7aram uma campanha conjunta de conscientiza\u00e7\u00e3o, que visa o combate \u00e0 polui\u00e7\u00e3o sonora na cidade.\" \/>\n<meta property=\"og:description\" content=\"O maior portal de Economia da Bahia MUNIC\u00cdPIOS Bahia Economica O Minist\u00e9rio P\u00fablico do Estado da Bahia (MPBA) e a Prefeitura de Salvador lan\u00e7aram uma campanha conjunta de conscientiza\u00e7\u00e3o, que visa o combate \u00e0 polui\u00e7\u00e3o sonora na cidade.\" \/>\n<meta property=\"og:url\" content=\"https:\/\/bahiaeconomica.com.br\/wp\/2025\/06\/02\/mpba-e-prefeitura-lancam-campanha-de-combate-a-poluicao-sonora-em-salvador\/\" \/>\n<meta property=\"og:site_name\" content=\"Bahia Economica\" \/>\n<meta property=\"article:publisher\" content=\"https:\/\/www.facebook.com\/bahiaeconomica\" \/>\n<meta property=\"article:published_time\" content=\"2025-06-02T18:49:57+00:00\" \/>\n<meta property=\"og:image\" content=\"https:\/\/bahiaeconomica.com.br\/wp\/wp-content\/uploads\/2021\/07\/Poluicao-sonora-2.jpg\" \/>\n\t<meta property=\"og:image:width\" content=\"500\" \/>\n\t<meta property=\"og:image:height\" content=\"300\" \/>\n\t<meta property=\"og:image:type\" content=\"image\/jpeg\" \/>\n<meta name=\"author\" content=\"VICTOR OLIVEIRA\" \/>\n<meta name=\"twitter:card\" content=\"summary_large_image\" \/>\n<meta name=\"twitter:label1\" content=\"Escrito por\" \/>\n\t<meta name=\"twitter:data1\" content=\"VICTOR OLIVEIRA\" \/>\n\t<meta name=\"twitter:label2\" content=\"Est. tempo de leitura\" \/>\n\t<meta name=\"twitter:data2\" content=\"4 minutos\" \/>\n<script type=\"application\/ld+json\" class=\"yoast-schema-graph\">{\"@context\":\"https:\/\/schema.org\",\"@graph\":[{\"@type\":\"Article\",\"@id\":\"https:\/\/bahiaeconomica.com.br\/wp\/2025\/06\/02\/mpba-e-prefeitura-lancam-campanha-de-combate-a-poluicao-sonora-em-salvador\/#article\",\"isPartOf\":{\"@id\":\"https:\/\/bahiaeconomica.com.br\/wp\/2025\/06\/02\/mpba-e-prefeitura-lancam-campanha-de-combate-a-poluicao-sonora-em-salvador\/\"},\"author\":{\"name\":\"VICTOR OLIVEIRA\",\"@id\":\"https:\/\/bahiaeconomica.com.br\/wp\/#\/schema\/person\/a17956d0e1112b626f403fb06b8129a9\"},\"headline\":\"MPBA E PREFEITURA LAN\u00c7AM CAMPANHA DE COMBATE \u00c0 POLUI\u00c7\u00c3O SONORA EM SALVADOR\",\"datePublished\":\"2025-06-02T18:49:57+00:00\",\"dateModified\":\"2025-06-02T18:49:57+00:00\",\"mainEntityOfPage\":{\"@id\":\"https:\/\/bahiaeconomica.com.br\/wp\/2025\/06\/02\/mpba-e-prefeitura-lancam-campanha-de-combate-a-poluicao-sonora-em-salvador\/\"},\"wordCount\":701,\"publisher\":{\"@id\":\"https:\/\/bahiaeconomica.com.br\/wp\/#organization\"},\"keywords\":[\"MPBA\",\"polui\u00e7\u00e3o sonora\",\"Prefeitura de Salvador\"],\"articleSection\":[\"MUNIC\u00cdPIOS\"],\"inLanguage\":\"pt-BR\"},{\"@type\":\"WebPage\",\"@id\":\"https:\/\/bahiaeconomica.com.br\/wp\/2025\/06\/02\/mpba-e-prefeitura-lancam-campanha-de-combate-a-poluicao-sonora-em-salvador\/\",\"url\":\"https:\/\/bahiaeconomica.com.br\/wp\/2025\/06\/02\/mpba-e-prefeitura-lancam-campanha-de-combate-a-poluicao-sonora-em-salvador\/\",\"name\":\"MPBA E PREFEITURA LAN\u00c7AM CAMPANHA DE COMBATE \u00c0 POLUI\u00c7\u00c3O SONORA EM SALVADOR - Bahia Economica O Minist\u00e9rio P\u00fablico do Estado da Bahia (MPBA) e a Prefeitura de Salvador lan\u00e7aram uma campanha conjunta de conscientiza\u00e7\u00e3o, que visa o combate \u00e0 polui\u00e7\u00e3o sonora na cidade.\",\"isPartOf\":{\"@id\":\"https:\/\/bahiaeconomica.com.br\/wp\/#website\"},\"datePublished\":\"2025-06-02T18:49:57+00:00\",\"dateModified\":\"2025-06-02T18:49:57+00:00\",\"description\":\"O maior portal de Economia da Bahia MUNIC\u00cdPIOS Bahia Economica O Minist\u00e9rio P\u00fablico do Estado da Bahia (MPBA) e a Prefeitura de Salvador lan\u00e7aram uma campanha conjunta de conscientiza\u00e7\u00e3o, que visa o combate \u00e0 polui\u00e7\u00e3o sonora na cidade.\",\"breadcrumb\":{\"@id\":\"https:\/\/bahiaeconomica.com.br\/wp\/2025\/06\/02\/mpba-e-prefeitura-lancam-campanha-de-combate-a-poluicao-sonora-em-salvador\/#breadcrumb\"},\"inLanguage\":\"pt-BR\",\"potentialAction\":[{\"@type\":\"ReadAction\",\"target\":[\"https:\/\/bahiaeconomica.com.br\/wp\/2025\/06\/02\/mpba-e-prefeitura-lancam-campanha-de-combate-a-poluicao-sonora-em-salvador\/\"]}]},{\"@type\":\"BreadcrumbList\",\"@id\":\"https:\/\/bahiaeconomica.com.br\/wp\/2025\/06\/02\/mpba-e-prefeitura-lancam-campanha-de-combate-a-poluicao-sonora-em-salvador\/#breadcrumb\",\"itemListElement\":[{\"@type\":\"ListItem\",\"position\":1,\"name\":\"In\u00edcio\",\"item\":\"https:\/\/bahiaeconomica.com.br\/wp\/\"},{\"@type\":\"ListItem\",\"position\":2,\"name\":\"MPBA E PREFEITURA LAN\u00c7AM CAMPANHA DE COMBATE \u00c0 POLUI\u00c7\u00c3O SONORA EM SALVADOR\"}]},{\"@type\":\"WebSite\",\"@id\":\"https:\/\/bahiaeconomica.com.br\/wp\/#website\",\"url\":\"https:\/\/bahiaeconomica.com.br\/wp\/\",\"name\":\"Bahia Economica\",\"description\":\"O maior portal de Economia da Bahia\",\"publisher\":{\"@id\":\"https:\/\/bahiaeconomica.com.br\/wp\/#organization\"},\"potentialAction\":[{\"@type\":\"SearchAction\",\"target\":{\"@type\":\"EntryPoint\",\"urlTemplate\":\"https:\/\/bahiaeconomica.com.br\/wp\/?s={search_term_string}\"},\"query-input\":\"required name=search_term_string\"}],\"inLanguage\":\"pt-BR\"},{\"@type\":\"Organization\",\"@id\":\"https:\/\/bahiaeconomica.com.br\/wp\/#organization\",\"name\":\"Bahia Econ\u00f4mica\",\"url\":\"https:\/\/bahiaeconomica.com.br\/wp\/\",\"logo\":{\"@type\":\"ImageObject\",\"inLanguage\":\"pt-BR\",\"@id\":\"https:\/\/bahiaeconomica.com.br\/wp\/#\/schema\/logo\/image\/\",\"url\":\"https:\/\/bahiaeconomica.com.br\/wp\/wp-content\/uploads\/2020\/12\/cropped-BE.png\",\"contentUrl\":\"https:\/\/bahiaeconomica.com.br\/wp\/wp-content\/uploads\/2020\/12\/cropped-BE.png\",\"width\":512,\"height\":512,\"caption\":\"Bahia Econ\u00f4mica\"},\"image\":{\"@id\":\"https:\/\/bahiaeconomica.com.br\/wp\/#\/schema\/logo\/image\/\"},\"sameAs\":[\"https:\/\/www.facebook.com\/bahiaeconomica\"]},{\"@type\":\"Person\",\"@id\":\"https:\/\/bahiaeconomica.com.br\/wp\/#\/schema\/person\/a17956d0e1112b626f403fb06b8129a9\",\"name\":\"VICTOR OLIVEIRA\",\"sameAs\":[\"http:\/\/www.bahiaeconomica.com.br\"],\"url\":\"https:\/\/bahiaeconomica.com.br\/wp\/author\/victor-oliveira\/\"}]}<\/script>\n<!-- \/ Yoast SEO plugin. -->","yoast_head_json":{"title":"MPBA E PREFEITURA LAN\u00c7AM CAMPANHA DE COMBATE \u00c0 POLUI\u00c7\u00c3O SONORA EM SALVADOR - Bahia Economica O Minist\u00e9rio P\u00fablico do Estado da Bahia (MPBA) e a Prefeitura de Salvador lan\u00e7aram uma campanha conjunta de conscientiza\u00e7\u00e3o, que visa o combate \u00e0 polui\u00e7\u00e3o sonora na cidade.","description":"O maior portal de Economia da Bahia MUNIC\u00cdPIOS Bahia Economica O Minist\u00e9rio P\u00fablico do Estado da Bahia (MPBA) e a Prefeitura de Salvador lan\u00e7aram uma campanha conjunta de conscientiza\u00e7\u00e3o, que visa o combate \u00e0 polui\u00e7\u00e3o sonora na cidade.","robots":{"index":"index","follow":"follow","max-snippet":"max-snippet:-1","max-image-preview":"max-image-preview:large","max-video-preview":"max-video-preview:-1"},"canonical":"https:\/\/bahiaeconomica.com.br\/wp\/2025\/06\/02\/mpba-e-prefeitura-lancam-campanha-de-combate-a-poluicao-sonora-em-salvador\/","og_locale":"pt_BR","og_type":"article","og_title":"MPBA E PREFEITURA LAN\u00c7AM CAMPANHA DE COMBATE \u00c0 POLUI\u00c7\u00c3O SONORA EM SALVADOR - Bahia Economica O Minist\u00e9rio P\u00fablico do Estado da Bahia (MPBA) e a Prefeitura de Salvador lan\u00e7aram uma campanha conjunta de conscientiza\u00e7\u00e3o, que visa o combate \u00e0 polui\u00e7\u00e3o sonora na cidade.","og_description":"O maior portal de Economia da Bahia MUNIC\u00cdPIOS Bahia Economica O Minist\u00e9rio P\u00fablico do Estado da Bahia (MPBA) e a Prefeitura de Salvador lan\u00e7aram uma campanha conjunta de conscientiza\u00e7\u00e3o, que visa o combate \u00e0 polui\u00e7\u00e3o sonora na cidade.","og_url":"https:\/\/bahiaeconomica.com.br\/wp\/2025\/06\/02\/mpba-e-prefeitura-lancam-campanha-de-combate-a-poluicao-sonora-em-salvador\/","og_site_name":"Bahia Economica","article_publisher":"https:\/\/www.facebook.com\/bahiaeconomica","article_published_time":"2025-06-02T18:49:57+00:00","og_image":[{"width":500,"height":300,"url":"https:\/\/bahiaeconomica.com.br\/wp\/wp-content\/uploads\/2021\/07\/Poluicao-sonora-2.jpg","type":"image\/jpeg"}],"author":"VICTOR OLIVEIRA","twitter_card":"summary_large_image","twitter_misc":{"Escrito por":"VICTOR OLIVEIRA","Est. tempo de leitura":"4 minutos"},"schema":{"@context":"https:\/\/schema.org","@graph":[{"@type":"Article","@id":"https:\/\/bahiaeconomica.com.br\/wp\/2025\/06\/02\/mpba-e-prefeitura-lancam-campanha-de-combate-a-poluicao-sonora-em-salvador\/#article","isPartOf":{"@id":"https:\/\/bahiaeconomica.com.br\/wp\/2025\/06\/02\/mpba-e-prefeitura-lancam-campanha-de-combate-a-poluicao-sonora-em-salvador\/"},"author":{"name":"VICTOR OLIVEIRA","@id":"https:\/\/bahiaeconomica.com.br\/wp\/#\/schema\/person\/a17956d0e1112b626f403fb06b8129a9"},"headline":"MPBA E PREFEITURA LAN\u00c7AM CAMPANHA DE COMBATE \u00c0 POLUI\u00c7\u00c3O SONORA EM SALVADOR","datePublished":"2025-06-02T18:49:57+00:00","dateModified":"2025-06-02T18:49:57+00:00","mainEntityOfPage":{"@id":"https:\/\/bahiaeconomica.com.br\/wp\/2025\/06\/02\/mpba-e-prefeitura-lancam-campanha-de-combate-a-poluicao-sonora-em-salvador\/"},"wordCount":701,"publisher":{"@id":"https:\/\/bahiaeconomica.com.br\/wp\/#organization"},"keywords":["MPBA","polui\u00e7\u00e3o sonora","Prefeitura de Salvador"],"articleSection":["MUNIC\u00cdPIOS"],"inLanguage":"pt-BR"},{"@type":"WebPage","@id":"https:\/\/bahiaeconomica.com.br\/wp\/2025\/06\/02\/mpba-e-prefeitura-lancam-campanha-de-combate-a-poluicao-sonora-em-salvador\/","url":"https:\/\/bahiaeconomica.com.br\/wp\/2025\/06\/02\/mpba-e-prefeitura-lancam-campanha-de-combate-a-poluicao-sonora-em-salvador\/","name":"MPBA E PREFEITURA LAN\u00c7AM CAMPANHA DE COMBATE \u00c0 POLUI\u00c7\u00c3O SONORA EM SALVADOR - Bahia Economica O Minist\u00e9rio P\u00fablico do Estado da Bahia (MPBA) e a Prefeitura de Salvador lan\u00e7aram uma campanha conjunta de conscientiza\u00e7\u00e3o, que visa o combate \u00e0 polui\u00e7\u00e3o sonora na cidade.","isPartOf":{"@id":"https:\/\/bahiaeconomica.com.br\/wp\/#website"},"datePublished":"2025-06-02T18:49:57+00:00","dateModified":"2025-06-02T18:49:57+00:00","description":"O maior portal de Economia da Bahia MUNIC\u00cdPIOS Bahia Economica O Minist\u00e9rio P\u00fablico do Estado da Bahia (MPBA) e a Prefeitura de Salvador lan\u00e7aram uma campanha conjunta de conscientiza\u00e7\u00e3o, que visa o combate \u00e0 polui\u00e7\u00e3o sonora na cidade.","breadcrumb":{"@id":"https:\/\/bahiaeconomica.com.br\/wp\/2025\/06\/02\/mpba-e-prefeitura-lancam-campanha-de-combate-a-poluicao-sonora-em-salvador\/#breadcrumb"},"inLanguage":"pt-BR","potentialAction":[{"@type":"ReadAction","target":["https:\/\/bahiaeconomica.com.br\/wp\/2025\/06\/02\/mpba-e-prefeitura-lancam-campanha-de-combate-a-poluicao-sonora-em-salvador\/"]}]},{"@type":"BreadcrumbList","@id":"https:\/\/bahiaeconomica.com.br\/wp\/2025\/06\/02\/mpba-e-prefeitura-lancam-campanha-de-combate-a-poluicao-sonora-em-salvador\/#breadcrumb","itemListElement":[{"@type":"ListItem","position":1,"name":"In\u00edcio","item":"https:\/\/bahiaeconomica.com.br\/wp\/"},{"@type":"ListItem","position":2,"name":"MPBA E PREFEITURA LAN\u00c7AM CAMPANHA DE COMBATE \u00c0 POLUI\u00c7\u00c3O SONORA EM SALVADOR"}]},{"@type":"WebSite","@id":"https:\/\/bahiaeconomica.com.br\/wp\/#website","url":"https:\/\/bahiaeconomica.com.br\/wp\/","name":"Bahia Economica","description":"O maior portal de Economia da Bahia","publisher":{"@id":"https:\/\/bahiaeconomica.com.br\/wp\/#organization"},"potentialAction":[{"@type":"SearchAction","target":{"@type":"EntryPoint","urlTemplate":"https:\/\/bahiaeconomica.com.br\/wp\/?s={search_term_string}"},"query-input":"required name=search_term_string"}],"inLanguage":"pt-BR"},{"@type":"Organization","@id":"https:\/\/bahiaeconomica.com.br\/wp\/#organization","name":"Bahia Econ\u00f4mica","url":"https:\/\/bahiaeconomica.com.br\/wp\/","logo":{"@type":"ImageObject","inLanguage":"pt-BR","@id":"https:\/\/bahiaeconomica.com.br\/wp\/#\/schema\/logo\/image\/","url":"https:\/\/bahiaeconomica.com.br\/wp\/wp-content\/uploads\/2020\/12\/cropped-BE.png","contentUrl":"https:\/\/bahiaeconomica.com.br\/wp\/wp-content\/uploads\/2020\/12\/cropped-BE.png","width":512,"height":512,"caption":"Bahia Econ\u00f4mica"},"image":{"@id":"https:\/\/bahiaeconomica.com.br\/wp\/#\/schema\/logo\/image\/"},"sameAs":["https:\/\/www.facebook.com\/bahiaeconomica"]},{"@type":"Person","@id":"https:\/\/bahiaeconomica.com.br\/wp\/#\/schema\/person\/a17956d0e1112b626f403fb06b8129a9","name":"VICTOR OLIVEIRA","sameAs":["http:\/\/www.bahiaeconomica.com.br"],"url":"https:\/\/bahiaeconomica.com.br\/wp\/author\/victor-oliveira\/"}]}},"views":33,"_links":{"self":[{"href":"https:\/\/bahiaeconomica.com.br\/wp\/wp-json\/wp\/v2\/posts\/907903"}],"collection":[{"href":"https:\/\/bahiaeconomica.com.br\/wp\/wp-json\/wp\/v2\/posts"}],"about":[{"href":"https:\/\/bahiaeconomica.com.br\/wp\/wp-json\/wp\/v2\/types\/post"}],"author":[{"embeddable":true,"href":"https:\/\/bahiaeconomica.com.br\/wp\/wp-json\/wp\/v2\/users\/24"}],"replies":[{"embeddable":true,"href":"https:\/\/bahiaeconomica.com.br\/wp\/wp-json\/wp\/v2\/comments?post=907903"}],"version-history":[{"count":1,"href":"https:\/\/bahiaeconomica.com.br\/wp\/wp-json\/wp\/v2\/posts\/907903\/revisions"}],"predecessor-version":[{"id":907905,"href":"https:\/\/bahiaeconomica.com.br\/wp\/wp-json\/wp\/v2\/posts\/907903\/revisions\/907905"}],"wp:featuredmedia":[{"embeddable":true,"href":"https:\/\/bahiaeconomica.com.br\/wp\/wp-json\/wp\/v2\/media\/580605"}],"wp:attachment":[{"href":"https:\/\/bahiaeconomica.com.br\/wp\/wp-json\/wp\/v2\/media?parent=907903"}],"wp:term":[{"taxonomy":"category","embeddable":true,"href":"https:\/\/bahiaeconomica.com.br\/wp\/wp-json\/wp\/v2\/categories?post=907903"},{"taxonomy":"post_tag","embeddable":true,"href":"https:\/\/bahiaeconomica.com.br\/wp\/wp-json\/wp\/v2\/tags?post=907903"}],"curies":[{"name":"wp","href":"https:\/\/api.w.org\/{rel}","templated":true}]}}