{"id":907607,"date":"2025-05-30T18:15:36","date_gmt":"2025-05-30T21:15:36","guid":{"rendered":"https:\/\/bahiaeconomica.com.br\/wp\/?p=907607"},"modified":"2025-05-30T18:15:36","modified_gmt":"2025-05-30T21:15:36","slug":"jose-ronaldo-assina-enquadramento-de-118-professores-da-rede-municipal-de-feira-de-santana","status":"publish","type":"post","link":"https:\/\/bahiaeconomica.com.br\/wp\/2025\/05\/30\/jose-ronaldo-assina-enquadramento-de-118-professores-da-rede-municipal-de-feira-de-santana\/","title":{"rendered":"JOS\u00c9 RONALDO ASSINA ENQUADRAMENTO DE 118 PROFESSORES DA REDE MUNICIPAL DE FEIRA DE SANTANA"},"content":{"rendered":"<p>O prefeito Jos\u00e9 Ronaldo de Carvalho assinou, na manh\u00e3 desta sexta-feira (30), o enquadramento de 118 professores da rede p\u00fablica municipal de Feira de Santana, de um total de cerca de 600 educadores que ser\u00e3o contemplados at\u00e9 o final deste ano. Durante a solenidade, realizada no Pa\u00e7o Municipal Maria Quit\u00e9ria, os contemplados vibraram a cada nome anunciado, ap\u00f3s uma longa espera que chegou a durar at\u00e9 7 anos, marcada por muitas expectativas e desilus\u00f5es.<\/p>\n<p>Ao assinar os documentos na presen\u00e7a dos professores beneficiados, o prefeito Jos\u00e9 Ronaldo, acompanhado do vice-prefeito e secret\u00e1rio de Educa\u00e7\u00e3o, Pablo Roberto, ressaltou que nunca retardou o enquadramento dos professores em seus quatro mandatos como chefe do Executivo. \u201cTodos os pleitos que chegaram at\u00e9 mim n\u00e3o ficaram engavetados\u201d, afirmou.<\/p>\n<p>Para contemplar o total de aproximadamente 600 professores, a Prefeitura dividiu as convoca\u00e7\u00f5es em grupos de 118 profissionais. O pr\u00f3ximo enquadramento ocorrer\u00e1 no dia 18 de julho, seguido por outra convoca\u00e7\u00e3o em setembro e a \u00faltima em novembro deste ano.<\/p>\n<p>O secret\u00e1rio Pablo Roberto reafirmou o compromisso do governo do prefeito Jos\u00e9 Ronaldo em melhorar a qualidade da educa\u00e7\u00e3o e destacou que esse processo tamb\u00e9m envolve a valoriza\u00e7\u00e3o dos professores. \u201cO enquadramento mexe muito com a vida dos professores\u201d, afirmou, lembrando o empenho da equipe da Secretaria de Educa\u00e7\u00e3o e da secret\u00e1ria de Administra\u00e7\u00e3o, Sandra Peggy, para viabilizar esse momento.<\/p>\n<p>Foto: ACM\\Ascom Prefeitura de Feira de Santana<\/p>\n","protected":false},"excerpt":{"rendered":"<p>O prefeito Jos\u00e9 Ronaldo de Carvalho assinou, na manh\u00e3 desta sexta-feira (30), o enquadramento de 118 professores da rede p\u00fablica municipal de Feira de Santana, de um total de cerca de 600 educadores que ser\u00e3o contemplados at\u00e9 o final deste ano. Durante a solenidade, realizada no Pa\u00e7o Municipal Maria Quit\u00e9ria, os contemplados vibraram a cada [&hellip;]<\/p>\n","protected":false},"author":16,"featured_media":907608,"comment_status":"closed","ping_status":"closed","sticky":false,"template":"","format":"standard","meta":[],"categories":[5],"tags":[],"acf":[],"yoast_head":"<!-- This site is optimized with the Yoast SEO plugin v20.8 - https:\/\/yoast.com\/wordpress\/plugins\/seo\/ -->\n<title>JOS\u00c9 RONALDO ASSINA ENQUADRAMENTO DE 118 PROFESSORES DA REDE MUNICIPAL DE FEIRA DE SANTANA - Bahia Economica<\/title>\n<meta name=\"description\" content=\"O maior portal de Economia da Bahia MUNIC\u00cdPIOS Bahia Economica\" \/>\n<meta name=\"robots\" content=\"index, follow, max-snippet:-1, max-image-preview:large, max-video-preview:-1\" \/>\n<link rel=\"canonical\" href=\"https:\/\/bahiaeconomica.com.br\/wp\/2025\/05\/30\/jose-ronaldo-assina-enquadramento-de-118-professores-da-rede-municipal-de-feira-de-santana\/\" \/>\n<meta property=\"og:locale\" content=\"pt_BR\" \/>\n<meta property=\"og:type\" content=\"article\" \/>\n<meta property=\"og:title\" content=\"JOS\u00c9 RONALDO ASSINA ENQUADRAMENTO DE 118 PROFESSORES DA REDE MUNICIPAL DE FEIRA DE SANTANA - Bahia Economica\" \/>\n<meta property=\"og:description\" content=\"O maior portal de Economia da Bahia MUNIC\u00cdPIOS Bahia Economica\" \/>\n<meta property=\"og:url\" content=\"https:\/\/bahiaeconomica.com.br\/wp\/2025\/05\/30\/jose-ronaldo-assina-enquadramento-de-118-professores-da-rede-municipal-de-feira-de-santana\/\" \/>\n<meta property=\"og:site_name\" content=\"Bahia Economica\" \/>\n<meta property=\"article:publisher\" content=\"https:\/\/www.facebook.com\/bahiaeconomica\" \/>\n<meta property=\"article:published_time\" content=\"2025-05-30T21:15:36+00:00\" \/>\n<meta property=\"og:image\" content=\"https:\/\/bahiaeconomica.com.br\/wp\/wp-content\/uploads\/2025\/05\/30052025113242.jpg\" \/>\n\t<meta property=\"og:image:width\" content=\"1306\" \/>\n\t<meta property=\"og:image:height\" content=\"870\" \/>\n\t<meta property=\"og:image:type\" content=\"image\/jpeg\" \/>\n<meta name=\"author\" content=\"LUIZA NASCIMENTO\" \/>\n<meta name=\"twitter:card\" content=\"summary_large_image\" \/>\n<meta name=\"twitter:label1\" content=\"Escrito por\" \/>\n\t<meta name=\"twitter:data1\" content=\"LUIZA NASCIMENTO\" \/>\n\t<meta name=\"twitter:label2\" content=\"Est. tempo de leitura\" \/>\n\t<meta name=\"twitter:data2\" content=\"2 minutos\" \/>\n<script type=\"application\/ld+json\" class=\"yoast-schema-graph\">{\"@context\":\"https:\/\/schema.org\",\"@graph\":[{\"@type\":\"Article\",\"@id\":\"https:\/\/bahiaeconomica.com.br\/wp\/2025\/05\/30\/jose-ronaldo-assina-enquadramento-de-118-professores-da-rede-municipal-de-feira-de-santana\/#article\",\"isPartOf\":{\"@id\":\"https:\/\/bahiaeconomica.com.br\/wp\/2025\/05\/30\/jose-ronaldo-assina-enquadramento-de-118-professores-da-rede-municipal-de-feira-de-santana\/\"},\"author\":{\"name\":\"LUIZA NASCIMENTO\",\"@id\":\"https:\/\/bahiaeconomica.com.br\/wp\/#\/schema\/person\/18273ac0fe04bfd4e7b101bf17d40152\"},\"headline\":\"JOS\u00c9 RONALDO ASSINA ENQUADRAMENTO DE 118 PROFESSORES DA REDE MUNICIPAL DE FEIRA DE SANTANA\",\"datePublished\":\"2025-05-30T21:15:36+00:00\",\"dateModified\":\"2025-05-30T21:15:36+00:00\",\"mainEntityOfPage\":{\"@id\":\"https:\/\/bahiaeconomica.com.br\/wp\/2025\/05\/30\/jose-ronaldo-assina-enquadramento-de-118-professores-da-rede-municipal-de-feira-de-santana\/\"},\"wordCount\":257,\"publisher\":{\"@id\":\"https:\/\/bahiaeconomica.com.br\/wp\/#organization\"},\"articleSection\":[\"MUNIC\u00cdPIOS\"],\"inLanguage\":\"pt-BR\"},{\"@type\":\"WebPage\",\"@id\":\"https:\/\/bahiaeconomica.com.br\/wp\/2025\/05\/30\/jose-ronaldo-assina-enquadramento-de-118-professores-da-rede-municipal-de-feira-de-santana\/\",\"url\":\"https:\/\/bahiaeconomica.com.br\/wp\/2025\/05\/30\/jose-ronaldo-assina-enquadramento-de-118-professores-da-rede-municipal-de-feira-de-santana\/\",\"name\":\"JOS\u00c9 RONALDO ASSINA ENQUADRAMENTO DE 118 PROFESSORES DA REDE MUNICIPAL DE FEIRA DE SANTANA - Bahia Economica\",\"isPartOf\":{\"@id\":\"https:\/\/bahiaeconomica.com.br\/wp\/#website\"},\"datePublished\":\"2025-05-30T21:15:36+00:00\",\"dateModified\":\"2025-05-30T21:15:36+00:00\",\"description\":\"O maior portal de Economia da Bahia MUNIC\u00cdPIOS Bahia Economica\",\"breadcrumb\":{\"@id\":\"https:\/\/bahiaeconomica.com.br\/wp\/2025\/05\/30\/jose-ronaldo-assina-enquadramento-de-118-professores-da-rede-municipal-de-feira-de-santana\/#breadcrumb\"},\"inLanguage\":\"pt-BR\",\"potentialAction\":[{\"@type\":\"ReadAction\",\"target\":[\"https:\/\/bahiaeconomica.com.br\/wp\/2025\/05\/30\/jose-ronaldo-assina-enquadramento-de-118-professores-da-rede-municipal-de-feira-de-santana\/\"]}]},{\"@type\":\"BreadcrumbList\",\"@id\":\"https:\/\/bahiaeconomica.com.br\/wp\/2025\/05\/30\/jose-ronaldo-assina-enquadramento-de-118-professores-da-rede-municipal-de-feira-de-santana\/#breadcrumb\",\"itemListElement\":[{\"@type\":\"ListItem\",\"position\":1,\"name\":\"In\u00edcio\",\"item\":\"https:\/\/bahiaeconomica.com.br\/wp\/\"},{\"@type\":\"ListItem\",\"position\":2,\"name\":\"JOS\u00c9 RONALDO ASSINA ENQUADRAMENTO DE 118 PROFESSORES DA REDE MUNICIPAL DE FEIRA DE SANTANA\"}]},{\"@type\":\"WebSite\",\"@id\":\"https:\/\/bahiaeconomica.com.br\/wp\/#website\",\"url\":\"https:\/\/bahiaeconomica.com.br\/wp\/\",\"name\":\"Bahia Economica\",\"description\":\"O maior portal de Economia da Bahia\",\"publisher\":{\"@id\":\"https:\/\/bahiaeconomica.com.br\/wp\/#organization\"},\"potentialAction\":[{\"@type\":\"SearchAction\",\"target\":{\"@type\":\"EntryPoint\",\"urlTemplate\":\"https:\/\/bahiaeconomica.com.br\/wp\/?s={search_term_string}\"},\"query-input\":\"required name=search_term_string\"}],\"inLanguage\":\"pt-BR\"},{\"@type\":\"Organization\",\"@id\":\"https:\/\/bahiaeconomica.com.br\/wp\/#organization\",\"name\":\"Bahia Econ\u00f4mica\",\"url\":\"https:\/\/bahiaeconomica.com.br\/wp\/\",\"logo\":{\"@type\":\"ImageObject\",\"inLanguage\":\"pt-BR\",\"@id\":\"https:\/\/bahiaeconomica.com.br\/wp\/#\/schema\/logo\/image\/\",\"url\":\"https:\/\/bahiaeconomica.com.br\/wp\/wp-content\/uploads\/2020\/12\/cropped-BE.png\",\"contentUrl\":\"https:\/\/bahiaeconomica.com.br\/wp\/wp-content\/uploads\/2020\/12\/cropped-BE.png\",\"width\":512,\"height\":512,\"caption\":\"Bahia Econ\u00f4mica\"},\"image\":{\"@id\":\"https:\/\/bahiaeconomica.com.br\/wp\/#\/schema\/logo\/image\/\"},\"sameAs\":[\"https:\/\/www.facebook.com\/bahiaeconomica\"]},{\"@type\":\"Person\",\"@id\":\"https:\/\/bahiaeconomica.com.br\/wp\/#\/schema\/person\/18273ac0fe04bfd4e7b101bf17d40152\",\"name\":\"LUIZA NASCIMENTO\",\"sameAs\":[\"http:\/\/www.bahiaeconomica.com.br\"],\"url\":\"https:\/\/bahiaeconomica.com.br\/wp\/author\/luiza-nascimento\/\"}]}<\/script>\n<!-- \/ Yoast SEO plugin. -->","yoast_head_json":{"title":"JOS\u00c9 RONALDO ASSINA ENQUADRAMENTO DE 118 PROFESSORES DA REDE MUNICIPAL DE FEIRA DE SANTANA - Bahia Economica","description":"O maior portal de Economia da Bahia MUNIC\u00cdPIOS Bahia Economica","robots":{"index":"index","follow":"follow","max-snippet":"max-snippet:-1","max-image-preview":"max-image-preview:large","max-video-preview":"max-video-preview:-1"},"canonical":"https:\/\/bahiaeconomica.com.br\/wp\/2025\/05\/30\/jose-ronaldo-assina-enquadramento-de-118-professores-da-rede-municipal-de-feira-de-santana\/","og_locale":"pt_BR","og_type":"article","og_title":"JOS\u00c9 RONALDO ASSINA ENQUADRAMENTO DE 118 PROFESSORES DA REDE MUNICIPAL DE FEIRA DE SANTANA - Bahia Economica","og_description":"O maior portal de Economia da Bahia MUNIC\u00cdPIOS Bahia Economica","og_url":"https:\/\/bahiaeconomica.com.br\/wp\/2025\/05\/30\/jose-ronaldo-assina-enquadramento-de-118-professores-da-rede-municipal-de-feira-de-santana\/","og_site_name":"Bahia Economica","article_publisher":"https:\/\/www.facebook.com\/bahiaeconomica","article_published_time":"2025-05-30T21:15:36+00:00","og_image":[{"width":1306,"height":870,"url":"https:\/\/bahiaeconomica.com.br\/wp\/wp-content\/uploads\/2025\/05\/30052025113242.jpg","type":"image\/jpeg"}],"author":"LUIZA NASCIMENTO","twitter_card":"summary_large_image","twitter_misc":{"Escrito por":"LUIZA NASCIMENTO","Est. tempo de leitura":"2 minutos"},"schema":{"@context":"https:\/\/schema.org","@graph":[{"@type":"Article","@id":"https:\/\/bahiaeconomica.com.br\/wp\/2025\/05\/30\/jose-ronaldo-assina-enquadramento-de-118-professores-da-rede-municipal-de-feira-de-santana\/#article","isPartOf":{"@id":"https:\/\/bahiaeconomica.com.br\/wp\/2025\/05\/30\/jose-ronaldo-assina-enquadramento-de-118-professores-da-rede-municipal-de-feira-de-santana\/"},"author":{"name":"LUIZA NASCIMENTO","@id":"https:\/\/bahiaeconomica.com.br\/wp\/#\/schema\/person\/18273ac0fe04bfd4e7b101bf17d40152"},"headline":"JOS\u00c9 RONALDO ASSINA ENQUADRAMENTO DE 118 PROFESSORES DA REDE MUNICIPAL DE FEIRA DE SANTANA","datePublished":"2025-05-30T21:15:36+00:00","dateModified":"2025-05-30T21:15:36+00:00","mainEntityOfPage":{"@id":"https:\/\/bahiaeconomica.com.br\/wp\/2025\/05\/30\/jose-ronaldo-assina-enquadramento-de-118-professores-da-rede-municipal-de-feira-de-santana\/"},"wordCount":257,"publisher":{"@id":"https:\/\/bahiaeconomica.com.br\/wp\/#organization"},"articleSection":["MUNIC\u00cdPIOS"],"inLanguage":"pt-BR"},{"@type":"WebPage","@id":"https:\/\/bahiaeconomica.com.br\/wp\/2025\/05\/30\/jose-ronaldo-assina-enquadramento-de-118-professores-da-rede-municipal-de-feira-de-santana\/","url":"https:\/\/bahiaeconomica.com.br\/wp\/2025\/05\/30\/jose-ronaldo-assina-enquadramento-de-118-professores-da-rede-municipal-de-feira-de-santana\/","name":"JOS\u00c9 RONALDO ASSINA ENQUADRAMENTO DE 118 PROFESSORES DA REDE MUNICIPAL DE FEIRA DE SANTANA - Bahia Economica","isPartOf":{"@id":"https:\/\/bahiaeconomica.com.br\/wp\/#website"},"datePublished":"2025-05-30T21:15:36+00:00","dateModified":"2025-05-30T21:15:36+00:00","description":"O maior portal de Economia da Bahia MUNIC\u00cdPIOS Bahia Economica","breadcrumb":{"@id":"https:\/\/bahiaeconomica.com.br\/wp\/2025\/05\/30\/jose-ronaldo-assina-enquadramento-de-118-professores-da-rede-municipal-de-feira-de-santana\/#breadcrumb"},"inLanguage":"pt-BR","potentialAction":[{"@type":"ReadAction","target":["https:\/\/bahiaeconomica.com.br\/wp\/2025\/05\/30\/jose-ronaldo-assina-enquadramento-de-118-professores-da-rede-municipal-de-feira-de-santana\/"]}]},{"@type":"BreadcrumbList","@id":"https:\/\/bahiaeconomica.com.br\/wp\/2025\/05\/30\/jose-ronaldo-assina-enquadramento-de-118-professores-da-rede-municipal-de-feira-de-santana\/#breadcrumb","itemListElement":[{"@type":"ListItem","position":1,"name":"In\u00edcio","item":"https:\/\/bahiaeconomica.com.br\/wp\/"},{"@type":"ListItem","position":2,"name":"JOS\u00c9 RONALDO ASSINA ENQUADRAMENTO DE 118 PROFESSORES DA REDE MUNICIPAL DE FEIRA DE SANTANA"}]},{"@type":"WebSite","@id":"https:\/\/bahiaeconomica.com.br\/wp\/#website","url":"https:\/\/bahiaeconomica.com.br\/wp\/","name":"Bahia Economica","description":"O maior portal de Economia da Bahia","publisher":{"@id":"https:\/\/bahiaeconomica.com.br\/wp\/#organization"},"potentialAction":[{"@type":"SearchAction","target":{"@type":"EntryPoint","urlTemplate":"https:\/\/bahiaeconomica.com.br\/wp\/?s={search_term_string}"},"query-input":"required name=search_term_string"}],"inLanguage":"pt-BR"},{"@type":"Organization","@id":"https:\/\/bahiaeconomica.com.br\/wp\/#organization","name":"Bahia Econ\u00f4mica","url":"https:\/\/bahiaeconomica.com.br\/wp\/","logo":{"@type":"ImageObject","inLanguage":"pt-BR","@id":"https:\/\/bahiaeconomica.com.br\/wp\/#\/schema\/logo\/image\/","url":"https:\/\/bahiaeconomica.com.br\/wp\/wp-content\/uploads\/2020\/12\/cropped-BE.png","contentUrl":"https:\/\/bahiaeconomica.com.br\/wp\/wp-content\/uploads\/2020\/12\/cropped-BE.png","width":512,"height":512,"caption":"Bahia Econ\u00f4mica"},"image":{"@id":"https:\/\/bahiaeconomica.com.br\/wp\/#\/schema\/logo\/image\/"},"sameAs":["https:\/\/www.facebook.com\/bahiaeconomica"]},{"@type":"Person","@id":"https:\/\/bahiaeconomica.com.br\/wp\/#\/schema\/person\/18273ac0fe04bfd4e7b101bf17d40152","name":"LUIZA NASCIMENTO","sameAs":["http:\/\/www.bahiaeconomica.com.br"],"url":"https:\/\/bahiaeconomica.com.br\/wp\/author\/luiza-nascimento\/"}]}},"views":19,"_links":{"self":[{"href":"https:\/\/bahiaeconomica.com.br\/wp\/wp-json\/wp\/v2\/posts\/907607"}],"collection":[{"href":"https:\/\/bahiaeconomica.com.br\/wp\/wp-json\/wp\/v2\/posts"}],"about":[{"href":"https:\/\/bahiaeconomica.com.br\/wp\/wp-json\/wp\/v2\/types\/post"}],"author":[{"embeddable":true,"href":"https:\/\/bahiaeconomica.com.br\/wp\/wp-json\/wp\/v2\/users\/16"}],"replies":[{"embeddable":true,"href":"https:\/\/bahiaeconomica.com.br\/wp\/wp-json\/wp\/v2\/comments?post=907607"}],"version-history":[{"count":1,"href":"https:\/\/bahiaeconomica.com.br\/wp\/wp-json\/wp\/v2\/posts\/907607\/revisions"}],"predecessor-version":[{"id":907609,"href":"https:\/\/bahiaeconomica.com.br\/wp\/wp-json\/wp\/v2\/posts\/907607\/revisions\/907609"}],"wp:featuredmedia":[{"embeddable":true,"href":"https:\/\/bahiaeconomica.com.br\/wp\/wp-json\/wp\/v2\/media\/907608"}],"wp:attachment":[{"href":"https:\/\/bahiaeconomica.com.br\/wp\/wp-json\/wp\/v2\/media?parent=907607"}],"wp:term":[{"taxonomy":"category","embeddable":true,"href":"https:\/\/bahiaeconomica.com.br\/wp\/wp-json\/wp\/v2\/categories?post=907607"},{"taxonomy":"post_tag","embeddable":true,"href":"https:\/\/bahiaeconomica.com.br\/wp\/wp-json\/wp\/v2\/tags?post=907607"}],"curies":[{"name":"wp","href":"https:\/\/api.w.org\/{rel}","templated":true}]}}