{"id":907497,"date":"2025-05-30T14:34:47","date_gmt":"2025-05-30T17:34:47","guid":{"rendered":"https:\/\/bahiaeconomica.com.br\/wp\/?p=907497"},"modified":"2025-05-30T14:34:47","modified_gmt":"2025-05-30T17:34:47","slug":"prefeitura-promove-acao-do-maio-amarelo-para-conscientizacao-sobre-seguranca-no-transito","status":"publish","type":"post","link":"https:\/\/bahiaeconomica.com.br\/wp\/2025\/05\/30\/prefeitura-promove-acao-do-maio-amarelo-para-conscientizacao-sobre-seguranca-no-transito\/","title":{"rendered":"PREFEITURA PROMOVE A\u00c7\u00c3O DO MAIO AMARELO PARA CONSCIENTIZA\u00c7\u00c3O SOBRE SEGURAN\u00c7A NO TR\u00c2NSITO"},"content":{"rendered":"<p>A Prefeitura de Salvador, por meio da Secretaria Municipal da Sa\u00fade (SMS), em parceria com o Programa Vida no Tr\u00e2nsito (PVT), realizou na manh\u00e3 de quinta-feira (29) uma a\u00e7\u00e3o educativa voltada \u00e0 conscientiza\u00e7\u00e3o sobre a seguran\u00e7a vi\u00e1ria. A atividade, promovida na Pra\u00e7a Jo\u00e3o Martins, em Paripe, integra a campanha nacional Maio Amarelo, que tem como foco a preven\u00e7\u00e3o de acidentes e a promo\u00e7\u00e3o de um tr\u00e2nsito mais seguro.<\/p>\n<p>A mobiliza\u00e7\u00e3o foi coordenada pela Diretoria de Vigil\u00e2ncia \u00e0 Sa\u00fade e pelo Distrito Sanit\u00e1rio Sub\u00farbio Ferrovi\u00e1rio. Durante o evento, foram oferecidos servi\u00e7os como vacina\u00e7\u00e3o, massagem relaxante, orienta\u00e7\u00f5es sobre seguran\u00e7a no tr\u00e2nsito, distribui\u00e7\u00e3o de materiais informativos e uma maquete representando as unidades de sa\u00fade da regi\u00e3o. O Servi\u00e7o de Atendimento M\u00f3vel de Urg\u00eancia (SAMU) realizou simula\u00e7\u00f5es de primeiros socorros, enquanto o Centro de Refer\u00eancia em Sa\u00fade do Trabalhador (CEREST) promoveu a\u00e7\u00f5es voltadas \u00e0 preven\u00e7\u00e3o de acidentes envolvendo trabalhadores motociclistas.<\/p>\n<p>Entre os parceiros do PVT em Salvador, a Pol\u00edcia Rodovi\u00e1ria Federal (PRF) levou ao local um \u00f4nibus com cinema educativo e motocicletas utilizadas em demonstra\u00e7\u00f5es de boas pr\u00e1ticas na condu\u00e7\u00e3o. A Pol\u00edcia Rodovi\u00e1ria Estadual (PRE) apresentou o funcionamento do etil\u00f4metro, destacando a import\u00e2ncia da fiscaliza\u00e7\u00e3o do consumo de \u00e1lcool ao volante. J\u00e1 a Superintend\u00eancia de Tr\u00e2nsito de Salvador (Transalvador) montou um circuito de bicicleta para crian\u00e7as, promovendo o aprendizado l\u00fadico das regras de tr\u00e2nsito.<\/p>\n<p>O tema da campanha nacional em 2025 \u00e9 &#8220;Desacelere. Seu bem maior \u00e9 a vida&#8221;, que refor\u00e7a os perigos do excesso de velocidade e a necessidade de atitudes respons\u00e1veis no tr\u00e2nsito. Al\u00e9m disso, outros fatores de risco foram abordados na a\u00e7\u00e3o educativa de hoje, como o uso do celular ao volante, a combina\u00e7\u00e3o de \u00e1lcool e dire\u00e7\u00e3o e comportamentos imprudentes.<\/p>\n<p>Para Ana Cl\u00e1udia Urpia, t\u00e9cnica da Vigil\u00e2ncia Epidemiol\u00f3gica da SMS, a iniciativa refor\u00e7a o papel da sa\u00fade p\u00fablica na promo\u00e7\u00e3o de comportamentos seguros, sobretudo em \u00e1reas com altos \u00edndices de acidentes, como o Sub\u00farbio Ferrovi\u00e1rio.<\/p>\n<p>&#8220;A sa\u00fade precisa cada vez mais participar, n\u00e3o s\u00f3 com simula\u00e7\u00e3o de primeiros socorros. Al\u00e9m dessa simula\u00e7\u00e3o feira pelo SAMU, contamos hoje aqui com a participa\u00e7\u00e3o de profissionais do distrito sanit\u00e1rio, com a vacina\u00e7\u00e3o contra a Influenza, T\u00e9tano e Hepatite, que s\u00e3o doen\u00e7as associadas \u00e0s quest\u00f5es voltadas aos acidentes. Ent\u00e3o, s\u00e3o a\u00e7\u00f5es de promo\u00e7\u00e3o \u00e0 sa\u00fade&#8221;, afirmou Ana Cl\u00e1udia Urpia.<\/p>\n<p>Gerente de Educa\u00e7\u00e3o para o Tr\u00e2nsito da Transalvador, Miriam Bastos falou um pouco sobre a import\u00e2ncia da a\u00e7\u00e3o. &#8220;N\u00f3s estamos trazendo essa mensagem de forma l\u00fadica, com v\u00e1rios servi\u00e7os, que v\u00e3o ser prestados aqui pela SMS e pelos \u00f3rg\u00e3os e autarquias parceiras, ent\u00e3o \u00e9 um trabalho articulado para mostrar \u00e0 popula\u00e7\u00e3o a import\u00e2ncia de promover a mudan\u00e7a de comportamento permanentemente, n\u00e3o apenas no Maio Amarelo&#8221;.<\/p>\n<p>Gerente da PRF, Fernanda Maciel falou um pouco sobre a import\u00e2ncia da parceria e sobre a contribui\u00e7\u00e3o da PRF no evento. &#8220;Temos aqui hoje uma a\u00e7\u00e3o diferente, realizada junto com as parcerias, com a Prefeitura, por meio do Programa Vida no Tr\u00e2nsito, trazendo a oportunidade de que a comunidade tenha um conhecimento sobre as quest\u00f5es de tr\u00e2nsito. A PRF realizou uma palestra educativa na qual abordou diferentes temas relacionados \u00e0s principais ocorr\u00eancias de acidentes de tr\u00e2nsito. Tivemos uma aten\u00e7\u00e3o especial nas palestras com o risco de acidentes envolvendo motocicletas. \u00c9 um problema constante, principalmente quando falamos de dentro das cidades, a quest\u00e3o das motos, de utiliza\u00e7\u00e3o dos capacetes, a quest\u00e3o tamb\u00e9m das documenta\u00e7\u00f5es. Ent\u00e3o \u00e9 uma a\u00e7\u00e3o de extrema import\u00e2ncia para chamar a aten\u00e7\u00e3o da sociedade para que cada um saiba a sua import\u00e2ncia, a sua responsabilidade e para que consigamos alcan\u00e7ar um tr\u00e2nsito mais seguro&#8221;, disse.<\/p>\n<p>Davi da Concei\u00e7\u00e3o Leone, 35, \u00e9 morador de Paripe e mototaxista desde os 18 anos. Ele foi um dos participantes da a\u00e7\u00e3o educativa. &#8220;\u00c9 bom para poder conscientizar mais as pessoas, ser mais educado no tr\u00e2nsito e ter senso de ajuda e aten\u00e7\u00e3o ao pr\u00f3ximo. Que a situa\u00e7\u00e3o no tr\u00e2nsito melhore, que n\u00e3o haja mais mortes, como acompanhamos atualmente nos notici\u00e1rios, na televis\u00e3o. Muitas pessoas perdem a vida por causa de imprud\u00eancia de outras, de desrespeito com a vida do pr\u00f3ximo. Por isso, a campanha \u00e9 boa para conscientizar cada dia mais e incentivar a educa\u00e7\u00e3o no tr\u00e2nsito&#8221;, conta ele, que j\u00e1 se acidentou, mas hoje prioriza a aten\u00e7\u00e3o e a dire\u00e7\u00e3o defensiva.<\/p>\n<p>Fotos: Jefferson Peixoto \/ Secom PMS<\/p>\n","protected":false},"excerpt":{"rendered":"<p>A Prefeitura de Salvador, por meio da Secretaria Municipal da Sa\u00fade (SMS), em parceria com o Programa Vida no Tr\u00e2nsito (PVT), realizou na manh\u00e3 de quinta-feira (29) uma a\u00e7\u00e3o educativa voltada \u00e0 conscientiza\u00e7\u00e3o sobre a seguran\u00e7a vi\u00e1ria. A atividade, promovida na Pra\u00e7a Jo\u00e3o Martins, em Paripe, integra a campanha nacional Maio Amarelo, que tem como [&hellip;]<\/p>\n","protected":false},"author":24,"featured_media":907501,"comment_status":"closed","ping_status":"closed","sticky":false,"template":"","format":"standard","meta":[],"categories":[5],"tags":[10119,39393,169],"acf":[],"yoast_head":"<!-- This site is optimized with the Yoast SEO plugin v20.8 - https:\/\/yoast.com\/wordpress\/plugins\/seo\/ -->\n<title>PREFEITURA PROMOVE A\u00c7\u00c3O DO MAIO AMARELO PARA CONSCIENTIZA\u00c7\u00c3O SOBRE SEGURAN\u00c7A NO TR\u00c2NSITO - Bahia Economica A Prefeitura de Salvador, por meio da Secretaria Municipal da Sa\u00fade<\/title>\n<meta name=\"description\" content=\"O maior portal de Economia da Bahia MUNIC\u00cdPIOS Bahia Economica A Prefeitura de Salvador, por meio da Secretaria Municipal da Sa\u00fade\" \/>\n<meta name=\"robots\" content=\"index, follow, max-snippet:-1, max-image-preview:large, max-video-preview:-1\" \/>\n<link rel=\"canonical\" href=\"https:\/\/bahiaeconomica.com.br\/wp\/2025\/05\/30\/prefeitura-promove-acao-do-maio-amarelo-para-conscientizacao-sobre-seguranca-no-transito\/\" \/>\n<meta property=\"og:locale\" content=\"pt_BR\" \/>\n<meta property=\"og:type\" content=\"article\" \/>\n<meta property=\"og:title\" content=\"PREFEITURA PROMOVE A\u00c7\u00c3O DO MAIO AMARELO PARA CONSCIENTIZA\u00c7\u00c3O SOBRE SEGURAN\u00c7A NO TR\u00c2NSITO - Bahia Economica A Prefeitura de Salvador, por meio da Secretaria Municipal da Sa\u00fade\" \/>\n<meta property=\"og:description\" content=\"O maior portal de Economia da Bahia MUNIC\u00cdPIOS Bahia Economica A Prefeitura de Salvador, por meio da Secretaria Municipal da Sa\u00fade\" \/>\n<meta property=\"og:url\" content=\"https:\/\/bahiaeconomica.com.br\/wp\/2025\/05\/30\/prefeitura-promove-acao-do-maio-amarelo-para-conscientizacao-sobre-seguranca-no-transito\/\" \/>\n<meta property=\"og:site_name\" content=\"Bahia Economica\" \/>\n<meta property=\"article:publisher\" content=\"https:\/\/www.facebook.com\/bahiaeconomica\" \/>\n<meta property=\"article:published_time\" content=\"2025-05-30T17:34:47+00:00\" \/>\n<meta property=\"og:image\" content=\"https:\/\/bahiaeconomica.com.br\/wp\/wp-content\/uploads\/2025\/05\/Acao_Maio_Amarelo_Seguranca_Transito__Fotos__Jefferson_Peixoto__Secom_PMS4-scaled.jpg\" \/>\n\t<meta property=\"og:image:width\" content=\"2560\" \/>\n\t<meta property=\"og:image:height\" content=\"1709\" \/>\n\t<meta property=\"og:image:type\" content=\"image\/jpeg\" \/>\n<meta name=\"author\" content=\"VICTOR OLIVEIRA\" \/>\n<meta name=\"twitter:card\" content=\"summary_large_image\" \/>\n<meta name=\"twitter:label1\" content=\"Escrito por\" \/>\n\t<meta name=\"twitter:data1\" content=\"VICTOR OLIVEIRA\" \/>\n\t<meta name=\"twitter:label2\" content=\"Est. tempo de leitura\" \/>\n\t<meta name=\"twitter:data2\" content=\"4 minutos\" \/>\n<script type=\"application\/ld+json\" class=\"yoast-schema-graph\">{\"@context\":\"https:\/\/schema.org\",\"@graph\":[{\"@type\":\"Article\",\"@id\":\"https:\/\/bahiaeconomica.com.br\/wp\/2025\/05\/30\/prefeitura-promove-acao-do-maio-amarelo-para-conscientizacao-sobre-seguranca-no-transito\/#article\",\"isPartOf\":{\"@id\":\"https:\/\/bahiaeconomica.com.br\/wp\/2025\/05\/30\/prefeitura-promove-acao-do-maio-amarelo-para-conscientizacao-sobre-seguranca-no-transito\/\"},\"author\":{\"name\":\"VICTOR OLIVEIRA\",\"@id\":\"https:\/\/bahiaeconomica.com.br\/wp\/#\/schema\/person\/a17956d0e1112b626f403fb06b8129a9\"},\"headline\":\"PREFEITURA PROMOVE A\u00c7\u00c3O DO MAIO AMARELO PARA CONSCIENTIZA\u00c7\u00c3O SOBRE SEGURAN\u00c7A NO TR\u00c2NSITO\",\"datePublished\":\"2025-05-30T17:34:47+00:00\",\"dateModified\":\"2025-05-30T17:34:47+00:00\",\"mainEntityOfPage\":{\"@id\":\"https:\/\/bahiaeconomica.com.br\/wp\/2025\/05\/30\/prefeitura-promove-acao-do-maio-amarelo-para-conscientizacao-sobre-seguranca-no-transito\/\"},\"wordCount\":839,\"publisher\":{\"@id\":\"https:\/\/bahiaeconomica.com.br\/wp\/#organization\"},\"keywords\":[\"campanha de conscientiza\u00e7\u00e3o\",\"meio amarelo\",\"SMS\"],\"articleSection\":[\"MUNIC\u00cdPIOS\"],\"inLanguage\":\"pt-BR\"},{\"@type\":\"WebPage\",\"@id\":\"https:\/\/bahiaeconomica.com.br\/wp\/2025\/05\/30\/prefeitura-promove-acao-do-maio-amarelo-para-conscientizacao-sobre-seguranca-no-transito\/\",\"url\":\"https:\/\/bahiaeconomica.com.br\/wp\/2025\/05\/30\/prefeitura-promove-acao-do-maio-amarelo-para-conscientizacao-sobre-seguranca-no-transito\/\",\"name\":\"PREFEITURA PROMOVE A\u00c7\u00c3O DO MAIO AMARELO PARA CONSCIENTIZA\u00c7\u00c3O SOBRE SEGURAN\u00c7A NO TR\u00c2NSITO - Bahia Economica A Prefeitura de Salvador, por meio da Secretaria Municipal da Sa\u00fade\",\"isPartOf\":{\"@id\":\"https:\/\/bahiaeconomica.com.br\/wp\/#website\"},\"datePublished\":\"2025-05-30T17:34:47+00:00\",\"dateModified\":\"2025-05-30T17:34:47+00:00\",\"description\":\"O maior portal de Economia da Bahia MUNIC\u00cdPIOS Bahia Economica A Prefeitura de Salvador, por meio da Secretaria Municipal da Sa\u00fade\",\"breadcrumb\":{\"@id\":\"https:\/\/bahiaeconomica.com.br\/wp\/2025\/05\/30\/prefeitura-promove-acao-do-maio-amarelo-para-conscientizacao-sobre-seguranca-no-transito\/#breadcrumb\"},\"inLanguage\":\"pt-BR\",\"potentialAction\":[{\"@type\":\"ReadAction\",\"target\":[\"https:\/\/bahiaeconomica.com.br\/wp\/2025\/05\/30\/prefeitura-promove-acao-do-maio-amarelo-para-conscientizacao-sobre-seguranca-no-transito\/\"]}]},{\"@type\":\"BreadcrumbList\",\"@id\":\"https:\/\/bahiaeconomica.com.br\/wp\/2025\/05\/30\/prefeitura-promove-acao-do-maio-amarelo-para-conscientizacao-sobre-seguranca-no-transito\/#breadcrumb\",\"itemListElement\":[{\"@type\":\"ListItem\",\"position\":1,\"name\":\"In\u00edcio\",\"item\":\"https:\/\/bahiaeconomica.com.br\/wp\/\"},{\"@type\":\"ListItem\",\"position\":2,\"name\":\"PREFEITURA PROMOVE A\u00c7\u00c3O DO MAIO AMARELO PARA CONSCIENTIZA\u00c7\u00c3O SOBRE SEGURAN\u00c7A NO TR\u00c2NSITO\"}]},{\"@type\":\"WebSite\",\"@id\":\"https:\/\/bahiaeconomica.com.br\/wp\/#website\",\"url\":\"https:\/\/bahiaeconomica.com.br\/wp\/\",\"name\":\"Bahia Economica\",\"description\":\"O maior portal de Economia da Bahia\",\"publisher\":{\"@id\":\"https:\/\/bahiaeconomica.com.br\/wp\/#organization\"},\"potentialAction\":[{\"@type\":\"SearchAction\",\"target\":{\"@type\":\"EntryPoint\",\"urlTemplate\":\"https:\/\/bahiaeconomica.com.br\/wp\/?s={search_term_string}\"},\"query-input\":\"required name=search_term_string\"}],\"inLanguage\":\"pt-BR\"},{\"@type\":\"Organization\",\"@id\":\"https:\/\/bahiaeconomica.com.br\/wp\/#organization\",\"name\":\"Bahia Econ\u00f4mica\",\"url\":\"https:\/\/bahiaeconomica.com.br\/wp\/\",\"logo\":{\"@type\":\"ImageObject\",\"inLanguage\":\"pt-BR\",\"@id\":\"https:\/\/bahiaeconomica.com.br\/wp\/#\/schema\/logo\/image\/\",\"url\":\"https:\/\/bahiaeconomica.com.br\/wp\/wp-content\/uploads\/2020\/12\/cropped-BE.png\",\"contentUrl\":\"https:\/\/bahiaeconomica.com.br\/wp\/wp-content\/uploads\/2020\/12\/cropped-BE.png\",\"width\":512,\"height\":512,\"caption\":\"Bahia Econ\u00f4mica\"},\"image\":{\"@id\":\"https:\/\/bahiaeconomica.com.br\/wp\/#\/schema\/logo\/image\/\"},\"sameAs\":[\"https:\/\/www.facebook.com\/bahiaeconomica\"]},{\"@type\":\"Person\",\"@id\":\"https:\/\/bahiaeconomica.com.br\/wp\/#\/schema\/person\/a17956d0e1112b626f403fb06b8129a9\",\"name\":\"VICTOR OLIVEIRA\",\"sameAs\":[\"http:\/\/www.bahiaeconomica.com.br\"],\"url\":\"https:\/\/bahiaeconomica.com.br\/wp\/author\/victor-oliveira\/\"}]}<\/script>\n<!-- \/ Yoast SEO plugin. -->","yoast_head_json":{"title":"PREFEITURA PROMOVE A\u00c7\u00c3O DO MAIO AMARELO PARA CONSCIENTIZA\u00c7\u00c3O SOBRE SEGURAN\u00c7A NO TR\u00c2NSITO - Bahia Economica A Prefeitura de Salvador, por meio da Secretaria Municipal da Sa\u00fade","description":"O maior portal de Economia da Bahia MUNIC\u00cdPIOS Bahia Economica A Prefeitura de Salvador, por meio da Secretaria Municipal da Sa\u00fade","robots":{"index":"index","follow":"follow","max-snippet":"max-snippet:-1","max-image-preview":"max-image-preview:large","max-video-preview":"max-video-preview:-1"},"canonical":"https:\/\/bahiaeconomica.com.br\/wp\/2025\/05\/30\/prefeitura-promove-acao-do-maio-amarelo-para-conscientizacao-sobre-seguranca-no-transito\/","og_locale":"pt_BR","og_type":"article","og_title":"PREFEITURA PROMOVE A\u00c7\u00c3O DO MAIO AMARELO PARA CONSCIENTIZA\u00c7\u00c3O SOBRE SEGURAN\u00c7A NO TR\u00c2NSITO - Bahia Economica A Prefeitura de Salvador, por meio da Secretaria Municipal da Sa\u00fade","og_description":"O maior portal de Economia da Bahia MUNIC\u00cdPIOS Bahia Economica A Prefeitura de Salvador, por meio da Secretaria Municipal da Sa\u00fade","og_url":"https:\/\/bahiaeconomica.com.br\/wp\/2025\/05\/30\/prefeitura-promove-acao-do-maio-amarelo-para-conscientizacao-sobre-seguranca-no-transito\/","og_site_name":"Bahia Economica","article_publisher":"https:\/\/www.facebook.com\/bahiaeconomica","article_published_time":"2025-05-30T17:34:47+00:00","og_image":[{"width":2560,"height":1709,"url":"https:\/\/bahiaeconomica.com.br\/wp\/wp-content\/uploads\/2025\/05\/Acao_Maio_Amarelo_Seguranca_Transito__Fotos__Jefferson_Peixoto__Secom_PMS4-scaled.jpg","type":"image\/jpeg"}],"author":"VICTOR OLIVEIRA","twitter_card":"summary_large_image","twitter_misc":{"Escrito por":"VICTOR OLIVEIRA","Est. tempo de leitura":"4 minutos"},"schema":{"@context":"https:\/\/schema.org","@graph":[{"@type":"Article","@id":"https:\/\/bahiaeconomica.com.br\/wp\/2025\/05\/30\/prefeitura-promove-acao-do-maio-amarelo-para-conscientizacao-sobre-seguranca-no-transito\/#article","isPartOf":{"@id":"https:\/\/bahiaeconomica.com.br\/wp\/2025\/05\/30\/prefeitura-promove-acao-do-maio-amarelo-para-conscientizacao-sobre-seguranca-no-transito\/"},"author":{"name":"VICTOR OLIVEIRA","@id":"https:\/\/bahiaeconomica.com.br\/wp\/#\/schema\/person\/a17956d0e1112b626f403fb06b8129a9"},"headline":"PREFEITURA PROMOVE A\u00c7\u00c3O DO MAIO AMARELO PARA CONSCIENTIZA\u00c7\u00c3O SOBRE SEGURAN\u00c7A NO TR\u00c2NSITO","datePublished":"2025-05-30T17:34:47+00:00","dateModified":"2025-05-30T17:34:47+00:00","mainEntityOfPage":{"@id":"https:\/\/bahiaeconomica.com.br\/wp\/2025\/05\/30\/prefeitura-promove-acao-do-maio-amarelo-para-conscientizacao-sobre-seguranca-no-transito\/"},"wordCount":839,"publisher":{"@id":"https:\/\/bahiaeconomica.com.br\/wp\/#organization"},"keywords":["campanha de conscientiza\u00e7\u00e3o","meio amarelo","SMS"],"articleSection":["MUNIC\u00cdPIOS"],"inLanguage":"pt-BR"},{"@type":"WebPage","@id":"https:\/\/bahiaeconomica.com.br\/wp\/2025\/05\/30\/prefeitura-promove-acao-do-maio-amarelo-para-conscientizacao-sobre-seguranca-no-transito\/","url":"https:\/\/bahiaeconomica.com.br\/wp\/2025\/05\/30\/prefeitura-promove-acao-do-maio-amarelo-para-conscientizacao-sobre-seguranca-no-transito\/","name":"PREFEITURA PROMOVE A\u00c7\u00c3O DO MAIO AMARELO PARA CONSCIENTIZA\u00c7\u00c3O SOBRE SEGURAN\u00c7A NO TR\u00c2NSITO - Bahia Economica A Prefeitura de Salvador, por meio da Secretaria Municipal da Sa\u00fade","isPartOf":{"@id":"https:\/\/bahiaeconomica.com.br\/wp\/#website"},"datePublished":"2025-05-30T17:34:47+00:00","dateModified":"2025-05-30T17:34:47+00:00","description":"O maior portal de Economia da Bahia MUNIC\u00cdPIOS Bahia Economica A Prefeitura de Salvador, por meio da Secretaria Municipal da Sa\u00fade","breadcrumb":{"@id":"https:\/\/bahiaeconomica.com.br\/wp\/2025\/05\/30\/prefeitura-promove-acao-do-maio-amarelo-para-conscientizacao-sobre-seguranca-no-transito\/#breadcrumb"},"inLanguage":"pt-BR","potentialAction":[{"@type":"ReadAction","target":["https:\/\/bahiaeconomica.com.br\/wp\/2025\/05\/30\/prefeitura-promove-acao-do-maio-amarelo-para-conscientizacao-sobre-seguranca-no-transito\/"]}]},{"@type":"BreadcrumbList","@id":"https:\/\/bahiaeconomica.com.br\/wp\/2025\/05\/30\/prefeitura-promove-acao-do-maio-amarelo-para-conscientizacao-sobre-seguranca-no-transito\/#breadcrumb","itemListElement":[{"@type":"ListItem","position":1,"name":"In\u00edcio","item":"https:\/\/bahiaeconomica.com.br\/wp\/"},{"@type":"ListItem","position":2,"name":"PREFEITURA PROMOVE A\u00c7\u00c3O DO MAIO AMARELO PARA CONSCIENTIZA\u00c7\u00c3O SOBRE SEGURAN\u00c7A NO TR\u00c2NSITO"}]},{"@type":"WebSite","@id":"https:\/\/bahiaeconomica.com.br\/wp\/#website","url":"https:\/\/bahiaeconomica.com.br\/wp\/","name":"Bahia Economica","description":"O maior portal de Economia da Bahia","publisher":{"@id":"https:\/\/bahiaeconomica.com.br\/wp\/#organization"},"potentialAction":[{"@type":"SearchAction","target":{"@type":"EntryPoint","urlTemplate":"https:\/\/bahiaeconomica.com.br\/wp\/?s={search_term_string}"},"query-input":"required name=search_term_string"}],"inLanguage":"pt-BR"},{"@type":"Organization","@id":"https:\/\/bahiaeconomica.com.br\/wp\/#organization","name":"Bahia Econ\u00f4mica","url":"https:\/\/bahiaeconomica.com.br\/wp\/","logo":{"@type":"ImageObject","inLanguage":"pt-BR","@id":"https:\/\/bahiaeconomica.com.br\/wp\/#\/schema\/logo\/image\/","url":"https:\/\/bahiaeconomica.com.br\/wp\/wp-content\/uploads\/2020\/12\/cropped-BE.png","contentUrl":"https:\/\/bahiaeconomica.com.br\/wp\/wp-content\/uploads\/2020\/12\/cropped-BE.png","width":512,"height":512,"caption":"Bahia Econ\u00f4mica"},"image":{"@id":"https:\/\/bahiaeconomica.com.br\/wp\/#\/schema\/logo\/image\/"},"sameAs":["https:\/\/www.facebook.com\/bahiaeconomica"]},{"@type":"Person","@id":"https:\/\/bahiaeconomica.com.br\/wp\/#\/schema\/person\/a17956d0e1112b626f403fb06b8129a9","name":"VICTOR OLIVEIRA","sameAs":["http:\/\/www.bahiaeconomica.com.br"],"url":"https:\/\/bahiaeconomica.com.br\/wp\/author\/victor-oliveira\/"}]}},"views":5,"_links":{"self":[{"href":"https:\/\/bahiaeconomica.com.br\/wp\/wp-json\/wp\/v2\/posts\/907497"}],"collection":[{"href":"https:\/\/bahiaeconomica.com.br\/wp\/wp-json\/wp\/v2\/posts"}],"about":[{"href":"https:\/\/bahiaeconomica.com.br\/wp\/wp-json\/wp\/v2\/types\/post"}],"author":[{"embeddable":true,"href":"https:\/\/bahiaeconomica.com.br\/wp\/wp-json\/wp\/v2\/users\/24"}],"replies":[{"embeddable":true,"href":"https:\/\/bahiaeconomica.com.br\/wp\/wp-json\/wp\/v2\/comments?post=907497"}],"version-history":[{"count":1,"href":"https:\/\/bahiaeconomica.com.br\/wp\/wp-json\/wp\/v2\/posts\/907497\/revisions"}],"predecessor-version":[{"id":907502,"href":"https:\/\/bahiaeconomica.com.br\/wp\/wp-json\/wp\/v2\/posts\/907497\/revisions\/907502"}],"wp:featuredmedia":[{"embeddable":true,"href":"https:\/\/bahiaeconomica.com.br\/wp\/wp-json\/wp\/v2\/media\/907501"}],"wp:attachment":[{"href":"https:\/\/bahiaeconomica.com.br\/wp\/wp-json\/wp\/v2\/media?parent=907497"}],"wp:term":[{"taxonomy":"category","embeddable":true,"href":"https:\/\/bahiaeconomica.com.br\/wp\/wp-json\/wp\/v2\/categories?post=907497"},{"taxonomy":"post_tag","embeddable":true,"href":"https:\/\/bahiaeconomica.com.br\/wp\/wp-json\/wp\/v2\/tags?post=907497"}],"curies":[{"name":"wp","href":"https:\/\/api.w.org\/{rel}","templated":true}]}}