{"id":907247,"date":"2025-05-29T19:30:12","date_gmt":"2025-05-29T22:30:12","guid":{"rendered":"https:\/\/bahiaeconomica.com.br\/wp\/?p=907247"},"modified":"2025-05-29T18:35:00","modified_gmt":"2025-05-29T21:35:00","slug":"tesouro-nao-ha-como-ampliar-corte-de-gastos-sem-reformas-estruturais","status":"publish","type":"post","link":"https:\/\/bahiaeconomica.com.br\/wp\/2025\/05\/29\/tesouro-nao-ha-como-ampliar-corte-de-gastos-sem-reformas-estruturais\/","title":{"rendered":"TESOURO: N\u00c3O H\u00c1 COMO AMPLIAR CORTE DE GASTOS SEM REFORMAS ESTRUTURAIS"},"content":{"rendered":"<p>Eventuais cortes adicionais de gastos que permitam a revoga\u00e7\u00e3o do aumento do Imposto sobre Opera\u00e7\u00f5es Financeiras (IOF) exigir\u00e3o reformas estruturais por parte do governo e do Congresso, disse nesta quinta-feira (29) o secret\u00e1rio do Tesouro Nacional, Rog\u00e9rio Ceron. Ele classificou de \u201crespons\u00e1vel\u201d a \u201cprovoca\u00e7\u00e3o\u201d do presidente da C\u00e2mara dos Deputados, Hugo Motta, que deu dez dias para a constru\u00e7\u00e3o de solu\u00e7\u00f5es alternativas.<\/p>\n<p>\u201cO Congresso Nacional se colocou de forma muito respons\u00e1vel, se abrindo para discutir de uma forma at\u00e9 mais estrutural como endere\u00e7ar as quest\u00f5es relativas a 2025, 2026 e anos posteriores. Vamos trabalhar para dar uma resposta \u00e0 altura da provoca\u00e7\u00e3o\u201d, disse Ceron, ao comentar o super\u00e1vit prim\u00e1rio de R$ 17,778 bilh\u00f5es em abril, o melhor resultado para o m\u00eas em tr\u00eas anos.<\/p>\n<p>Ceron ressaltou que a atitude de Hugo Motta representa uma \u201coportunidade hist\u00f3rica\u201d. Para o secret\u00e1rio do Tesouro, a disposi\u00e7\u00e3o de Motta em discutir benef\u00edcios para setores da economia ajudar\u00e1 a corrigir distor\u00e7\u00f5es fiscais no pa\u00eds.<\/p>\n<p>\u201cTemos aqui um desafio imenso de construir alternativas, de levar ao Congresso em 10 dias solu\u00e7\u00f5es, obviamente ouvindo as demais \u00e1reas de governo, passando pelo crivo do presidente da Rep\u00fablica, fazer disso uma grande oportunidade para o pa\u00eds\u201d, afirmou Ceron.<\/p>\n<p>\u201c\u00c9 importante encontrar solu\u00e7\u00e3o que permita essa fonte de recurso para que n\u00e3o haja retrocesso no processo de recupera\u00e7\u00e3o fiscal e permita que as coisas continuem funcionando. Essa compreens\u00e3o existe\u201d, reiterou o secret\u00e1rio. Ceron, no entanto, evitou detalhar que medidas a equipe econ\u00f4mica apoiaria, apenas disse que as solu\u00e7\u00f5es sair\u00e3o ap\u00f3s dez dias de debate.<\/p>\n<p><strong>Decreto<\/strong><br \/>\nNesta sexta-feira (30), o governo publicar\u00e1 o decreto presidencial detalhando, por \u00f3rg\u00e3os e minist\u00e9rios, o congelamento de R$ 31,3 bilh\u00f5es no Or\u00e7amento anunciado na semana passada. Segundo Ceron, o decreto n\u00e3o incluir\u00e1 o R$ 1,4 bilh\u00e3o obtido pelo governo com o resgate de dinheiro de dois fundos.<\/p>\n<p>Na quarta-feira (28), o governo anunciou o resgate de R$ 1,4 bilh\u00e3o de dois fundos: o Fundo Garantidor de Opera\u00e7\u00f5es (FGO) e o Fundo de Garantia de Opera\u00e7\u00f5es do Cr\u00e9dito Educativo (FGEDUC), administrado pela Caixa Econ\u00f4mica Federal, para compensar a revoga\u00e7\u00e3o de dois pontos do decreto que aumentou o IOF. Segundo Ceron, o dinheiro entrar\u00e1 no caixa do governo em at\u00e9 dois meses.<\/p>\n<p>Foto: Ant\u00f4nio Cruz\/Fonte: Ag\u00eancia Brasil<\/p>\n","protected":false},"excerpt":{"rendered":"<p>Eventuais cortes adicionais de gastos que permitam a revoga\u00e7\u00e3o do aumento do Imposto sobre Opera\u00e7\u00f5es Financeiras (IOF) exigir\u00e3o reformas estruturais por parte do governo e do Congresso, disse nesta quinta-feira (29) o secret\u00e1rio do Tesouro Nacional, Rog\u00e9rio Ceron. Ele classificou de \u201crespons\u00e1vel\u201d a \u201cprovoca\u00e7\u00e3o\u201d do presidente da C\u00e2mara dos Deputados, Hugo Motta, que deu dez [&hellip;]<\/p>\n","protected":false},"author":15,"featured_media":907248,"comment_status":"closed","ping_status":"closed","sticky":false,"template":"","format":"standard","meta":[],"categories":[3],"tags":[21189,5665],"acf":[],"yoast_head":"<!-- This site is optimized with the Yoast SEO plugin v20.8 - https:\/\/yoast.com\/wordpress\/plugins\/seo\/ -->\n<title>TESOURO: N\u00c3O H\u00c1 COMO AMPLIAR CORTE DE GASTOS SEM REFORMAS ESTRUTURAIS - Bahia Economica<\/title>\n<meta name=\"description\" content=\"O maior portal de Economia da Bahia ECONOMIA \/ POL\u00cdTICA Bahia Economica Eventuais cortes adicionais de gastos que permitam a revoga\u00e7\u00e3o do aumento\" \/>\n<meta name=\"robots\" content=\"index, follow, max-snippet:-1, max-image-preview:large, max-video-preview:-1\" \/>\n<link rel=\"canonical\" href=\"https:\/\/bahiaeconomica.com.br\/wp\/2025\/05\/29\/tesouro-nao-ha-como-ampliar-corte-de-gastos-sem-reformas-estruturais\/\" \/>\n<meta property=\"og:locale\" content=\"pt_BR\" \/>\n<meta property=\"og:type\" content=\"article\" \/>\n<meta property=\"og:title\" content=\"TESOURO: N\u00c3O H\u00c1 COMO AMPLIAR CORTE DE GASTOS SEM REFORMAS ESTRUTURAIS - Bahia Economica\" \/>\n<meta property=\"og:description\" content=\"O maior portal de Economia da Bahia ECONOMIA \/ POL\u00cdTICA Bahia Economica Eventuais cortes adicionais de gastos que permitam a revoga\u00e7\u00e3o do aumento\" \/>\n<meta property=\"og:url\" content=\"https:\/\/bahiaeconomica.com.br\/wp\/2025\/05\/29\/tesouro-nao-ha-como-ampliar-corte-de-gastos-sem-reformas-estruturais\/\" \/>\n<meta property=\"og:site_name\" content=\"Bahia Economica\" \/>\n<meta property=\"article:publisher\" content=\"https:\/\/www.facebook.com\/bahiaeconomica\" \/>\n<meta property=\"article:published_time\" content=\"2025-05-29T22:30:12+00:00\" \/>\n<meta property=\"article:modified_time\" content=\"2025-05-29T21:35:00+00:00\" \/>\n<meta property=\"og:image\" content=\"https:\/\/bahiaeconomica.com.br\/wp\/wp-content\/uploads\/2025\/05\/0d4a9371.webp\" \/>\n\t<meta property=\"og:image:width\" content=\"1170\" \/>\n\t<meta property=\"og:image:height\" content=\"700\" \/>\n\t<meta property=\"og:image:type\" content=\"image\/webp\" \/>\n<meta name=\"author\" content=\"VICTORIA ISABEL\" \/>\n<meta name=\"twitter:card\" content=\"summary_large_image\" \/>\n<meta name=\"twitter:label1\" content=\"Escrito por\" \/>\n\t<meta name=\"twitter:data1\" content=\"VICTORIA ISABEL\" \/>\n\t<meta name=\"twitter:label2\" content=\"Est. tempo de leitura\" \/>\n\t<meta name=\"twitter:data2\" content=\"3 minutos\" \/>\n<script type=\"application\/ld+json\" class=\"yoast-schema-graph\">{\"@context\":\"https:\/\/schema.org\",\"@graph\":[{\"@type\":\"Article\",\"@id\":\"https:\/\/bahiaeconomica.com.br\/wp\/2025\/05\/29\/tesouro-nao-ha-como-ampliar-corte-de-gastos-sem-reformas-estruturais\/#article\",\"isPartOf\":{\"@id\":\"https:\/\/bahiaeconomica.com.br\/wp\/2025\/05\/29\/tesouro-nao-ha-como-ampliar-corte-de-gastos-sem-reformas-estruturais\/\"},\"author\":{\"name\":\"VICTORIA ISABEL\",\"@id\":\"https:\/\/bahiaeconomica.com.br\/wp\/#\/schema\/person\/b719ce0fb1c09f3c7a00d9243ced4a6f\"},\"headline\":\"TESOURO: N\u00c3O H\u00c1 COMO AMPLIAR CORTE DE GASTOS SEM REFORMAS ESTRUTURAIS\",\"datePublished\":\"2025-05-29T22:30:12+00:00\",\"dateModified\":\"2025-05-29T21:35:00+00:00\",\"mainEntityOfPage\":{\"@id\":\"https:\/\/bahiaeconomica.com.br\/wp\/2025\/05\/29\/tesouro-nao-ha-como-ampliar-corte-de-gastos-sem-reformas-estruturais\/\"},\"wordCount\":422,\"publisher\":{\"@id\":\"https:\/\/bahiaeconomica.com.br\/wp\/#organization\"},\"keywords\":[\"corte de gastos\",\"Tesouro\"],\"articleSection\":[\"ECONOMIA \/ POL\u00cdTICA\"],\"inLanguage\":\"pt-BR\"},{\"@type\":\"WebPage\",\"@id\":\"https:\/\/bahiaeconomica.com.br\/wp\/2025\/05\/29\/tesouro-nao-ha-como-ampliar-corte-de-gastos-sem-reformas-estruturais\/\",\"url\":\"https:\/\/bahiaeconomica.com.br\/wp\/2025\/05\/29\/tesouro-nao-ha-como-ampliar-corte-de-gastos-sem-reformas-estruturais\/\",\"name\":\"TESOURO: N\u00c3O H\u00c1 COMO AMPLIAR CORTE DE GASTOS SEM REFORMAS ESTRUTURAIS - Bahia Economica\",\"isPartOf\":{\"@id\":\"https:\/\/bahiaeconomica.com.br\/wp\/#website\"},\"datePublished\":\"2025-05-29T22:30:12+00:00\",\"dateModified\":\"2025-05-29T21:35:00+00:00\",\"description\":\"O maior portal de Economia da Bahia ECONOMIA \/ POL\u00cdTICA Bahia Economica Eventuais cortes adicionais de gastos que permitam a revoga\u00e7\u00e3o do aumento\",\"breadcrumb\":{\"@id\":\"https:\/\/bahiaeconomica.com.br\/wp\/2025\/05\/29\/tesouro-nao-ha-como-ampliar-corte-de-gastos-sem-reformas-estruturais\/#breadcrumb\"},\"inLanguage\":\"pt-BR\",\"potentialAction\":[{\"@type\":\"ReadAction\",\"target\":[\"https:\/\/bahiaeconomica.com.br\/wp\/2025\/05\/29\/tesouro-nao-ha-como-ampliar-corte-de-gastos-sem-reformas-estruturais\/\"]}]},{\"@type\":\"BreadcrumbList\",\"@id\":\"https:\/\/bahiaeconomica.com.br\/wp\/2025\/05\/29\/tesouro-nao-ha-como-ampliar-corte-de-gastos-sem-reformas-estruturais\/#breadcrumb\",\"itemListElement\":[{\"@type\":\"ListItem\",\"position\":1,\"name\":\"In\u00edcio\",\"item\":\"https:\/\/bahiaeconomica.com.br\/wp\/\"},{\"@type\":\"ListItem\",\"position\":2,\"name\":\"TESOURO: N\u00c3O H\u00c1 COMO AMPLIAR CORTE DE GASTOS SEM REFORMAS ESTRUTURAIS\"}]},{\"@type\":\"WebSite\",\"@id\":\"https:\/\/bahiaeconomica.com.br\/wp\/#website\",\"url\":\"https:\/\/bahiaeconomica.com.br\/wp\/\",\"name\":\"Bahia Economica\",\"description\":\"O maior portal de Economia da Bahia\",\"publisher\":{\"@id\":\"https:\/\/bahiaeconomica.com.br\/wp\/#organization\"},\"potentialAction\":[{\"@type\":\"SearchAction\",\"target\":{\"@type\":\"EntryPoint\",\"urlTemplate\":\"https:\/\/bahiaeconomica.com.br\/wp\/?s={search_term_string}\"},\"query-input\":\"required name=search_term_string\"}],\"inLanguage\":\"pt-BR\"},{\"@type\":\"Organization\",\"@id\":\"https:\/\/bahiaeconomica.com.br\/wp\/#organization\",\"name\":\"Bahia Econ\u00f4mica\",\"url\":\"https:\/\/bahiaeconomica.com.br\/wp\/\",\"logo\":{\"@type\":\"ImageObject\",\"inLanguage\":\"pt-BR\",\"@id\":\"https:\/\/bahiaeconomica.com.br\/wp\/#\/schema\/logo\/image\/\",\"url\":\"https:\/\/bahiaeconomica.com.br\/wp\/wp-content\/uploads\/2020\/12\/cropped-BE.png\",\"contentUrl\":\"https:\/\/bahiaeconomica.com.br\/wp\/wp-content\/uploads\/2020\/12\/cropped-BE.png\",\"width\":512,\"height\":512,\"caption\":\"Bahia Econ\u00f4mica\"},\"image\":{\"@id\":\"https:\/\/bahiaeconomica.com.br\/wp\/#\/schema\/logo\/image\/\"},\"sameAs\":[\"https:\/\/www.facebook.com\/bahiaeconomica\"]},{\"@type\":\"Person\",\"@id\":\"https:\/\/bahiaeconomica.com.br\/wp\/#\/schema\/person\/b719ce0fb1c09f3c7a00d9243ced4a6f\",\"name\":\"VICTORIA ISABEL\",\"sameAs\":[\"http:\/\/www.bahiaeconomica.com.br\"],\"url\":\"https:\/\/bahiaeconomica.com.br\/wp\/author\/victoria-isabel\/\"}]}<\/script>\n<!-- \/ Yoast SEO plugin. -->","yoast_head_json":{"title":"TESOURO: N\u00c3O H\u00c1 COMO AMPLIAR CORTE DE GASTOS SEM REFORMAS ESTRUTURAIS - Bahia Economica","description":"O maior portal de Economia da Bahia ECONOMIA \/ POL\u00cdTICA Bahia Economica Eventuais cortes adicionais de gastos que permitam a revoga\u00e7\u00e3o do aumento","robots":{"index":"index","follow":"follow","max-snippet":"max-snippet:-1","max-image-preview":"max-image-preview:large","max-video-preview":"max-video-preview:-1"},"canonical":"https:\/\/bahiaeconomica.com.br\/wp\/2025\/05\/29\/tesouro-nao-ha-como-ampliar-corte-de-gastos-sem-reformas-estruturais\/","og_locale":"pt_BR","og_type":"article","og_title":"TESOURO: N\u00c3O H\u00c1 COMO AMPLIAR CORTE DE GASTOS SEM REFORMAS ESTRUTURAIS - Bahia Economica","og_description":"O maior portal de Economia da Bahia ECONOMIA \/ POL\u00cdTICA Bahia Economica Eventuais cortes adicionais de gastos que permitam a revoga\u00e7\u00e3o do aumento","og_url":"https:\/\/bahiaeconomica.com.br\/wp\/2025\/05\/29\/tesouro-nao-ha-como-ampliar-corte-de-gastos-sem-reformas-estruturais\/","og_site_name":"Bahia Economica","article_publisher":"https:\/\/www.facebook.com\/bahiaeconomica","article_published_time":"2025-05-29T22:30:12+00:00","article_modified_time":"2025-05-29T21:35:00+00:00","og_image":[{"width":1170,"height":700,"url":"https:\/\/bahiaeconomica.com.br\/wp\/wp-content\/uploads\/2025\/05\/0d4a9371.webp","type":"image\/webp"}],"author":"VICTORIA ISABEL","twitter_card":"summary_large_image","twitter_misc":{"Escrito por":"VICTORIA ISABEL","Est. tempo de leitura":"3 minutos"},"schema":{"@context":"https:\/\/schema.org","@graph":[{"@type":"Article","@id":"https:\/\/bahiaeconomica.com.br\/wp\/2025\/05\/29\/tesouro-nao-ha-como-ampliar-corte-de-gastos-sem-reformas-estruturais\/#article","isPartOf":{"@id":"https:\/\/bahiaeconomica.com.br\/wp\/2025\/05\/29\/tesouro-nao-ha-como-ampliar-corte-de-gastos-sem-reformas-estruturais\/"},"author":{"name":"VICTORIA ISABEL","@id":"https:\/\/bahiaeconomica.com.br\/wp\/#\/schema\/person\/b719ce0fb1c09f3c7a00d9243ced4a6f"},"headline":"TESOURO: N\u00c3O H\u00c1 COMO AMPLIAR CORTE DE GASTOS SEM REFORMAS ESTRUTURAIS","datePublished":"2025-05-29T22:30:12+00:00","dateModified":"2025-05-29T21:35:00+00:00","mainEntityOfPage":{"@id":"https:\/\/bahiaeconomica.com.br\/wp\/2025\/05\/29\/tesouro-nao-ha-como-ampliar-corte-de-gastos-sem-reformas-estruturais\/"},"wordCount":422,"publisher":{"@id":"https:\/\/bahiaeconomica.com.br\/wp\/#organization"},"keywords":["corte de gastos","Tesouro"],"articleSection":["ECONOMIA \/ POL\u00cdTICA"],"inLanguage":"pt-BR"},{"@type":"WebPage","@id":"https:\/\/bahiaeconomica.com.br\/wp\/2025\/05\/29\/tesouro-nao-ha-como-ampliar-corte-de-gastos-sem-reformas-estruturais\/","url":"https:\/\/bahiaeconomica.com.br\/wp\/2025\/05\/29\/tesouro-nao-ha-como-ampliar-corte-de-gastos-sem-reformas-estruturais\/","name":"TESOURO: N\u00c3O H\u00c1 COMO AMPLIAR CORTE DE GASTOS SEM REFORMAS ESTRUTURAIS - Bahia Economica","isPartOf":{"@id":"https:\/\/bahiaeconomica.com.br\/wp\/#website"},"datePublished":"2025-05-29T22:30:12+00:00","dateModified":"2025-05-29T21:35:00+00:00","description":"O maior portal de Economia da Bahia ECONOMIA \/ POL\u00cdTICA Bahia Economica Eventuais cortes adicionais de gastos que permitam a revoga\u00e7\u00e3o do aumento","breadcrumb":{"@id":"https:\/\/bahiaeconomica.com.br\/wp\/2025\/05\/29\/tesouro-nao-ha-como-ampliar-corte-de-gastos-sem-reformas-estruturais\/#breadcrumb"},"inLanguage":"pt-BR","potentialAction":[{"@type":"ReadAction","target":["https:\/\/bahiaeconomica.com.br\/wp\/2025\/05\/29\/tesouro-nao-ha-como-ampliar-corte-de-gastos-sem-reformas-estruturais\/"]}]},{"@type":"BreadcrumbList","@id":"https:\/\/bahiaeconomica.com.br\/wp\/2025\/05\/29\/tesouro-nao-ha-como-ampliar-corte-de-gastos-sem-reformas-estruturais\/#breadcrumb","itemListElement":[{"@type":"ListItem","position":1,"name":"In\u00edcio","item":"https:\/\/bahiaeconomica.com.br\/wp\/"},{"@type":"ListItem","position":2,"name":"TESOURO: N\u00c3O H\u00c1 COMO AMPLIAR CORTE DE GASTOS SEM REFORMAS ESTRUTURAIS"}]},{"@type":"WebSite","@id":"https:\/\/bahiaeconomica.com.br\/wp\/#website","url":"https:\/\/bahiaeconomica.com.br\/wp\/","name":"Bahia Economica","description":"O maior portal de Economia da Bahia","publisher":{"@id":"https:\/\/bahiaeconomica.com.br\/wp\/#organization"},"potentialAction":[{"@type":"SearchAction","target":{"@type":"EntryPoint","urlTemplate":"https:\/\/bahiaeconomica.com.br\/wp\/?s={search_term_string}"},"query-input":"required name=search_term_string"}],"inLanguage":"pt-BR"},{"@type":"Organization","@id":"https:\/\/bahiaeconomica.com.br\/wp\/#organization","name":"Bahia Econ\u00f4mica","url":"https:\/\/bahiaeconomica.com.br\/wp\/","logo":{"@type":"ImageObject","inLanguage":"pt-BR","@id":"https:\/\/bahiaeconomica.com.br\/wp\/#\/schema\/logo\/image\/","url":"https:\/\/bahiaeconomica.com.br\/wp\/wp-content\/uploads\/2020\/12\/cropped-BE.png","contentUrl":"https:\/\/bahiaeconomica.com.br\/wp\/wp-content\/uploads\/2020\/12\/cropped-BE.png","width":512,"height":512,"caption":"Bahia Econ\u00f4mica"},"image":{"@id":"https:\/\/bahiaeconomica.com.br\/wp\/#\/schema\/logo\/image\/"},"sameAs":["https:\/\/www.facebook.com\/bahiaeconomica"]},{"@type":"Person","@id":"https:\/\/bahiaeconomica.com.br\/wp\/#\/schema\/person\/b719ce0fb1c09f3c7a00d9243ced4a6f","name":"VICTORIA ISABEL","sameAs":["http:\/\/www.bahiaeconomica.com.br"],"url":"https:\/\/bahiaeconomica.com.br\/wp\/author\/victoria-isabel\/"}]}},"views":12,"_links":{"self":[{"href":"https:\/\/bahiaeconomica.com.br\/wp\/wp-json\/wp\/v2\/posts\/907247"}],"collection":[{"href":"https:\/\/bahiaeconomica.com.br\/wp\/wp-json\/wp\/v2\/posts"}],"about":[{"href":"https:\/\/bahiaeconomica.com.br\/wp\/wp-json\/wp\/v2\/types\/post"}],"author":[{"embeddable":true,"href":"https:\/\/bahiaeconomica.com.br\/wp\/wp-json\/wp\/v2\/users\/15"}],"replies":[{"embeddable":true,"href":"https:\/\/bahiaeconomica.com.br\/wp\/wp-json\/wp\/v2\/comments?post=907247"}],"version-history":[{"count":1,"href":"https:\/\/bahiaeconomica.com.br\/wp\/wp-json\/wp\/v2\/posts\/907247\/revisions"}],"predecessor-version":[{"id":907250,"href":"https:\/\/bahiaeconomica.com.br\/wp\/wp-json\/wp\/v2\/posts\/907247\/revisions\/907250"}],"wp:featuredmedia":[{"embeddable":true,"href":"https:\/\/bahiaeconomica.com.br\/wp\/wp-json\/wp\/v2\/media\/907248"}],"wp:attachment":[{"href":"https:\/\/bahiaeconomica.com.br\/wp\/wp-json\/wp\/v2\/media?parent=907247"}],"wp:term":[{"taxonomy":"category","embeddable":true,"href":"https:\/\/bahiaeconomica.com.br\/wp\/wp-json\/wp\/v2\/categories?post=907247"},{"taxonomy":"post_tag","embeddable":true,"href":"https:\/\/bahiaeconomica.com.br\/wp\/wp-json\/wp\/v2\/tags?post=907247"}],"curies":[{"name":"wp","href":"https:\/\/api.w.org\/{rel}","templated":true}]}}