{"id":907091,"date":"2025-05-29T14:30:58","date_gmt":"2025-05-29T17:30:58","guid":{"rendered":"https:\/\/bahiaeconomica.com.br\/wp\/?p=907091"},"modified":"2025-05-29T14:29:03","modified_gmt":"2025-05-29T17:29:03","slug":"prazo-para-envio-de-sugestoes-ao-plano-plurianual-ppa-2026-2029-termina-nesta-sexta-30","status":"publish","type":"post","link":"https:\/\/bahiaeconomica.com.br\/wp\/2025\/05\/29\/prazo-para-envio-de-sugestoes-ao-plano-plurianual-ppa-2026-2029-termina-nesta-sexta-30\/","title":{"rendered":"PRAZO PARA ENVIO DE SUGEST\u00d5ES AO PLANO PLURIANUAL (PPA 2026\u20132029) TERMINA NESTA SEXTA (30)"},"content":{"rendered":"<p>Cidad\u00e3os interessados em contribuir com sugest\u00f5es para o Plano Plurianual (PPA 2026\u20132029) devem enviar suas contribui\u00e7\u00f5es at\u00e9 essa sexta-feira (30), prazo final para o recebimento das indica\u00e7\u00f5es populares. As opini\u00f5es de quem vive em Salvador s\u00e3o fundamentais para elaborar o documento, que em linhas gerais, define onde o or\u00e7amento p\u00fablico ser\u00e1 empregado e quais pol\u00edticas ter\u00e3o prioridade em Salvador. As contribui\u00e7\u00f5es podem ser feitas presencialmente nas dez Prefeituras-Bairro ou virtualmente, por meio do WhatsApp (71) 98791-3420 ou pelo site\u00a0<a href=\"http:\/\/salvadordigital.salvador.ba.gov.br\/\" target=\"_blank\" rel=\"noreferrer noopener\">http:\/\/salvadordigital.<wbr \/>salvador.ba.gov.br<\/a>.<\/p>\n<p>Cada pessoa pode enviar at\u00e9 tr\u00eas sugest\u00f5es, abrangendo qualquer \u00e1rea de atua\u00e7\u00e3o da Prefeitura: tr\u00e2nsito (como constru\u00e7\u00e3o de viadutos, instala\u00e7\u00e3o de faixas de pedestres e sem\u00e1foros), sa\u00fade (como solicita\u00e7\u00e3o de novas unidades), educa\u00e7\u00e3o (como amplia\u00e7\u00e3o de vagas em creches, cria\u00e7\u00e3o de novas escolas), assist\u00eancia social (como expans\u00e3o das a\u00e7\u00f5es sociais), solicita\u00e7\u00f5es de ilumina\u00e7\u00e3o, limpeza, entre outras. Caso a a\u00e7\u00e3o desejada n\u00e3o esteja listada, \u00e9 poss\u00edvel registrar a sugest\u00e3o no campo \u201cOutros\u201d.<\/p>\n<p>Nas dez Prefeituras-Bairro, servidores munidos de tablets prestam aux\u00edlio aos cidad\u00e3os que se dirigem \u00e0s unidades em busca de servi\u00e7os e, aproveitam para deixar suas contribui\u00e7\u00f5es de melhorias para cidade. O advogado e professor Marcos Aur\u00e9lio Farias, 52 anos, que esteve na Prefeitura-Bairro Centro, nesta quinta-feira (29), para retirada do cart\u00e3o do Sistema \u00danico de Sa\u00fade (SUS) aproveitou para dar sugest\u00f5es sobre a Federa\u00e7\u00e3o, bairro onde vive h\u00e1 mais de duas d\u00e9cadas.<\/p>\n<p>\u201cSempre podemos melhorar nossa cidade, n\u00e3o \u00e9 mesmo? Na Avenida Cardeal da Silva, por exemplo, tem um cont\u00eainer de lixo que atrapalha a mobilidade de pedestres na cal\u00e7ada. Acho que poderia ver um melhor local para a instala\u00e7\u00e3o. Deixo aqui esse pedido\u201d, disse o cidad\u00e3o. A consulta p\u00fablica na Prefeitura-Bairro Centro tem alcan\u00e7ado uma m\u00e9dia di\u00e1ria de 60 pessoas que s\u00e3o cadastradas atrav\u00e9s do CPF.<\/p>\n<p>O secret\u00e1rio de Articula\u00e7\u00e3o Comunit\u00e1ria e Prefeituras-Bairro, Luciano Sandes, afirma que a participa\u00e7\u00e3o popular \u00e9 fundamental para que a gest\u00e3o p\u00fablica possa planejar e executar a\u00e7\u00f5es que realmente dialoguem com as necessidades de cada territ\u00f3rio. \u201cO Plano Plurianual \u00e9 a principal ferramenta de planejamento da cidade, e ouvir o cidad\u00e3o \u00e9 o que garante que os investimentos estejam alinhados com a realidade de quem vive nas comunidades. Cada sugest\u00e3o enviada faz a diferen\u00e7a e ajuda a construir uma Salvador mais justa, eficiente e participativa\u201d, refor\u00e7a o gestor.<\/p>\n<p><strong>Confira os endere\u00e7os das Prefeituras-Bairro:<\/strong><\/p>\n<p>\u2013\u00a0<strong>Barra\/Pituba:<\/strong>\u00a0Rua Marqu\u00eas de Monte Santo, 300 \u2013 Rio Vermelho.<\/p>\n<p>\u2013\u00a0<strong>Cabula\/Tancredo Neves:<\/strong>\u00a0Rua Silveira Martins, 185 \u2013 Cabula.<\/p>\n<p>\u2013\u00a0<strong>Cajazeiras:<\/strong>\u00a0Avenida Engenheiro Raymundo Carlos Nery, 413-429 \u2013 Cajazeiras X.<\/p>\n<p>\u2013\u00a0<strong>Centro\/Brotas:<\/strong>\u00a0Rua Guedes de Brito, s\/n \u2013 Centro.<\/p>\n<p>\u2013\u00a0<strong>Cidade Baixa:<\/strong>\u00a0Avenida P\u00f4rto dos Mastros, 65 \u2013 Ribeira.<\/p>\n<p>\u2013\u00a0<strong>Itapu\u00e3:<\/strong>\u00a0Avenida Dorival Caymmi, 17 \u2013 Itapu\u00e3.<\/p>\n<p>\u2013\u00a0<strong>Liberdade\/S\u00e3o Caetano:<\/strong>\u00a0Avenida General San Martin, 199 \u2013 Curuzu.<\/p>\n<p>\u2013\u00a0<strong>Pau da Lima:<\/strong>\u00a0Avenida S\u00e3o Rafael, 1654 \u2013 S\u00e3o Marcos.<\/p>\n<p>\u2013\u00a0<strong>Sub\u00farbio\/Ilhas:<\/strong>\u00a0Rua Par\u00e1, 15 \u2013 Paripe.<\/p>\n<p>\u2013\u00a0<strong>Val\u00e9ria:<\/strong>\u00a0Rua da Matriz, 2041-2057 \u2013 Val\u00e9ria.<\/p>\n<p>Foto: Jefferson Peixoto\/Secom PMS<\/p>\n","protected":false},"excerpt":{"rendered":"<p>Cidad\u00e3os interessados em contribuir com sugest\u00f5es para o Plano Plurianual (PPA 2026\u20132029) devem enviar suas contribui\u00e7\u00f5es at\u00e9 essa sexta-feira (30), prazo final para o recebimento das indica\u00e7\u00f5es populares. As opini\u00f5es de quem vive em Salvador s\u00e3o fundamentais para elaborar o documento, que em linhas gerais, define onde o or\u00e7amento p\u00fablico ser\u00e1 empregado e quais pol\u00edticas [&hellip;]<\/p>\n","protected":false},"author":24,"featured_media":907092,"comment_status":"closed","ping_status":"closed","sticky":false,"template":"","format":"standard","meta":[],"categories":[5],"tags":[342,18488,39347],"acf":[],"yoast_head":"<!-- This site is optimized with the Yoast SEO plugin v20.8 - https:\/\/yoast.com\/wordpress\/plugins\/seo\/ -->\n<title>PRAZO PARA ENVIO DE SUGEST\u00d5ES AO PLANO PLURIANUAL (PPA 2026\u20132029) TERMINA NESTA SEXTA (30) - Bahia Economica Cidad\u00e3os interessados em contribuir com sugest\u00f5es para o Plano Plurianual<\/title>\n<meta name=\"description\" content=\"O maior portal de Economia da Bahia MUNIC\u00cdPIOS Bahia Economica Cidad\u00e3os interessados em contribuir com sugest\u00f5es para o Plano Plurianual\" \/>\n<meta name=\"robots\" content=\"index, follow, max-snippet:-1, max-image-preview:large, max-video-preview:-1\" \/>\n<link rel=\"canonical\" href=\"https:\/\/bahiaeconomica.com.br\/wp\/2025\/05\/29\/prazo-para-envio-de-sugestoes-ao-plano-plurianual-ppa-2026-2029-termina-nesta-sexta-30\/\" \/>\n<meta property=\"og:locale\" content=\"pt_BR\" \/>\n<meta property=\"og:type\" content=\"article\" \/>\n<meta property=\"og:title\" content=\"PRAZO PARA ENVIO DE SUGEST\u00d5ES AO PLANO PLURIANUAL (PPA 2026\u20132029) TERMINA NESTA SEXTA (30) - Bahia Economica Cidad\u00e3os interessados em contribuir com sugest\u00f5es para o Plano Plurianual\" \/>\n<meta property=\"og:description\" content=\"O maior portal de Economia da Bahia MUNIC\u00cdPIOS Bahia Economica Cidad\u00e3os interessados em contribuir com sugest\u00f5es para o Plano Plurianual\" \/>\n<meta property=\"og:url\" content=\"https:\/\/bahiaeconomica.com.br\/wp\/2025\/05\/29\/prazo-para-envio-de-sugestoes-ao-plano-plurianual-ppa-2026-2029-termina-nesta-sexta-30\/\" \/>\n<meta property=\"og:site_name\" content=\"Bahia Economica\" \/>\n<meta property=\"article:publisher\" content=\"https:\/\/www.facebook.com\/bahiaeconomica\" \/>\n<meta property=\"article:published_time\" content=\"2025-05-29T17:30:58+00:00\" \/>\n<meta property=\"article:modified_time\" content=\"2025-05-29T17:29:03+00:00\" \/>\n<meta property=\"og:image\" content=\"https:\/\/bahiaeconomica.com.br\/wp\/wp-content\/uploads\/2025\/05\/29_05_2025_PPA_2025_Prefeitura_Bairro_Centro_Foto_Jefferson_Peixoto_Secom_PMS.jpeg\" \/>\n\t<meta property=\"og:image:width\" content=\"1441\" \/>\n\t<meta property=\"og:image:height\" content=\"962\" \/>\n\t<meta property=\"og:image:type\" content=\"image\/jpeg\" \/>\n<meta name=\"author\" content=\"VICTOR OLIVEIRA\" \/>\n<meta name=\"twitter:card\" content=\"summary_large_image\" \/>\n<meta name=\"twitter:label1\" content=\"Escrito por\" \/>\n\t<meta name=\"twitter:data1\" content=\"VICTOR OLIVEIRA\" \/>\n\t<meta name=\"twitter:label2\" content=\"Est. tempo de leitura\" \/>\n\t<meta name=\"twitter:data2\" content=\"3 minutos\" \/>\n<script type=\"application\/ld+json\" class=\"yoast-schema-graph\">{\"@context\":\"https:\/\/schema.org\",\"@graph\":[{\"@type\":\"Article\",\"@id\":\"https:\/\/bahiaeconomica.com.br\/wp\/2025\/05\/29\/prazo-para-envio-de-sugestoes-ao-plano-plurianual-ppa-2026-2029-termina-nesta-sexta-30\/#article\",\"isPartOf\":{\"@id\":\"https:\/\/bahiaeconomica.com.br\/wp\/2025\/05\/29\/prazo-para-envio-de-sugestoes-ao-plano-plurianual-ppa-2026-2029-termina-nesta-sexta-30\/\"},\"author\":{\"name\":\"VICTOR OLIVEIRA\",\"@id\":\"https:\/\/bahiaeconomica.com.br\/wp\/#\/schema\/person\/a17956d0e1112b626f403fb06b8129a9\"},\"headline\":\"PRAZO PARA ENVIO DE SUGEST\u00d5ES AO PLANO PLURIANUAL (PPA 2026\u20132029) TERMINA NESTA SEXTA (30)\",\"datePublished\":\"2025-05-29T17:30:58+00:00\",\"dateModified\":\"2025-05-29T17:29:03+00:00\",\"mainEntityOfPage\":{\"@id\":\"https:\/\/bahiaeconomica.com.br\/wp\/2025\/05\/29\/prazo-para-envio-de-sugestoes-ao-plano-plurianual-ppa-2026-2029-termina-nesta-sexta-30\/\"},\"wordCount\":539,\"publisher\":{\"@id\":\"https:\/\/bahiaeconomica.com.br\/wp\/#organization\"},\"keywords\":[\"cidad\u00e3o\",\"Plano Plurianual\",\"sugest\u00e3o\"],\"articleSection\":[\"MUNIC\u00cdPIOS\"],\"inLanguage\":\"pt-BR\"},{\"@type\":\"WebPage\",\"@id\":\"https:\/\/bahiaeconomica.com.br\/wp\/2025\/05\/29\/prazo-para-envio-de-sugestoes-ao-plano-plurianual-ppa-2026-2029-termina-nesta-sexta-30\/\",\"url\":\"https:\/\/bahiaeconomica.com.br\/wp\/2025\/05\/29\/prazo-para-envio-de-sugestoes-ao-plano-plurianual-ppa-2026-2029-termina-nesta-sexta-30\/\",\"name\":\"PRAZO PARA ENVIO DE SUGEST\u00d5ES AO PLANO PLURIANUAL (PPA 2026\u20132029) TERMINA NESTA SEXTA (30) - Bahia Economica Cidad\u00e3os interessados em contribuir com sugest\u00f5es para o Plano Plurianual\",\"isPartOf\":{\"@id\":\"https:\/\/bahiaeconomica.com.br\/wp\/#website\"},\"datePublished\":\"2025-05-29T17:30:58+00:00\",\"dateModified\":\"2025-05-29T17:29:03+00:00\",\"description\":\"O maior portal de Economia da Bahia MUNIC\u00cdPIOS Bahia Economica Cidad\u00e3os interessados em contribuir com sugest\u00f5es para o Plano Plurianual\",\"breadcrumb\":{\"@id\":\"https:\/\/bahiaeconomica.com.br\/wp\/2025\/05\/29\/prazo-para-envio-de-sugestoes-ao-plano-plurianual-ppa-2026-2029-termina-nesta-sexta-30\/#breadcrumb\"},\"inLanguage\":\"pt-BR\",\"potentialAction\":[{\"@type\":\"ReadAction\",\"target\":[\"https:\/\/bahiaeconomica.com.br\/wp\/2025\/05\/29\/prazo-para-envio-de-sugestoes-ao-plano-plurianual-ppa-2026-2029-termina-nesta-sexta-30\/\"]}]},{\"@type\":\"BreadcrumbList\",\"@id\":\"https:\/\/bahiaeconomica.com.br\/wp\/2025\/05\/29\/prazo-para-envio-de-sugestoes-ao-plano-plurianual-ppa-2026-2029-termina-nesta-sexta-30\/#breadcrumb\",\"itemListElement\":[{\"@type\":\"ListItem\",\"position\":1,\"name\":\"In\u00edcio\",\"item\":\"https:\/\/bahiaeconomica.com.br\/wp\/\"},{\"@type\":\"ListItem\",\"position\":2,\"name\":\"PRAZO PARA ENVIO DE SUGEST\u00d5ES AO PLANO PLURIANUAL (PPA 2026\u20132029) TERMINA NESTA SEXTA (30)\"}]},{\"@type\":\"WebSite\",\"@id\":\"https:\/\/bahiaeconomica.com.br\/wp\/#website\",\"url\":\"https:\/\/bahiaeconomica.com.br\/wp\/\",\"name\":\"Bahia Economica\",\"description\":\"O maior portal de Economia da Bahia\",\"publisher\":{\"@id\":\"https:\/\/bahiaeconomica.com.br\/wp\/#organization\"},\"potentialAction\":[{\"@type\":\"SearchAction\",\"target\":{\"@type\":\"EntryPoint\",\"urlTemplate\":\"https:\/\/bahiaeconomica.com.br\/wp\/?s={search_term_string}\"},\"query-input\":\"required name=search_term_string\"}],\"inLanguage\":\"pt-BR\"},{\"@type\":\"Organization\",\"@id\":\"https:\/\/bahiaeconomica.com.br\/wp\/#organization\",\"name\":\"Bahia Econ\u00f4mica\",\"url\":\"https:\/\/bahiaeconomica.com.br\/wp\/\",\"logo\":{\"@type\":\"ImageObject\",\"inLanguage\":\"pt-BR\",\"@id\":\"https:\/\/bahiaeconomica.com.br\/wp\/#\/schema\/logo\/image\/\",\"url\":\"https:\/\/bahiaeconomica.com.br\/wp\/wp-content\/uploads\/2020\/12\/cropped-BE.png\",\"contentUrl\":\"https:\/\/bahiaeconomica.com.br\/wp\/wp-content\/uploads\/2020\/12\/cropped-BE.png\",\"width\":512,\"height\":512,\"caption\":\"Bahia Econ\u00f4mica\"},\"image\":{\"@id\":\"https:\/\/bahiaeconomica.com.br\/wp\/#\/schema\/logo\/image\/\"},\"sameAs\":[\"https:\/\/www.facebook.com\/bahiaeconomica\"]},{\"@type\":\"Person\",\"@id\":\"https:\/\/bahiaeconomica.com.br\/wp\/#\/schema\/person\/a17956d0e1112b626f403fb06b8129a9\",\"name\":\"VICTOR OLIVEIRA\",\"sameAs\":[\"http:\/\/www.bahiaeconomica.com.br\"],\"url\":\"https:\/\/bahiaeconomica.com.br\/wp\/author\/victor-oliveira\/\"}]}<\/script>\n<!-- \/ Yoast SEO plugin. -->","yoast_head_json":{"title":"PRAZO PARA ENVIO DE SUGEST\u00d5ES AO PLANO PLURIANUAL (PPA 2026\u20132029) TERMINA NESTA SEXTA (30) - Bahia Economica Cidad\u00e3os interessados em contribuir com sugest\u00f5es para o Plano Plurianual","description":"O maior portal de Economia da Bahia MUNIC\u00cdPIOS Bahia Economica Cidad\u00e3os interessados em contribuir com sugest\u00f5es para o Plano Plurianual","robots":{"index":"index","follow":"follow","max-snippet":"max-snippet:-1","max-image-preview":"max-image-preview:large","max-video-preview":"max-video-preview:-1"},"canonical":"https:\/\/bahiaeconomica.com.br\/wp\/2025\/05\/29\/prazo-para-envio-de-sugestoes-ao-plano-plurianual-ppa-2026-2029-termina-nesta-sexta-30\/","og_locale":"pt_BR","og_type":"article","og_title":"PRAZO PARA ENVIO DE SUGEST\u00d5ES AO PLANO PLURIANUAL (PPA 2026\u20132029) TERMINA NESTA SEXTA (30) - Bahia Economica Cidad\u00e3os interessados em contribuir com sugest\u00f5es para o Plano Plurianual","og_description":"O maior portal de Economia da Bahia MUNIC\u00cdPIOS Bahia Economica Cidad\u00e3os interessados em contribuir com sugest\u00f5es para o Plano Plurianual","og_url":"https:\/\/bahiaeconomica.com.br\/wp\/2025\/05\/29\/prazo-para-envio-de-sugestoes-ao-plano-plurianual-ppa-2026-2029-termina-nesta-sexta-30\/","og_site_name":"Bahia Economica","article_publisher":"https:\/\/www.facebook.com\/bahiaeconomica","article_published_time":"2025-05-29T17:30:58+00:00","article_modified_time":"2025-05-29T17:29:03+00:00","og_image":[{"width":1441,"height":962,"url":"https:\/\/bahiaeconomica.com.br\/wp\/wp-content\/uploads\/2025\/05\/29_05_2025_PPA_2025_Prefeitura_Bairro_Centro_Foto_Jefferson_Peixoto_Secom_PMS.jpeg","type":"image\/jpeg"}],"author":"VICTOR OLIVEIRA","twitter_card":"summary_large_image","twitter_misc":{"Escrito por":"VICTOR OLIVEIRA","Est. tempo de leitura":"3 minutos"},"schema":{"@context":"https:\/\/schema.org","@graph":[{"@type":"Article","@id":"https:\/\/bahiaeconomica.com.br\/wp\/2025\/05\/29\/prazo-para-envio-de-sugestoes-ao-plano-plurianual-ppa-2026-2029-termina-nesta-sexta-30\/#article","isPartOf":{"@id":"https:\/\/bahiaeconomica.com.br\/wp\/2025\/05\/29\/prazo-para-envio-de-sugestoes-ao-plano-plurianual-ppa-2026-2029-termina-nesta-sexta-30\/"},"author":{"name":"VICTOR OLIVEIRA","@id":"https:\/\/bahiaeconomica.com.br\/wp\/#\/schema\/person\/a17956d0e1112b626f403fb06b8129a9"},"headline":"PRAZO PARA ENVIO DE SUGEST\u00d5ES AO PLANO PLURIANUAL (PPA 2026\u20132029) TERMINA NESTA SEXTA (30)","datePublished":"2025-05-29T17:30:58+00:00","dateModified":"2025-05-29T17:29:03+00:00","mainEntityOfPage":{"@id":"https:\/\/bahiaeconomica.com.br\/wp\/2025\/05\/29\/prazo-para-envio-de-sugestoes-ao-plano-plurianual-ppa-2026-2029-termina-nesta-sexta-30\/"},"wordCount":539,"publisher":{"@id":"https:\/\/bahiaeconomica.com.br\/wp\/#organization"},"keywords":["cidad\u00e3o","Plano Plurianual","sugest\u00e3o"],"articleSection":["MUNIC\u00cdPIOS"],"inLanguage":"pt-BR"},{"@type":"WebPage","@id":"https:\/\/bahiaeconomica.com.br\/wp\/2025\/05\/29\/prazo-para-envio-de-sugestoes-ao-plano-plurianual-ppa-2026-2029-termina-nesta-sexta-30\/","url":"https:\/\/bahiaeconomica.com.br\/wp\/2025\/05\/29\/prazo-para-envio-de-sugestoes-ao-plano-plurianual-ppa-2026-2029-termina-nesta-sexta-30\/","name":"PRAZO PARA ENVIO DE SUGEST\u00d5ES AO PLANO PLURIANUAL (PPA 2026\u20132029) TERMINA NESTA SEXTA (30) - Bahia Economica Cidad\u00e3os interessados em contribuir com sugest\u00f5es para o Plano Plurianual","isPartOf":{"@id":"https:\/\/bahiaeconomica.com.br\/wp\/#website"},"datePublished":"2025-05-29T17:30:58+00:00","dateModified":"2025-05-29T17:29:03+00:00","description":"O maior portal de Economia da Bahia MUNIC\u00cdPIOS Bahia Economica Cidad\u00e3os interessados em contribuir com sugest\u00f5es para o Plano Plurianual","breadcrumb":{"@id":"https:\/\/bahiaeconomica.com.br\/wp\/2025\/05\/29\/prazo-para-envio-de-sugestoes-ao-plano-plurianual-ppa-2026-2029-termina-nesta-sexta-30\/#breadcrumb"},"inLanguage":"pt-BR","potentialAction":[{"@type":"ReadAction","target":["https:\/\/bahiaeconomica.com.br\/wp\/2025\/05\/29\/prazo-para-envio-de-sugestoes-ao-plano-plurianual-ppa-2026-2029-termina-nesta-sexta-30\/"]}]},{"@type":"BreadcrumbList","@id":"https:\/\/bahiaeconomica.com.br\/wp\/2025\/05\/29\/prazo-para-envio-de-sugestoes-ao-plano-plurianual-ppa-2026-2029-termina-nesta-sexta-30\/#breadcrumb","itemListElement":[{"@type":"ListItem","position":1,"name":"In\u00edcio","item":"https:\/\/bahiaeconomica.com.br\/wp\/"},{"@type":"ListItem","position":2,"name":"PRAZO PARA ENVIO DE SUGEST\u00d5ES AO PLANO PLURIANUAL (PPA 2026\u20132029) TERMINA NESTA SEXTA (30)"}]},{"@type":"WebSite","@id":"https:\/\/bahiaeconomica.com.br\/wp\/#website","url":"https:\/\/bahiaeconomica.com.br\/wp\/","name":"Bahia Economica","description":"O maior portal de Economia da Bahia","publisher":{"@id":"https:\/\/bahiaeconomica.com.br\/wp\/#organization"},"potentialAction":[{"@type":"SearchAction","target":{"@type":"EntryPoint","urlTemplate":"https:\/\/bahiaeconomica.com.br\/wp\/?s={search_term_string}"},"query-input":"required name=search_term_string"}],"inLanguage":"pt-BR"},{"@type":"Organization","@id":"https:\/\/bahiaeconomica.com.br\/wp\/#organization","name":"Bahia Econ\u00f4mica","url":"https:\/\/bahiaeconomica.com.br\/wp\/","logo":{"@type":"ImageObject","inLanguage":"pt-BR","@id":"https:\/\/bahiaeconomica.com.br\/wp\/#\/schema\/logo\/image\/","url":"https:\/\/bahiaeconomica.com.br\/wp\/wp-content\/uploads\/2020\/12\/cropped-BE.png","contentUrl":"https:\/\/bahiaeconomica.com.br\/wp\/wp-content\/uploads\/2020\/12\/cropped-BE.png","width":512,"height":512,"caption":"Bahia Econ\u00f4mica"},"image":{"@id":"https:\/\/bahiaeconomica.com.br\/wp\/#\/schema\/logo\/image\/"},"sameAs":["https:\/\/www.facebook.com\/bahiaeconomica"]},{"@type":"Person","@id":"https:\/\/bahiaeconomica.com.br\/wp\/#\/schema\/person\/a17956d0e1112b626f403fb06b8129a9","name":"VICTOR OLIVEIRA","sameAs":["http:\/\/www.bahiaeconomica.com.br"],"url":"https:\/\/bahiaeconomica.com.br\/wp\/author\/victor-oliveira\/"}]}},"views":6,"_links":{"self":[{"href":"https:\/\/bahiaeconomica.com.br\/wp\/wp-json\/wp\/v2\/posts\/907091"}],"collection":[{"href":"https:\/\/bahiaeconomica.com.br\/wp\/wp-json\/wp\/v2\/posts"}],"about":[{"href":"https:\/\/bahiaeconomica.com.br\/wp\/wp-json\/wp\/v2\/types\/post"}],"author":[{"embeddable":true,"href":"https:\/\/bahiaeconomica.com.br\/wp\/wp-json\/wp\/v2\/users\/24"}],"replies":[{"embeddable":true,"href":"https:\/\/bahiaeconomica.com.br\/wp\/wp-json\/wp\/v2\/comments?post=907091"}],"version-history":[{"count":2,"href":"https:\/\/bahiaeconomica.com.br\/wp\/wp-json\/wp\/v2\/posts\/907091\/revisions"}],"predecessor-version":[{"id":907095,"href":"https:\/\/bahiaeconomica.com.br\/wp\/wp-json\/wp\/v2\/posts\/907091\/revisions\/907095"}],"wp:featuredmedia":[{"embeddable":true,"href":"https:\/\/bahiaeconomica.com.br\/wp\/wp-json\/wp\/v2\/media\/907092"}],"wp:attachment":[{"href":"https:\/\/bahiaeconomica.com.br\/wp\/wp-json\/wp\/v2\/media?parent=907091"}],"wp:term":[{"taxonomy":"category","embeddable":true,"href":"https:\/\/bahiaeconomica.com.br\/wp\/wp-json\/wp\/v2\/categories?post=907091"},{"taxonomy":"post_tag","embeddable":true,"href":"https:\/\/bahiaeconomica.com.br\/wp\/wp-json\/wp\/v2\/tags?post=907091"}],"curies":[{"name":"wp","href":"https:\/\/api.w.org\/{rel}","templated":true}]}}